{"id":6775,"date":"2021-07-04T11:34:19","date_gmt":"2021-07-04T17:34:19","guid":{"rendered":"https:\/\/www.gesmujer.org\/web\/?p=6775"},"modified":"2021-07-04T11:34:24","modified_gmt":"2021-07-04T17:34:24","slug":"cuenca-una-de-las-regiones-mas-afectadas-por-la-violencia-feminicida-gesmujer","status":"publish","type":"post","link":"https:\/\/www.gesmujer.org\/sitio\/?p=6775","title":{"rendered":"Cuenca, una de las regiones m\u00e1s afectadas por la violencia feminicida: GESMujer"},"content":{"rendered":"\n<p><strong>Carina Grac\u00eda, S\u00e1bado 3 de Julio, Primera L\u00ednea.-<\/strong> La Cuenca del Papaloapan es una de las regiones m\u00e1s afectadas por la violencia feminicida, revel\u00f3 El Grupo de Estudios sobre la mujer Rosario Castellanos (GESMujer) al exponer que en lo que va de este sexenio al menos 81 mujeres y ni\u00f1as han sido asesinadas de manera violenta en ese lugar.<\/p>\n\n\n\n<p>El caso m\u00e1s reciente es el de Giselle, quien fue encontrada sin vida unos metros del boulevard &#8220;Sostenes Bravo&#8221; con huella de tortura, expuso la presidenta del GESmujer Ang\u00e9lica Ayala Ortiz, quien asegur\u00f3 que esta situaci\u00f3n es parte de la falta de programas de prevenci\u00f3n y atenci\u00f3n de las violencias contra el sector.<\/p>\n\n\n\n<p><strong>&#8220;La regi\u00f3n es una de las m\u00e1s afectadas, el caso de Giselle es indignante y lo es m\u00e1s porque circularon fotos del cuerpo de la v\u00edctima&#8221;<\/strong>, dijo al sostener que no se respeta la Ley Ingrid, <strong>&#8220;Se hicieron p\u00fablicas algunas im\u00e1genes con las que s ehace una revictimizaci\u00f3n&#8221;<\/strong>.<\/p>\n\n\n\n<p>Esta ley surge a ra\u00edz de la difusi\u00f3n indebida en redes sociales y medios de comunicaci\u00f3n de las im\u00e1genes de un feminicidio ocurrido en la Ciudad de M\u00e9xico el 9 de febrero de 2020; la divulgaci\u00f3n masiva del cuerpo de Ingrid mutilado conmocion\u00f3 a la sociedad que indignada exigi\u00f3 que pararn las filtraciones de las im\u00e1genes.<\/p>\n\n\n\n<p>Fuente:  https:\/\/www.primeralinea.mx\/2021\/07\/03\/cuenca-una-de-las-regiones-mas-afectadas-por-la-violencia-feminicida-gesmujer\/<\/p>\n","protected":false},"excerpt":{"rendered":"<p>Carina Grac\u00eda, S\u00e1bado 3 de Julio, Primera L\u00ednea.- La Cuenca del Papaloapan es una de las regiones m\u00e1s afectadas por la violencia feminicida, revel\u00f3 El Grupo de Estudios sobre la mujer Rosario Castellanos (GESMujer) al exponer que en lo que va de este sexenio al menos 81 mujeres y ni\u00f1as han sido asesinadas de manera [&hellip;]<\/p>\n","protected":false},"author":4,"featured_media":6776,"comment_status":"closed","ping_status":"open","sticky":false,"template":"","format":"standard","meta":{"footnotes":""},"categories":[90,36,35],"tags":[],"class_list":["post-6775","post","type-post","status-publish","format-standard","has-post-thumbnail","hentry","category-articulos","category-comunicados","category-servicios"],"_links":{"self":[{"href":"https:\/\/www.gesmujer.org\/sitio\/index.php?rest_route=\/wp\/v2\/posts\/6775","targetHints":{"allow":["GET"]}}],"collection":[{"href":"https:\/\/www.gesmujer.org\/sitio\/index.php?rest_route=\/wp\/v2\/posts"}],"about":[{"href":"https:\/\/www.gesmujer.org\/sitio\/index.php?rest_route=\/wp\/v2\/types\/post"}],"author":[{"embeddable":true,"href":"https:\/\/www.gesmujer.org\/sitio\/index.php?rest_route=\/wp\/v2\/users\/4"}],"replies":[{"embeddable":true,"href":"https:\/\/www.gesmujer.org\/sitio\/index.php?rest_route=%2Fwp%2Fv2%2Fcomments&post=6775"}],"version-history":[{"count":1,"href":"https:\/\/www.gesmujer.org\/sitio\/index.php?rest_route=\/wp\/v2\/posts\/6775\/revisions"}],"predecessor-version":[{"id":6777,"href":"https:\/\/www.gesmujer.org\/sitio\/index.php?rest_route=\/wp\/v2\/posts\/6775\/revisions\/6777"}],"wp:featuredmedia":[{"embeddable":true,"href":"https:\/\/www.gesmujer.org\/sitio\/index.php?rest_route=\/wp\/v2\/media\/6776"}],"wp:attachment":[{"href":"https:\/\/www.gesmujer.org\/sitio\/index.php?rest_route=%2Fwp%2Fv2%2Fmedia&parent=6775"}],"wp:term":[{"taxonomy":"category","embeddable":true,"href":"https:\/\/www.gesmujer.org\/sitio\/index.php?rest_route=%2Fwp%2Fv2%2Fcategories&post=6775"},{"taxonomy":"post_tag","embeddable":true,"href":"https:\/\/www.gesmujer.org\/sitio\/index.php?rest_route=%2Fwp%2Fv2%2Ftags&post=6775"}],"curies":[{"name":"wp","href":"https:\/\/api.w.org\/{rel}","templated":true}]}}