{"id":6781,"date":"2021-07-05T14:47:29","date_gmt":"2021-07-05T20:47:29","guid":{"rendered":"https:\/\/www.gesmujer.org\/web\/?p=6781"},"modified":"2021-07-05T14:47:33","modified_gmt":"2021-07-05T20:47:33","slug":"en-el-sexenio-de-murat-se-han-contabilizado-534-de-mujeres-asesinadas","status":"publish","type":"post","link":"https:\/\/www.gesmujer.org\/sitio\/?p=6781","title":{"rendered":"En el sexenio de Murat se han contabilizado 534 de mujeres asesinadas"},"content":{"rendered":"\n<p><strong>Sara\u00ec Jim\u00e9nez, Lunes 07 de Julio de 2021, ADN Sureste.- <\/strong>De acuerdo al seguimiento hemerogr\u00e0fico del Centro de Documentaci\u00f2n del Grupo de EStudios sobre la mujer Rosario Castellanos (GESMujer), basado en los principales diarios de Oaxaca del 1 de diciembre del 2016 al 2 de julio del 2021, o lo que va de esta administraci\u00f2n, se han contabilizado 534 casos de mujeres asesinadas.<\/p>\n\n\n\n<p>En la Ca\u00f1ada suman 16 casos, en la Costa 84, en el Istmo 116, en la Mixteca 67, la cuenca del Papaloapan 81, 2 en la Sierra sur y 3 en los Valles centrales.<\/p>\n\n\n\n<p>La edad de las facellecidas, en uno de los casos era una entre 13 a 18 a\u00f1os, 5 entre 19 y 29 a\u00f1os, 14 entre 30 a 44 a\u00f1os, 5 entre 45 y 59 a\u00f1os, una de 60 a\u00f1os o m\u00e0s y en 13 de los casos no se especif\u00ecca su edad.<\/p>\n\n\n\n<p>Sobre la forma en que murieron, 24 de ellas recibieron impactos de bala, en 9 de los casos no se especifica, a 2 las mataron a machetazos, a una la estrangularon, una muri\u00f2 a golpes, a otra de ellas la degollaron y a otra la apu\u00f1alaron.<\/p>\n\n\n\n<p>Cabe recordar que en los sexenios de los ex gobernadores Jos\u00e8 Murat Casab fueron asesinadas 429 mujeres, en la de Ulises Ru\u00ecz 283, en el de Gabino Cu\u00e8  527 y en la actual administraci\u00f2n suman ya 534 mujeres oaxaque\u00f1as asesinadas.<\/p>\n\n\n\n<p>Fuente:  https:\/\/www.adnsureste.info\/en-el-sexenio-de-murat-se-han-contabilizado-534-de-mujeres-asesinadas-1055-h\/<\/p>\n\n\n\n<p> <\/p>\n","protected":false},"excerpt":{"rendered":"<p>Sara\u00ec Jim\u00e9nez, Lunes 07 de Julio de 2021, ADN Sureste.- De acuerdo al seguimiento hemerogr\u00e0fico del Centro de Documentaci\u00f2n del Grupo de EStudios sobre la mujer Rosario Castellanos (GESMujer), basado en los principales diarios de Oaxaca del 1 de diciembre del 2016 al 2 de julio del 2021, o lo que va de esta administraci\u00f2n, [&hellip;]<\/p>\n","protected":false},"author":4,"featured_media":6782,"comment_status":"closed","ping_status":"open","sticky":false,"template":"","format":"standard","meta":{"give_campaign_id":0,"rs_blank_template":"","rs_page_bg_color":"","slide_template_v7":"","footnotes":""},"categories":[91,32],"tags":[],"class_list":["post-6781","post","type-post","status-publish","format-standard","has-post-thumbnail","hentry","category-notas","category-novedades"],"_links":{"self":[{"href":"https:\/\/www.gesmujer.org\/sitio\/index.php?rest_route=\/wp\/v2\/posts\/6781","targetHints":{"allow":["GET"]}}],"collection":[{"href":"https:\/\/www.gesmujer.org\/sitio\/index.php?rest_route=\/wp\/v2\/posts"}],"about":[{"href":"https:\/\/www.gesmujer.org\/sitio\/index.php?rest_route=\/wp\/v2\/types\/post"}],"author":[{"embeddable":true,"href":"https:\/\/www.gesmujer.org\/sitio\/index.php?rest_route=\/wp\/v2\/users\/4"}],"replies":[{"embeddable":true,"href":"https:\/\/www.gesmujer.org\/sitio\/index.php?rest_route=%2Fwp%2Fv2%2Fcomments&post=6781"}],"version-history":[{"count":1,"href":"https:\/\/www.gesmujer.org\/sitio\/index.php?rest_route=\/wp\/v2\/posts\/6781\/revisions"}],"predecessor-version":[{"id":6783,"href":"https:\/\/www.gesmujer.org\/sitio\/index.php?rest_route=\/wp\/v2\/posts\/6781\/revisions\/6783"}],"wp:featuredmedia":[{"embeddable":true,"href":"https:\/\/www.gesmujer.org\/sitio\/index.php?rest_route=\/wp\/v2\/media\/6782"}],"wp:attachment":[{"href":"https:\/\/www.gesmujer.org\/sitio\/index.php?rest_route=%2Fwp%2Fv2%2Fmedia&parent=6781"}],"wp:term":[{"taxonomy":"category","embeddable":true,"href":"https:\/\/www.gesmujer.org\/sitio\/index.php?rest_route=%2Fwp%2Fv2%2Fcategories&post=6781"},{"taxonomy":"post_tag","embeddable":true,"href":"https:\/\/www.gesmujer.org\/sitio\/index.php?rest_route=%2Fwp%2Fv2%2Ftags&post=6781"}],"curies":[{"name":"wp","href":"https:\/\/api.w.org\/{rel}","templated":true}]}}