{"id":756,"date":"2014-07-23T12:16:23","date_gmt":"2014-07-23T18:16:23","guid":{"rendered":"http:\/\/www.gesmujer.org\/sitio\/?p=756"},"modified":"2024-04-05T14:55:57","modified_gmt":"2024-04-05T20:55:57","slug":"realiza-grupo-impulsor-taller-de-incidencia-sobre-derechos-sexuales-y-reproductivos-con-poblacion-joven-indigena","status":"publish","type":"post","link":"https:\/\/www.gesmujer.org\/sitio\/?p=756","title":{"rendered":"Realiza Grupo Impulsor taller de incidencia sobre Derechos Sexuales y Reproductivos con poblaci\u00f3n joven ind\u00edgena"},"content":{"rendered":"<p style=\"text-align: center;\"><a href=\"http:\/\/www.gesmujer.org\/SITIO\/wp-content\/uploads\/\/2014\/07\/PARA-WEB-02.jpg\"><img decoding=\"async\" class=\"alignnone size-medium wp-image-759\" src=\"http:\/\/www.gesmujer.org\/SITIO\/wp-content\/uploads\/\/2014\/07\/PARA-WEB-02-300x164.jpg\" alt=\"PARA WEB 02\" width=\"300\" height=\"164\" srcset=\"https:\/\/www.gesmujer.org\/sitio\/wp-content\/uploads\/2014\/07\/PARA-WEB-02-300x164.jpg 300w, https:\/\/www.gesmujer.org\/sitio\/wp-content\/uploads\/2014\/07\/PARA-WEB-02-1080x590.jpg 1080w, https:\/\/www.gesmujer.org\/sitio\/wp-content\/uploads\/2014\/07\/PARA-WEB-02-1024x559.jpg 1024w, https:\/\/www.gesmujer.org\/sitio\/wp-content\/uploads\/2014\/07\/PARA-WEB-02.jpg 1500w\" sizes=\"(max-width: 300px) 100vw, 300px\" \/><\/a><\/p>\n<p style=\"text-align: justify;\">Con la finalidad de impulsar los derechos de los y las j\u00f3venes ind\u00edgenas en temas de salud sexual y reproductiva, este 23 y 24 de julio se realiza el taller de incidencia en pol\u00edticas p\u00fablicas sobre Derechos Sexuales y Reproductivos de j\u00f3venes ind\u00edgenas que organiza el Grupo Impulsor Voces Juveniles, integrado por diversas organizaciones de la sociedad civil en alianza con Iniciativas para el Desarrollo de la Mujer Oaxaque\u00f1a (IDEMO) A.C. , en el marco del <b><i>Proyecto \u201cEjerciendo Liderazgos, Fomentando Libertades\u201d,<\/i><\/b> que cuenta con el apoyo de INMUJERES.<\/p>\n<p style=\"text-align: justify;\">Se busca que durante los d\u00edas de taller que tendr\u00e1n sede en el Hotel Oaxaca Real, se busquen soluciones colectivas para atender los problemas asociados con tab\u00faes o prejuicios sociales, violaciones al estado laico y pr\u00e1cticas culturales que lesionan esos derechos que son recurrentes en nuestra sociedad.<\/p>\n<p style=\"text-align: justify;\">Adem\u00e1s de lo anterior, se pretende que las mujeres y hombres j\u00f3venes que participar\u00e1n en el Taller, fortalezcan sus liderazgos, para la incidencia en pol\u00edtica p\u00fablica, desde la Agenda que propondr\u00e1n a los tomadores de decisi\u00f3n en pr\u00f3ximas fechas.<\/p>\n<p style=\"text-align: justify;\">Cabe se\u00f1alar que este tipo de actividades se realizan gracias a la experiencia en trabajo comunitario y los resultados de los foros que se han realizado desde las diversas organizaciones en donde problemas como: acceso a los servicios de salud sexual y reproductiva integrales y de calidad, embarazos adolescentes, infecciones de transmisi\u00f3n sexual y la violencia en el noviazgo, son los m\u00e1s graves que identifican las y los j\u00f3venes.<\/p>\n<p style=\"text-align: justify;\">El Grupo Impulsor Voces Juveniles Ind\u00edgenas est\u00e1 integrado por: Asamblea de Mujeres Ind\u00edgenas de Oaxaca (AMIO), Instituto de Liderazgo Simone de Beauvoir A. C. (ILSB), Centro de Investigaciones y Estudios Superiores en Antropolog\u00eda Social-Unidad Pac\u00edfico Sur (CIESAS), Centro para los Derechos de la Mujer N\u00e4\u00e4xwiin A.C. (CDM N\u00e4\u00e4xwiin), Fundaci\u00f3n Mexicana para la Planeaci\u00f3n Familiar A.C. (Mexfam), Grupo de Estudios Sobre la Mujer Rosario Castellanos A.C. (GESMujer), Red por los Derechos Sexuales y Reproductivos en M\u00e9xico (Ddeser-Oaxaca), Red Nacional Cat\u00f3lica de J\u00f3venes por el Derecho a Decidir (RNCJDD) y Servicios del Pueblo Mixe A.C. (SER)<\/p>\n<p>  <!--codes_iframe--><!--\/codes_iframe--><\/p>\n","protected":false},"excerpt":{"rendered":"<p>Con la finalidad de impulsar los derechos de los y las j\u00f3venes ind\u00edgenas en temas de salud sexual y reproductiva, este 23 y 24 de julio se realiza el taller de incidencia en pol\u00edticas p\u00fablicas sobre Derechos Sexuales y Reproductivos de j\u00f3venes ind\u00edgenas que organiza el Grupo Impulsor Voces Juveniles, integrado por diversas organizaciones de [&hellip;]<\/p>\n","protected":false},"author":4,"featured_media":757,"comment_status":"closed","ping_status":"open","sticky":false,"template":"","format":"standard","meta":{"give_campaign_id":0,"rs_blank_template":"","rs_page_bg_color":"","slide_template_v7":"","footnotes":""},"categories":[32,3],"tags":[],"class_list":["post-756","post","type-post","status-publish","format-standard","has-post-thumbnail","hentry","category-novedades","category-portada"],"_links":{"self":[{"href":"https:\/\/www.gesmujer.org\/sitio\/index.php?rest_route=\/wp\/v2\/posts\/756","targetHints":{"allow":["GET"]}}],"collection":[{"href":"https:\/\/www.gesmujer.org\/sitio\/index.php?rest_route=\/wp\/v2\/posts"}],"about":[{"href":"https:\/\/www.gesmujer.org\/sitio\/index.php?rest_route=\/wp\/v2\/types\/post"}],"author":[{"embeddable":true,"href":"https:\/\/www.gesmujer.org\/sitio\/index.php?rest_route=\/wp\/v2\/users\/4"}],"replies":[{"embeddable":true,"href":"https:\/\/www.gesmujer.org\/sitio\/index.php?rest_route=%2Fwp%2Fv2%2Fcomments&post=756"}],"version-history":[{"count":6,"href":"https:\/\/www.gesmujer.org\/sitio\/index.php?rest_route=\/wp\/v2\/posts\/756\/revisions"}],"predecessor-version":[{"id":58231,"href":"https:\/\/www.gesmujer.org\/sitio\/index.php?rest_route=\/wp\/v2\/posts\/756\/revisions\/58231"}],"wp:featuredmedia":[{"embeddable":true,"href":"https:\/\/www.gesmujer.org\/sitio\/index.php?rest_route=\/wp\/v2\/media\/757"}],"wp:attachment":[{"href":"https:\/\/www.gesmujer.org\/sitio\/index.php?rest_route=%2Fwp%2Fv2%2Fmedia&parent=756"}],"wp:term":[{"taxonomy":"category","embeddable":true,"href":"https:\/\/www.gesmujer.org\/sitio\/index.php?rest_route=%2Fwp%2Fv2%2Fcategories&post=756"},{"taxonomy":"post_tag","embeddable":true,"href":"https:\/\/www.gesmujer.org\/sitio\/index.php?rest_route=%2Fwp%2Fv2%2Ftags&post=756"}],"curies":[{"name":"wp","href":"https:\/\/api.w.org\/{rel}","templated":true}]}}