{"id":120,"date":"2014-01-29T11:37:02","date_gmt":"2014-01-29T17:37:02","guid":{"rendered":"http:\/\/www.gesmujer.org\/sitio\/?p=120"},"modified":"2024-04-05T14:55:44","modified_gmt":"2024-04-05T20:55:44","slug":"se-realiza-el-primer-taller-para-madres-y-padres-eficaz-y-tecnicamente-preparados-en-gesmujer","status":"publish","type":"post","link":"https:\/\/www.gesmujer.org\/sitio\/se-realiza-el-primer-taller-para-madres-y-padres-eficaz-y-tecnicamente-preparados-en-gesmujer\/","title":{"rendered":"Se realiza el primer taller para Madres y Padres eficaz y t\u00e9cnicamente preparados en GesMujer"},"content":{"rendered":"[styled_image image=&#8221;127&#8243; w=&#8221;300&#8243; h=&#8221;199&#8243; lightbox=&#8221;yes&#8221; alt=&#8221;Sesi\u00f3n de trabajo MyPET&#8221; rel=&#8221;taller&#8221; align=&#8221;left&#8221;]\n<p style=\"text-align: justify;\">El Grupo de estudios sobre la mujer \u201cRosario Castellanos\u201d a.c., con apoyo de la Secretar\u00eda de Desarrollo Social y Humano (SEDESOH), llev\u00f3 a cabo el taller para Madres y Padres eficaz y t\u00e9cnicamente preparados (MyPET) durante\u00a0 9 sesiones en las que se habilit\u00f3 a 30 mujeres para adquirir herramientas que les permitan tener una mejor comunicaci\u00f3n con hijas e hijos.<\/p>\n<p style=\"text-align: justify;\">A decir de la instructora Lina Herrera Mart\u00ednez Negrete, este m\u00e9todo ense\u00f1a habilidades a pap\u00e1s y mam\u00e1s para que escuchen mejor a sus hijas e hijos. En ocasiones, preguntar demasiado, moralizar o aconsejar en exceso implica que se formen barreras, las cuales no resuelven los problemas generados en las familias.<\/p>\n<p style=\"text-align: justify;\">\u201cEn la comunicaci\u00f3n cotidiana hay muchas barreras, por eso el taller MyPET promueve una forma de comunicarse m\u00e1s eficaz y clara que ayuda a las hijas e hijos a ser m\u00e1s independientes. Dar muchos consejos no les ayuda a resolver las cosas\u201d, expres\u00f3.<\/p>\n<p style=\"text-align: justify;\"><span style=\"line-height: 1.5em;\">La selecci\u00f3n de las participantes, fue a partir de identificar a las usuarias que han asistido previamente a terapia psicol\u00f3gica en la Casa de la Mujer \u201cRosario Castellanos\u201d por motivos de violencia y como consecuencia la han ejercido hacia sus hijas e hijos.<\/span><\/p>\n<p style=\"text-align: justify;\"><span style=\"line-height: 1.5em;\">\u201cDurante las consultas que se ofrecen ya hab\u00eda puesto en pr\u00e1ctica las t\u00e9cnicas de MyPET, aunque en menor grado, por lo que decid\u00ed certificarme para ayudar a las familias a resolver sus problemas. El hecho de que sean mujeres con previo trabajo en terapia, facilita m\u00e1s que identifiquen los problemas y tengan mejor manejo de los sentimientos\u201d, mencion\u00f3.<\/span><\/p>\n<p style=\"text-align: justify;\">La din\u00e1mica del taller consisti\u00f3 en t\u00e9cnicas como los \u201cmensajes yo\u201d, que consiste en decir las cosas de manera que no se ataca, juzga o etiqueta. La t\u00e9cnica reside en dar informaci\u00f3n exactamente de c\u00f3mo se sienten ambas partes ante una conducta, de est\u00e1 manera el mensaje llega m\u00e1s f\u00e1cil.<\/p>\n<p style=\"text-align: justify;\"><span style=\"line-height: 1.5em;\">\u201cTodas las din\u00e1micas permitieron que los grupos se fuera hermanando, compart\u00edan experiencias en las tareas que se dejaban,\u00a0 hab\u00eda ejercicios en parejas o en grupo y se cre\u00f3 un ambiente\u00a0 muy agradable. Este espacio me permiti\u00f3 ver que s\u00ed se estaban aplicando las herramientas y se fueron generando cambios asombrosos en las mam\u00e1s y sus familias\u201d.<\/span><\/p>\n<p style=\"text-align: justify;\"><span style=\"line-height: 1.5em;\">La psic\u00f3loga Lina ha dedicado gran parte de su vida profesional a ayudar a mujeres que han sido violentadas y que requieren apoyo psicol\u00f3gico para enfrentar esta situaci\u00f3n. Esta labor, la certifica ahora como instructora del taller MyPET.<\/span><\/p>\n<p style=\"text-align: justify;\"><span style=\"line-height: 1.5em;\">El taller fue realizado en las instalaciones de la Casa de la Mujer \u201cRosario Castellanos\u201d\u00a0 con un total de 9 sesiones que dieron inicio en octubre y concluyeron en el mes de noviembre. Se cont\u00f3 con dos grupos de 15 mam\u00e1s que sesionaban todos los jueves, uno por la ma\u00f1ana y el otro en la tarde. Cabe destacar que el costo por participar en este taller es de 4000 mil pesos (incluye material de trabajo: libro y cuaderno de ejercicio) y que gracias al apoyo de SEDESOH fue posible que las usuarias lo cursaran totalmente gratis.<\/span><\/p>\n<p style=\"text-align: justify;\"><b>Algunos testimonios:<\/b><\/p>\n<p style=\"text-align: justify;\"><span style=\"line-height: 1.5em;\">\u201cMe gusta este espacio porque no me juzgan como mam\u00e1, sino que vamos aprendiendo todas\u201d<\/span><\/p>\n<p style=\"text-align: justify;\"><span style=\"line-height: 1.5em;\">\u201cEstoy muy contenta de aprender lo que antes ignoraba. Siento que el curso me ayud\u00f3 a entenderme mejor con mi hija y mi familia est\u00e1 muy agradecida de eso\u201d.<\/span><\/p>\n<p style=\"text-align: justify;\">\u201cFue esperanzador saber que hay maneras saludables de comunicarse en familia y saber que el secreto es el repaso de los ejercicios y la pr\u00e1ctica\u201d.<\/p>\n<p style=\"text-align: justify;\"><span style=\"line-height: 1.5em;\">\u201cEstoy muy agradecida por haber participado en este curso que ha cambiado la relaci\u00f3n con mis hijos y con todos lo que me rodean. Estoy feliz porque s\u00e9 que voy a prevenir muchas cosas de riesgo como las drogas o cosas peores. Me siento triste porque el taller se termine y porque hay muchas madres que lo necesitan\u201d.<\/span><\/p>\n<p style=\"text-align: justify;\"><span style=\"line-height: 1.5em;\">\u201cGracias a este curso me he dado cuenta de los errores que he cometido, pero he encontrado la ventana para salir y mejorar todos los aspectos. Estoy tranquila y satisfecha\u201d.<\/span>[styled_image image=&#8221;125&#8243; w=&#8221;300&#8243; h=&#8221;199&#8243; lightbox=&#8221;yes&#8221; alt=&#8221;Entrega diplomas&#8221; rel=&#8221;taller&#8221; align=&#8221;left&#8221;]\n<p style=\"text-align: justify;\">\u201cEstoy muy contenta con el curso pues me ha ayudado mucho para mejorar la relaci\u00f3n con mis dos hijos y mi pareja. \u00a1En casa ya no hay gritos!, gracias\u201d.<\/p>\n<p style=\"text-align: justify;\"><span style=\"line-height: 1.5em;\">\u201cExcelente el que obtengamos herramientas nuevas para educar a nuestros hijos y lograr ser mejor mam\u00e1\u201d<\/span><\/p>\n<p>  <!--codes_iframe--><!--\/codes_iframe--><\/p>\n","protected":false},"excerpt":{"rendered":"<p>[styled_image image=&#8221;127&#8243; w=&#8221;300&#8243; h=&#8221;199&#8243; lightbox=&#8221;yes&#8221; alt=&#8221;Sesi\u00f3n de trabajo MyPET&#8221; rel=&#8221;taller&#8221; align=&#8221;left&#8221;] El Grupo de estudios sobre la mujer \u201cRosario Castellanos\u201d a.c., con apoyo de la Secretar\u00eda de Desarrollo Social y Humano (SEDESOH), llev\u00f3 a cabo el taller para Madres y Padres eficaz y t\u00e9cnicamente preparados (MyPET) durante\u00a0 9 sesiones en las que se habilit\u00f3 a [&hellip;]<\/p>\n","protected":false},"author":4,"featured_media":126,"comment_status":"closed","ping_status":"open","sticky":false,"template":"","format":"standard","meta":{"give_campaign_id":0,"footnotes":""},"categories":[3],"tags":[6,5,8,7,4],"class_list":["post-120","post","type-post","status-publish","format-standard","has-post-thumbnail","hentry","category-portada","tag-hijas","tag-hijos","tag-madres","tag-padres","tag-taller"],"yoast_head":"<!-- This site is optimized with the Yoast SEO plugin v27.4 - https:\/\/yoast.com\/product\/yoast-seo-wordpress\/ -->\n<title>Se realiza el primer taller para Madres y Padres eficaz y t\u00e9cnicamente preparados en GesMujer - GESMujer &quot;Rosario Castellanos&quot;<\/title>\n<meta name=\"robots\" content=\"index, follow, max-snippet:-1, max-image-preview:large, max-video-preview:-1\" \/>\n<link rel=\"canonical\" href=\"https:\/\/www.gesmujer.org\/sitio\/se-realiza-el-primer-taller-para-madres-y-padres-eficaz-y-tecnicamente-preparados-en-gesmujer\/\" \/>\n<meta property=\"og:locale\" content=\"es_MX\" \/>\n<meta property=\"og:type\" content=\"article\" \/>\n<meta property=\"og:title\" content=\"Se realiza el primer taller para Madres y Padres eficaz y t\u00e9cnicamente preparados en GesMujer - GESMujer &quot;Rosario Castellanos&quot;\" \/>\n<meta property=\"og:description\" content=\"[styled_image image=&#8221;127&#8243; w=&#8221;300&#8243; h=&#8221;199&#8243; lightbox=&#8221;yes&#8221; alt=&#8221;Sesi\u00f3n de trabajo MyPET&#8221; rel=&#8221;taller&#8221; align=&#8221;left&#8221;] El Grupo de estudios sobre la mujer \u201cRosario Castellanos\u201d a.c., con apoyo de la Secretar\u00eda de Desarrollo Social y Humano (SEDESOH), llev\u00f3 a cabo el taller para Madres y Padres eficaz y t\u00e9cnicamente preparados (MyPET) durante\u00a0 9 sesiones en las que se habilit\u00f3 a [&hellip;]\" \/>\n<meta property=\"og:url\" content=\"https:\/\/www.gesmujer.org\/sitio\/se-realiza-el-primer-taller-para-madres-y-padres-eficaz-y-tecnicamente-preparados-en-gesmujer\/\" \/>\n<meta property=\"og:site_name\" content=\"GESMujer &quot;Rosario Castellanos&quot;\" \/>\n<meta property=\"article:publisher\" content=\"https:\/\/www.facebook.com\/gesmujer.rosario.castellanos.ac\" \/>\n<meta property=\"article:published_time\" content=\"2014-01-29T17:37:02+00:00\" \/>\n<meta property=\"article:modified_time\" content=\"2024-04-05T20:55:44+00:00\" \/>\n<meta property=\"og:image\" content=\"https:\/\/www.gesmujer.org\/sitio\/wp-content\/uploads\/2014\/01\/02-scaled.jpg\" \/>\n\t<meta property=\"og:image:width\" content=\"2560\" \/>\n\t<meta property=\"og:image:height\" content=\"1297\" \/>\n\t<meta property=\"og:image:type\" content=\"image\/jpeg\" \/>\n<meta name=\"author\" content=\"cendoc\" \/>\n<meta name=\"twitter:card\" content=\"summary_large_image\" \/>\n<meta name=\"twitter:creator\" content=\"@GES_Mujer\" \/>\n<meta name=\"twitter:site\" content=\"@GES_Mujer\" \/>\n<meta name=\"twitter:label1\" content=\"Escrito por\" \/>\n\t<meta name=\"twitter:data1\" content=\"cendoc\" \/>\n\t<meta name=\"twitter:label2\" content=\"Tiempo de lectura\" \/>\n\t<meta name=\"twitter:data2\" content=\"4 minutos\" \/>\n<script type=\"application\/ld+json\" class=\"yoast-schema-graph\">{\"@context\":\"https:\\\/\\\/schema.org\",\"@graph\":[{\"@type\":\"Article\",\"@id\":\"https:\\\/\\\/www.gesmujer.org\\\/sitio\\\/se-realiza-el-primer-taller-para-madres-y-padres-eficaz-y-tecnicamente-preparados-en-gesmujer\\\/#article\",\"isPartOf\":{\"@id\":\"https:\\\/\\\/www.gesmujer.org\\\/sitio\\\/se-realiza-el-primer-taller-para-madres-y-padres-eficaz-y-tecnicamente-preparados-en-gesmujer\\\/\"},\"author\":{\"name\":\"cendoc\",\"@id\":\"https:\\\/\\\/www.gesmujer.org\\\/sitio\\\/#\\\/schema\\\/person\\\/50e03387f883646c2714c51783a7e288\"},\"headline\":\"Se realiza el primer taller para Madres y Padres eficaz y t\u00e9cnicamente preparados en GesMujer\",\"datePublished\":\"2014-01-29T17:37:02+00:00\",\"dateModified\":\"2024-04-05T20:55:44+00:00\",\"mainEntityOfPage\":{\"@id\":\"https:\\\/\\\/www.gesmujer.org\\\/sitio\\\/se-realiza-el-primer-taller-para-madres-y-padres-eficaz-y-tecnicamente-preparados-en-gesmujer\\\/\"},\"wordCount\":777,\"publisher\":{\"@id\":\"https:\\\/\\\/www.gesmujer.org\\\/sitio\\\/#organization\"},\"image\":{\"@id\":\"https:\\\/\\\/www.gesmujer.org\\\/sitio\\\/se-realiza-el-primer-taller-para-madres-y-padres-eficaz-y-tecnicamente-preparados-en-gesmujer\\\/#primaryimage\"},\"thumbnailUrl\":\"https:\\\/\\\/www.gesmujer.org\\\/sitio\\\/wp-content\\\/uploads\\\/2014\\\/01\\\/02-scaled.jpg\",\"keywords\":[\"hijas\",\"hijos\",\"madres\",\"padres\",\"taller\"],\"articleSection\":[\"portada\"],\"inLanguage\":\"es\"},{\"@type\":\"WebPage\",\"@id\":\"https:\\\/\\\/www.gesmujer.org\\\/sitio\\\/se-realiza-el-primer-taller-para-madres-y-padres-eficaz-y-tecnicamente-preparados-en-gesmujer\\\/\",\"url\":\"https:\\\/\\\/www.gesmujer.org\\\/sitio\\\/se-realiza-el-primer-taller-para-madres-y-padres-eficaz-y-tecnicamente-preparados-en-gesmujer\\\/\",\"name\":\"Se realiza el primer taller para Madres y Padres eficaz y t\u00e9cnicamente preparados en GesMujer - GESMujer &quot;Rosario Castellanos&quot;\",\"isPartOf\":{\"@id\":\"https:\\\/\\\/www.gesmujer.org\\\/sitio\\\/#website\"},\"primaryImageOfPage\":{\"@id\":\"https:\\\/\\\/www.gesmujer.org\\\/sitio\\\/se-realiza-el-primer-taller-para-madres-y-padres-eficaz-y-tecnicamente-preparados-en-gesmujer\\\/#primaryimage\"},\"image\":{\"@id\":\"https:\\\/\\\/www.gesmujer.org\\\/sitio\\\/se-realiza-el-primer-taller-para-madres-y-padres-eficaz-y-tecnicamente-preparados-en-gesmujer\\\/#primaryimage\"},\"thumbnailUrl\":\"https:\\\/\\\/www.gesmujer.org\\\/sitio\\\/wp-content\\\/uploads\\\/2014\\\/01\\\/02-scaled.jpg\",\"datePublished\":\"2014-01-29T17:37:02+00:00\",\"dateModified\":\"2024-04-05T20:55:44+00:00\",\"breadcrumb\":{\"@id\":\"https:\\\/\\\/www.gesmujer.org\\\/sitio\\\/se-realiza-el-primer-taller-para-madres-y-padres-eficaz-y-tecnicamente-preparados-en-gesmujer\\\/#breadcrumb\"},\"inLanguage\":\"es\",\"potentialAction\":[{\"@type\":\"ReadAction\",\"target\":[\"https:\\\/\\\/www.gesmujer.org\\\/sitio\\\/se-realiza-el-primer-taller-para-madres-y-padres-eficaz-y-tecnicamente-preparados-en-gesmujer\\\/\"]}]},{\"@type\":\"ImageObject\",\"inLanguage\":\"es\",\"@id\":\"https:\\\/\\\/www.gesmujer.org\\\/sitio\\\/se-realiza-el-primer-taller-para-madres-y-padres-eficaz-y-tecnicamente-preparados-en-gesmujer\\\/#primaryimage\",\"url\":\"https:\\\/\\\/www.gesmujer.org\\\/sitio\\\/wp-content\\\/uploads\\\/2014\\\/01\\\/02-scaled.jpg\",\"contentUrl\":\"https:\\\/\\\/www.gesmujer.org\\\/sitio\\\/wp-content\\\/uploads\\\/2014\\\/01\\\/02-scaled.jpg\",\"width\":2560,\"height\":1297},{\"@type\":\"BreadcrumbList\",\"@id\":\"https:\\\/\\\/www.gesmujer.org\\\/sitio\\\/se-realiza-el-primer-taller-para-madres-y-padres-eficaz-y-tecnicamente-preparados-en-gesmujer\\\/#breadcrumb\",\"itemListElement\":[{\"@type\":\"ListItem\",\"position\":1,\"name\":\"Home\",\"item\":\"https:\\\/\\\/www.gesmujer.org\\\/sitio\\\/\"},{\"@type\":\"ListItem\",\"position\":2,\"name\":\"Se realiza el primer taller para Madres y Padres eficaz y t\u00e9cnicamente preparados en GesMujer\"}]},{\"@type\":\"WebSite\",\"@id\":\"https:\\\/\\\/www.gesmujer.org\\\/sitio\\\/#website\",\"url\":\"https:\\\/\\\/www.gesmujer.org\\\/sitio\\\/\",\"name\":\"GESMujer \\\"Rosario Castellanos\\\"\",\"description\":\"M\u00e1s de 45 a\u00f1os ha llevado a cabo acciones para erradicar la violencia de g\u00e9nero y construir entornos donde las mujeres encuentren su resiliencia, incrementen su agencia y autonom\u00eda que les permita lograr su empoderamiento a trav\u00e9s de cinco l\u00edneas de acci\u00f3n.\",\"publisher\":{\"@id\":\"https:\\\/\\\/www.gesmujer.org\\\/sitio\\\/#organization\"},\"alternateName\":\"GESMujer\",\"potentialAction\":[{\"@type\":\"SearchAction\",\"target\":{\"@type\":\"EntryPoint\",\"urlTemplate\":\"https:\\\/\\\/www.gesmujer.org\\\/sitio\\\/?s={search_term_string}\"},\"query-input\":{\"@type\":\"PropertyValueSpecification\",\"valueRequired\":true,\"valueName\":\"search_term_string\"}}],\"inLanguage\":\"es\"},{\"@type\":\"Organization\",\"@id\":\"https:\\\/\\\/www.gesmujer.org\\\/sitio\\\/#organization\",\"name\":\"Grupo de estudios sobre la mujer Rosario Castellanos ac\",\"alternateName\":\"GESMujer\",\"url\":\"https:\\\/\\\/www.gesmujer.org\\\/sitio\\\/\",\"logo\":{\"@type\":\"ImageObject\",\"inLanguage\":\"es\",\"@id\":\"https:\\\/\\\/www.gesmujer.org\\\/sitio\\\/#\\\/schema\\\/logo\\\/image\\\/\",\"url\":\"https:\\\/\\\/www.gesmujer.org\\\/sitio\\\/wp-content\\\/uploads\\\/2026\\\/03\\\/Logo-GESMujer-300.png\",\"contentUrl\":\"https:\\\/\\\/www.gesmujer.org\\\/sitio\\\/wp-content\\\/uploads\\\/2026\\\/03\\\/Logo-GESMujer-300.png\",\"width\":300,\"height\":141,\"caption\":\"Grupo de estudios sobre la mujer Rosario Castellanos ac\"},\"image\":{\"@id\":\"https:\\\/\\\/www.gesmujer.org\\\/sitio\\\/#\\\/schema\\\/logo\\\/image\\\/\"},\"sameAs\":[\"https:\\\/\\\/www.facebook.com\\\/gesmujer.rosario.castellanos.ac\",\"https:\\\/\\\/x.com\\\/GES_Mujer\",\"https:\\\/\\\/www.instagram.com\\\/ges_mujer\\\/?hl=es\",\"https:\\\/\\\/www.youtube.com\\\/c\\\/GESMujerRosarioCastellanos\\\/videos\",\"https:\\\/\\\/soundcloud.com\\\/gesmujerac\",\"https:\\\/\\\/www.tiktok.com\\\/@gesmujer\"]},{\"@type\":\"Person\",\"@id\":\"https:\\\/\\\/www.gesmujer.org\\\/sitio\\\/#\\\/schema\\\/person\\\/50e03387f883646c2714c51783a7e288\",\"name\":\"cendoc\",\"image\":{\"@type\":\"ImageObject\",\"inLanguage\":\"es\",\"@id\":\"https:\\\/\\\/secure.gravatar.com\\\/avatar\\\/2f187338ccb33c33bc1b08e92e2247a6891db221398e12bbc0f5ff0cfc462495?s=96&d=mm&r=g\",\"url\":\"https:\\\/\\\/secure.gravatar.com\\\/avatar\\\/2f187338ccb33c33bc1b08e92e2247a6891db221398e12bbc0f5ff0cfc462495?s=96&d=mm&r=g\",\"contentUrl\":\"https:\\\/\\\/secure.gravatar.com\\\/avatar\\\/2f187338ccb33c33bc1b08e92e2247a6891db221398e12bbc0f5ff0cfc462495?s=96&d=mm&r=g\",\"caption\":\"cendoc\"},\"sameAs\":[\"http:\\\/\\\/gesmujer.org\"],\"url\":\"https:\\\/\\\/www.gesmujer.org\\\/sitio\\\/author\\\/cendoc\\\/\"}]}<\/script>\n<!-- \/ Yoast SEO plugin. -->","yoast_head_json":{"title":"Se realiza el primer taller para Madres y Padres eficaz y t\u00e9cnicamente preparados en GesMujer - GESMujer &quot;Rosario Castellanos&quot;","robots":{"index":"index","follow":"follow","max-snippet":"max-snippet:-1","max-image-preview":"max-image-preview:large","max-video-preview":"max-video-preview:-1"},"canonical":"https:\/\/www.gesmujer.org\/sitio\/se-realiza-el-primer-taller-para-madres-y-padres-eficaz-y-tecnicamente-preparados-en-gesmujer\/","og_locale":"es_MX","og_type":"article","og_title":"Se realiza el primer taller para Madres y Padres eficaz y t\u00e9cnicamente preparados en GesMujer - GESMujer &quot;Rosario Castellanos&quot;","og_description":"[styled_image image=&#8221;127&#8243; w=&#8221;300&#8243; h=&#8221;199&#8243; lightbox=&#8221;yes&#8221; alt=&#8221;Sesi\u00f3n de trabajo MyPET&#8221; rel=&#8221;taller&#8221; align=&#8221;left&#8221;] El Grupo de estudios sobre la mujer \u201cRosario Castellanos\u201d a.c., con apoyo de la Secretar\u00eda de Desarrollo Social y Humano (SEDESOH), llev\u00f3 a cabo el taller para Madres y Padres eficaz y t\u00e9cnicamente preparados (MyPET) durante\u00a0 9 sesiones en las que se habilit\u00f3 a [&hellip;]","og_url":"https:\/\/www.gesmujer.org\/sitio\/se-realiza-el-primer-taller-para-madres-y-padres-eficaz-y-tecnicamente-preparados-en-gesmujer\/","og_site_name":"GESMujer &quot;Rosario Castellanos&quot;","article_publisher":"https:\/\/www.facebook.com\/gesmujer.rosario.castellanos.ac","article_published_time":"2014-01-29T17:37:02+00:00","article_modified_time":"2024-04-05T20:55:44+00:00","og_image":[{"width":2560,"height":1297,"url":"https:\/\/www.gesmujer.org\/sitio\/wp-content\/uploads\/2014\/01\/02-scaled.jpg","type":"image\/jpeg"}],"author":"cendoc","twitter_card":"summary_large_image","twitter_creator":"@GES_Mujer","twitter_site":"@GES_Mujer","twitter_misc":{"Escrito por":"cendoc","Tiempo de lectura":"4 minutos"},"schema":{"@context":"https:\/\/schema.org","@graph":[{"@type":"Article","@id":"https:\/\/www.gesmujer.org\/sitio\/se-realiza-el-primer-taller-para-madres-y-padres-eficaz-y-tecnicamente-preparados-en-gesmujer\/#article","isPartOf":{"@id":"https:\/\/www.gesmujer.org\/sitio\/se-realiza-el-primer-taller-para-madres-y-padres-eficaz-y-tecnicamente-preparados-en-gesmujer\/"},"author":{"name":"cendoc","@id":"https:\/\/www.gesmujer.org\/sitio\/#\/schema\/person\/50e03387f883646c2714c51783a7e288"},"headline":"Se realiza el primer taller para Madres y Padres eficaz y t\u00e9cnicamente preparados en GesMujer","datePublished":"2014-01-29T17:37:02+00:00","dateModified":"2024-04-05T20:55:44+00:00","mainEntityOfPage":{"@id":"https:\/\/www.gesmujer.org\/sitio\/se-realiza-el-primer-taller-para-madres-y-padres-eficaz-y-tecnicamente-preparados-en-gesmujer\/"},"wordCount":777,"publisher":{"@id":"https:\/\/www.gesmujer.org\/sitio\/#organization"},"image":{"@id":"https:\/\/www.gesmujer.org\/sitio\/se-realiza-el-primer-taller-para-madres-y-padres-eficaz-y-tecnicamente-preparados-en-gesmujer\/#primaryimage"},"thumbnailUrl":"https:\/\/www.gesmujer.org\/sitio\/wp-content\/uploads\/2014\/01\/02-scaled.jpg","keywords":["hijas","hijos","madres","padres","taller"],"articleSection":["portada"],"inLanguage":"es"},{"@type":"WebPage","@id":"https:\/\/www.gesmujer.org\/sitio\/se-realiza-el-primer-taller-para-madres-y-padres-eficaz-y-tecnicamente-preparados-en-gesmujer\/","url":"https:\/\/www.gesmujer.org\/sitio\/se-realiza-el-primer-taller-para-madres-y-padres-eficaz-y-tecnicamente-preparados-en-gesmujer\/","name":"Se realiza el primer taller para Madres y Padres eficaz y t\u00e9cnicamente preparados en GesMujer - GESMujer &quot;Rosario Castellanos&quot;","isPartOf":{"@id":"https:\/\/www.gesmujer.org\/sitio\/#website"},"primaryImageOfPage":{"@id":"https:\/\/www.gesmujer.org\/sitio\/se-realiza-el-primer-taller-para-madres-y-padres-eficaz-y-tecnicamente-preparados-en-gesmujer\/#primaryimage"},"image":{"@id":"https:\/\/www.gesmujer.org\/sitio\/se-realiza-el-primer-taller-para-madres-y-padres-eficaz-y-tecnicamente-preparados-en-gesmujer\/#primaryimage"},"thumbnailUrl":"https:\/\/www.gesmujer.org\/sitio\/wp-content\/uploads\/2014\/01\/02-scaled.jpg","datePublished":"2014-01-29T17:37:02+00:00","dateModified":"2024-04-05T20:55:44+00:00","breadcrumb":{"@id":"https:\/\/www.gesmujer.org\/sitio\/se-realiza-el-primer-taller-para-madres-y-padres-eficaz-y-tecnicamente-preparados-en-gesmujer\/#breadcrumb"},"inLanguage":"es","potentialAction":[{"@type":"ReadAction","target":["https:\/\/www.gesmujer.org\/sitio\/se-realiza-el-primer-taller-para-madres-y-padres-eficaz-y-tecnicamente-preparados-en-gesmujer\/"]}]},{"@type":"ImageObject","inLanguage":"es","@id":"https:\/\/www.gesmujer.org\/sitio\/se-realiza-el-primer-taller-para-madres-y-padres-eficaz-y-tecnicamente-preparados-en-gesmujer\/#primaryimage","url":"https:\/\/www.gesmujer.org\/sitio\/wp-content\/uploads\/2014\/01\/02-scaled.jpg","contentUrl":"https:\/\/www.gesmujer.org\/sitio\/wp-content\/uploads\/2014\/01\/02-scaled.jpg","width":2560,"height":1297},{"@type":"BreadcrumbList","@id":"https:\/\/www.gesmujer.org\/sitio\/se-realiza-el-primer-taller-para-madres-y-padres-eficaz-y-tecnicamente-preparados-en-gesmujer\/#breadcrumb","itemListElement":[{"@type":"ListItem","position":1,"name":"Home","item":"https:\/\/www.gesmujer.org\/sitio\/"},{"@type":"ListItem","position":2,"name":"Se realiza el primer taller para Madres y Padres eficaz y t\u00e9cnicamente preparados en GesMujer"}]},{"@type":"WebSite","@id":"https:\/\/www.gesmujer.org\/sitio\/#website","url":"https:\/\/www.gesmujer.org\/sitio\/","name":"GESMujer \"Rosario Castellanos\"","description":"M\u00e1s de 45 a\u00f1os ha llevado a cabo acciones para erradicar la violencia de g\u00e9nero y construir entornos donde las mujeres encuentren su resiliencia, incrementen su agencia y autonom\u00eda que les permita lograr su empoderamiento a trav\u00e9s de cinco l\u00edneas de acci\u00f3n.","publisher":{"@id":"https:\/\/www.gesmujer.org\/sitio\/#organization"},"alternateName":"GESMujer","potentialAction":[{"@type":"SearchAction","target":{"@type":"EntryPoint","urlTemplate":"https:\/\/www.gesmujer.org\/sitio\/?s={search_term_string}"},"query-input":{"@type":"PropertyValueSpecification","valueRequired":true,"valueName":"search_term_string"}}],"inLanguage":"es"},{"@type":"Organization","@id":"https:\/\/www.gesmujer.org\/sitio\/#organization","name":"Grupo de estudios sobre la mujer Rosario Castellanos ac","alternateName":"GESMujer","url":"https:\/\/www.gesmujer.org\/sitio\/","logo":{"@type":"ImageObject","inLanguage":"es","@id":"https:\/\/www.gesmujer.org\/sitio\/#\/schema\/logo\/image\/","url":"https:\/\/www.gesmujer.org\/sitio\/wp-content\/uploads\/2026\/03\/Logo-GESMujer-300.png","contentUrl":"https:\/\/www.gesmujer.org\/sitio\/wp-content\/uploads\/2026\/03\/Logo-GESMujer-300.png","width":300,"height":141,"caption":"Grupo de estudios sobre la mujer Rosario Castellanos ac"},"image":{"@id":"https:\/\/www.gesmujer.org\/sitio\/#\/schema\/logo\/image\/"},"sameAs":["https:\/\/www.facebook.com\/gesmujer.rosario.castellanos.ac","https:\/\/x.com\/GES_Mujer","https:\/\/www.instagram.com\/ges_mujer\/?hl=es","https:\/\/www.youtube.com\/c\/GESMujerRosarioCastellanos\/videos","https:\/\/soundcloud.com\/gesmujerac","https:\/\/www.tiktok.com\/@gesmujer"]},{"@type":"Person","@id":"https:\/\/www.gesmujer.org\/sitio\/#\/schema\/person\/50e03387f883646c2714c51783a7e288","name":"cendoc","image":{"@type":"ImageObject","inLanguage":"es","@id":"https:\/\/secure.gravatar.com\/avatar\/2f187338ccb33c33bc1b08e92e2247a6891db221398e12bbc0f5ff0cfc462495?s=96&d=mm&r=g","url":"https:\/\/secure.gravatar.com\/avatar\/2f187338ccb33c33bc1b08e92e2247a6891db221398e12bbc0f5ff0cfc462495?s=96&d=mm&r=g","contentUrl":"https:\/\/secure.gravatar.com\/avatar\/2f187338ccb33c33bc1b08e92e2247a6891db221398e12bbc0f5ff0cfc462495?s=96&d=mm&r=g","caption":"cendoc"},"sameAs":["http:\/\/gesmujer.org"],"url":"https:\/\/www.gesmujer.org\/sitio\/author\/cendoc\/"}]}},"_links":{"self":[{"href":"https:\/\/www.gesmujer.org\/sitio\/wp-json\/wp\/v2\/posts\/120","targetHints":{"allow":["GET"]}}],"collection":[{"href":"https:\/\/www.gesmujer.org\/sitio\/wp-json\/wp\/v2\/posts"}],"about":[{"href":"https:\/\/www.gesmujer.org\/sitio\/wp-json\/wp\/v2\/types\/post"}],"author":[{"embeddable":true,"href":"https:\/\/www.gesmujer.org\/sitio\/wp-json\/wp\/v2\/users\/4"}],"replies":[{"embeddable":true,"href":"https:\/\/www.gesmujer.org\/sitio\/wp-json\/wp\/v2\/comments?post=120"}],"version-history":[{"count":9,"href":"https:\/\/www.gesmujer.org\/sitio\/wp-json\/wp\/v2\/posts\/120\/revisions"}],"predecessor-version":[{"id":58209,"href":"https:\/\/www.gesmujer.org\/sitio\/wp-json\/wp\/v2\/posts\/120\/revisions\/58209"}],"wp:featuredmedia":[{"embeddable":true,"href":"https:\/\/www.gesmujer.org\/sitio\/wp-json\/wp\/v2\/media\/126"}],"wp:attachment":[{"href":"https:\/\/www.gesmujer.org\/sitio\/wp-json\/wp\/v2\/media?parent=120"}],"wp:term":[{"taxonomy":"category","embeddable":true,"href":"https:\/\/www.gesmujer.org\/sitio\/wp-json\/wp\/v2\/categories?post=120"},{"taxonomy":"post_tag","embeddable":true,"href":"https:\/\/www.gesmujer.org\/sitio\/wp-json\/wp\/v2\/tags?post=120"}],"curies":[{"name":"wp","href":"https:\/\/api.w.org\/{rel}","templated":true}]}}