{"id":1341,"date":"2015-12-08T14:42:44","date_gmt":"2015-12-08T20:42:44","guid":{"rendered":"http:\/\/www.gesmujer.org\/sitio\/?p=1341"},"modified":"2024-04-05T14:56:51","modified_gmt":"2024-04-05T20:56:51","slug":"concluye-segundo-diplomado-en-liderazgo-y-gestion-comunitaria","status":"publish","type":"post","link":"https:\/\/www.gesmujer.org\/sitio\/concluye-segundo-diplomado-en-liderazgo-y-gestion-comunitaria\/","title":{"rendered":"Concluye-Segundo-Diplomado en Liderazgo y Gesti\u00f3n Comunitaria"},"content":{"rendered":"<p style=\"text-align: justify;\"><a href=\"http:\/\/www.gesmujer.org\/SITIO\/wp-content\/uploads\/\/2015\/12\/Foto-de-egresadas-de-segunda-edicio\u0301n-del-Diplomado-1.jpg\" rel=\"attachment wp-att-1657\"><img fetchpriority=\"high\" decoding=\"async\" class=\"size-medium wp-image-1657 aligncenter\" src=\"http:\/\/www.gesmujer.org\/SITIO\/wp-content\/uploads\/\/2015\/12\/Foto-de-egresadas-de-segunda-edicio\u0301n-del-Diplomado-1-300x225.jpg\" alt=\"Foto de egresadas de segunda edicio\u0301n del Diplomado\" width=\"300\" height=\"225\" srcset=\"https:\/\/www.gesmujer.org\/sitio\/wp-content\/uploads\/2015\/12\/Foto-de-egresadas-de-segunda-edicio\u0301n-del-Diplomado-1-300x225.jpg 300w, https:\/\/www.gesmujer.org\/sitio\/wp-content\/uploads\/2015\/12\/Foto-de-egresadas-de-segunda-edicio\u0301n-del-Diplomado-1-768x576.jpg 768w, https:\/\/www.gesmujer.org\/sitio\/wp-content\/uploads\/2015\/12\/Foto-de-egresadas-de-segunda-edicio\u0301n-del-Diplomado-1-1024x768.jpg 1024w\" sizes=\"(max-width: 300px) 100vw, 300px\" \/><\/a><\/p>\n<ul style=\"text-align: justify;\">\n<li><strong>Mujeres j\u00f3venes de diferentes municipios con presencia ind\u00edgena terminaron este proceso de formaci\u00f3n.<\/strong><\/li>\n<\/ul>\n<p style=\"text-align: justify;\">El trabajo presencial y de campo que durante seis meses realizaron las asistentes al Diplomado en Liderazgo y Gesti\u00f3n Comunitaria concluy\u00f3 este martes con la entrega de los diplomas a cada una de las graduadas del Centro de Capacitaci\u00f3n en Liderazgo y Gesti\u00f3n Comunitaria del Grupo de estudios sobre la mujer Rosario Castellanos (GESMujer) A. C.<\/p>\n<p style=\"text-align: justify;\">En la ceremonia de clausura de este proceso de formaci\u00f3n que cont\u00f3 con el aval acad\u00e9mico de la Universidad Aut\u00f3noma Benito Ju\u00e1rez de Oaxaca, la presidenta del GESMujer, Ximena Avellaneda D\u00edaz, destac\u00f3 que este diplomado es parte de un modelo educativo que el pasado 25 de noviembre recibi\u00f3 el Reconocimiento Hermanas Mirabal 2015, Banco de Buenas Pr\u00e1cticas contra la violencia hacia las Mujeres, el cual otorg\u00f3 la Comisi\u00f3n de Derechos Humanos del Distrito Federal (CDHDF) .<\/p>\n<p style=\"text-align: justify;\">En presencia de las directoras de Movilidad Acad\u00e9mica de la UABJO, Edna Idalia Cardoso Mart\u00ednez; de la directora de Equidad de esa casa de estudios, Sandra Luz Villalobos; y de la directora general del Instituto de la Mujer Oaxaque\u00f1a (IMO), Anabel L\u00f3pez S\u00e1nchez, la presidenta del GESMujer agradeci\u00f3 el respaldo que otorgaron ambas instituciones para contribuir a que una segunda generaci\u00f3n de j\u00f3venes l\u00edderes concluyera de manera satisfactoria este diplomado.<\/p>\n<p style=\"text-align: justify;\">A nombre de las diplomantes, Florentina Ruiz V\u00e9lez, titular de la Instancia Municipal de la Mujer en Santa Cruz Zentontepec, record\u00f3 que hace seis meses iniciaron a cursar el Diplomado en Liderazgo y Gesti\u00f3n Comunitaria con el fin de formarse como l\u00edderes comunitarias para poder contribuir en el beneficio de las mujeres y los hombres de cada uno de sus municipios, para que conozcan y ejerzan sus derechos, desde una perspectiva de g\u00e9nero y respetando las pr\u00e1cticas culturales.<\/p>\n<p style=\"text-align: justify;\">\u201cAl inicio de esta nueva experiencia ten\u00edamos muchas expectativas que afortunadamente fueron cumplidas en cada uno de los m\u00f3dulos. Somos chicas GESMujer y en este camino que recorremos por la equidad nunca estaremos solas\u201d, expres\u00f3 con orgullo y emoci\u00f3n.<\/p>\n<p style=\"text-align: justify;\">Desde junio del 2015 inici\u00f3 la segunda edici\u00f3n del Diplomado en Liderazgo y Gesti\u00f3n Comunitaria con el fin de fortalecer los liderazgos de j\u00f3venes provenientes de comunidades ind\u00edgenas, siendo ellas a su vez quienes visibilicen y difundan mensajes entre la poblaci\u00f3n joven en temas como la equidad e igualdad de g\u00e9neros; salud y derechos sexuales y reproductivos; prevenci\u00f3n de la violencia en el noviazgo; as\u00ed como la participaci\u00f3n y la gesti\u00f3n comunitaria.<\/p>\n<p style=\"text-align: justify;\">Para ello, se cont\u00f3 con el aval acad\u00e9mico de la UABJO que respald\u00f3 el trabajo que en 270 horas presenciales distribu\u00eddas en siete sesiones realiz\u00f3 el cuerpo de ponentes, a quienes Ximena Avellaneda agradeci\u00f3 su disposici\u00f3n de compartir sus conocimientos y experiencias en cada una de las sesiones que impartieron.<\/p>\n<p style=\"text-align: justify;\"><a href=\"http:\/\/www.gesmujer.org\/SITIO\/wp-content\/uploads\/\/2015\/12\/Foto-de-diplomante-Florentina-Ruiz.jpg\"><img decoding=\"async\" class=\" size-medium wp-image-1342 aligncenter\" src=\"http:\/\/www.gesmujer.org\/SITIO\/wp-content\/uploads\/\/2015\/12\/Foto-de-diplomante-Florentina-Ruiz-300x225.jpg\" alt=\"Foto de diplomante Florentina Ruiz\" width=\"300\" height=\"225\" srcset=\"https:\/\/www.gesmujer.org\/sitio\/wp-content\/uploads\/2015\/12\/Foto-de-diplomante-Florentina-Ruiz-300x225.jpg 300w, https:\/\/www.gesmujer.org\/sitio\/wp-content\/uploads\/2015\/12\/Foto-de-diplomante-Florentina-Ruiz-scaled-1080x810.jpg 1080w, https:\/\/www.gesmujer.org\/sitio\/wp-content\/uploads\/2015\/12\/Foto-de-diplomante-Florentina-Ruiz-1024x768.jpg 1024w\" sizes=\"(max-width: 300px) 100vw, 300px\" \/><\/a><\/p>\n<p style=\"text-align: justify;\">Entre quienes concluyeron el Diplomado en Liderazgo y Gesti\u00f3n Comunitaria se encuentra Concepci\u00f3n Beltr\u00e1n Velasco, titular de la Instancia Municipal de las Mujeres de San Pedro y San Pablo Teposcolula; y Diana Guadalupe Pe\u00f1a Pe\u00f1a, regidora de equidad de g\u00e9nero, juventud y deporte del ayuntamiento de Pinotepa Nacional.<\/p>\n<p style=\"text-align: justify;\">F\u00e1tima Fern\u00e1ndez C\u00e1rdenas, regidora de igualdad de g\u00e9nero en San Pedro Pochutla curs\u00f3 tambi\u00e9n este diplomado, junto con Florentina Ruiz V\u00e9lez, titular de la Instancia Municipal de la Mujer en Santa Cruz Zentontepec, as\u00ed como Johana Zurita Ruiz, responsable de otra instancia, pero en Santa Mar\u00eda Ozolotepec, Oaxaca y Orelly Feria Ortiz, enlace del Centro de Desarrollo para Mujeres de Santa In\u00e9s Yatzeche, Zimatl\u00e1n.<\/p>\n<p style=\"text-align: justify;\">Adem\u00e1s concluyeron el diplomado Manuela V\u00e1squez Barranco, de Cuil\u00e1pam de Guerrero; Maribel Guadalupe Tapia Tapia, de San Mateo Sindihui, Nochixtl\u00e1n; Neyvi Garc\u00eda L\u00f3pez, de Ayoquezco de Aldama; y Viridiana Canseco Mart\u00ednez, de Santa Catarina Juquila, todas ellas directoras de instancias municipales de la mujer en su comunidad de origen.<\/p>\n<p>  <!--codes_iframe--><!--\/codes_iframe--><\/p>\n","protected":false},"excerpt":{"rendered":"<p>Mujeres j\u00f3venes de diferentes municipios con presencia ind\u00edgena terminaron este proceso de formaci\u00f3n. El trabajo presencial y de campo que durante seis meses realizaron las asistentes al Diplomado en Liderazgo y Gesti\u00f3n Comunitaria concluy\u00f3 este martes con la entrega de los diplomas a cada una de las graduadas del Centro de Capacitaci\u00f3n en Liderazgo y [&hellip;]<\/p>\n","protected":false},"author":4,"featured_media":1657,"comment_status":"closed","ping_status":"open","sticky":false,"template":"","format":"standard","meta":{"give_campaign_id":0,"footnotes":""},"categories":[36],"tags":[43,63,58,9,42,77,80],"class_list":["post-1341","post","type-post","status-publish","format-standard","has-post-thumbnail","hentry","category-comunicados","tag-derechos","tag-equidad-de-genero","tag-gesmujer","tag-liderazgo","tag-mujeres","tag-mujeres-indigenas","tag-oaxaca"],"yoast_head":"<!-- This site is optimized with the Yoast SEO plugin v27.4 - https:\/\/yoast.com\/product\/yoast-seo-wordpress\/ -->\n<title>Concluye-Segundo-Diplomado en Liderazgo y Gesti\u00f3n Comunitaria - GESMujer &quot;Rosario Castellanos&quot;<\/title>\n<meta name=\"robots\" content=\"index, follow, max-snippet:-1, max-image-preview:large, max-video-preview:-1\" \/>\n<link rel=\"canonical\" href=\"https:\/\/www.gesmujer.org\/sitio\/concluye-segundo-diplomado-en-liderazgo-y-gestion-comunitaria\/\" \/>\n<meta property=\"og:locale\" content=\"es_MX\" \/>\n<meta property=\"og:type\" content=\"article\" \/>\n<meta property=\"og:title\" content=\"Concluye-Segundo-Diplomado en Liderazgo y Gesti\u00f3n Comunitaria - GESMujer &quot;Rosario Castellanos&quot;\" \/>\n<meta property=\"og:description\" content=\"Mujeres j\u00f3venes de diferentes municipios con presencia ind\u00edgena terminaron este proceso de formaci\u00f3n. El trabajo presencial y de campo que durante seis meses realizaron las asistentes al Diplomado en Liderazgo y Gesti\u00f3n Comunitaria concluy\u00f3 este martes con la entrega de los diplomas a cada una de las graduadas del Centro de Capacitaci\u00f3n en Liderazgo y [&hellip;]\" \/>\n<meta property=\"og:url\" content=\"https:\/\/www.gesmujer.org\/sitio\/concluye-segundo-diplomado-en-liderazgo-y-gestion-comunitaria\/\" \/>\n<meta property=\"og:site_name\" content=\"GESMujer &quot;Rosario Castellanos&quot;\" \/>\n<meta property=\"article:publisher\" content=\"https:\/\/www.facebook.com\/gesmujer.rosario.castellanos.ac\" \/>\n<meta property=\"article:published_time\" content=\"2015-12-08T20:42:44+00:00\" \/>\n<meta property=\"article:modified_time\" content=\"2024-04-05T20:56:51+00:00\" \/>\n<meta property=\"og:image\" content=\"https:\/\/www.gesmujer.org\/sitio\/wp-content\/uploads\/2015\/12\/Foto-de-egresadas-de-segunda-edicio\u0301n-del-Diplomado-1.jpg\" \/>\n\t<meta property=\"og:image:width\" content=\"4608\" \/>\n\t<meta property=\"og:image:height\" content=\"3456\" \/>\n\t<meta property=\"og:image:type\" content=\"image\/jpeg\" \/>\n<meta name=\"author\" content=\"cendoc\" \/>\n<meta name=\"twitter:card\" content=\"summary_large_image\" \/>\n<meta name=\"twitter:creator\" content=\"@GES_Mujer\" \/>\n<meta name=\"twitter:site\" content=\"@GES_Mujer\" \/>\n<meta name=\"twitter:label1\" content=\"Escrito por\" \/>\n\t<meta name=\"twitter:data1\" content=\"cendoc\" \/>\n\t<meta name=\"twitter:label2\" content=\"Tiempo de lectura\" \/>\n\t<meta name=\"twitter:data2\" content=\"3 minutos\" \/>\n<script type=\"application\/ld+json\" class=\"yoast-schema-graph\">{\"@context\":\"https:\\\/\\\/schema.org\",\"@graph\":[{\"@type\":\"Article\",\"@id\":\"https:\\\/\\\/www.gesmujer.org\\\/sitio\\\/concluye-segundo-diplomado-en-liderazgo-y-gestion-comunitaria\\\/#article\",\"isPartOf\":{\"@id\":\"https:\\\/\\\/www.gesmujer.org\\\/sitio\\\/concluye-segundo-diplomado-en-liderazgo-y-gestion-comunitaria\\\/\"},\"author\":{\"name\":\"cendoc\",\"@id\":\"https:\\\/\\\/www.gesmujer.org\\\/sitio\\\/#\\\/schema\\\/person\\\/50e03387f883646c2714c51783a7e288\"},\"headline\":\"Concluye-Segundo-Diplomado en Liderazgo y Gesti\u00f3n Comunitaria\",\"datePublished\":\"2015-12-08T20:42:44+00:00\",\"dateModified\":\"2024-04-05T20:56:51+00:00\",\"mainEntityOfPage\":{\"@id\":\"https:\\\/\\\/www.gesmujer.org\\\/sitio\\\/concluye-segundo-diplomado-en-liderazgo-y-gestion-comunitaria\\\/\"},\"wordCount\":680,\"publisher\":{\"@id\":\"https:\\\/\\\/www.gesmujer.org\\\/sitio\\\/#organization\"},\"image\":{\"@id\":\"https:\\\/\\\/www.gesmujer.org\\\/sitio\\\/concluye-segundo-diplomado-en-liderazgo-y-gestion-comunitaria\\\/#primaryimage\"},\"thumbnailUrl\":\"https:\\\/\\\/www.gesmujer.org\\\/sitio\\\/wp-content\\\/uploads\\\/2015\\\/12\\\/Foto-de-egresadas-de-segunda-edicio\u0301n-del-Diplomado-1.jpg\",\"keywords\":[\"derechos\",\"Equidad de g\u00e9nero\",\"GESMujer\",\"liderazgo\",\"mujeres\",\"Mujeres Ind\u00edgenas\",\"Oaxaca\"],\"articleSection\":[\"COMUNICADOS\"],\"inLanguage\":\"es\"},{\"@type\":\"WebPage\",\"@id\":\"https:\\\/\\\/www.gesmujer.org\\\/sitio\\\/concluye-segundo-diplomado-en-liderazgo-y-gestion-comunitaria\\\/\",\"url\":\"https:\\\/\\\/www.gesmujer.org\\\/sitio\\\/concluye-segundo-diplomado-en-liderazgo-y-gestion-comunitaria\\\/\",\"name\":\"Concluye-Segundo-Diplomado en Liderazgo y Gesti\u00f3n Comunitaria - GESMujer &quot;Rosario Castellanos&quot;\",\"isPartOf\":{\"@id\":\"https:\\\/\\\/www.gesmujer.org\\\/sitio\\\/#website\"},\"primaryImageOfPage\":{\"@id\":\"https:\\\/\\\/www.gesmujer.org\\\/sitio\\\/concluye-segundo-diplomado-en-liderazgo-y-gestion-comunitaria\\\/#primaryimage\"},\"image\":{\"@id\":\"https:\\\/\\\/www.gesmujer.org\\\/sitio\\\/concluye-segundo-diplomado-en-liderazgo-y-gestion-comunitaria\\\/#primaryimage\"},\"thumbnailUrl\":\"https:\\\/\\\/www.gesmujer.org\\\/sitio\\\/wp-content\\\/uploads\\\/2015\\\/12\\\/Foto-de-egresadas-de-segunda-edicio\u0301n-del-Diplomado-1.jpg\",\"datePublished\":\"2015-12-08T20:42:44+00:00\",\"dateModified\":\"2024-04-05T20:56:51+00:00\",\"breadcrumb\":{\"@id\":\"https:\\\/\\\/www.gesmujer.org\\\/sitio\\\/concluye-segundo-diplomado-en-liderazgo-y-gestion-comunitaria\\\/#breadcrumb\"},\"inLanguage\":\"es\",\"potentialAction\":[{\"@type\":\"ReadAction\",\"target\":[\"https:\\\/\\\/www.gesmujer.org\\\/sitio\\\/concluye-segundo-diplomado-en-liderazgo-y-gestion-comunitaria\\\/\"]}]},{\"@type\":\"ImageObject\",\"inLanguage\":\"es\",\"@id\":\"https:\\\/\\\/www.gesmujer.org\\\/sitio\\\/concluye-segundo-diplomado-en-liderazgo-y-gestion-comunitaria\\\/#primaryimage\",\"url\":\"https:\\\/\\\/www.gesmujer.org\\\/sitio\\\/wp-content\\\/uploads\\\/2015\\\/12\\\/Foto-de-egresadas-de-segunda-edicio\u0301n-del-Diplomado-1.jpg\",\"contentUrl\":\"https:\\\/\\\/www.gesmujer.org\\\/sitio\\\/wp-content\\\/uploads\\\/2015\\\/12\\\/Foto-de-egresadas-de-segunda-edicio\u0301n-del-Diplomado-1.jpg\",\"width\":4608,\"height\":3456},{\"@type\":\"BreadcrumbList\",\"@id\":\"https:\\\/\\\/www.gesmujer.org\\\/sitio\\\/concluye-segundo-diplomado-en-liderazgo-y-gestion-comunitaria\\\/#breadcrumb\",\"itemListElement\":[{\"@type\":\"ListItem\",\"position\":1,\"name\":\"Home\",\"item\":\"https:\\\/\\\/www.gesmujer.org\\\/sitio\\\/\"},{\"@type\":\"ListItem\",\"position\":2,\"name\":\"Concluye-Segundo-Diplomado en Liderazgo y Gesti\u00f3n Comunitaria\"}]},{\"@type\":\"WebSite\",\"@id\":\"https:\\\/\\\/www.gesmujer.org\\\/sitio\\\/#website\",\"url\":\"https:\\\/\\\/www.gesmujer.org\\\/sitio\\\/\",\"name\":\"GESMujer \\\"Rosario Castellanos\\\"\",\"description\":\"M\u00e1s de 45 a\u00f1os ha llevado a cabo acciones para erradicar la violencia de g\u00e9nero y construir entornos donde las mujeres encuentren su resiliencia, incrementen su agencia y autonom\u00eda que les permita lograr su empoderamiento a trav\u00e9s de cinco l\u00edneas de acci\u00f3n.\",\"publisher\":{\"@id\":\"https:\\\/\\\/www.gesmujer.org\\\/sitio\\\/#organization\"},\"alternateName\":\"GESMujer\",\"potentialAction\":[{\"@type\":\"SearchAction\",\"target\":{\"@type\":\"EntryPoint\",\"urlTemplate\":\"https:\\\/\\\/www.gesmujer.org\\\/sitio\\\/?s={search_term_string}\"},\"query-input\":{\"@type\":\"PropertyValueSpecification\",\"valueRequired\":true,\"valueName\":\"search_term_string\"}}],\"inLanguage\":\"es\"},{\"@type\":\"Organization\",\"@id\":\"https:\\\/\\\/www.gesmujer.org\\\/sitio\\\/#organization\",\"name\":\"Grupo de estudios sobre la mujer Rosario Castellanos ac\",\"alternateName\":\"GESMujer\",\"url\":\"https:\\\/\\\/www.gesmujer.org\\\/sitio\\\/\",\"logo\":{\"@type\":\"ImageObject\",\"inLanguage\":\"es\",\"@id\":\"https:\\\/\\\/www.gesmujer.org\\\/sitio\\\/#\\\/schema\\\/logo\\\/image\\\/\",\"url\":\"https:\\\/\\\/www.gesmujer.org\\\/sitio\\\/wp-content\\\/uploads\\\/2026\\\/03\\\/Logo-GESMujer-300.png\",\"contentUrl\":\"https:\\\/\\\/www.gesmujer.org\\\/sitio\\\/wp-content\\\/uploads\\\/2026\\\/03\\\/Logo-GESMujer-300.png\",\"width\":300,\"height\":141,\"caption\":\"Grupo de estudios sobre la mujer Rosario Castellanos ac\"},\"image\":{\"@id\":\"https:\\\/\\\/www.gesmujer.org\\\/sitio\\\/#\\\/schema\\\/logo\\\/image\\\/\"},\"sameAs\":[\"https:\\\/\\\/www.facebook.com\\\/gesmujer.rosario.castellanos.ac\",\"https:\\\/\\\/x.com\\\/GES_Mujer\",\"https:\\\/\\\/www.instagram.com\\\/ges_mujer\\\/?hl=es\",\"https:\\\/\\\/www.youtube.com\\\/c\\\/GESMujerRosarioCastellanos\\\/videos\",\"https:\\\/\\\/soundcloud.com\\\/gesmujerac\",\"https:\\\/\\\/www.tiktok.com\\\/@gesmujer\"]},{\"@type\":\"Person\",\"@id\":\"https:\\\/\\\/www.gesmujer.org\\\/sitio\\\/#\\\/schema\\\/person\\\/50e03387f883646c2714c51783a7e288\",\"name\":\"cendoc\",\"image\":{\"@type\":\"ImageObject\",\"inLanguage\":\"es\",\"@id\":\"https:\\\/\\\/secure.gravatar.com\\\/avatar\\\/2f187338ccb33c33bc1b08e92e2247a6891db221398e12bbc0f5ff0cfc462495?s=96&d=mm&r=g\",\"url\":\"https:\\\/\\\/secure.gravatar.com\\\/avatar\\\/2f187338ccb33c33bc1b08e92e2247a6891db221398e12bbc0f5ff0cfc462495?s=96&d=mm&r=g\",\"contentUrl\":\"https:\\\/\\\/secure.gravatar.com\\\/avatar\\\/2f187338ccb33c33bc1b08e92e2247a6891db221398e12bbc0f5ff0cfc462495?s=96&d=mm&r=g\",\"caption\":\"cendoc\"},\"sameAs\":[\"http:\\\/\\\/gesmujer.org\"],\"url\":\"https:\\\/\\\/www.gesmujer.org\\\/sitio\\\/author\\\/cendoc\\\/\"}]}<\/script>\n<!-- \/ Yoast SEO plugin. -->","yoast_head_json":{"title":"Concluye-Segundo-Diplomado en Liderazgo y Gesti\u00f3n Comunitaria - GESMujer &quot;Rosario Castellanos&quot;","robots":{"index":"index","follow":"follow","max-snippet":"max-snippet:-1","max-image-preview":"max-image-preview:large","max-video-preview":"max-video-preview:-1"},"canonical":"https:\/\/www.gesmujer.org\/sitio\/concluye-segundo-diplomado-en-liderazgo-y-gestion-comunitaria\/","og_locale":"es_MX","og_type":"article","og_title":"Concluye-Segundo-Diplomado en Liderazgo y Gesti\u00f3n Comunitaria - GESMujer &quot;Rosario Castellanos&quot;","og_description":"Mujeres j\u00f3venes de diferentes municipios con presencia ind\u00edgena terminaron este proceso de formaci\u00f3n. El trabajo presencial y de campo que durante seis meses realizaron las asistentes al Diplomado en Liderazgo y Gesti\u00f3n Comunitaria concluy\u00f3 este martes con la entrega de los diplomas a cada una de las graduadas del Centro de Capacitaci\u00f3n en Liderazgo y [&hellip;]","og_url":"https:\/\/www.gesmujer.org\/sitio\/concluye-segundo-diplomado-en-liderazgo-y-gestion-comunitaria\/","og_site_name":"GESMujer &quot;Rosario Castellanos&quot;","article_publisher":"https:\/\/www.facebook.com\/gesmujer.rosario.castellanos.ac","article_published_time":"2015-12-08T20:42:44+00:00","article_modified_time":"2024-04-05T20:56:51+00:00","og_image":[{"width":4608,"height":3456,"url":"https:\/\/www.gesmujer.org\/sitio\/wp-content\/uploads\/2015\/12\/Foto-de-egresadas-de-segunda-edicio\u0301n-del-Diplomado-1.jpg","type":"image\/jpeg"}],"author":"cendoc","twitter_card":"summary_large_image","twitter_creator":"@GES_Mujer","twitter_site":"@GES_Mujer","twitter_misc":{"Escrito por":"cendoc","Tiempo de lectura":"3 minutos"},"schema":{"@context":"https:\/\/schema.org","@graph":[{"@type":"Article","@id":"https:\/\/www.gesmujer.org\/sitio\/concluye-segundo-diplomado-en-liderazgo-y-gestion-comunitaria\/#article","isPartOf":{"@id":"https:\/\/www.gesmujer.org\/sitio\/concluye-segundo-diplomado-en-liderazgo-y-gestion-comunitaria\/"},"author":{"name":"cendoc","@id":"https:\/\/www.gesmujer.org\/sitio\/#\/schema\/person\/50e03387f883646c2714c51783a7e288"},"headline":"Concluye-Segundo-Diplomado en Liderazgo y Gesti\u00f3n Comunitaria","datePublished":"2015-12-08T20:42:44+00:00","dateModified":"2024-04-05T20:56:51+00:00","mainEntityOfPage":{"@id":"https:\/\/www.gesmujer.org\/sitio\/concluye-segundo-diplomado-en-liderazgo-y-gestion-comunitaria\/"},"wordCount":680,"publisher":{"@id":"https:\/\/www.gesmujer.org\/sitio\/#organization"},"image":{"@id":"https:\/\/www.gesmujer.org\/sitio\/concluye-segundo-diplomado-en-liderazgo-y-gestion-comunitaria\/#primaryimage"},"thumbnailUrl":"https:\/\/www.gesmujer.org\/sitio\/wp-content\/uploads\/2015\/12\/Foto-de-egresadas-de-segunda-edicio\u0301n-del-Diplomado-1.jpg","keywords":["derechos","Equidad de g\u00e9nero","GESMujer","liderazgo","mujeres","Mujeres Ind\u00edgenas","Oaxaca"],"articleSection":["COMUNICADOS"],"inLanguage":"es"},{"@type":"WebPage","@id":"https:\/\/www.gesmujer.org\/sitio\/concluye-segundo-diplomado-en-liderazgo-y-gestion-comunitaria\/","url":"https:\/\/www.gesmujer.org\/sitio\/concluye-segundo-diplomado-en-liderazgo-y-gestion-comunitaria\/","name":"Concluye-Segundo-Diplomado en Liderazgo y Gesti\u00f3n Comunitaria - GESMujer &quot;Rosario Castellanos&quot;","isPartOf":{"@id":"https:\/\/www.gesmujer.org\/sitio\/#website"},"primaryImageOfPage":{"@id":"https:\/\/www.gesmujer.org\/sitio\/concluye-segundo-diplomado-en-liderazgo-y-gestion-comunitaria\/#primaryimage"},"image":{"@id":"https:\/\/www.gesmujer.org\/sitio\/concluye-segundo-diplomado-en-liderazgo-y-gestion-comunitaria\/#primaryimage"},"thumbnailUrl":"https:\/\/www.gesmujer.org\/sitio\/wp-content\/uploads\/2015\/12\/Foto-de-egresadas-de-segunda-edicio\u0301n-del-Diplomado-1.jpg","datePublished":"2015-12-08T20:42:44+00:00","dateModified":"2024-04-05T20:56:51+00:00","breadcrumb":{"@id":"https:\/\/www.gesmujer.org\/sitio\/concluye-segundo-diplomado-en-liderazgo-y-gestion-comunitaria\/#breadcrumb"},"inLanguage":"es","potentialAction":[{"@type":"ReadAction","target":["https:\/\/www.gesmujer.org\/sitio\/concluye-segundo-diplomado-en-liderazgo-y-gestion-comunitaria\/"]}]},{"@type":"ImageObject","inLanguage":"es","@id":"https:\/\/www.gesmujer.org\/sitio\/concluye-segundo-diplomado-en-liderazgo-y-gestion-comunitaria\/#primaryimage","url":"https:\/\/www.gesmujer.org\/sitio\/wp-content\/uploads\/2015\/12\/Foto-de-egresadas-de-segunda-edicio\u0301n-del-Diplomado-1.jpg","contentUrl":"https:\/\/www.gesmujer.org\/sitio\/wp-content\/uploads\/2015\/12\/Foto-de-egresadas-de-segunda-edicio\u0301n-del-Diplomado-1.jpg","width":4608,"height":3456},{"@type":"BreadcrumbList","@id":"https:\/\/www.gesmujer.org\/sitio\/concluye-segundo-diplomado-en-liderazgo-y-gestion-comunitaria\/#breadcrumb","itemListElement":[{"@type":"ListItem","position":1,"name":"Home","item":"https:\/\/www.gesmujer.org\/sitio\/"},{"@type":"ListItem","position":2,"name":"Concluye-Segundo-Diplomado en Liderazgo y Gesti\u00f3n Comunitaria"}]},{"@type":"WebSite","@id":"https:\/\/www.gesmujer.org\/sitio\/#website","url":"https:\/\/www.gesmujer.org\/sitio\/","name":"GESMujer \"Rosario Castellanos\"","description":"M\u00e1s de 45 a\u00f1os ha llevado a cabo acciones para erradicar la violencia de g\u00e9nero y construir entornos donde las mujeres encuentren su resiliencia, incrementen su agencia y autonom\u00eda que les permita lograr su empoderamiento a trav\u00e9s de cinco l\u00edneas de acci\u00f3n.","publisher":{"@id":"https:\/\/www.gesmujer.org\/sitio\/#organization"},"alternateName":"GESMujer","potentialAction":[{"@type":"SearchAction","target":{"@type":"EntryPoint","urlTemplate":"https:\/\/www.gesmujer.org\/sitio\/?s={search_term_string}"},"query-input":{"@type":"PropertyValueSpecification","valueRequired":true,"valueName":"search_term_string"}}],"inLanguage":"es"},{"@type":"Organization","@id":"https:\/\/www.gesmujer.org\/sitio\/#organization","name":"Grupo de estudios sobre la mujer Rosario Castellanos ac","alternateName":"GESMujer","url":"https:\/\/www.gesmujer.org\/sitio\/","logo":{"@type":"ImageObject","inLanguage":"es","@id":"https:\/\/www.gesmujer.org\/sitio\/#\/schema\/logo\/image\/","url":"https:\/\/www.gesmujer.org\/sitio\/wp-content\/uploads\/2026\/03\/Logo-GESMujer-300.png","contentUrl":"https:\/\/www.gesmujer.org\/sitio\/wp-content\/uploads\/2026\/03\/Logo-GESMujer-300.png","width":300,"height":141,"caption":"Grupo de estudios sobre la mujer Rosario Castellanos ac"},"image":{"@id":"https:\/\/www.gesmujer.org\/sitio\/#\/schema\/logo\/image\/"},"sameAs":["https:\/\/www.facebook.com\/gesmujer.rosario.castellanos.ac","https:\/\/x.com\/GES_Mujer","https:\/\/www.instagram.com\/ges_mujer\/?hl=es","https:\/\/www.youtube.com\/c\/GESMujerRosarioCastellanos\/videos","https:\/\/soundcloud.com\/gesmujerac","https:\/\/www.tiktok.com\/@gesmujer"]},{"@type":"Person","@id":"https:\/\/www.gesmujer.org\/sitio\/#\/schema\/person\/50e03387f883646c2714c51783a7e288","name":"cendoc","image":{"@type":"ImageObject","inLanguage":"es","@id":"https:\/\/secure.gravatar.com\/avatar\/2f187338ccb33c33bc1b08e92e2247a6891db221398e12bbc0f5ff0cfc462495?s=96&d=mm&r=g","url":"https:\/\/secure.gravatar.com\/avatar\/2f187338ccb33c33bc1b08e92e2247a6891db221398e12bbc0f5ff0cfc462495?s=96&d=mm&r=g","contentUrl":"https:\/\/secure.gravatar.com\/avatar\/2f187338ccb33c33bc1b08e92e2247a6891db221398e12bbc0f5ff0cfc462495?s=96&d=mm&r=g","caption":"cendoc"},"sameAs":["http:\/\/gesmujer.org"],"url":"https:\/\/www.gesmujer.org\/sitio\/author\/cendoc\/"}]}},"_links":{"self":[{"href":"https:\/\/www.gesmujer.org\/sitio\/wp-json\/wp\/v2\/posts\/1341","targetHints":{"allow":["GET"]}}],"collection":[{"href":"https:\/\/www.gesmujer.org\/sitio\/wp-json\/wp\/v2\/posts"}],"about":[{"href":"https:\/\/www.gesmujer.org\/sitio\/wp-json\/wp\/v2\/types\/post"}],"author":[{"embeddable":true,"href":"https:\/\/www.gesmujer.org\/sitio\/wp-json\/wp\/v2\/users\/4"}],"replies":[{"embeddable":true,"href":"https:\/\/www.gesmujer.org\/sitio\/wp-json\/wp\/v2\/comments?post=1341"}],"version-history":[{"count":9,"href":"https:\/\/www.gesmujer.org\/sitio\/wp-json\/wp\/v2\/posts\/1341\/revisions"}],"predecessor-version":[{"id":58317,"href":"https:\/\/www.gesmujer.org\/sitio\/wp-json\/wp\/v2\/posts\/1341\/revisions\/58317"}],"wp:featuredmedia":[{"embeddable":true,"href":"https:\/\/www.gesmujer.org\/sitio\/wp-json\/wp\/v2\/media\/1657"}],"wp:attachment":[{"href":"https:\/\/www.gesmujer.org\/sitio\/wp-json\/wp\/v2\/media?parent=1341"}],"wp:term":[{"taxonomy":"category","embeddable":true,"href":"https:\/\/www.gesmujer.org\/sitio\/wp-json\/wp\/v2\/categories?post=1341"},{"taxonomy":"post_tag","embeddable":true,"href":"https:\/\/www.gesmujer.org\/sitio\/wp-json\/wp\/v2\/tags?post=1341"}],"curies":[{"name":"wp","href":"https:\/\/api.w.org\/{rel}","templated":true}]}}