{"id":2097,"date":"2016-11-07T18:57:46","date_gmt":"2016-11-08T00:57:46","guid":{"rendered":"http:\/\/www.gesmujer.org\/sitio\/?p=2097"},"modified":"2024-04-05T14:58:16","modified_gmt":"2024-04-05T20:58:16","slug":"constante-violencia-por-razon-de-genero","status":"publish","type":"post","link":"https:\/\/www.gesmujer.org\/sitio\/constante-violencia-por-razon-de-genero\/","title":{"rendered":"Constante violencia por raz\u00f3n de g\u00e9nero"},"content":{"rendered":"<h5 class=\"descripcion\">Mujeres que participaron en el Diplomado &#8220;Prevenci\u00f3n de la violencia en el noviazgo&#8221; coincidieron en la situaci\u00f3n de violencia que viven las mujeres por el hecho de serlo.<\/h5>\n<p>Por Yadira Sosa. Domingo 6 de Noviembre de 2016.<\/p>\n<p style=\"text-align: center;\"><a href=\"http:\/\/www.gesmujer.org\/SITIO\/wp-content\/uploads\/\/2016\/11\/imparcial.jpg\"><img fetchpriority=\"high\" decoding=\"async\" class=\"alignnone size-full wp-image-2098\" src=\"http:\/\/www.gesmujer.org\/SITIO\/wp-content\/uploads\/\/2016\/11\/imparcial.jpg\" alt=\"imparcial\" width=\"900\" height=\"500\" srcset=\"https:\/\/www.gesmujer.org\/sitio\/wp-content\/uploads\/2016\/11\/imparcial.jpg 900w, https:\/\/www.gesmujer.org\/sitio\/wp-content\/uploads\/2016\/11\/imparcial-600x333.jpg 600w, https:\/\/www.gesmujer.org\/sitio\/wp-content\/uploads\/2016\/11\/imparcial-300x167.jpg 300w\" sizes=\"(max-width: 900px) 100vw, 900px\" \/><\/a><\/p>\n<p>Mujeres que participaron en el Diplomado &#8220;Prevenci\u00f3n de la violencia en el noviazgo&#8221; coincidieron en la situaci\u00f3n de violencia que viven las mujeres por el hecho de serlo, al mismo tiempo de exigir el respeto que se merecen al circular por la calle, trabajar y desenvolverse en sus actividades diarias sin miedo a ser agredidas.<\/p>\n<p>En representaci\u00f3n de las 30 mujeres que participaron en el Diplomado, Janet Mart\u00ednez Garc\u00eda comparti\u00f3 las vivencias de violencia que muchas de sus compa\u00f1eras han enfrentado por el hecho de ser mujeres.<\/p>\n<p>&#8220;Las calles no son seguras a ninguna hora del d\u00eda para las mujeres, nuestros agresores no tienen un horario \u00fanico para hacerlo, lo hacen todo el tiempo; no necesitamos salir a las 11 de la noche con una minifalda para ser agredidas o a las 12 del d\u00eda, con un pants viejo y aguado, aun as\u00ed nos han agredido dici\u00e9ndonos mamacitas o toc\u00e1ndonos&#8221;, expres\u00f3.<\/p>\n<p>Al concluir el diplomado encabezado por el Grupo de estudios sobre la mujer Rosario Castellanos (GESMujer), A. C. y la Universidad Tecnol\u00f3gica de los Valles Centrales de Oaxaca (UTVCO), las participantes coincidieron en exigir un alto a la violencia contra la mujer.<\/p>\n<p>&#8220;No queremos ser vistas como mercanc\u00eda pornogr\u00e1fica, utensilio del hogar o como objetos sexuales. No estamos dispuestas a seguir sufriendo humillaciones, malos tratos, abusos, rechazo o violencia a nuestros derechos humanos&#8221;.<\/p>\n<p>En presencia de la directora del Instituto de la Mujer Oaxaque\u00f1a (IMO), Claudia Ram\u00edrez Iz\u00facar, y del rector de la UTVCO, Juli\u00e1n Luna Santiago, la presidenta del GESMujer, Ximena Avellaneda D\u00edaz, destac\u00f3 que este Diplomado realizado a trav\u00e9s del Centro de Capacitaci\u00f3n en Liderazgo, busc\u00f3 fortalecer a j\u00f3venes provenientes de diversas comunidades de los Valles Centrales con herramientas que les permitir\u00e1n tener una mayor certeza de que sus vidas estar\u00e1n libres de violencia.<\/p>\n<p>&#8220;De esta manera las egresadas estar\u00e1n en condiciones de replicar y multiplicar los conocimientos adquiridos con todas las mujeres de su entorno para identificar a tiempo situaciones de riesgo en sus relaciones entre pares y de noviazgo, generando as\u00ed condiciones para una cultura del buen trato&#8221;.<\/p>\n<p>En su intervenci\u00f3n, la directora del IMO, Claudia Ram\u00edrez Iz\u00facar, destac\u00f3 la importancia de que se propicien otros espacios de intercambio y transmisi\u00f3n de conocimientos como el Diplomado &#8220;Prevenci\u00f3n de la violencia en el noviazgo&#8221;.<\/p>\n<p>&nbsp;<\/p>\n<p>Fuente: El imparcial Oaxaca  <!--codes_iframe--><!--\/codes_iframe--><\/p>\n","protected":false},"excerpt":{"rendered":"<p>Mujeres que participaron en el Diplomado &#8220;Prevenci\u00f3n de la violencia en el noviazgo&#8221; coincidieron en la situaci\u00f3n de violencia que viven las mujeres por el hecho de serlo. Por Yadira Sosa. Domingo 6 de Noviembre de 2016. Mujeres que participaron en el Diplomado &#8220;Prevenci\u00f3n de la violencia en el noviazgo&#8221; coincidieron en la situaci\u00f3n de [&hellip;]<\/p>\n","protected":false},"author":4,"featured_media":2098,"comment_status":"closed","ping_status":"open","sticky":false,"template":"","format":"standard","meta":{"give_campaign_id":0,"footnotes":""},"categories":[91,32],"tags":[],"class_list":["post-2097","post","type-post","status-publish","format-standard","has-post-thumbnail","hentry","category-notas","category-novedades"],"yoast_head":"<!-- This site is optimized with the Yoast SEO plugin v27.4 - https:\/\/yoast.com\/product\/yoast-seo-wordpress\/ -->\n<title>Constante violencia por raz\u00f3n de g\u00e9nero - GESMujer &quot;Rosario Castellanos&quot;<\/title>\n<meta name=\"robots\" content=\"index, follow, max-snippet:-1, max-image-preview:large, max-video-preview:-1\" \/>\n<link rel=\"canonical\" href=\"https:\/\/www.gesmujer.org\/sitio\/constante-violencia-por-razon-de-genero\/\" \/>\n<meta property=\"og:locale\" content=\"es_MX\" \/>\n<meta property=\"og:type\" content=\"article\" \/>\n<meta property=\"og:title\" content=\"Constante violencia por raz\u00f3n de g\u00e9nero - GESMujer &quot;Rosario Castellanos&quot;\" \/>\n<meta property=\"og:description\" content=\"Mujeres que participaron en el Diplomado &#8220;Prevenci\u00f3n de la violencia en el noviazgo&#8221; coincidieron en la situaci\u00f3n de violencia que viven las mujeres por el hecho de serlo. Por Yadira Sosa. Domingo 6 de Noviembre de 2016. Mujeres que participaron en el Diplomado &#8220;Prevenci\u00f3n de la violencia en el noviazgo&#8221; coincidieron en la situaci\u00f3n de [&hellip;]\" \/>\n<meta property=\"og:url\" content=\"https:\/\/www.gesmujer.org\/sitio\/constante-violencia-por-razon-de-genero\/\" \/>\n<meta property=\"og:site_name\" content=\"GESMujer &quot;Rosario Castellanos&quot;\" \/>\n<meta property=\"article:publisher\" content=\"https:\/\/www.facebook.com\/gesmujer.rosario.castellanos.ac\" \/>\n<meta property=\"article:published_time\" content=\"2016-11-08T00:57:46+00:00\" \/>\n<meta property=\"article:modified_time\" content=\"2024-04-05T20:58:16+00:00\" \/>\n<meta property=\"og:image\" content=\"https:\/\/www.gesmujer.org\/sitio\/wp-content\/uploads\/2016\/11\/imparcial.jpg\" \/>\n\t<meta property=\"og:image:width\" content=\"900\" \/>\n\t<meta property=\"og:image:height\" content=\"500\" \/>\n\t<meta property=\"og:image:type\" content=\"image\/jpeg\" \/>\n<meta name=\"author\" content=\"cendoc\" \/>\n<meta name=\"twitter:card\" content=\"summary_large_image\" \/>\n<meta name=\"twitter:creator\" content=\"@GES_Mujer\" \/>\n<meta name=\"twitter:site\" content=\"@GES_Mujer\" \/>\n<meta name=\"twitter:label1\" content=\"Escrito por\" \/>\n\t<meta name=\"twitter:data1\" content=\"cendoc\" \/>\n\t<meta name=\"twitter:label2\" content=\"Tiempo de lectura\" \/>\n\t<meta name=\"twitter:data2\" content=\"2 minutos\" \/>\n<script type=\"application\/ld+json\" class=\"yoast-schema-graph\">{\"@context\":\"https:\\\/\\\/schema.org\",\"@graph\":[{\"@type\":\"Article\",\"@id\":\"https:\\\/\\\/www.gesmujer.org\\\/sitio\\\/constante-violencia-por-razon-de-genero\\\/#article\",\"isPartOf\":{\"@id\":\"https:\\\/\\\/www.gesmujer.org\\\/sitio\\\/constante-violencia-por-razon-de-genero\\\/\"},\"author\":{\"name\":\"cendoc\",\"@id\":\"https:\\\/\\\/www.gesmujer.org\\\/sitio\\\/#\\\/schema\\\/person\\\/50e03387f883646c2714c51783a7e288\"},\"headline\":\"Constante violencia por raz\u00f3n de g\u00e9nero\",\"datePublished\":\"2016-11-08T00:57:46+00:00\",\"dateModified\":\"2024-04-05T20:58:16+00:00\",\"mainEntityOfPage\":{\"@id\":\"https:\\\/\\\/www.gesmujer.org\\\/sitio\\\/constante-violencia-por-razon-de-genero\\\/\"},\"wordCount\":454,\"publisher\":{\"@id\":\"https:\\\/\\\/www.gesmujer.org\\\/sitio\\\/#organization\"},\"image\":{\"@id\":\"https:\\\/\\\/www.gesmujer.org\\\/sitio\\\/constante-violencia-por-razon-de-genero\\\/#primaryimage\"},\"thumbnailUrl\":\"https:\\\/\\\/www.gesmujer.org\\\/sitio\\\/wp-content\\\/uploads\\\/2016\\\/11\\\/imparcial.jpg\",\"articleSection\":[\"NOTAS\",\"NOTICIAS\"],\"inLanguage\":\"es\"},{\"@type\":\"WebPage\",\"@id\":\"https:\\\/\\\/www.gesmujer.org\\\/sitio\\\/constante-violencia-por-razon-de-genero\\\/\",\"url\":\"https:\\\/\\\/www.gesmujer.org\\\/sitio\\\/constante-violencia-por-razon-de-genero\\\/\",\"name\":\"Constante violencia por raz\u00f3n de g\u00e9nero - GESMujer &quot;Rosario Castellanos&quot;\",\"isPartOf\":{\"@id\":\"https:\\\/\\\/www.gesmujer.org\\\/sitio\\\/#website\"},\"primaryImageOfPage\":{\"@id\":\"https:\\\/\\\/www.gesmujer.org\\\/sitio\\\/constante-violencia-por-razon-de-genero\\\/#primaryimage\"},\"image\":{\"@id\":\"https:\\\/\\\/www.gesmujer.org\\\/sitio\\\/constante-violencia-por-razon-de-genero\\\/#primaryimage\"},\"thumbnailUrl\":\"https:\\\/\\\/www.gesmujer.org\\\/sitio\\\/wp-content\\\/uploads\\\/2016\\\/11\\\/imparcial.jpg\",\"datePublished\":\"2016-11-08T00:57:46+00:00\",\"dateModified\":\"2024-04-05T20:58:16+00:00\",\"breadcrumb\":{\"@id\":\"https:\\\/\\\/www.gesmujer.org\\\/sitio\\\/constante-violencia-por-razon-de-genero\\\/#breadcrumb\"},\"inLanguage\":\"es\",\"potentialAction\":[{\"@type\":\"ReadAction\",\"target\":[\"https:\\\/\\\/www.gesmujer.org\\\/sitio\\\/constante-violencia-por-razon-de-genero\\\/\"]}]},{\"@type\":\"ImageObject\",\"inLanguage\":\"es\",\"@id\":\"https:\\\/\\\/www.gesmujer.org\\\/sitio\\\/constante-violencia-por-razon-de-genero\\\/#primaryimage\",\"url\":\"https:\\\/\\\/www.gesmujer.org\\\/sitio\\\/wp-content\\\/uploads\\\/2016\\\/11\\\/imparcial.jpg\",\"contentUrl\":\"https:\\\/\\\/www.gesmujer.org\\\/sitio\\\/wp-content\\\/uploads\\\/2016\\\/11\\\/imparcial.jpg\",\"width\":900,\"height\":500},{\"@type\":\"BreadcrumbList\",\"@id\":\"https:\\\/\\\/www.gesmujer.org\\\/sitio\\\/constante-violencia-por-razon-de-genero\\\/#breadcrumb\",\"itemListElement\":[{\"@type\":\"ListItem\",\"position\":1,\"name\":\"Home\",\"item\":\"https:\\\/\\\/www.gesmujer.org\\\/sitio\\\/\"},{\"@type\":\"ListItem\",\"position\":2,\"name\":\"Constante violencia por raz\u00f3n de g\u00e9nero\"}]},{\"@type\":\"WebSite\",\"@id\":\"https:\\\/\\\/www.gesmujer.org\\\/sitio\\\/#website\",\"url\":\"https:\\\/\\\/www.gesmujer.org\\\/sitio\\\/\",\"name\":\"GESMujer \\\"Rosario Castellanos\\\"\",\"description\":\"M\u00e1s de 45 a\u00f1os ha llevado a cabo acciones para erradicar la violencia de g\u00e9nero y construir entornos donde las mujeres encuentren su resiliencia, incrementen su agencia y autonom\u00eda que les permita lograr su empoderamiento a trav\u00e9s de cinco l\u00edneas de acci\u00f3n.\",\"publisher\":{\"@id\":\"https:\\\/\\\/www.gesmujer.org\\\/sitio\\\/#organization\"},\"alternateName\":\"GESMujer\",\"potentialAction\":[{\"@type\":\"SearchAction\",\"target\":{\"@type\":\"EntryPoint\",\"urlTemplate\":\"https:\\\/\\\/www.gesmujer.org\\\/sitio\\\/?s={search_term_string}\"},\"query-input\":{\"@type\":\"PropertyValueSpecification\",\"valueRequired\":true,\"valueName\":\"search_term_string\"}}],\"inLanguage\":\"es\"},{\"@type\":\"Organization\",\"@id\":\"https:\\\/\\\/www.gesmujer.org\\\/sitio\\\/#organization\",\"name\":\"Grupo de estudios sobre la mujer Rosario Castellanos ac\",\"alternateName\":\"GESMujer\",\"url\":\"https:\\\/\\\/www.gesmujer.org\\\/sitio\\\/\",\"logo\":{\"@type\":\"ImageObject\",\"inLanguage\":\"es\",\"@id\":\"https:\\\/\\\/www.gesmujer.org\\\/sitio\\\/#\\\/schema\\\/logo\\\/image\\\/\",\"url\":\"https:\\\/\\\/www.gesmujer.org\\\/sitio\\\/wp-content\\\/uploads\\\/2026\\\/03\\\/Logo-GESMujer-300.png\",\"contentUrl\":\"https:\\\/\\\/www.gesmujer.org\\\/sitio\\\/wp-content\\\/uploads\\\/2026\\\/03\\\/Logo-GESMujer-300.png\",\"width\":300,\"height\":141,\"caption\":\"Grupo de estudios sobre la mujer Rosario Castellanos ac\"},\"image\":{\"@id\":\"https:\\\/\\\/www.gesmujer.org\\\/sitio\\\/#\\\/schema\\\/logo\\\/image\\\/\"},\"sameAs\":[\"https:\\\/\\\/www.facebook.com\\\/gesmujer.rosario.castellanos.ac\",\"https:\\\/\\\/x.com\\\/GES_Mujer\",\"https:\\\/\\\/www.instagram.com\\\/ges_mujer\\\/?hl=es\",\"https:\\\/\\\/www.youtube.com\\\/c\\\/GESMujerRosarioCastellanos\\\/videos\",\"https:\\\/\\\/soundcloud.com\\\/gesmujerac\",\"https:\\\/\\\/www.tiktok.com\\\/@gesmujer\"]},{\"@type\":\"Person\",\"@id\":\"https:\\\/\\\/www.gesmujer.org\\\/sitio\\\/#\\\/schema\\\/person\\\/50e03387f883646c2714c51783a7e288\",\"name\":\"cendoc\",\"image\":{\"@type\":\"ImageObject\",\"inLanguage\":\"es\",\"@id\":\"https:\\\/\\\/secure.gravatar.com\\\/avatar\\\/2f187338ccb33c33bc1b08e92e2247a6891db221398e12bbc0f5ff0cfc462495?s=96&d=mm&r=g\",\"url\":\"https:\\\/\\\/secure.gravatar.com\\\/avatar\\\/2f187338ccb33c33bc1b08e92e2247a6891db221398e12bbc0f5ff0cfc462495?s=96&d=mm&r=g\",\"contentUrl\":\"https:\\\/\\\/secure.gravatar.com\\\/avatar\\\/2f187338ccb33c33bc1b08e92e2247a6891db221398e12bbc0f5ff0cfc462495?s=96&d=mm&r=g\",\"caption\":\"cendoc\"},\"sameAs\":[\"http:\\\/\\\/gesmujer.org\"],\"url\":\"https:\\\/\\\/www.gesmujer.org\\\/sitio\\\/author\\\/cendoc\\\/\"}]}<\/script>\n<!-- \/ Yoast SEO plugin. -->","yoast_head_json":{"title":"Constante violencia por raz\u00f3n de g\u00e9nero - GESMujer &quot;Rosario Castellanos&quot;","robots":{"index":"index","follow":"follow","max-snippet":"max-snippet:-1","max-image-preview":"max-image-preview:large","max-video-preview":"max-video-preview:-1"},"canonical":"https:\/\/www.gesmujer.org\/sitio\/constante-violencia-por-razon-de-genero\/","og_locale":"es_MX","og_type":"article","og_title":"Constante violencia por raz\u00f3n de g\u00e9nero - GESMujer &quot;Rosario Castellanos&quot;","og_description":"Mujeres que participaron en el Diplomado &#8220;Prevenci\u00f3n de la violencia en el noviazgo&#8221; coincidieron en la situaci\u00f3n de violencia que viven las mujeres por el hecho de serlo. Por Yadira Sosa. Domingo 6 de Noviembre de 2016. Mujeres que participaron en el Diplomado &#8220;Prevenci\u00f3n de la violencia en el noviazgo&#8221; coincidieron en la situaci\u00f3n de [&hellip;]","og_url":"https:\/\/www.gesmujer.org\/sitio\/constante-violencia-por-razon-de-genero\/","og_site_name":"GESMujer &quot;Rosario Castellanos&quot;","article_publisher":"https:\/\/www.facebook.com\/gesmujer.rosario.castellanos.ac","article_published_time":"2016-11-08T00:57:46+00:00","article_modified_time":"2024-04-05T20:58:16+00:00","og_image":[{"width":900,"height":500,"url":"https:\/\/www.gesmujer.org\/sitio\/wp-content\/uploads\/2016\/11\/imparcial.jpg","type":"image\/jpeg"}],"author":"cendoc","twitter_card":"summary_large_image","twitter_creator":"@GES_Mujer","twitter_site":"@GES_Mujer","twitter_misc":{"Escrito por":"cendoc","Tiempo de lectura":"2 minutos"},"schema":{"@context":"https:\/\/schema.org","@graph":[{"@type":"Article","@id":"https:\/\/www.gesmujer.org\/sitio\/constante-violencia-por-razon-de-genero\/#article","isPartOf":{"@id":"https:\/\/www.gesmujer.org\/sitio\/constante-violencia-por-razon-de-genero\/"},"author":{"name":"cendoc","@id":"https:\/\/www.gesmujer.org\/sitio\/#\/schema\/person\/50e03387f883646c2714c51783a7e288"},"headline":"Constante violencia por raz\u00f3n de g\u00e9nero","datePublished":"2016-11-08T00:57:46+00:00","dateModified":"2024-04-05T20:58:16+00:00","mainEntityOfPage":{"@id":"https:\/\/www.gesmujer.org\/sitio\/constante-violencia-por-razon-de-genero\/"},"wordCount":454,"publisher":{"@id":"https:\/\/www.gesmujer.org\/sitio\/#organization"},"image":{"@id":"https:\/\/www.gesmujer.org\/sitio\/constante-violencia-por-razon-de-genero\/#primaryimage"},"thumbnailUrl":"https:\/\/www.gesmujer.org\/sitio\/wp-content\/uploads\/2016\/11\/imparcial.jpg","articleSection":["NOTAS","NOTICIAS"],"inLanguage":"es"},{"@type":"WebPage","@id":"https:\/\/www.gesmujer.org\/sitio\/constante-violencia-por-razon-de-genero\/","url":"https:\/\/www.gesmujer.org\/sitio\/constante-violencia-por-razon-de-genero\/","name":"Constante violencia por raz\u00f3n de g\u00e9nero - GESMujer &quot;Rosario Castellanos&quot;","isPartOf":{"@id":"https:\/\/www.gesmujer.org\/sitio\/#website"},"primaryImageOfPage":{"@id":"https:\/\/www.gesmujer.org\/sitio\/constante-violencia-por-razon-de-genero\/#primaryimage"},"image":{"@id":"https:\/\/www.gesmujer.org\/sitio\/constante-violencia-por-razon-de-genero\/#primaryimage"},"thumbnailUrl":"https:\/\/www.gesmujer.org\/sitio\/wp-content\/uploads\/2016\/11\/imparcial.jpg","datePublished":"2016-11-08T00:57:46+00:00","dateModified":"2024-04-05T20:58:16+00:00","breadcrumb":{"@id":"https:\/\/www.gesmujer.org\/sitio\/constante-violencia-por-razon-de-genero\/#breadcrumb"},"inLanguage":"es","potentialAction":[{"@type":"ReadAction","target":["https:\/\/www.gesmujer.org\/sitio\/constante-violencia-por-razon-de-genero\/"]}]},{"@type":"ImageObject","inLanguage":"es","@id":"https:\/\/www.gesmujer.org\/sitio\/constante-violencia-por-razon-de-genero\/#primaryimage","url":"https:\/\/www.gesmujer.org\/sitio\/wp-content\/uploads\/2016\/11\/imparcial.jpg","contentUrl":"https:\/\/www.gesmujer.org\/sitio\/wp-content\/uploads\/2016\/11\/imparcial.jpg","width":900,"height":500},{"@type":"BreadcrumbList","@id":"https:\/\/www.gesmujer.org\/sitio\/constante-violencia-por-razon-de-genero\/#breadcrumb","itemListElement":[{"@type":"ListItem","position":1,"name":"Home","item":"https:\/\/www.gesmujer.org\/sitio\/"},{"@type":"ListItem","position":2,"name":"Constante violencia por raz\u00f3n de g\u00e9nero"}]},{"@type":"WebSite","@id":"https:\/\/www.gesmujer.org\/sitio\/#website","url":"https:\/\/www.gesmujer.org\/sitio\/","name":"GESMujer \"Rosario Castellanos\"","description":"M\u00e1s de 45 a\u00f1os ha llevado a cabo acciones para erradicar la violencia de g\u00e9nero y construir entornos donde las mujeres encuentren su resiliencia, incrementen su agencia y autonom\u00eda que les permita lograr su empoderamiento a trav\u00e9s de cinco l\u00edneas de acci\u00f3n.","publisher":{"@id":"https:\/\/www.gesmujer.org\/sitio\/#organization"},"alternateName":"GESMujer","potentialAction":[{"@type":"SearchAction","target":{"@type":"EntryPoint","urlTemplate":"https:\/\/www.gesmujer.org\/sitio\/?s={search_term_string}"},"query-input":{"@type":"PropertyValueSpecification","valueRequired":true,"valueName":"search_term_string"}}],"inLanguage":"es"},{"@type":"Organization","@id":"https:\/\/www.gesmujer.org\/sitio\/#organization","name":"Grupo de estudios sobre la mujer Rosario Castellanos ac","alternateName":"GESMujer","url":"https:\/\/www.gesmujer.org\/sitio\/","logo":{"@type":"ImageObject","inLanguage":"es","@id":"https:\/\/www.gesmujer.org\/sitio\/#\/schema\/logo\/image\/","url":"https:\/\/www.gesmujer.org\/sitio\/wp-content\/uploads\/2026\/03\/Logo-GESMujer-300.png","contentUrl":"https:\/\/www.gesmujer.org\/sitio\/wp-content\/uploads\/2026\/03\/Logo-GESMujer-300.png","width":300,"height":141,"caption":"Grupo de estudios sobre la mujer Rosario Castellanos ac"},"image":{"@id":"https:\/\/www.gesmujer.org\/sitio\/#\/schema\/logo\/image\/"},"sameAs":["https:\/\/www.facebook.com\/gesmujer.rosario.castellanos.ac","https:\/\/x.com\/GES_Mujer","https:\/\/www.instagram.com\/ges_mujer\/?hl=es","https:\/\/www.youtube.com\/c\/GESMujerRosarioCastellanos\/videos","https:\/\/soundcloud.com\/gesmujerac","https:\/\/www.tiktok.com\/@gesmujer"]},{"@type":"Person","@id":"https:\/\/www.gesmujer.org\/sitio\/#\/schema\/person\/50e03387f883646c2714c51783a7e288","name":"cendoc","image":{"@type":"ImageObject","inLanguage":"es","@id":"https:\/\/secure.gravatar.com\/avatar\/2f187338ccb33c33bc1b08e92e2247a6891db221398e12bbc0f5ff0cfc462495?s=96&d=mm&r=g","url":"https:\/\/secure.gravatar.com\/avatar\/2f187338ccb33c33bc1b08e92e2247a6891db221398e12bbc0f5ff0cfc462495?s=96&d=mm&r=g","contentUrl":"https:\/\/secure.gravatar.com\/avatar\/2f187338ccb33c33bc1b08e92e2247a6891db221398e12bbc0f5ff0cfc462495?s=96&d=mm&r=g","caption":"cendoc"},"sameAs":["http:\/\/gesmujer.org"],"url":"https:\/\/www.gesmujer.org\/sitio\/author\/cendoc\/"}]}},"_links":{"self":[{"href":"https:\/\/www.gesmujer.org\/sitio\/wp-json\/wp\/v2\/posts\/2097","targetHints":{"allow":["GET"]}}],"collection":[{"href":"https:\/\/www.gesmujer.org\/sitio\/wp-json\/wp\/v2\/posts"}],"about":[{"href":"https:\/\/www.gesmujer.org\/sitio\/wp-json\/wp\/v2\/types\/post"}],"author":[{"embeddable":true,"href":"https:\/\/www.gesmujer.org\/sitio\/wp-json\/wp\/v2\/users\/4"}],"replies":[{"embeddable":true,"href":"https:\/\/www.gesmujer.org\/sitio\/wp-json\/wp\/v2\/comments?post=2097"}],"version-history":[{"count":4,"href":"https:\/\/www.gesmujer.org\/sitio\/wp-json\/wp\/v2\/posts\/2097\/revisions"}],"predecessor-version":[{"id":58455,"href":"https:\/\/www.gesmujer.org\/sitio\/wp-json\/wp\/v2\/posts\/2097\/revisions\/58455"}],"wp:featuredmedia":[{"embeddable":true,"href":"https:\/\/www.gesmujer.org\/sitio\/wp-json\/wp\/v2\/media\/2098"}],"wp:attachment":[{"href":"https:\/\/www.gesmujer.org\/sitio\/wp-json\/wp\/v2\/media?parent=2097"}],"wp:term":[{"taxonomy":"category","embeddable":true,"href":"https:\/\/www.gesmujer.org\/sitio\/wp-json\/wp\/v2\/categories?post=2097"},{"taxonomy":"post_tag","embeddable":true,"href":"https:\/\/www.gesmujer.org\/sitio\/wp-json\/wp\/v2\/tags?post=2097"}],"curies":[{"name":"wp","href":"https:\/\/api.w.org\/{rel}","templated":true}]}}