{"id":22921,"date":"2021-08-25T12:25:34","date_gmt":"2021-08-25T18:25:34","guid":{"rendered":"https:\/\/www.gesmujer.org\/sitio\/?p=22921"},"modified":"2021-08-25T12:25:36","modified_gmt":"2021-08-25T18:25:36","slug":"mujeres-indigenas-preservadoras-de-la-tradicion-y-de-la-vida-gesmujer","status":"publish","type":"post","link":"https:\/\/www.gesmujer.org\/sitio\/mujeres-indigenas-preservadoras-de-la-tradicion-y-de-la-vida-gesmujer\/","title":{"rendered":"Mujeres ind\u00edgenas, preservadoras de la tradici\u00f3n y de la vida, GESMujer."},"content":{"rendered":"\n<ul class=\"wp-block-list\"><li><strong><em>Uno de los mayores obst\u00e1culos que enfrentan las mujeres ind\u00edgenas, es la falta de seguridad en materia de propiedad o tenencia de la tierra.<\/em><\/strong><\/li><\/ul>\n\n\n\n<p>Para cerrar el ciclo de videocharlas del mes de agosto, dedicadas al empoderamiento econ\u00f3mico de las mujeres, el Grupo de Estudios sobre la mujer Rosario Castellanos, realizar\u00e1 la charla virtual \u201cIntercambio de semillas, siembras de autonom\u00eda\u201d, a cargo de Fanny Reyes Ortiz, representante de la Red de Mujeres Rurales del Territorio ind\u00edgena de T\u00e9rraba, en Costa Rica.<\/p>\n\n\n\n<p>Este encuentro internacional que hace el GESMujer con Costa Rica, tiene el prop\u00f3sito de visibilizar las similitudes que comparten las mujeres ind\u00edgenas mexicanas y costarricenses, en la b\u00fasqueda de su soberan\u00eda econ\u00f3mica y alimentaria, propiciando adem\u00e1s, un di\u00e1logo en el que se compartan estrategias de acci\u00f3n&nbsp; para la&nbsp; defensa de la tierra, en sus lugares de origen.<\/p>\n\n\n\n<p>\u201cEstar en la Red de Mujeres Rurales, nos ha permitido juntarnos, hacer conciencia y defensa de manera colectiva de derechos, como el acceso a la tierra, derecho a la soberan\u00eda alimentaria, entre otros;&nbsp;en nuestras reuniones y foros, las compa\u00f1eras de cada regi\u00f3n llevamos, para compartir e intercambiar, semillas criollas que se est\u00e1n reproduciendo en nuestros patios, este momento es muy especial porque ha permitido que en los terrenos de cada compa\u00f1era aumente la diversidad de cultivos, lo cual significa mejorar la dieta, fomentar la soberan\u00eda alimentaria, recuperar y defender la autonom\u00eda y el amor por nuestra tierra y semilla, adem\u00e1s, este espacio organizativo nos ha permitido compartir conocimientos de los pueblos, en defensa de nuestra identidad, as\u00ed como la defensa del acceso a la tierra para las mujeres, un derecho que ha sido negado por los hombres de la familia y por las instituciones del gobierno\u201d,&nbsp;comparte acerca de esta red de mujeres, la activista ind\u00edgena Br\u00f6ran, Fanny Reyes.<\/p>\n\n\n\n<p>El GESMujer considera necesario reconocer las pr\u00e1cticas culturales de los pueblos originarios y el aporte de las mujeres en la transmisi\u00f3n cultural y su participaci\u00f3n en la econom\u00eda local, por ello es fundamental&nbsp; hacer valer su derecho al acceso de la tierra,&nbsp; pues, uno de los mayores obst\u00e1culos que enfrentan las mujeres rurales, &nbsp;es la falta de seguridad en materia de propiedad o tenencia de latierra, lo cual les impide acceder a apoyos p\u00fablicos y a la toma de decisiones sobre su patrimonio.<\/p>\n\n\n\n<h2 class=\"wp-block-heading\">Esta charla se transmitir\u00e1 a trav\u00e9s de la p\u00e1gina de facebook del GESMujer, el pr\u00f3ximo mi\u00e9rcoles 25 de agosto, en punto de las 5:00 de la tarde.<\/h2>\n\n\n\n<p>Enlace:&nbsp;<a href=\"https:\/\/www.facebook.com\/gesmujer.rosario.castellanos.ac\">https:\/\/www.facebook<\/a><a href=\"https:\/\/www.facebook.com\/gesmujer.rosario.castellanos.ac\">.com\/gesmujer.rosario.castellanos.ac<\/a><\/p>\n","protected":false},"excerpt":{"rendered":"<p>Uno de los mayores obst\u00e1culos que enfrentan las mujeres ind\u00edgenas, es la falta de seguridad en materia de propiedad o tenencia de la tierra. Para cerrar el ciclo de videocharlas del mes de agosto, dedicadas al empoderamiento econ\u00f3mico de las mujeres, el Grupo de Estudios sobre la mujer Rosario Castellanos, realizar\u00e1 la charla virtual \u201cIntercambio [&hellip;]<\/p>\n","protected":false},"author":4,"featured_media":22922,"comment_status":"closed","ping_status":"open","sticky":false,"template":"","format":"standard","meta":{"give_campaign_id":0,"footnotes":""},"categories":[36,3],"tags":[43,63,58,42,77,80],"class_list":["post-22921","post","type-post","status-publish","format-standard","has-post-thumbnail","hentry","category-comunicados","category-portada","tag-derechos","tag-equidad-de-genero","tag-gesmujer","tag-mujeres","tag-mujeres-indigenas","tag-oaxaca"],"yoast_head":"<!-- This site is optimized with the Yoast SEO plugin v27.4 - https:\/\/yoast.com\/product\/yoast-seo-wordpress\/ -->\n<title>Mujeres ind\u00edgenas, preservadoras de la tradici\u00f3n y de la vida, GESMujer. - GESMujer &quot;Rosario Castellanos&quot;<\/title>\n<meta name=\"robots\" content=\"index, follow, max-snippet:-1, max-image-preview:large, max-video-preview:-1\" \/>\n<link rel=\"canonical\" href=\"https:\/\/www.gesmujer.org\/sitio\/mujeres-indigenas-preservadoras-de-la-tradicion-y-de-la-vida-gesmujer\/\" \/>\n<meta property=\"og:locale\" content=\"es_MX\" \/>\n<meta property=\"og:type\" content=\"article\" \/>\n<meta property=\"og:title\" content=\"Mujeres ind\u00edgenas, preservadoras de la tradici\u00f3n y de la vida, GESMujer.\" \/>\n<meta property=\"og:description\" content=\"Este encuentro internacional que hace el GESMujer con Costa Rica, tiene el prop\u00f3sito de visibilizar las similitudes que comparten las mujeres ind\u00edgenas mexicanas y costarricenses, en la b\u00fasqueda de su soberan\u00eda econ\u00f3mica y alimentaria, propiciando adem\u00e1s, un di\u00e1logo en el que se compartan estrategias de acci\u00f3n\u00a0 para la\u00a0 defensa de la tierra, en sus lugares de origen.\" \/>\n<meta property=\"og:url\" content=\"https:\/\/www.gesmujer.org\/sitio\/mujeres-indigenas-preservadoras-de-la-tradicion-y-de-la-vida-gesmujer\/\" \/>\n<meta property=\"og:site_name\" content=\"GESMujer &quot;Rosario Castellanos&quot;\" \/>\n<meta property=\"article:publisher\" content=\"https:\/\/www.facebook.com\/gesmujer.rosario.castellanos.ac\" \/>\n<meta property=\"article:published_time\" content=\"2021-08-25T18:25:34+00:00\" \/>\n<meta property=\"article:modified_time\" content=\"2021-08-25T18:25:36+00:00\" \/>\n<meta property=\"og:image\" content=\"https:\/\/www.gesmujer.org\/sitio\/wp-content\/uploads\/2021\/08\/Charla.-25-de-agosto.png\" \/>\n\t<meta property=\"og:image:width\" content=\"1049\" \/>\n\t<meta property=\"og:image:height\" content=\"649\" \/>\n\t<meta property=\"og:image:type\" content=\"image\/png\" \/>\n<meta name=\"author\" content=\"cendoc\" \/>\n<meta name=\"twitter:card\" content=\"summary_large_image\" \/>\n<meta name=\"twitter:title\" content=\"Mujeres ind\u00edgenas, preservadoras de la tradici\u00f3n y de la vida, GESMujer.\" \/>\n<meta name=\"twitter:description\" content=\"Este encuentro internacional que hace el GESMujer con Costa Rica, tiene el prop\u00f3sito de visibilizar las similitudes que comparten las mujeres ind\u00edgenas mexicanas y costarricenses, en la b\u00fasqueda de su soberan\u00eda econ\u00f3mica y alimentaria, propiciando adem\u00e1s, un di\u00e1logo en el que se compartan estrategias de acci\u00f3n\u00a0 para la\u00a0 defensa de la tierra, en sus lugares de origen.\" \/>\n<meta name=\"twitter:image\" content=\"https:\/\/www.gesmujer.org\/sitio\/wp-content\/uploads\/2021\/08\/Charla.-25-de-agosto.png\" \/>\n<meta name=\"twitter:creator\" content=\"@GES_Mujer\" \/>\n<meta name=\"twitter:site\" content=\"@GES_Mujer\" \/>\n<meta name=\"twitter:label1\" content=\"Escrito por\" \/>\n\t<meta name=\"twitter:data1\" content=\"cendoc\" \/>\n\t<meta name=\"twitter:label2\" content=\"Tiempo de lectura\" \/>\n\t<meta name=\"twitter:data2\" content=\"2 minutos\" \/>\n<script type=\"application\/ld+json\" class=\"yoast-schema-graph\">{\"@context\":\"https:\\\/\\\/schema.org\",\"@graph\":[{\"@type\":\"Article\",\"@id\":\"https:\\\/\\\/www.gesmujer.org\\\/sitio\\\/mujeres-indigenas-preservadoras-de-la-tradicion-y-de-la-vida-gesmujer\\\/#article\",\"isPartOf\":{\"@id\":\"https:\\\/\\\/www.gesmujer.org\\\/sitio\\\/mujeres-indigenas-preservadoras-de-la-tradicion-y-de-la-vida-gesmujer\\\/\"},\"author\":{\"name\":\"cendoc\",\"@id\":\"https:\\\/\\\/www.gesmujer.org\\\/sitio\\\/#\\\/schema\\\/person\\\/50e03387f883646c2714c51783a7e288\"},\"headline\":\"Mujeres ind\u00edgenas, preservadoras de la tradici\u00f3n y de la vida, GESMujer.\",\"datePublished\":\"2021-08-25T18:25:34+00:00\",\"dateModified\":\"2021-08-25T18:25:36+00:00\",\"mainEntityOfPage\":{\"@id\":\"https:\\\/\\\/www.gesmujer.org\\\/sitio\\\/mujeres-indigenas-preservadoras-de-la-tradicion-y-de-la-vida-gesmujer\\\/\"},\"wordCount\":470,\"publisher\":{\"@id\":\"https:\\\/\\\/www.gesmujer.org\\\/sitio\\\/#organization\"},\"image\":{\"@id\":\"https:\\\/\\\/www.gesmujer.org\\\/sitio\\\/mujeres-indigenas-preservadoras-de-la-tradicion-y-de-la-vida-gesmujer\\\/#primaryimage\"},\"thumbnailUrl\":\"https:\\\/\\\/www.gesmujer.org\\\/sitio\\\/wp-content\\\/uploads\\\/2021\\\/08\\\/Charla.-25-de-agosto.png\",\"keywords\":[\"derechos\",\"Equidad de g\u00e9nero\",\"GESMujer\",\"mujeres\",\"Mujeres Ind\u00edgenas\",\"Oaxaca\"],\"articleSection\":[\"COMUNICADOS\",\"portada\"],\"inLanguage\":\"es\"},{\"@type\":\"WebPage\",\"@id\":\"https:\\\/\\\/www.gesmujer.org\\\/sitio\\\/mujeres-indigenas-preservadoras-de-la-tradicion-y-de-la-vida-gesmujer\\\/\",\"url\":\"https:\\\/\\\/www.gesmujer.org\\\/sitio\\\/mujeres-indigenas-preservadoras-de-la-tradicion-y-de-la-vida-gesmujer\\\/\",\"name\":\"Mujeres ind\u00edgenas, preservadoras de la tradici\u00f3n y de la vida, GESMujer. - GESMujer &quot;Rosario Castellanos&quot;\",\"isPartOf\":{\"@id\":\"https:\\\/\\\/www.gesmujer.org\\\/sitio\\\/#website\"},\"primaryImageOfPage\":{\"@id\":\"https:\\\/\\\/www.gesmujer.org\\\/sitio\\\/mujeres-indigenas-preservadoras-de-la-tradicion-y-de-la-vida-gesmujer\\\/#primaryimage\"},\"image\":{\"@id\":\"https:\\\/\\\/www.gesmujer.org\\\/sitio\\\/mujeres-indigenas-preservadoras-de-la-tradicion-y-de-la-vida-gesmujer\\\/#primaryimage\"},\"thumbnailUrl\":\"https:\\\/\\\/www.gesmujer.org\\\/sitio\\\/wp-content\\\/uploads\\\/2021\\\/08\\\/Charla.-25-de-agosto.png\",\"datePublished\":\"2021-08-25T18:25:34+00:00\",\"dateModified\":\"2021-08-25T18:25:36+00:00\",\"breadcrumb\":{\"@id\":\"https:\\\/\\\/www.gesmujer.org\\\/sitio\\\/mujeres-indigenas-preservadoras-de-la-tradicion-y-de-la-vida-gesmujer\\\/#breadcrumb\"},\"inLanguage\":\"es\",\"potentialAction\":[{\"@type\":\"ReadAction\",\"target\":[\"https:\\\/\\\/www.gesmujer.org\\\/sitio\\\/mujeres-indigenas-preservadoras-de-la-tradicion-y-de-la-vida-gesmujer\\\/\"]}]},{\"@type\":\"ImageObject\",\"inLanguage\":\"es\",\"@id\":\"https:\\\/\\\/www.gesmujer.org\\\/sitio\\\/mujeres-indigenas-preservadoras-de-la-tradicion-y-de-la-vida-gesmujer\\\/#primaryimage\",\"url\":\"https:\\\/\\\/www.gesmujer.org\\\/sitio\\\/wp-content\\\/uploads\\\/2021\\\/08\\\/Charla.-25-de-agosto.png\",\"contentUrl\":\"https:\\\/\\\/www.gesmujer.org\\\/sitio\\\/wp-content\\\/uploads\\\/2021\\\/08\\\/Charla.-25-de-agosto.png\",\"width\":1049,\"height\":649},{\"@type\":\"BreadcrumbList\",\"@id\":\"https:\\\/\\\/www.gesmujer.org\\\/sitio\\\/mujeres-indigenas-preservadoras-de-la-tradicion-y-de-la-vida-gesmujer\\\/#breadcrumb\",\"itemListElement\":[{\"@type\":\"ListItem\",\"position\":1,\"name\":\"Home\",\"item\":\"https:\\\/\\\/www.gesmujer.org\\\/sitio\\\/\"},{\"@type\":\"ListItem\",\"position\":2,\"name\":\"Mujeres ind\u00edgenas, preservadoras de la tradici\u00f3n y de la vida, GESMujer.\"}]},{\"@type\":\"WebSite\",\"@id\":\"https:\\\/\\\/www.gesmujer.org\\\/sitio\\\/#website\",\"url\":\"https:\\\/\\\/www.gesmujer.org\\\/sitio\\\/\",\"name\":\"GESMujer \\\"Rosario Castellanos\\\"\",\"description\":\"M\u00e1s de 45 a\u00f1os ha llevado a cabo acciones para erradicar la violencia de g\u00e9nero y construir entornos donde las mujeres encuentren su resiliencia, incrementen su agencia y autonom\u00eda que les permita lograr su empoderamiento a trav\u00e9s de cinco l\u00edneas de acci\u00f3n.\",\"publisher\":{\"@id\":\"https:\\\/\\\/www.gesmujer.org\\\/sitio\\\/#organization\"},\"alternateName\":\"GESMujer\",\"potentialAction\":[{\"@type\":\"SearchAction\",\"target\":{\"@type\":\"EntryPoint\",\"urlTemplate\":\"https:\\\/\\\/www.gesmujer.org\\\/sitio\\\/?s={search_term_string}\"},\"query-input\":{\"@type\":\"PropertyValueSpecification\",\"valueRequired\":true,\"valueName\":\"search_term_string\"}}],\"inLanguage\":\"es\"},{\"@type\":\"Organization\",\"@id\":\"https:\\\/\\\/www.gesmujer.org\\\/sitio\\\/#organization\",\"name\":\"Grupo de estudios sobre la mujer Rosario Castellanos ac\",\"alternateName\":\"GESMujer\",\"url\":\"https:\\\/\\\/www.gesmujer.org\\\/sitio\\\/\",\"logo\":{\"@type\":\"ImageObject\",\"inLanguage\":\"es\",\"@id\":\"https:\\\/\\\/www.gesmujer.org\\\/sitio\\\/#\\\/schema\\\/logo\\\/image\\\/\",\"url\":\"https:\\\/\\\/www.gesmujer.org\\\/sitio\\\/wp-content\\\/uploads\\\/2026\\\/03\\\/Logo-GESMujer-300.png\",\"contentUrl\":\"https:\\\/\\\/www.gesmujer.org\\\/sitio\\\/wp-content\\\/uploads\\\/2026\\\/03\\\/Logo-GESMujer-300.png\",\"width\":300,\"height\":141,\"caption\":\"Grupo de estudios sobre la mujer Rosario Castellanos ac\"},\"image\":{\"@id\":\"https:\\\/\\\/www.gesmujer.org\\\/sitio\\\/#\\\/schema\\\/logo\\\/image\\\/\"},\"sameAs\":[\"https:\\\/\\\/www.facebook.com\\\/gesmujer.rosario.castellanos.ac\",\"https:\\\/\\\/x.com\\\/GES_Mujer\",\"https:\\\/\\\/www.instagram.com\\\/ges_mujer\\\/?hl=es\",\"https:\\\/\\\/www.youtube.com\\\/c\\\/GESMujerRosarioCastellanos\\\/videos\",\"https:\\\/\\\/soundcloud.com\\\/gesmujerac\",\"https:\\\/\\\/www.tiktok.com\\\/@gesmujer\"]},{\"@type\":\"Person\",\"@id\":\"https:\\\/\\\/www.gesmujer.org\\\/sitio\\\/#\\\/schema\\\/person\\\/50e03387f883646c2714c51783a7e288\",\"name\":\"cendoc\",\"image\":{\"@type\":\"ImageObject\",\"inLanguage\":\"es\",\"@id\":\"https:\\\/\\\/secure.gravatar.com\\\/avatar\\\/2f187338ccb33c33bc1b08e92e2247a6891db221398e12bbc0f5ff0cfc462495?s=96&d=mm&r=g\",\"url\":\"https:\\\/\\\/secure.gravatar.com\\\/avatar\\\/2f187338ccb33c33bc1b08e92e2247a6891db221398e12bbc0f5ff0cfc462495?s=96&d=mm&r=g\",\"contentUrl\":\"https:\\\/\\\/secure.gravatar.com\\\/avatar\\\/2f187338ccb33c33bc1b08e92e2247a6891db221398e12bbc0f5ff0cfc462495?s=96&d=mm&r=g\",\"caption\":\"cendoc\"},\"sameAs\":[\"http:\\\/\\\/gesmujer.org\"],\"url\":\"https:\\\/\\\/www.gesmujer.org\\\/sitio\\\/author\\\/cendoc\\\/\"}]}<\/script>\n<!-- \/ Yoast SEO plugin. -->","yoast_head_json":{"title":"Mujeres ind\u00edgenas, preservadoras de la tradici\u00f3n y de la vida, GESMujer. - GESMujer &quot;Rosario Castellanos&quot;","robots":{"index":"index","follow":"follow","max-snippet":"max-snippet:-1","max-image-preview":"max-image-preview:large","max-video-preview":"max-video-preview:-1"},"canonical":"https:\/\/www.gesmujer.org\/sitio\/mujeres-indigenas-preservadoras-de-la-tradicion-y-de-la-vida-gesmujer\/","og_locale":"es_MX","og_type":"article","og_title":"Mujeres ind\u00edgenas, preservadoras de la tradici\u00f3n y de la vida, GESMujer.","og_description":"Este encuentro internacional que hace el GESMujer con Costa Rica, tiene el prop\u00f3sito de visibilizar las similitudes que comparten las mujeres ind\u00edgenas mexicanas y costarricenses, en la b\u00fasqueda de su soberan\u00eda econ\u00f3mica y alimentaria, propiciando adem\u00e1s, un di\u00e1logo en el que se compartan estrategias de acci\u00f3n\u00a0 para la\u00a0 defensa de la tierra, en sus lugares de origen.","og_url":"https:\/\/www.gesmujer.org\/sitio\/mujeres-indigenas-preservadoras-de-la-tradicion-y-de-la-vida-gesmujer\/","og_site_name":"GESMujer &quot;Rosario Castellanos&quot;","article_publisher":"https:\/\/www.facebook.com\/gesmujer.rosario.castellanos.ac","article_published_time":"2021-08-25T18:25:34+00:00","article_modified_time":"2021-08-25T18:25:36+00:00","og_image":[{"width":1049,"height":649,"url":"https:\/\/www.gesmujer.org\/sitio\/wp-content\/uploads\/2021\/08\/Charla.-25-de-agosto.png","type":"image\/png"}],"author":"cendoc","twitter_card":"summary_large_image","twitter_title":"Mujeres ind\u00edgenas, preservadoras de la tradici\u00f3n y de la vida, GESMujer.","twitter_description":"Este encuentro internacional que hace el GESMujer con Costa Rica, tiene el prop\u00f3sito de visibilizar las similitudes que comparten las mujeres ind\u00edgenas mexicanas y costarricenses, en la b\u00fasqueda de su soberan\u00eda econ\u00f3mica y alimentaria, propiciando adem\u00e1s, un di\u00e1logo en el que se compartan estrategias de acci\u00f3n\u00a0 para la\u00a0 defensa de la tierra, en sus lugares de origen.","twitter_image":"https:\/\/www.gesmujer.org\/sitio\/wp-content\/uploads\/2021\/08\/Charla.-25-de-agosto.png","twitter_creator":"@GES_Mujer","twitter_site":"@GES_Mujer","twitter_misc":{"Escrito por":"cendoc","Tiempo de lectura":"2 minutos"},"schema":{"@context":"https:\/\/schema.org","@graph":[{"@type":"Article","@id":"https:\/\/www.gesmujer.org\/sitio\/mujeres-indigenas-preservadoras-de-la-tradicion-y-de-la-vida-gesmujer\/#article","isPartOf":{"@id":"https:\/\/www.gesmujer.org\/sitio\/mujeres-indigenas-preservadoras-de-la-tradicion-y-de-la-vida-gesmujer\/"},"author":{"name":"cendoc","@id":"https:\/\/www.gesmujer.org\/sitio\/#\/schema\/person\/50e03387f883646c2714c51783a7e288"},"headline":"Mujeres ind\u00edgenas, preservadoras de la tradici\u00f3n y de la vida, GESMujer.","datePublished":"2021-08-25T18:25:34+00:00","dateModified":"2021-08-25T18:25:36+00:00","mainEntityOfPage":{"@id":"https:\/\/www.gesmujer.org\/sitio\/mujeres-indigenas-preservadoras-de-la-tradicion-y-de-la-vida-gesmujer\/"},"wordCount":470,"publisher":{"@id":"https:\/\/www.gesmujer.org\/sitio\/#organization"},"image":{"@id":"https:\/\/www.gesmujer.org\/sitio\/mujeres-indigenas-preservadoras-de-la-tradicion-y-de-la-vida-gesmujer\/#primaryimage"},"thumbnailUrl":"https:\/\/www.gesmujer.org\/sitio\/wp-content\/uploads\/2021\/08\/Charla.-25-de-agosto.png","keywords":["derechos","Equidad de g\u00e9nero","GESMujer","mujeres","Mujeres Ind\u00edgenas","Oaxaca"],"articleSection":["COMUNICADOS","portada"],"inLanguage":"es"},{"@type":"WebPage","@id":"https:\/\/www.gesmujer.org\/sitio\/mujeres-indigenas-preservadoras-de-la-tradicion-y-de-la-vida-gesmujer\/","url":"https:\/\/www.gesmujer.org\/sitio\/mujeres-indigenas-preservadoras-de-la-tradicion-y-de-la-vida-gesmujer\/","name":"Mujeres ind\u00edgenas, preservadoras de la tradici\u00f3n y de la vida, GESMujer. - GESMujer &quot;Rosario Castellanos&quot;","isPartOf":{"@id":"https:\/\/www.gesmujer.org\/sitio\/#website"},"primaryImageOfPage":{"@id":"https:\/\/www.gesmujer.org\/sitio\/mujeres-indigenas-preservadoras-de-la-tradicion-y-de-la-vida-gesmujer\/#primaryimage"},"image":{"@id":"https:\/\/www.gesmujer.org\/sitio\/mujeres-indigenas-preservadoras-de-la-tradicion-y-de-la-vida-gesmujer\/#primaryimage"},"thumbnailUrl":"https:\/\/www.gesmujer.org\/sitio\/wp-content\/uploads\/2021\/08\/Charla.-25-de-agosto.png","datePublished":"2021-08-25T18:25:34+00:00","dateModified":"2021-08-25T18:25:36+00:00","breadcrumb":{"@id":"https:\/\/www.gesmujer.org\/sitio\/mujeres-indigenas-preservadoras-de-la-tradicion-y-de-la-vida-gesmujer\/#breadcrumb"},"inLanguage":"es","potentialAction":[{"@type":"ReadAction","target":["https:\/\/www.gesmujer.org\/sitio\/mujeres-indigenas-preservadoras-de-la-tradicion-y-de-la-vida-gesmujer\/"]}]},{"@type":"ImageObject","inLanguage":"es","@id":"https:\/\/www.gesmujer.org\/sitio\/mujeres-indigenas-preservadoras-de-la-tradicion-y-de-la-vida-gesmujer\/#primaryimage","url":"https:\/\/www.gesmujer.org\/sitio\/wp-content\/uploads\/2021\/08\/Charla.-25-de-agosto.png","contentUrl":"https:\/\/www.gesmujer.org\/sitio\/wp-content\/uploads\/2021\/08\/Charla.-25-de-agosto.png","width":1049,"height":649},{"@type":"BreadcrumbList","@id":"https:\/\/www.gesmujer.org\/sitio\/mujeres-indigenas-preservadoras-de-la-tradicion-y-de-la-vida-gesmujer\/#breadcrumb","itemListElement":[{"@type":"ListItem","position":1,"name":"Home","item":"https:\/\/www.gesmujer.org\/sitio\/"},{"@type":"ListItem","position":2,"name":"Mujeres ind\u00edgenas, preservadoras de la tradici\u00f3n y de la vida, GESMujer."}]},{"@type":"WebSite","@id":"https:\/\/www.gesmujer.org\/sitio\/#website","url":"https:\/\/www.gesmujer.org\/sitio\/","name":"GESMujer \"Rosario Castellanos\"","description":"M\u00e1s de 45 a\u00f1os ha llevado a cabo acciones para erradicar la violencia de g\u00e9nero y construir entornos donde las mujeres encuentren su resiliencia, incrementen su agencia y autonom\u00eda que les permita lograr su empoderamiento a trav\u00e9s de cinco l\u00edneas de acci\u00f3n.","publisher":{"@id":"https:\/\/www.gesmujer.org\/sitio\/#organization"},"alternateName":"GESMujer","potentialAction":[{"@type":"SearchAction","target":{"@type":"EntryPoint","urlTemplate":"https:\/\/www.gesmujer.org\/sitio\/?s={search_term_string}"},"query-input":{"@type":"PropertyValueSpecification","valueRequired":true,"valueName":"search_term_string"}}],"inLanguage":"es"},{"@type":"Organization","@id":"https:\/\/www.gesmujer.org\/sitio\/#organization","name":"Grupo de estudios sobre la mujer Rosario Castellanos ac","alternateName":"GESMujer","url":"https:\/\/www.gesmujer.org\/sitio\/","logo":{"@type":"ImageObject","inLanguage":"es","@id":"https:\/\/www.gesmujer.org\/sitio\/#\/schema\/logo\/image\/","url":"https:\/\/www.gesmujer.org\/sitio\/wp-content\/uploads\/2026\/03\/Logo-GESMujer-300.png","contentUrl":"https:\/\/www.gesmujer.org\/sitio\/wp-content\/uploads\/2026\/03\/Logo-GESMujer-300.png","width":300,"height":141,"caption":"Grupo de estudios sobre la mujer Rosario Castellanos ac"},"image":{"@id":"https:\/\/www.gesmujer.org\/sitio\/#\/schema\/logo\/image\/"},"sameAs":["https:\/\/www.facebook.com\/gesmujer.rosario.castellanos.ac","https:\/\/x.com\/GES_Mujer","https:\/\/www.instagram.com\/ges_mujer\/?hl=es","https:\/\/www.youtube.com\/c\/GESMujerRosarioCastellanos\/videos","https:\/\/soundcloud.com\/gesmujerac","https:\/\/www.tiktok.com\/@gesmujer"]},{"@type":"Person","@id":"https:\/\/www.gesmujer.org\/sitio\/#\/schema\/person\/50e03387f883646c2714c51783a7e288","name":"cendoc","image":{"@type":"ImageObject","inLanguage":"es","@id":"https:\/\/secure.gravatar.com\/avatar\/2f187338ccb33c33bc1b08e92e2247a6891db221398e12bbc0f5ff0cfc462495?s=96&d=mm&r=g","url":"https:\/\/secure.gravatar.com\/avatar\/2f187338ccb33c33bc1b08e92e2247a6891db221398e12bbc0f5ff0cfc462495?s=96&d=mm&r=g","contentUrl":"https:\/\/secure.gravatar.com\/avatar\/2f187338ccb33c33bc1b08e92e2247a6891db221398e12bbc0f5ff0cfc462495?s=96&d=mm&r=g","caption":"cendoc"},"sameAs":["http:\/\/gesmujer.org"],"url":"https:\/\/www.gesmujer.org\/sitio\/author\/cendoc\/"}]}},"_links":{"self":[{"href":"https:\/\/www.gesmujer.org\/sitio\/wp-json\/wp\/v2\/posts\/22921","targetHints":{"allow":["GET"]}}],"collection":[{"href":"https:\/\/www.gesmujer.org\/sitio\/wp-json\/wp\/v2\/posts"}],"about":[{"href":"https:\/\/www.gesmujer.org\/sitio\/wp-json\/wp\/v2\/types\/post"}],"author":[{"embeddable":true,"href":"https:\/\/www.gesmujer.org\/sitio\/wp-json\/wp\/v2\/users\/4"}],"replies":[{"embeddable":true,"href":"https:\/\/www.gesmujer.org\/sitio\/wp-json\/wp\/v2\/comments?post=22921"}],"version-history":[{"count":1,"href":"https:\/\/www.gesmujer.org\/sitio\/wp-json\/wp\/v2\/posts\/22921\/revisions"}],"predecessor-version":[{"id":22923,"href":"https:\/\/www.gesmujer.org\/sitio\/wp-json\/wp\/v2\/posts\/22921\/revisions\/22923"}],"wp:featuredmedia":[{"embeddable":true,"href":"https:\/\/www.gesmujer.org\/sitio\/wp-json\/wp\/v2\/media\/22922"}],"wp:attachment":[{"href":"https:\/\/www.gesmujer.org\/sitio\/wp-json\/wp\/v2\/media?parent=22921"}],"wp:term":[{"taxonomy":"category","embeddable":true,"href":"https:\/\/www.gesmujer.org\/sitio\/wp-json\/wp\/v2\/categories?post=22921"},{"taxonomy":"post_tag","embeddable":true,"href":"https:\/\/www.gesmujer.org\/sitio\/wp-json\/wp\/v2\/tags?post=22921"}],"curies":[{"name":"wp","href":"https:\/\/api.w.org\/{rel}","templated":true}]}}