{"id":22938,"date":"2021-08-27T09:57:29","date_gmt":"2021-08-27T15:57:29","guid":{"rendered":"https:\/\/www.gesmujer.org\/sitio\/?p=22938"},"modified":"2021-08-31T22:04:07","modified_gmt":"2021-09-01T04:04:07","slug":"la-suma-de-todas-las-violencias-van-4-feminicidios-de-mujeres-de-la-tercera-edad-en-oaxaca-este-2021","status":"publish","type":"post","link":"https:\/\/www.gesmujer.org\/sitio\/la-suma-de-todas-las-violencias-van-4-feminicidios-de-mujeres-de-la-tercera-edad-en-oaxaca-este-2021\/","title":{"rendered":"La suma de todas las violencias: Van 4 feminicidios de mujeres de la tercera edad en Oaxaca este 2021"},"content":{"rendered":"\n<p><strong>El asesinato de Angelina, de 94 a\u00f1os, es parte de los 61 cr\u00edmenes violentos que se han cometido contra mujeres en Oaxaca durante 2021, de acuerdo con datos proporcionados a EL UNIVERSAL por la FGEO<\/strong><\/p>\n\n\n\n<p>Mientras se encontraba en su casa,&nbsp; en el barrio Huate, en Huautla de Jim\u00e9nez,&nbsp; Angelina Rosal\u00eda Carrera&nbsp; fue asesinada por dos hombres. Era el 6 de agosto. Tres d\u00edas despu\u00e9s, Benito y Guillermo&nbsp; P.C., dos de sus vecinos, fueron detenidos por el delito de&nbsp;&nbsp;<strong>feminicidio<\/strong>.&nbsp;<\/p>\n\n\n\n<p>El asesinato de Angelina, de 94 a\u00f1os, es parte de los&nbsp; 61 cr\u00edmenes violentos que se han cometido contra mujeres en Oaxaca durante 2021, de acuerdo con datos proporcionados a<a href=\"https:\/\/oaxaca.eluniversal.com.mx\/\" rel=\"noreferrer noopener\" target=\"_blank\">&nbsp;EL UNIVERSAL<\/a>&nbsp;por la Fiscal\u00eda General del Estado de Oaxaca (FGEO).<\/p>\n\n\n\n<p>Del&nbsp; total, 34 fueron tipificados como&nbsp;<strong>homicidio<\/strong>, mientras que &nbsp; 27 se indagan como feminicidio; entre los \u00faltimos se encuentra el&nbsp; de Angelina, cuyo cuerpo, con evidentes signos de violencia,&nbsp; fue encontrado por su hijo, seg\u00fan organizaciones sociales dedicadas a la defensa de los derechos de las mujeres.<\/p>\n\n\n\n<p>Mientras que el hijo de \u00c1ngelina declar\u00f3 que su vivienda tambi\u00e9n&nbsp; fue&nbsp; robada,&nbsp; las autoridades encontraron&nbsp; elementos suficientes para considerarlo un asesinato por razones de g\u00e9nero.&nbsp;<\/p>\n\n\n\n<p>De acuerdo con el&nbsp; Grupo de Estudios sobre la Mujer Rosario Castellanos (GES Mujer) en este 2021, en Oaxaca se han cometido&nbsp; cuatro&nbsp; asesinatos&nbsp; de&nbsp; mujeres de la tercera edad. El de Angelina, ind\u00edgena mazateca, fue uno de ellos.&nbsp;<\/p>\n\n\n\n<p>Para la presidenta de la organizaci\u00f3n, Ang\u00e9lica Ayala Ortiz,&nbsp; la edad representa una mayor vulnerabilidad para las mujeres,&nbsp; pues las menores de 18 a\u00f1os y las mayores de 60 enfrentan el constante riesgo de ser v\u00edctimas de agresiones f\u00edsicas, emocionales y sexuales, derivadas de su condici\u00f3n de vulnerabilidad por razones de edad y g\u00e9nero.<\/p>\n\n\n\n<p>Esto se agrava a\u00fan m\u00e1s si se pertenece a &nbsp; pueblos ind\u00edgenas, pues&nbsp; significa menor acceso a la justicia, por &nbsp; barreras geogr\u00e1ficas, culturales y econ\u00f3micas.<\/p>\n\n\n\n<p>Previamente, Angelina hab\u00eda denunciado a sus vecinos por el robo de su pensi\u00f3n para adultos mayores; sin embargo, entonces no fueron detenidos, pues huyeron de la comunidad.<\/p>\n\n\n\n<h2 class=\"wp-block-heading\"><strong>&nbsp;Justicia para todas<\/strong><\/h2>\n\n\n\n<p>Seg\u00fan datos de GES Mujer, desde finales de 2016 a la fecha&nbsp; &nbsp; 546 ni\u00f1as y mujeres han sido asesinadas en Oaxaca,&nbsp; de estas muertes, 331 sucedieron despu\u00e9s de la emisi\u00f3n de la Alerta de&nbsp;<strong>Violencia&nbsp; de G\u00e9nero<\/strong>&nbsp;para 40 municipios del estado.&nbsp;<\/p>\n\n\n\n<p>Ang\u00e9lica Ayala Ortiz explica que los&nbsp;<strong>feminicidios&nbsp;<\/strong>de mujeres&nbsp; de la tercera edad son preocupantes, pues se trata de la suma de las violencias que enfrentan a lo largo de la vida.<\/p>\n\n\n\n<p>&nbsp;<strong>\u201cCada d\u00eda se suman m\u00e1s voces a demandar acciones contundentes, castigo a los agresores, sanciones a quienes por acci\u00f3n u omisiones sean responsables de la impunidad\u201d<\/strong>, dice.&nbsp;<\/p>\n\n\n\n<p>Tras el crimen contra Angelina, la colectiva feminista Mujeres Mazatecas que Miran a Favor de la Tierra protest\u00f3 para exigir justicia.&nbsp;<\/p>\n\n\n\n<p>En mayo, tres meses antes del asesinato de Angelina, Mar\u00eda Paula Burgos Calvo, de 63 a\u00f1os, fue asesinada en su casa, en&nbsp; San Pedro y San Pablo Tequixtepec, en la Mixteca, presuntamente, por un vecino identificado como R. M.,&nbsp; quien antes le hab\u00eda robado ganado.<\/p>\n\n\n\n<p>Mar\u00eda&nbsp; notific\u00f3 el robo ante las autoridades y estaba por denunciar&nbsp; al mismo hombre por acoso, pero \u00e9ste la asesin\u00f3 y &nbsp; permaneci\u00f3 varios d\u00edas oculto en el cerro. Pese al conocimiento de las autoridades sobre su paradero, no fue detenido.<\/p>\n\n\n\n<p>Al respecto, Marea Verde Mixteca se\u00f1ala que&nbsp; tambi\u00e9n fue su hijo&nbsp; quien encontr\u00f3 el cuerpo y por ello recibe&nbsp; terapia. El caso&nbsp;permanece&nbsp;impune.<\/p>\n\n\n\n<p>\u201cExigimos justicia para cada ni\u00f1a, mujer y anciana, v\u00edctima de la violencia feminicida en Oaxaca, los indignantes casos confirman&nbsp; que la&nbsp;<strong>violencia machista&nbsp;<\/strong>no respeta edad, condici\u00f3n econ\u00f3mica, ni ninguna otra\u201d, declara la colectiva.<\/p>\n\n\n\n<p>Fuente: https:\/\/oaxaca.eluniversal.com.mx\/sociedad\/la-suma-de-todas-las-violencias-van-4-feminicidios-de-mujeres-de-la-tercera-edad-en-oaxaca<\/p>\n\n\n\n<p><\/p>\n","protected":false},"excerpt":{"rendered":"<p>El asesinato de Angelina, de 94 a\u00f1os, es parte de los 61 cr\u00edmenes violentos que se han cometido contra mujeres en Oaxaca durante 2021, de acuerdo con datos proporcionados a EL UNIVERSAL por la FGEO Mientras se encontraba en su casa,&nbsp; en el barrio Huate, en Huautla de Jim\u00e9nez,&nbsp; Angelina Rosal\u00eda Carrera&nbsp; fue asesinada por [&hellip;]<\/p>\n","protected":false},"author":4,"featured_media":22940,"comment_status":"closed","ping_status":"open","sticky":false,"template":"","format":"standard","meta":{"give_campaign_id":0,"footnotes":""},"categories":[568,32,3],"tags":[43,60,63,75,58,77,80,67],"class_list":["post-22938","post","type-post","status-publish","format-standard","has-post-thumbnail","hentry","category-monitoreo","category-novedades","category-portada","tag-derechos","tag-derechos-mujeres","tag-equidad-de-genero","tag-feminicidios","tag-gesmujer","tag-mujeres-indigenas","tag-oaxaca","tag-violencia"],"yoast_head":"<!-- This site is optimized with the Yoast SEO plugin v27.4 - https:\/\/yoast.com\/product\/yoast-seo-wordpress\/ -->\n<title>La suma de todas las violencias: Van 4 feminicidios de mujeres de la tercera edad en Oaxaca este 2021 - GESMujer &quot;Rosario Castellanos&quot;<\/title>\n<meta name=\"robots\" content=\"index, follow, max-snippet:-1, max-image-preview:large, max-video-preview:-1\" \/>\n<link rel=\"canonical\" href=\"https:\/\/www.gesmujer.org\/sitio\/la-suma-de-todas-las-violencias-van-4-feminicidios-de-mujeres-de-la-tercera-edad-en-oaxaca-este-2021\/\" \/>\n<meta property=\"og:locale\" content=\"es_MX\" \/>\n<meta property=\"og:type\" content=\"article\" \/>\n<meta property=\"og:title\" content=\"La suma de todas las violencias: Van 4 feminicidios de mujeres de la tercera edad en Oaxaca este 2021\" \/>\n<meta property=\"og:description\" content=\"Para la presidenta de la organizaci\u00f3n, Ang\u00e9lica Ayala Ortiz,\u00a0 la edad representa una mayor vulnerabilidad para las mujeres,\u00a0 pues las menores de 18 a\u00f1os y las mayores de 60 enfrentan el constante riesgo de ser v\u00edctimas de agresiones f\u00edsicas, emocionales y sexuales, derivadas de su condici\u00f3n de vulnerabilidad por razones de edad y g\u00e9nero.\" \/>\n<meta property=\"og:url\" content=\"https:\/\/www.gesmujer.org\/sitio\/la-suma-de-todas-las-violencias-van-4-feminicidios-de-mujeres-de-la-tercera-edad-en-oaxaca-este-2021\/\" \/>\n<meta property=\"og:site_name\" content=\"GESMujer &quot;Rosario Castellanos&quot;\" \/>\n<meta property=\"article:publisher\" content=\"https:\/\/www.facebook.com\/gesmujer.rosario.castellanos.ac\" \/>\n<meta property=\"article:published_time\" content=\"2021-08-27T15:57:29+00:00\" \/>\n<meta property=\"article:modified_time\" content=\"2021-09-01T04:04:07+00:00\" \/>\n<meta property=\"og:image\" content=\"https:\/\/www.gesmujer.org\/sitio\/wp-content\/uploads\/2021\/08\/descarga-6.jpg\" \/>\n\t<meta property=\"og:image:width\" content=\"286\" \/>\n\t<meta property=\"og:image:height\" content=\"176\" \/>\n\t<meta property=\"og:image:type\" content=\"image\/jpeg\" \/>\n<meta name=\"author\" content=\"cendoc\" \/>\n<meta name=\"twitter:card\" content=\"summary_large_image\" \/>\n<meta name=\"twitter:title\" content=\"La suma de todas las violencias: Van 4 feminicidios de mujeres de la tercera edad en Oaxaca este 2021\" \/>\n<meta name=\"twitter:description\" content=\"Para la presidenta de la organizaci\u00f3n, Ang\u00e9lica Ayala Ortiz,\u00a0 la edad representa una mayor vulnerabilidad para las mujeres,\u00a0 pues las menores de 18 a\u00f1os y las mayores de 60 enfrentan el constante riesgo de ser v\u00edctimas de agresiones f\u00edsicas, emocionales y sexuales, derivadas de su condici\u00f3n de vulnerabilidad por razones de edad y g\u00e9nero.\" \/>\n<meta name=\"twitter:image\" content=\"https:\/\/www.gesmujer.org\/sitio\/wp-content\/uploads\/2021\/08\/descarga-6.jpg\" \/>\n<meta name=\"twitter:creator\" content=\"@GES_Mujer\" \/>\n<meta name=\"twitter:site\" content=\"@GES_Mujer\" \/>\n<meta name=\"twitter:label1\" content=\"Escrito por\" \/>\n\t<meta name=\"twitter:data1\" content=\"cendoc\" \/>\n\t<meta name=\"twitter:label2\" content=\"Tiempo de lectura\" \/>\n\t<meta name=\"twitter:data2\" content=\"3 minutos\" \/>\n<script type=\"application\/ld+json\" class=\"yoast-schema-graph\">{\"@context\":\"https:\\\/\\\/schema.org\",\"@graph\":[{\"@type\":\"Article\",\"@id\":\"https:\\\/\\\/www.gesmujer.org\\\/sitio\\\/la-suma-de-todas-las-violencias-van-4-feminicidios-de-mujeres-de-la-tercera-edad-en-oaxaca-este-2021\\\/#article\",\"isPartOf\":{\"@id\":\"https:\\\/\\\/www.gesmujer.org\\\/sitio\\\/la-suma-de-todas-las-violencias-van-4-feminicidios-de-mujeres-de-la-tercera-edad-en-oaxaca-este-2021\\\/\"},\"author\":{\"name\":\"cendoc\",\"@id\":\"https:\\\/\\\/www.gesmujer.org\\\/sitio\\\/#\\\/schema\\\/person\\\/50e03387f883646c2714c51783a7e288\"},\"headline\":\"La suma de todas las violencias: Van 4 feminicidios de mujeres de la tercera edad en Oaxaca este 2021\",\"datePublished\":\"2021-08-27T15:57:29+00:00\",\"dateModified\":\"2021-09-01T04:04:07+00:00\",\"mainEntityOfPage\":{\"@id\":\"https:\\\/\\\/www.gesmujer.org\\\/sitio\\\/la-suma-de-todas-las-violencias-van-4-feminicidios-de-mujeres-de-la-tercera-edad-en-oaxaca-este-2021\\\/\"},\"wordCount\":721,\"publisher\":{\"@id\":\"https:\\\/\\\/www.gesmujer.org\\\/sitio\\\/#organization\"},\"image\":{\"@id\":\"https:\\\/\\\/www.gesmujer.org\\\/sitio\\\/la-suma-de-todas-las-violencias-van-4-feminicidios-de-mujeres-de-la-tercera-edad-en-oaxaca-este-2021\\\/#primaryimage\"},\"thumbnailUrl\":\"https:\\\/\\\/www.gesmujer.org\\\/sitio\\\/wp-content\\\/uploads\\\/2021\\\/08\\\/descarga-6.jpg\",\"keywords\":[\"derechos\",\"Derechos Mujeres\",\"Equidad de g\u00e9nero\",\"Feminicidios\",\"GESMujer\",\"Mujeres Ind\u00edgenas\",\"Oaxaca\",\"Violencia\"],\"articleSection\":[\"MONITOREO\",\"NOTICIAS\",\"portada\"],\"inLanguage\":\"es\"},{\"@type\":\"WebPage\",\"@id\":\"https:\\\/\\\/www.gesmujer.org\\\/sitio\\\/la-suma-de-todas-las-violencias-van-4-feminicidios-de-mujeres-de-la-tercera-edad-en-oaxaca-este-2021\\\/\",\"url\":\"https:\\\/\\\/www.gesmujer.org\\\/sitio\\\/la-suma-de-todas-las-violencias-van-4-feminicidios-de-mujeres-de-la-tercera-edad-en-oaxaca-este-2021\\\/\",\"name\":\"La suma de todas las violencias: Van 4 feminicidios de mujeres de la tercera edad en Oaxaca este 2021 - GESMujer &quot;Rosario Castellanos&quot;\",\"isPartOf\":{\"@id\":\"https:\\\/\\\/www.gesmujer.org\\\/sitio\\\/#website\"},\"primaryImageOfPage\":{\"@id\":\"https:\\\/\\\/www.gesmujer.org\\\/sitio\\\/la-suma-de-todas-las-violencias-van-4-feminicidios-de-mujeres-de-la-tercera-edad-en-oaxaca-este-2021\\\/#primaryimage\"},\"image\":{\"@id\":\"https:\\\/\\\/www.gesmujer.org\\\/sitio\\\/la-suma-de-todas-las-violencias-van-4-feminicidios-de-mujeres-de-la-tercera-edad-en-oaxaca-este-2021\\\/#primaryimage\"},\"thumbnailUrl\":\"https:\\\/\\\/www.gesmujer.org\\\/sitio\\\/wp-content\\\/uploads\\\/2021\\\/08\\\/descarga-6.jpg\",\"datePublished\":\"2021-08-27T15:57:29+00:00\",\"dateModified\":\"2021-09-01T04:04:07+00:00\",\"breadcrumb\":{\"@id\":\"https:\\\/\\\/www.gesmujer.org\\\/sitio\\\/la-suma-de-todas-las-violencias-van-4-feminicidios-de-mujeres-de-la-tercera-edad-en-oaxaca-este-2021\\\/#breadcrumb\"},\"inLanguage\":\"es\",\"potentialAction\":[{\"@type\":\"ReadAction\",\"target\":[\"https:\\\/\\\/www.gesmujer.org\\\/sitio\\\/la-suma-de-todas-las-violencias-van-4-feminicidios-de-mujeres-de-la-tercera-edad-en-oaxaca-este-2021\\\/\"]}]},{\"@type\":\"ImageObject\",\"inLanguage\":\"es\",\"@id\":\"https:\\\/\\\/www.gesmujer.org\\\/sitio\\\/la-suma-de-todas-las-violencias-van-4-feminicidios-de-mujeres-de-la-tercera-edad-en-oaxaca-este-2021\\\/#primaryimage\",\"url\":\"https:\\\/\\\/www.gesmujer.org\\\/sitio\\\/wp-content\\\/uploads\\\/2021\\\/08\\\/descarga-6.jpg\",\"contentUrl\":\"https:\\\/\\\/www.gesmujer.org\\\/sitio\\\/wp-content\\\/uploads\\\/2021\\\/08\\\/descarga-6.jpg\",\"width\":286,\"height\":176},{\"@type\":\"BreadcrumbList\",\"@id\":\"https:\\\/\\\/www.gesmujer.org\\\/sitio\\\/la-suma-de-todas-las-violencias-van-4-feminicidios-de-mujeres-de-la-tercera-edad-en-oaxaca-este-2021\\\/#breadcrumb\",\"itemListElement\":[{\"@type\":\"ListItem\",\"position\":1,\"name\":\"Home\",\"item\":\"https:\\\/\\\/www.gesmujer.org\\\/sitio\\\/\"},{\"@type\":\"ListItem\",\"position\":2,\"name\":\"La suma de todas las violencias: Van 4 feminicidios de mujeres de la tercera edad en Oaxaca este 2021\"}]},{\"@type\":\"WebSite\",\"@id\":\"https:\\\/\\\/www.gesmujer.org\\\/sitio\\\/#website\",\"url\":\"https:\\\/\\\/www.gesmujer.org\\\/sitio\\\/\",\"name\":\"GESMujer \\\"Rosario Castellanos\\\"\",\"description\":\"M\u00e1s de 45 a\u00f1os ha llevado a cabo acciones para erradicar la violencia de g\u00e9nero y construir entornos donde las mujeres encuentren su resiliencia, incrementen su agencia y autonom\u00eda que les permita lograr su empoderamiento a trav\u00e9s de cinco l\u00edneas de acci\u00f3n.\",\"publisher\":{\"@id\":\"https:\\\/\\\/www.gesmujer.org\\\/sitio\\\/#organization\"},\"alternateName\":\"GESMujer\",\"potentialAction\":[{\"@type\":\"SearchAction\",\"target\":{\"@type\":\"EntryPoint\",\"urlTemplate\":\"https:\\\/\\\/www.gesmujer.org\\\/sitio\\\/?s={search_term_string}\"},\"query-input\":{\"@type\":\"PropertyValueSpecification\",\"valueRequired\":true,\"valueName\":\"search_term_string\"}}],\"inLanguage\":\"es\"},{\"@type\":\"Organization\",\"@id\":\"https:\\\/\\\/www.gesmujer.org\\\/sitio\\\/#organization\",\"name\":\"Grupo de estudios sobre la mujer Rosario Castellanos ac\",\"alternateName\":\"GESMujer\",\"url\":\"https:\\\/\\\/www.gesmujer.org\\\/sitio\\\/\",\"logo\":{\"@type\":\"ImageObject\",\"inLanguage\":\"es\",\"@id\":\"https:\\\/\\\/www.gesmujer.org\\\/sitio\\\/#\\\/schema\\\/logo\\\/image\\\/\",\"url\":\"https:\\\/\\\/www.gesmujer.org\\\/sitio\\\/wp-content\\\/uploads\\\/2026\\\/03\\\/Logo-GESMujer-300.png\",\"contentUrl\":\"https:\\\/\\\/www.gesmujer.org\\\/sitio\\\/wp-content\\\/uploads\\\/2026\\\/03\\\/Logo-GESMujer-300.png\",\"width\":300,\"height\":141,\"caption\":\"Grupo de estudios sobre la mujer Rosario Castellanos ac\"},\"image\":{\"@id\":\"https:\\\/\\\/www.gesmujer.org\\\/sitio\\\/#\\\/schema\\\/logo\\\/image\\\/\"},\"sameAs\":[\"https:\\\/\\\/www.facebook.com\\\/gesmujer.rosario.castellanos.ac\",\"https:\\\/\\\/x.com\\\/GES_Mujer\",\"https:\\\/\\\/www.instagram.com\\\/ges_mujer\\\/?hl=es\",\"https:\\\/\\\/www.youtube.com\\\/c\\\/GESMujerRosarioCastellanos\\\/videos\",\"https:\\\/\\\/soundcloud.com\\\/gesmujerac\",\"https:\\\/\\\/www.tiktok.com\\\/@gesmujer\"]},{\"@type\":\"Person\",\"@id\":\"https:\\\/\\\/www.gesmujer.org\\\/sitio\\\/#\\\/schema\\\/person\\\/50e03387f883646c2714c51783a7e288\",\"name\":\"cendoc\",\"image\":{\"@type\":\"ImageObject\",\"inLanguage\":\"es\",\"@id\":\"https:\\\/\\\/secure.gravatar.com\\\/avatar\\\/2f187338ccb33c33bc1b08e92e2247a6891db221398e12bbc0f5ff0cfc462495?s=96&d=mm&r=g\",\"url\":\"https:\\\/\\\/secure.gravatar.com\\\/avatar\\\/2f187338ccb33c33bc1b08e92e2247a6891db221398e12bbc0f5ff0cfc462495?s=96&d=mm&r=g\",\"contentUrl\":\"https:\\\/\\\/secure.gravatar.com\\\/avatar\\\/2f187338ccb33c33bc1b08e92e2247a6891db221398e12bbc0f5ff0cfc462495?s=96&d=mm&r=g\",\"caption\":\"cendoc\"},\"sameAs\":[\"http:\\\/\\\/gesmujer.org\"],\"url\":\"https:\\\/\\\/www.gesmujer.org\\\/sitio\\\/author\\\/cendoc\\\/\"}]}<\/script>\n<!-- \/ Yoast SEO plugin. -->","yoast_head_json":{"title":"La suma de todas las violencias: Van 4 feminicidios de mujeres de la tercera edad en Oaxaca este 2021 - GESMujer &quot;Rosario Castellanos&quot;","robots":{"index":"index","follow":"follow","max-snippet":"max-snippet:-1","max-image-preview":"max-image-preview:large","max-video-preview":"max-video-preview:-1"},"canonical":"https:\/\/www.gesmujer.org\/sitio\/la-suma-de-todas-las-violencias-van-4-feminicidios-de-mujeres-de-la-tercera-edad-en-oaxaca-este-2021\/","og_locale":"es_MX","og_type":"article","og_title":"La suma de todas las violencias: Van 4 feminicidios de mujeres de la tercera edad en Oaxaca este 2021","og_description":"Para la presidenta de la organizaci\u00f3n, Ang\u00e9lica Ayala Ortiz,\u00a0 la edad representa una mayor vulnerabilidad para las mujeres,\u00a0 pues las menores de 18 a\u00f1os y las mayores de 60 enfrentan el constante riesgo de ser v\u00edctimas de agresiones f\u00edsicas, emocionales y sexuales, derivadas de su condici\u00f3n de vulnerabilidad por razones de edad y g\u00e9nero.","og_url":"https:\/\/www.gesmujer.org\/sitio\/la-suma-de-todas-las-violencias-van-4-feminicidios-de-mujeres-de-la-tercera-edad-en-oaxaca-este-2021\/","og_site_name":"GESMujer &quot;Rosario Castellanos&quot;","article_publisher":"https:\/\/www.facebook.com\/gesmujer.rosario.castellanos.ac","article_published_time":"2021-08-27T15:57:29+00:00","article_modified_time":"2021-09-01T04:04:07+00:00","og_image":[{"width":286,"height":176,"url":"https:\/\/www.gesmujer.org\/sitio\/wp-content\/uploads\/2021\/08\/descarga-6.jpg","type":"image\/jpeg"}],"author":"cendoc","twitter_card":"summary_large_image","twitter_title":"La suma de todas las violencias: Van 4 feminicidios de mujeres de la tercera edad en Oaxaca este 2021","twitter_description":"Para la presidenta de la organizaci\u00f3n, Ang\u00e9lica Ayala Ortiz,\u00a0 la edad representa una mayor vulnerabilidad para las mujeres,\u00a0 pues las menores de 18 a\u00f1os y las mayores de 60 enfrentan el constante riesgo de ser v\u00edctimas de agresiones f\u00edsicas, emocionales y sexuales, derivadas de su condici\u00f3n de vulnerabilidad por razones de edad y g\u00e9nero.","twitter_image":"https:\/\/www.gesmujer.org\/sitio\/wp-content\/uploads\/2021\/08\/descarga-6.jpg","twitter_creator":"@GES_Mujer","twitter_site":"@GES_Mujer","twitter_misc":{"Escrito por":"cendoc","Tiempo de lectura":"3 minutos"},"schema":{"@context":"https:\/\/schema.org","@graph":[{"@type":"Article","@id":"https:\/\/www.gesmujer.org\/sitio\/la-suma-de-todas-las-violencias-van-4-feminicidios-de-mujeres-de-la-tercera-edad-en-oaxaca-este-2021\/#article","isPartOf":{"@id":"https:\/\/www.gesmujer.org\/sitio\/la-suma-de-todas-las-violencias-van-4-feminicidios-de-mujeres-de-la-tercera-edad-en-oaxaca-este-2021\/"},"author":{"name":"cendoc","@id":"https:\/\/www.gesmujer.org\/sitio\/#\/schema\/person\/50e03387f883646c2714c51783a7e288"},"headline":"La suma de todas las violencias: Van 4 feminicidios de mujeres de la tercera edad en Oaxaca este 2021","datePublished":"2021-08-27T15:57:29+00:00","dateModified":"2021-09-01T04:04:07+00:00","mainEntityOfPage":{"@id":"https:\/\/www.gesmujer.org\/sitio\/la-suma-de-todas-las-violencias-van-4-feminicidios-de-mujeres-de-la-tercera-edad-en-oaxaca-este-2021\/"},"wordCount":721,"publisher":{"@id":"https:\/\/www.gesmujer.org\/sitio\/#organization"},"image":{"@id":"https:\/\/www.gesmujer.org\/sitio\/la-suma-de-todas-las-violencias-van-4-feminicidios-de-mujeres-de-la-tercera-edad-en-oaxaca-este-2021\/#primaryimage"},"thumbnailUrl":"https:\/\/www.gesmujer.org\/sitio\/wp-content\/uploads\/2021\/08\/descarga-6.jpg","keywords":["derechos","Derechos Mujeres","Equidad de g\u00e9nero","Feminicidios","GESMujer","Mujeres Ind\u00edgenas","Oaxaca","Violencia"],"articleSection":["MONITOREO","NOTICIAS","portada"],"inLanguage":"es"},{"@type":"WebPage","@id":"https:\/\/www.gesmujer.org\/sitio\/la-suma-de-todas-las-violencias-van-4-feminicidios-de-mujeres-de-la-tercera-edad-en-oaxaca-este-2021\/","url":"https:\/\/www.gesmujer.org\/sitio\/la-suma-de-todas-las-violencias-van-4-feminicidios-de-mujeres-de-la-tercera-edad-en-oaxaca-este-2021\/","name":"La suma de todas las violencias: Van 4 feminicidios de mujeres de la tercera edad en Oaxaca este 2021 - GESMujer &quot;Rosario Castellanos&quot;","isPartOf":{"@id":"https:\/\/www.gesmujer.org\/sitio\/#website"},"primaryImageOfPage":{"@id":"https:\/\/www.gesmujer.org\/sitio\/la-suma-de-todas-las-violencias-van-4-feminicidios-de-mujeres-de-la-tercera-edad-en-oaxaca-este-2021\/#primaryimage"},"image":{"@id":"https:\/\/www.gesmujer.org\/sitio\/la-suma-de-todas-las-violencias-van-4-feminicidios-de-mujeres-de-la-tercera-edad-en-oaxaca-este-2021\/#primaryimage"},"thumbnailUrl":"https:\/\/www.gesmujer.org\/sitio\/wp-content\/uploads\/2021\/08\/descarga-6.jpg","datePublished":"2021-08-27T15:57:29+00:00","dateModified":"2021-09-01T04:04:07+00:00","breadcrumb":{"@id":"https:\/\/www.gesmujer.org\/sitio\/la-suma-de-todas-las-violencias-van-4-feminicidios-de-mujeres-de-la-tercera-edad-en-oaxaca-este-2021\/#breadcrumb"},"inLanguage":"es","potentialAction":[{"@type":"ReadAction","target":["https:\/\/www.gesmujer.org\/sitio\/la-suma-de-todas-las-violencias-van-4-feminicidios-de-mujeres-de-la-tercera-edad-en-oaxaca-este-2021\/"]}]},{"@type":"ImageObject","inLanguage":"es","@id":"https:\/\/www.gesmujer.org\/sitio\/la-suma-de-todas-las-violencias-van-4-feminicidios-de-mujeres-de-la-tercera-edad-en-oaxaca-este-2021\/#primaryimage","url":"https:\/\/www.gesmujer.org\/sitio\/wp-content\/uploads\/2021\/08\/descarga-6.jpg","contentUrl":"https:\/\/www.gesmujer.org\/sitio\/wp-content\/uploads\/2021\/08\/descarga-6.jpg","width":286,"height":176},{"@type":"BreadcrumbList","@id":"https:\/\/www.gesmujer.org\/sitio\/la-suma-de-todas-las-violencias-van-4-feminicidios-de-mujeres-de-la-tercera-edad-en-oaxaca-este-2021\/#breadcrumb","itemListElement":[{"@type":"ListItem","position":1,"name":"Home","item":"https:\/\/www.gesmujer.org\/sitio\/"},{"@type":"ListItem","position":2,"name":"La suma de todas las violencias: Van 4 feminicidios de mujeres de la tercera edad en Oaxaca este 2021"}]},{"@type":"WebSite","@id":"https:\/\/www.gesmujer.org\/sitio\/#website","url":"https:\/\/www.gesmujer.org\/sitio\/","name":"GESMujer \"Rosario Castellanos\"","description":"M\u00e1s de 45 a\u00f1os ha llevado a cabo acciones para erradicar la violencia de g\u00e9nero y construir entornos donde las mujeres encuentren su resiliencia, incrementen su agencia y autonom\u00eda que les permita lograr su empoderamiento a trav\u00e9s de cinco l\u00edneas de acci\u00f3n.","publisher":{"@id":"https:\/\/www.gesmujer.org\/sitio\/#organization"},"alternateName":"GESMujer","potentialAction":[{"@type":"SearchAction","target":{"@type":"EntryPoint","urlTemplate":"https:\/\/www.gesmujer.org\/sitio\/?s={search_term_string}"},"query-input":{"@type":"PropertyValueSpecification","valueRequired":true,"valueName":"search_term_string"}}],"inLanguage":"es"},{"@type":"Organization","@id":"https:\/\/www.gesmujer.org\/sitio\/#organization","name":"Grupo de estudios sobre la mujer Rosario Castellanos ac","alternateName":"GESMujer","url":"https:\/\/www.gesmujer.org\/sitio\/","logo":{"@type":"ImageObject","inLanguage":"es","@id":"https:\/\/www.gesmujer.org\/sitio\/#\/schema\/logo\/image\/","url":"https:\/\/www.gesmujer.org\/sitio\/wp-content\/uploads\/2026\/03\/Logo-GESMujer-300.png","contentUrl":"https:\/\/www.gesmujer.org\/sitio\/wp-content\/uploads\/2026\/03\/Logo-GESMujer-300.png","width":300,"height":141,"caption":"Grupo de estudios sobre la mujer Rosario Castellanos ac"},"image":{"@id":"https:\/\/www.gesmujer.org\/sitio\/#\/schema\/logo\/image\/"},"sameAs":["https:\/\/www.facebook.com\/gesmujer.rosario.castellanos.ac","https:\/\/x.com\/GES_Mujer","https:\/\/www.instagram.com\/ges_mujer\/?hl=es","https:\/\/www.youtube.com\/c\/GESMujerRosarioCastellanos\/videos","https:\/\/soundcloud.com\/gesmujerac","https:\/\/www.tiktok.com\/@gesmujer"]},{"@type":"Person","@id":"https:\/\/www.gesmujer.org\/sitio\/#\/schema\/person\/50e03387f883646c2714c51783a7e288","name":"cendoc","image":{"@type":"ImageObject","inLanguage":"es","@id":"https:\/\/secure.gravatar.com\/avatar\/2f187338ccb33c33bc1b08e92e2247a6891db221398e12bbc0f5ff0cfc462495?s=96&d=mm&r=g","url":"https:\/\/secure.gravatar.com\/avatar\/2f187338ccb33c33bc1b08e92e2247a6891db221398e12bbc0f5ff0cfc462495?s=96&d=mm&r=g","contentUrl":"https:\/\/secure.gravatar.com\/avatar\/2f187338ccb33c33bc1b08e92e2247a6891db221398e12bbc0f5ff0cfc462495?s=96&d=mm&r=g","caption":"cendoc"},"sameAs":["http:\/\/gesmujer.org"],"url":"https:\/\/www.gesmujer.org\/sitio\/author\/cendoc\/"}]}},"_links":{"self":[{"href":"https:\/\/www.gesmujer.org\/sitio\/wp-json\/wp\/v2\/posts\/22938","targetHints":{"allow":["GET"]}}],"collection":[{"href":"https:\/\/www.gesmujer.org\/sitio\/wp-json\/wp\/v2\/posts"}],"about":[{"href":"https:\/\/www.gesmujer.org\/sitio\/wp-json\/wp\/v2\/types\/post"}],"author":[{"embeddable":true,"href":"https:\/\/www.gesmujer.org\/sitio\/wp-json\/wp\/v2\/users\/4"}],"replies":[{"embeddable":true,"href":"https:\/\/www.gesmujer.org\/sitio\/wp-json\/wp\/v2\/comments?post=22938"}],"version-history":[{"count":2,"href":"https:\/\/www.gesmujer.org\/sitio\/wp-json\/wp\/v2\/posts\/22938\/revisions"}],"predecessor-version":[{"id":23207,"href":"https:\/\/www.gesmujer.org\/sitio\/wp-json\/wp\/v2\/posts\/22938\/revisions\/23207"}],"wp:featuredmedia":[{"embeddable":true,"href":"https:\/\/www.gesmujer.org\/sitio\/wp-json\/wp\/v2\/media\/22940"}],"wp:attachment":[{"href":"https:\/\/www.gesmujer.org\/sitio\/wp-json\/wp\/v2\/media?parent=22938"}],"wp:term":[{"taxonomy":"category","embeddable":true,"href":"https:\/\/www.gesmujer.org\/sitio\/wp-json\/wp\/v2\/categories?post=22938"},{"taxonomy":"post_tag","embeddable":true,"href":"https:\/\/www.gesmujer.org\/sitio\/wp-json\/wp\/v2\/tags?post=22938"}],"curies":[{"name":"wp","href":"https:\/\/api.w.org\/{rel}","templated":true}]}}