{"id":23595,"date":"2021-09-11T16:56:59","date_gmt":"2021-09-11T22:56:59","guid":{"rendered":"https:\/\/www.gesmujer.org\/sitio\/?p=23595"},"modified":"2021-09-11T16:57:02","modified_gmt":"2021-09-11T22:57:02","slug":"trabajadoras-del-hogar-van-por-reconocimiento-de-derechos-laborales","status":"publish","type":"post","link":"https:\/\/www.gesmujer.org\/sitio\/trabajadoras-del-hogar-van-por-reconocimiento-de-derechos-laborales\/","title":{"rendered":"Trabajadoras del hogar van por reconocimiento de derechos laborales"},"content":{"rendered":"\n<p><strong>Citlalli L\u00f3pez, Mi\u00e9rcoles 8 de septiembre del 2021, Oro Radio.- <\/strong>Con una agenda com\u00fan a favor de las m\u00e1s de 130 mil 461 trabajadoras remuneradas del hogar que existen en Oaxaca, el Grupo de Estudios Sobre la Mujer Rosario Castellanos y el Sindicato Nacional de Trabajadoras y Trabajadores del Hogar (SINACTRAHO), van por el reconocimiento de los derechos para este sector.<\/p>\n\n\n\n<p>\u201cSeguridad social, contrato laboral, salario digno, reconocimiento a sus derechos fundamentales, son solo algunos de los ejemplos de la deuda hist\u00f3rica que se tiene con un sector conformado principalmente por mujeres\u201d se\u00f1al\u00f3 Angelica Ayala Ortiz, presidenta del GESMujer en rueda de prensa acompa\u00f1ada por Norma Palacios, secretaria colegiada del Sinactraho. &nbsp;<\/p>\n\n\n\n<p>El rol de atenci\u00f3n y cuidado asignado socialmente a la poblaci\u00f3n femenina -apunt\u00f3- contribuye a la productividad econ\u00f3mica y generaci\u00f3n de riqueza, pero al no ser reconocidas, son excluidas de sus beneficios.<\/p>\n\n\n\n<p>Norma Palacios apunt\u00f3 que en a\u00f1os recientes el tema se coloc\u00f3 en la mira de los estudios sobre discriminaci\u00f3n, g\u00e9nero e igualdad laboral, particularmente porque cerca del 10 por ciento de la poblaci\u00f3n ocupada femenina en M\u00e9xico se concentra en esta actividad y es discriminada por razones raciales o de origen \u00e9tnico y de pobreza.<\/p>\n\n\n\n<p>Bajo este contexto el Sinactraho&nbsp;y el GESMujer llamaron a todas las trabajadoras y trabajadores del hogar para que participen en la actividad programada en la agenda com\u00fan y reclamen su derecho a tener un contrato y seguridad social.<\/p>\n\n\n\n<p>La agenda com\u00fan de trabajo arrancar\u00e1 con el Encuentro de Informaci\u00f3n y Di\u00e1logo, el 25 y 26 de septiembre.<\/p>\n\n\n\n<p>En este se pretende identificar las problem\u00e1ticas que las trabajadoras remuneradas del hogar enfrentan en Oaxaca y brindarles informaci\u00f3n sobre sus derechos.<\/p>\n\n\n\n<p>Por otro lado, al unir esfuerzos con el GESMujer las trabajadoras podr\u00e1n afiliarse al Sinactraho&nbsp;y recibir capacitaciones constantes que les permitan no solo desempe\u00f1ar mejor su trabajo, sino reconocer y exigir sus derechos, adem\u00e1s de contar con un programa de asesor\u00edas jur\u00eddicas gratuito.<\/p>\n\n\n\n<p>Desde su conformaci\u00f3n el Sinactraho&nbsp;ha asesorado a poco m\u00e1s de 500 personas trabajadoras del hogar en M\u00e9xico, con 208 convenios fuera de juicio, 80 de los cuales fueron ratificados ante la Junta de Conciliaci\u00f3n y Arbitraje.<\/p>\n\n\n\n<p>Adem\u00e1s, canalizado 56 demandas laborales y de acompa\u00f1amiento, as\u00ed como otorgaci\u00f3n de 243 c\u00e1lculos de indemnizaci\u00f3n laboral.<\/p>\n\n\n\n<p>Fuente: https:\/\/www.ororadio.com.mx\/2021\/09\/trabajadoras-del-hogar-van-por-reconocimiento-de-derechos-laborales\/<\/p>\n","protected":false},"excerpt":{"rendered":"<p>Citlalli L\u00f3pez, Mi\u00e9rcoles 8 de septiembre del 2021, Oro Radio.- Con una agenda com\u00fan a favor de las m\u00e1s de 130 mil 461 trabajadoras remuneradas del hogar que existen en Oaxaca, el Grupo de Estudios Sobre la Mujer Rosario Castellanos y el Sindicato Nacional de Trabajadoras y Trabajadores del Hogar (SINACTRAHO), van por el reconocimiento [&hellip;]<\/p>\n","protected":false},"author":4,"featured_media":23596,"comment_status":"closed","ping_status":"open","sticky":false,"template":"","format":"standard","meta":{"give_campaign_id":0,"footnotes":""},"categories":[32,3],"tags":[60,63,58,39,42],"class_list":["post-23595","post","type-post","status-publish","format-standard","has-post-thumbnail","hentry","category-novedades","category-portada","tag-derechos-mujeres","tag-equidad-de-genero","tag-gesmujer","tag-igualdad","tag-mujeres"],"yoast_head":"<!-- This site is optimized with the Yoast SEO plugin v27.4 - https:\/\/yoast.com\/product\/yoast-seo-wordpress\/ -->\n<title>Trabajadoras del hogar van por reconocimiento de derechos laborales - GESMujer &quot;Rosario Castellanos&quot;<\/title>\n<meta name=\"robots\" content=\"index, follow, max-snippet:-1, max-image-preview:large, max-video-preview:-1\" \/>\n<link rel=\"canonical\" href=\"https:\/\/www.gesmujer.org\/sitio\/trabajadoras-del-hogar-van-por-reconocimiento-de-derechos-laborales\/\" \/>\n<meta property=\"og:locale\" content=\"es_MX\" \/>\n<meta property=\"og:type\" content=\"article\" \/>\n<meta property=\"og:title\" content=\"Trabajadoras del hogar van por reconocimiento de derechos laborales\" \/>\n<meta property=\"og:description\" content=\"Con una agenda com\u00fan a favor de las m\u00e1s de 130 mil 461 trabajadoras remuneradas del hogar que existen en Oaxaca, el Grupo de Estudios Sobre la Mujer Rosario Castellanos y el Sindicato Nacional de Trabajadoras y Trabajadores del Hogar (SINACTRAHO), van por el reconocimiento de los derechos para este sector.\" \/>\n<meta property=\"og:url\" content=\"https:\/\/www.gesmujer.org\/sitio\/trabajadoras-del-hogar-van-por-reconocimiento-de-derechos-laborales\/\" \/>\n<meta property=\"og:site_name\" content=\"GESMujer &quot;Rosario Castellanos&quot;\" \/>\n<meta property=\"article:publisher\" content=\"https:\/\/www.facebook.com\/gesmujer.rosario.castellanos.ac\" \/>\n<meta property=\"article:published_time\" content=\"2021-09-11T22:56:59+00:00\" \/>\n<meta property=\"article:modified_time\" content=\"2021-09-11T22:57:02+00:00\" \/>\n<meta property=\"og:image\" content=\"https:\/\/www.gesmujer.org\/sitio\/wp-content\/uploads\/2021\/09\/Foto-3-13-696x464-1.jpg\" \/>\n\t<meta property=\"og:image:width\" content=\"696\" \/>\n\t<meta property=\"og:image:height\" content=\"464\" \/>\n\t<meta property=\"og:image:type\" content=\"image\/jpeg\" \/>\n<meta name=\"author\" content=\"cendoc\" \/>\n<meta name=\"twitter:card\" content=\"summary_large_image\" \/>\n<meta name=\"twitter:title\" content=\"Trabajadoras del hogar van por reconocimiento de derechos laborales\" \/>\n<meta name=\"twitter:description\" content=\"Con una agenda com\u00fan a favor de las m\u00e1s de 130 mil 461 trabajadoras remuneradas del hogar que existen en Oaxaca, el Grupo de Estudios Sobre la Mujer Rosario Castellanos y el Sindicato Nacional de Trabajadoras y Trabajadores del Hogar (SINACTRAHO), van por el reconocimiento de los derechos para este sector.\" \/>\n<meta name=\"twitter:image\" content=\"https:\/\/www.gesmujer.org\/sitio\/wp-content\/uploads\/2021\/09\/Foto-3-13-696x464-1.jpg\" \/>\n<meta name=\"twitter:creator\" content=\"@GES_Mujer\" \/>\n<meta name=\"twitter:site\" content=\"@GES_Mujer\" \/>\n<meta name=\"twitter:label1\" content=\"Escrito por\" \/>\n\t<meta name=\"twitter:data1\" content=\"cendoc\" \/>\n\t<meta name=\"twitter:label2\" content=\"Tiempo de lectura\" \/>\n\t<meta name=\"twitter:data2\" content=\"2 minutos\" \/>\n<script type=\"application\/ld+json\" class=\"yoast-schema-graph\">{\"@context\":\"https:\\\/\\\/schema.org\",\"@graph\":[{\"@type\":\"Article\",\"@id\":\"https:\\\/\\\/www.gesmujer.org\\\/sitio\\\/trabajadoras-del-hogar-van-por-reconocimiento-de-derechos-laborales\\\/#article\",\"isPartOf\":{\"@id\":\"https:\\\/\\\/www.gesmujer.org\\\/sitio\\\/trabajadoras-del-hogar-van-por-reconocimiento-de-derechos-laborales\\\/\"},\"author\":{\"name\":\"cendoc\",\"@id\":\"https:\\\/\\\/www.gesmujer.org\\\/sitio\\\/#\\\/schema\\\/person\\\/50e03387f883646c2714c51783a7e288\"},\"headline\":\"Trabajadoras del hogar van por reconocimiento de derechos laborales\",\"datePublished\":\"2021-09-11T22:56:59+00:00\",\"dateModified\":\"2021-09-11T22:57:02+00:00\",\"mainEntityOfPage\":{\"@id\":\"https:\\\/\\\/www.gesmujer.org\\\/sitio\\\/trabajadoras-del-hogar-van-por-reconocimiento-de-derechos-laborales\\\/\"},\"wordCount\":422,\"publisher\":{\"@id\":\"https:\\\/\\\/www.gesmujer.org\\\/sitio\\\/#organization\"},\"image\":{\"@id\":\"https:\\\/\\\/www.gesmujer.org\\\/sitio\\\/trabajadoras-del-hogar-van-por-reconocimiento-de-derechos-laborales\\\/#primaryimage\"},\"thumbnailUrl\":\"https:\\\/\\\/www.gesmujer.org\\\/sitio\\\/wp-content\\\/uploads\\\/2021\\\/09\\\/Foto-3-13-696x464-1.jpg\",\"keywords\":[\"Derechos Mujeres\",\"Equidad de g\u00e9nero\",\"GESMujer\",\"igualdad\",\"mujeres\"],\"articleSection\":[\"NOTICIAS\",\"portada\"],\"inLanguage\":\"es\"},{\"@type\":\"WebPage\",\"@id\":\"https:\\\/\\\/www.gesmujer.org\\\/sitio\\\/trabajadoras-del-hogar-van-por-reconocimiento-de-derechos-laborales\\\/\",\"url\":\"https:\\\/\\\/www.gesmujer.org\\\/sitio\\\/trabajadoras-del-hogar-van-por-reconocimiento-de-derechos-laborales\\\/\",\"name\":\"Trabajadoras del hogar van por reconocimiento de derechos laborales - GESMujer &quot;Rosario Castellanos&quot;\",\"isPartOf\":{\"@id\":\"https:\\\/\\\/www.gesmujer.org\\\/sitio\\\/#website\"},\"primaryImageOfPage\":{\"@id\":\"https:\\\/\\\/www.gesmujer.org\\\/sitio\\\/trabajadoras-del-hogar-van-por-reconocimiento-de-derechos-laborales\\\/#primaryimage\"},\"image\":{\"@id\":\"https:\\\/\\\/www.gesmujer.org\\\/sitio\\\/trabajadoras-del-hogar-van-por-reconocimiento-de-derechos-laborales\\\/#primaryimage\"},\"thumbnailUrl\":\"https:\\\/\\\/www.gesmujer.org\\\/sitio\\\/wp-content\\\/uploads\\\/2021\\\/09\\\/Foto-3-13-696x464-1.jpg\",\"datePublished\":\"2021-09-11T22:56:59+00:00\",\"dateModified\":\"2021-09-11T22:57:02+00:00\",\"breadcrumb\":{\"@id\":\"https:\\\/\\\/www.gesmujer.org\\\/sitio\\\/trabajadoras-del-hogar-van-por-reconocimiento-de-derechos-laborales\\\/#breadcrumb\"},\"inLanguage\":\"es\",\"potentialAction\":[{\"@type\":\"ReadAction\",\"target\":[\"https:\\\/\\\/www.gesmujer.org\\\/sitio\\\/trabajadoras-del-hogar-van-por-reconocimiento-de-derechos-laborales\\\/\"]}]},{\"@type\":\"ImageObject\",\"inLanguage\":\"es\",\"@id\":\"https:\\\/\\\/www.gesmujer.org\\\/sitio\\\/trabajadoras-del-hogar-van-por-reconocimiento-de-derechos-laborales\\\/#primaryimage\",\"url\":\"https:\\\/\\\/www.gesmujer.org\\\/sitio\\\/wp-content\\\/uploads\\\/2021\\\/09\\\/Foto-3-13-696x464-1.jpg\",\"contentUrl\":\"https:\\\/\\\/www.gesmujer.org\\\/sitio\\\/wp-content\\\/uploads\\\/2021\\\/09\\\/Foto-3-13-696x464-1.jpg\",\"width\":696,\"height\":464},{\"@type\":\"BreadcrumbList\",\"@id\":\"https:\\\/\\\/www.gesmujer.org\\\/sitio\\\/trabajadoras-del-hogar-van-por-reconocimiento-de-derechos-laborales\\\/#breadcrumb\",\"itemListElement\":[{\"@type\":\"ListItem\",\"position\":1,\"name\":\"Home\",\"item\":\"https:\\\/\\\/www.gesmujer.org\\\/sitio\\\/\"},{\"@type\":\"ListItem\",\"position\":2,\"name\":\"Trabajadoras del hogar van por reconocimiento de derechos laborales\"}]},{\"@type\":\"WebSite\",\"@id\":\"https:\\\/\\\/www.gesmujer.org\\\/sitio\\\/#website\",\"url\":\"https:\\\/\\\/www.gesmujer.org\\\/sitio\\\/\",\"name\":\"GESMujer \\\"Rosario Castellanos\\\"\",\"description\":\"M\u00e1s de 45 a\u00f1os ha llevado a cabo acciones para erradicar la violencia de g\u00e9nero y construir entornos donde las mujeres encuentren su resiliencia, incrementen su agencia y autonom\u00eda que les permita lograr su empoderamiento a trav\u00e9s de cinco l\u00edneas de acci\u00f3n.\",\"publisher\":{\"@id\":\"https:\\\/\\\/www.gesmujer.org\\\/sitio\\\/#organization\"},\"alternateName\":\"GESMujer\",\"potentialAction\":[{\"@type\":\"SearchAction\",\"target\":{\"@type\":\"EntryPoint\",\"urlTemplate\":\"https:\\\/\\\/www.gesmujer.org\\\/sitio\\\/?s={search_term_string}\"},\"query-input\":{\"@type\":\"PropertyValueSpecification\",\"valueRequired\":true,\"valueName\":\"search_term_string\"}}],\"inLanguage\":\"es\"},{\"@type\":\"Organization\",\"@id\":\"https:\\\/\\\/www.gesmujer.org\\\/sitio\\\/#organization\",\"name\":\"Grupo de estudios sobre la mujer Rosario Castellanos ac\",\"alternateName\":\"GESMujer\",\"url\":\"https:\\\/\\\/www.gesmujer.org\\\/sitio\\\/\",\"logo\":{\"@type\":\"ImageObject\",\"inLanguage\":\"es\",\"@id\":\"https:\\\/\\\/www.gesmujer.org\\\/sitio\\\/#\\\/schema\\\/logo\\\/image\\\/\",\"url\":\"https:\\\/\\\/www.gesmujer.org\\\/sitio\\\/wp-content\\\/uploads\\\/2026\\\/03\\\/Logo-GESMujer-300.png\",\"contentUrl\":\"https:\\\/\\\/www.gesmujer.org\\\/sitio\\\/wp-content\\\/uploads\\\/2026\\\/03\\\/Logo-GESMujer-300.png\",\"width\":300,\"height\":141,\"caption\":\"Grupo de estudios sobre la mujer Rosario Castellanos ac\"},\"image\":{\"@id\":\"https:\\\/\\\/www.gesmujer.org\\\/sitio\\\/#\\\/schema\\\/logo\\\/image\\\/\"},\"sameAs\":[\"https:\\\/\\\/www.facebook.com\\\/gesmujer.rosario.castellanos.ac\",\"https:\\\/\\\/x.com\\\/GES_Mujer\",\"https:\\\/\\\/www.instagram.com\\\/ges_mujer\\\/?hl=es\",\"https:\\\/\\\/www.youtube.com\\\/c\\\/GESMujerRosarioCastellanos\\\/videos\",\"https:\\\/\\\/soundcloud.com\\\/gesmujerac\",\"https:\\\/\\\/www.tiktok.com\\\/@gesmujer\"]},{\"@type\":\"Person\",\"@id\":\"https:\\\/\\\/www.gesmujer.org\\\/sitio\\\/#\\\/schema\\\/person\\\/50e03387f883646c2714c51783a7e288\",\"name\":\"cendoc\",\"image\":{\"@type\":\"ImageObject\",\"inLanguage\":\"es\",\"@id\":\"https:\\\/\\\/secure.gravatar.com\\\/avatar\\\/2f187338ccb33c33bc1b08e92e2247a6891db221398e12bbc0f5ff0cfc462495?s=96&d=mm&r=g\",\"url\":\"https:\\\/\\\/secure.gravatar.com\\\/avatar\\\/2f187338ccb33c33bc1b08e92e2247a6891db221398e12bbc0f5ff0cfc462495?s=96&d=mm&r=g\",\"contentUrl\":\"https:\\\/\\\/secure.gravatar.com\\\/avatar\\\/2f187338ccb33c33bc1b08e92e2247a6891db221398e12bbc0f5ff0cfc462495?s=96&d=mm&r=g\",\"caption\":\"cendoc\"},\"sameAs\":[\"http:\\\/\\\/gesmujer.org\"],\"url\":\"https:\\\/\\\/www.gesmujer.org\\\/sitio\\\/author\\\/cendoc\\\/\"}]}<\/script>\n<!-- \/ Yoast SEO plugin. -->","yoast_head_json":{"title":"Trabajadoras del hogar van por reconocimiento de derechos laborales - GESMujer &quot;Rosario Castellanos&quot;","robots":{"index":"index","follow":"follow","max-snippet":"max-snippet:-1","max-image-preview":"max-image-preview:large","max-video-preview":"max-video-preview:-1"},"canonical":"https:\/\/www.gesmujer.org\/sitio\/trabajadoras-del-hogar-van-por-reconocimiento-de-derechos-laborales\/","og_locale":"es_MX","og_type":"article","og_title":"Trabajadoras del hogar van por reconocimiento de derechos laborales","og_description":"Con una agenda com\u00fan a favor de las m\u00e1s de 130 mil 461 trabajadoras remuneradas del hogar que existen en Oaxaca, el Grupo de Estudios Sobre la Mujer Rosario Castellanos y el Sindicato Nacional de Trabajadoras y Trabajadores del Hogar (SINACTRAHO), van por el reconocimiento de los derechos para este sector.","og_url":"https:\/\/www.gesmujer.org\/sitio\/trabajadoras-del-hogar-van-por-reconocimiento-de-derechos-laborales\/","og_site_name":"GESMujer &quot;Rosario Castellanos&quot;","article_publisher":"https:\/\/www.facebook.com\/gesmujer.rosario.castellanos.ac","article_published_time":"2021-09-11T22:56:59+00:00","article_modified_time":"2021-09-11T22:57:02+00:00","og_image":[{"width":696,"height":464,"url":"https:\/\/www.gesmujer.org\/sitio\/wp-content\/uploads\/2021\/09\/Foto-3-13-696x464-1.jpg","type":"image\/jpeg"}],"author":"cendoc","twitter_card":"summary_large_image","twitter_title":"Trabajadoras del hogar van por reconocimiento de derechos laborales","twitter_description":"Con una agenda com\u00fan a favor de las m\u00e1s de 130 mil 461 trabajadoras remuneradas del hogar que existen en Oaxaca, el Grupo de Estudios Sobre la Mujer Rosario Castellanos y el Sindicato Nacional de Trabajadoras y Trabajadores del Hogar (SINACTRAHO), van por el reconocimiento de los derechos para este sector.","twitter_image":"https:\/\/www.gesmujer.org\/sitio\/wp-content\/uploads\/2021\/09\/Foto-3-13-696x464-1.jpg","twitter_creator":"@GES_Mujer","twitter_site":"@GES_Mujer","twitter_misc":{"Escrito por":"cendoc","Tiempo de lectura":"2 minutos"},"schema":{"@context":"https:\/\/schema.org","@graph":[{"@type":"Article","@id":"https:\/\/www.gesmujer.org\/sitio\/trabajadoras-del-hogar-van-por-reconocimiento-de-derechos-laborales\/#article","isPartOf":{"@id":"https:\/\/www.gesmujer.org\/sitio\/trabajadoras-del-hogar-van-por-reconocimiento-de-derechos-laborales\/"},"author":{"name":"cendoc","@id":"https:\/\/www.gesmujer.org\/sitio\/#\/schema\/person\/50e03387f883646c2714c51783a7e288"},"headline":"Trabajadoras del hogar van por reconocimiento de derechos laborales","datePublished":"2021-09-11T22:56:59+00:00","dateModified":"2021-09-11T22:57:02+00:00","mainEntityOfPage":{"@id":"https:\/\/www.gesmujer.org\/sitio\/trabajadoras-del-hogar-van-por-reconocimiento-de-derechos-laborales\/"},"wordCount":422,"publisher":{"@id":"https:\/\/www.gesmujer.org\/sitio\/#organization"},"image":{"@id":"https:\/\/www.gesmujer.org\/sitio\/trabajadoras-del-hogar-van-por-reconocimiento-de-derechos-laborales\/#primaryimage"},"thumbnailUrl":"https:\/\/www.gesmujer.org\/sitio\/wp-content\/uploads\/2021\/09\/Foto-3-13-696x464-1.jpg","keywords":["Derechos Mujeres","Equidad de g\u00e9nero","GESMujer","igualdad","mujeres"],"articleSection":["NOTICIAS","portada"],"inLanguage":"es"},{"@type":"WebPage","@id":"https:\/\/www.gesmujer.org\/sitio\/trabajadoras-del-hogar-van-por-reconocimiento-de-derechos-laborales\/","url":"https:\/\/www.gesmujer.org\/sitio\/trabajadoras-del-hogar-van-por-reconocimiento-de-derechos-laborales\/","name":"Trabajadoras del hogar van por reconocimiento de derechos laborales - GESMujer &quot;Rosario Castellanos&quot;","isPartOf":{"@id":"https:\/\/www.gesmujer.org\/sitio\/#website"},"primaryImageOfPage":{"@id":"https:\/\/www.gesmujer.org\/sitio\/trabajadoras-del-hogar-van-por-reconocimiento-de-derechos-laborales\/#primaryimage"},"image":{"@id":"https:\/\/www.gesmujer.org\/sitio\/trabajadoras-del-hogar-van-por-reconocimiento-de-derechos-laborales\/#primaryimage"},"thumbnailUrl":"https:\/\/www.gesmujer.org\/sitio\/wp-content\/uploads\/2021\/09\/Foto-3-13-696x464-1.jpg","datePublished":"2021-09-11T22:56:59+00:00","dateModified":"2021-09-11T22:57:02+00:00","breadcrumb":{"@id":"https:\/\/www.gesmujer.org\/sitio\/trabajadoras-del-hogar-van-por-reconocimiento-de-derechos-laborales\/#breadcrumb"},"inLanguage":"es","potentialAction":[{"@type":"ReadAction","target":["https:\/\/www.gesmujer.org\/sitio\/trabajadoras-del-hogar-van-por-reconocimiento-de-derechos-laborales\/"]}]},{"@type":"ImageObject","inLanguage":"es","@id":"https:\/\/www.gesmujer.org\/sitio\/trabajadoras-del-hogar-van-por-reconocimiento-de-derechos-laborales\/#primaryimage","url":"https:\/\/www.gesmujer.org\/sitio\/wp-content\/uploads\/2021\/09\/Foto-3-13-696x464-1.jpg","contentUrl":"https:\/\/www.gesmujer.org\/sitio\/wp-content\/uploads\/2021\/09\/Foto-3-13-696x464-1.jpg","width":696,"height":464},{"@type":"BreadcrumbList","@id":"https:\/\/www.gesmujer.org\/sitio\/trabajadoras-del-hogar-van-por-reconocimiento-de-derechos-laborales\/#breadcrumb","itemListElement":[{"@type":"ListItem","position":1,"name":"Home","item":"https:\/\/www.gesmujer.org\/sitio\/"},{"@type":"ListItem","position":2,"name":"Trabajadoras del hogar van por reconocimiento de derechos laborales"}]},{"@type":"WebSite","@id":"https:\/\/www.gesmujer.org\/sitio\/#website","url":"https:\/\/www.gesmujer.org\/sitio\/","name":"GESMujer \"Rosario Castellanos\"","description":"M\u00e1s de 45 a\u00f1os ha llevado a cabo acciones para erradicar la violencia de g\u00e9nero y construir entornos donde las mujeres encuentren su resiliencia, incrementen su agencia y autonom\u00eda que les permita lograr su empoderamiento a trav\u00e9s de cinco l\u00edneas de acci\u00f3n.","publisher":{"@id":"https:\/\/www.gesmujer.org\/sitio\/#organization"},"alternateName":"GESMujer","potentialAction":[{"@type":"SearchAction","target":{"@type":"EntryPoint","urlTemplate":"https:\/\/www.gesmujer.org\/sitio\/?s={search_term_string}"},"query-input":{"@type":"PropertyValueSpecification","valueRequired":true,"valueName":"search_term_string"}}],"inLanguage":"es"},{"@type":"Organization","@id":"https:\/\/www.gesmujer.org\/sitio\/#organization","name":"Grupo de estudios sobre la mujer Rosario Castellanos ac","alternateName":"GESMujer","url":"https:\/\/www.gesmujer.org\/sitio\/","logo":{"@type":"ImageObject","inLanguage":"es","@id":"https:\/\/www.gesmujer.org\/sitio\/#\/schema\/logo\/image\/","url":"https:\/\/www.gesmujer.org\/sitio\/wp-content\/uploads\/2026\/03\/Logo-GESMujer-300.png","contentUrl":"https:\/\/www.gesmujer.org\/sitio\/wp-content\/uploads\/2026\/03\/Logo-GESMujer-300.png","width":300,"height":141,"caption":"Grupo de estudios sobre la mujer Rosario Castellanos ac"},"image":{"@id":"https:\/\/www.gesmujer.org\/sitio\/#\/schema\/logo\/image\/"},"sameAs":["https:\/\/www.facebook.com\/gesmujer.rosario.castellanos.ac","https:\/\/x.com\/GES_Mujer","https:\/\/www.instagram.com\/ges_mujer\/?hl=es","https:\/\/www.youtube.com\/c\/GESMujerRosarioCastellanos\/videos","https:\/\/soundcloud.com\/gesmujerac","https:\/\/www.tiktok.com\/@gesmujer"]},{"@type":"Person","@id":"https:\/\/www.gesmujer.org\/sitio\/#\/schema\/person\/50e03387f883646c2714c51783a7e288","name":"cendoc","image":{"@type":"ImageObject","inLanguage":"es","@id":"https:\/\/secure.gravatar.com\/avatar\/2f187338ccb33c33bc1b08e92e2247a6891db221398e12bbc0f5ff0cfc462495?s=96&d=mm&r=g","url":"https:\/\/secure.gravatar.com\/avatar\/2f187338ccb33c33bc1b08e92e2247a6891db221398e12bbc0f5ff0cfc462495?s=96&d=mm&r=g","contentUrl":"https:\/\/secure.gravatar.com\/avatar\/2f187338ccb33c33bc1b08e92e2247a6891db221398e12bbc0f5ff0cfc462495?s=96&d=mm&r=g","caption":"cendoc"},"sameAs":["http:\/\/gesmujer.org"],"url":"https:\/\/www.gesmujer.org\/sitio\/author\/cendoc\/"}]}},"_links":{"self":[{"href":"https:\/\/www.gesmujer.org\/sitio\/wp-json\/wp\/v2\/posts\/23595","targetHints":{"allow":["GET"]}}],"collection":[{"href":"https:\/\/www.gesmujer.org\/sitio\/wp-json\/wp\/v2\/posts"}],"about":[{"href":"https:\/\/www.gesmujer.org\/sitio\/wp-json\/wp\/v2\/types\/post"}],"author":[{"embeddable":true,"href":"https:\/\/www.gesmujer.org\/sitio\/wp-json\/wp\/v2\/users\/4"}],"replies":[{"embeddable":true,"href":"https:\/\/www.gesmujer.org\/sitio\/wp-json\/wp\/v2\/comments?post=23595"}],"version-history":[{"count":1,"href":"https:\/\/www.gesmujer.org\/sitio\/wp-json\/wp\/v2\/posts\/23595\/revisions"}],"predecessor-version":[{"id":23597,"href":"https:\/\/www.gesmujer.org\/sitio\/wp-json\/wp\/v2\/posts\/23595\/revisions\/23597"}],"wp:featuredmedia":[{"embeddable":true,"href":"https:\/\/www.gesmujer.org\/sitio\/wp-json\/wp\/v2\/media\/23596"}],"wp:attachment":[{"href":"https:\/\/www.gesmujer.org\/sitio\/wp-json\/wp\/v2\/media?parent=23595"}],"wp:term":[{"taxonomy":"category","embeddable":true,"href":"https:\/\/www.gesmujer.org\/sitio\/wp-json\/wp\/v2\/categories?post=23595"},{"taxonomy":"post_tag","embeddable":true,"href":"https:\/\/www.gesmujer.org\/sitio\/wp-json\/wp\/v2\/tags?post=23595"}],"curies":[{"name":"wp","href":"https:\/\/api.w.org\/{rel}","templated":true}]}}