{"id":23957,"date":"2021-10-13T12:44:39","date_gmt":"2021-10-13T18:44:39","guid":{"rendered":"https:\/\/www.gesmujer.org\/sitio\/?p=23957"},"modified":"2021-10-13T12:45:04","modified_gmt":"2021-10-13T18:45:04","slug":"salud-mental-para-prevenir-y-combatir-las-adicciones-gesmujer","status":"publish","type":"post","link":"https:\/\/www.gesmujer.org\/sitio\/salud-mental-para-prevenir-y-combatir-las-adicciones-gesmujer\/","title":{"rendered":"Salud mental para prevenir y combatir las adicciones, GESMujer"},"content":{"rendered":"\n<p><strong>Martes 12 de octubre de 2021<\/strong><\/p>\n\n\n\n<p><strong>*Un inadecuado manejo de los problemas emocionales en las y los j\u00f3venes, puede desencadenar en una adicci\u00f3n.<\/strong><\/p>\n\n\n\n<p>Siguiendo con el ciclo de charlas que el Grupo de Estudios sobre la mujer Rosario Castellanos, se encuentra realizando durante octubre, en el marco del 10 de octubre, D\u00eda Mundial de la Salud Mental, este mi\u00e9rcoles 13 del presente mes, se llevar\u00e1 a cabo la charla \u201cSalud mental y adicciones en las y los j\u00f3venes\u201d, con la participaci\u00f3n de la psic\u00f3loga Andrea L\u00f3pez Ram\u00edrez, quien cuenta con la especialidad del manejo terap\u00e9utico de pacientes con problemas de adicciones.<\/p>\n\n\n\n<p>El GESMujer, al ser una organizaci\u00f3n preocupada en el desarrollo y cuidado personal de hombres y mujeres, para tener una vida saludable y libre de todas las formas de violencia, se interesa en propiciar con esta actividad virtual; un espacio en el que se fomente el cuidado de la salud mental, con el fin de desarrollar capacidades que contribuyan en el autocuidado personal.<\/p>\n\n\n\n<p>En esta segunda charla del mes, dedicada a la prevenci\u00f3n y atenci\u00f3n de las adicciones en j\u00f3venes, creemos que es fundamental poner nuevamente la atenci\u00f3n a esta problem\u00e1tica, debido a que estad\u00edsticamente en M\u00e9xico, la Encuesta Nacional de Consumo de Drogas, Alcohol y Tabaco (ENCODAT), identific\u00f3 que el 3.3% de la poblaci\u00f3n en el rango de edad de 10 a 12 a\u00f1os, han consumido drogas ilegales alguna vez en la vida siendo 4.7% hombres y 1.7% mujeres, por otro lado, la incidencia aument\u00f3 entre j\u00f3venes de 16 a 18 , llegando a representar un 17.2%. de quienes un 18.6% son hombres y el15.9% mujeres, demostrando as\u00ed, que la incidencia en este problema de salud no distingue g\u00e9nero, pues estas investigaciones muestran que en muchas ocasiones las adicciones en mujeres son m\u00e1s dif\u00edciles de detectar, dado que se invisibiliza m\u00e1s, debido a que el prejuicio social es m\u00e1s fuerte contra ellas, al considerarlo un problema m\u00e1s frecuente s\u00f3lo en los varones, dificultando as\u00ed una atenci\u00f3n temprana a las adolescentes que caen en las adicciones.<\/p>\n\n\n\n<p>Cabe mencionar, que aunque las adicciones muchas veces se les relaciona con el consumo de sustancias adictivas como el alcohol, tabaco y drogas; es importante se\u00f1alar que entre la poblaci\u00f3n joven, existen tambi\u00e9n h\u00e1bitos nocivos como el excesivo uso de videojuegos, o la constante exposici\u00f3n y consumo de la pornograf\u00eda, como otras maneras en las que se puede desarrollar una conducta adictiva. Por ello, para conocer m\u00e1s acerca de este tema, les invitamos a seguir la transmisi\u00f3n en vivo de la charla, este mi\u00e9rcoles 13 de octubre, en punto de las 5 de la tarde, a trav\u00e9s de la fanpage del GESMujer.<\/p>\n\n\n\n<p>Enlace:&nbsp;<a href=\"https:\/\/www.facebook.com\/gesmujer.rosario.castellanos.ac\" target=\"_blank\" rel=\"noreferrer noopener\">https:\/\/www.facebook.com\/gesmujer.rosario.castellanos.ac<\/a><\/p>\n","protected":false},"excerpt":{"rendered":"<p>Martes 12 de octubre de 2021 *Un inadecuado manejo de los problemas emocionales en las y los j\u00f3venes, puede desencadenar en una adicci\u00f3n. Siguiendo con el ciclo de charlas que el Grupo de Estudios sobre la mujer Rosario Castellanos, se encuentra realizando durante octubre, en el marco del 10 de octubre, D\u00eda Mundial de la [&hellip;]<\/p>\n","protected":false},"author":4,"featured_media":23942,"comment_status":"closed","ping_status":"open","sticky":false,"template":"","format":"standard","meta":{"give_campaign_id":0,"footnotes":""},"categories":[36,3],"tags":[58,80],"class_list":["post-23957","post","type-post","status-publish","format-standard","has-post-thumbnail","hentry","category-comunicados","category-portada","tag-gesmujer","tag-oaxaca"],"yoast_head":"<!-- This site is optimized with the Yoast SEO plugin v27.4 - https:\/\/yoast.com\/product\/yoast-seo-wordpress\/ -->\n<title>Salud mental para prevenir y combatir las adicciones, GESMujer - GESMujer &quot;Rosario Castellanos&quot;<\/title>\n<meta name=\"robots\" content=\"index, follow, max-snippet:-1, max-image-preview:large, max-video-preview:-1\" \/>\n<link rel=\"canonical\" href=\"https:\/\/www.gesmujer.org\/sitio\/salud-mental-para-prevenir-y-combatir-las-adicciones-gesmujer\/\" \/>\n<meta property=\"og:locale\" content=\"es_MX\" \/>\n<meta property=\"og:type\" content=\"article\" \/>\n<meta property=\"og:title\" content=\"Salud mental para prevenir y combatir las adicciones, GESMujer\" \/>\n<meta property=\"og:description\" content=\"Un inadecuado manejo de los problemas emocionales en las y los j\u00f3venes, puede desencadenar en una adicci\u00f3n.\" \/>\n<meta property=\"og:url\" content=\"https:\/\/www.gesmujer.org\/sitio\/salud-mental-para-prevenir-y-combatir-las-adicciones-gesmujer\/\" \/>\n<meta property=\"og:site_name\" content=\"GESMujer &quot;Rosario Castellanos&quot;\" \/>\n<meta property=\"article:publisher\" content=\"https:\/\/www.facebook.com\/gesmujer.rosario.castellanos.ac\" \/>\n<meta property=\"article:published_time\" content=\"2021-10-13T18:44:39+00:00\" \/>\n<meta property=\"article:modified_time\" content=\"2021-10-13T18:45:04+00:00\" \/>\n<meta property=\"og:image\" content=\"https:\/\/www.gesmujer.org\/sitio\/wp-content\/uploads\/2021\/10\/Charla-cuidado-de-la-salud-mental.jpeg\" \/>\n\t<meta property=\"og:image:width\" content=\"1280\" \/>\n\t<meta property=\"og:image:height\" content=\"768\" \/>\n\t<meta property=\"og:image:type\" content=\"image\/jpeg\" \/>\n<meta name=\"author\" content=\"cendoc\" \/>\n<meta name=\"twitter:card\" content=\"summary_large_image\" \/>\n<meta name=\"twitter:title\" content=\"Salud mental para prevenir y combatir las adicciones, GESMujer\" \/>\n<meta name=\"twitter:description\" content=\"Un inadecuado manejo de los problemas emocionales en las y los j\u00f3venes, puede desencadenar en una adicci\u00f3n.\" \/>\n<meta name=\"twitter:image\" content=\"https:\/\/www.gesmujer.org\/sitio\/wp-content\/uploads\/2021\/10\/Charla-cuidado-de-la-salud-mental.jpeg\" \/>\n<meta name=\"twitter:creator\" content=\"@GES_Mujer\" \/>\n<meta name=\"twitter:site\" content=\"@GES_Mujer\" \/>\n<meta name=\"twitter:label1\" content=\"Escrito por\" \/>\n\t<meta name=\"twitter:data1\" content=\"cendoc\" \/>\n\t<meta name=\"twitter:label2\" content=\"Tiempo de lectura\" \/>\n\t<meta name=\"twitter:data2\" content=\"2 minutos\" \/>\n<script type=\"application\/ld+json\" class=\"yoast-schema-graph\">{\"@context\":\"https:\\\/\\\/schema.org\",\"@graph\":[{\"@type\":\"Article\",\"@id\":\"https:\\\/\\\/www.gesmujer.org\\\/sitio\\\/salud-mental-para-prevenir-y-combatir-las-adicciones-gesmujer\\\/#article\",\"isPartOf\":{\"@id\":\"https:\\\/\\\/www.gesmujer.org\\\/sitio\\\/salud-mental-para-prevenir-y-combatir-las-adicciones-gesmujer\\\/\"},\"author\":{\"name\":\"cendoc\",\"@id\":\"https:\\\/\\\/www.gesmujer.org\\\/sitio\\\/#\\\/schema\\\/person\\\/50e03387f883646c2714c51783a7e288\"},\"headline\":\"Salud mental para prevenir y combatir las adicciones, GESMujer\",\"datePublished\":\"2021-10-13T18:44:39+00:00\",\"dateModified\":\"2021-10-13T18:45:04+00:00\",\"mainEntityOfPage\":{\"@id\":\"https:\\\/\\\/www.gesmujer.org\\\/sitio\\\/salud-mental-para-prevenir-y-combatir-las-adicciones-gesmujer\\\/\"},\"wordCount\":481,\"publisher\":{\"@id\":\"https:\\\/\\\/www.gesmujer.org\\\/sitio\\\/#organization\"},\"image\":{\"@id\":\"https:\\\/\\\/www.gesmujer.org\\\/sitio\\\/salud-mental-para-prevenir-y-combatir-las-adicciones-gesmujer\\\/#primaryimage\"},\"thumbnailUrl\":\"https:\\\/\\\/www.gesmujer.org\\\/sitio\\\/wp-content\\\/uploads\\\/2021\\\/10\\\/Charla-cuidado-de-la-salud-mental.jpeg\",\"keywords\":[\"GESMujer\",\"Oaxaca\"],\"articleSection\":[\"COMUNICADOS\",\"portada\"],\"inLanguage\":\"es\"},{\"@type\":\"WebPage\",\"@id\":\"https:\\\/\\\/www.gesmujer.org\\\/sitio\\\/salud-mental-para-prevenir-y-combatir-las-adicciones-gesmujer\\\/\",\"url\":\"https:\\\/\\\/www.gesmujer.org\\\/sitio\\\/salud-mental-para-prevenir-y-combatir-las-adicciones-gesmujer\\\/\",\"name\":\"Salud mental para prevenir y combatir las adicciones, GESMujer - GESMujer &quot;Rosario Castellanos&quot;\",\"isPartOf\":{\"@id\":\"https:\\\/\\\/www.gesmujer.org\\\/sitio\\\/#website\"},\"primaryImageOfPage\":{\"@id\":\"https:\\\/\\\/www.gesmujer.org\\\/sitio\\\/salud-mental-para-prevenir-y-combatir-las-adicciones-gesmujer\\\/#primaryimage\"},\"image\":{\"@id\":\"https:\\\/\\\/www.gesmujer.org\\\/sitio\\\/salud-mental-para-prevenir-y-combatir-las-adicciones-gesmujer\\\/#primaryimage\"},\"thumbnailUrl\":\"https:\\\/\\\/www.gesmujer.org\\\/sitio\\\/wp-content\\\/uploads\\\/2021\\\/10\\\/Charla-cuidado-de-la-salud-mental.jpeg\",\"datePublished\":\"2021-10-13T18:44:39+00:00\",\"dateModified\":\"2021-10-13T18:45:04+00:00\",\"breadcrumb\":{\"@id\":\"https:\\\/\\\/www.gesmujer.org\\\/sitio\\\/salud-mental-para-prevenir-y-combatir-las-adicciones-gesmujer\\\/#breadcrumb\"},\"inLanguage\":\"es\",\"potentialAction\":[{\"@type\":\"ReadAction\",\"target\":[\"https:\\\/\\\/www.gesmujer.org\\\/sitio\\\/salud-mental-para-prevenir-y-combatir-las-adicciones-gesmujer\\\/\"]}]},{\"@type\":\"ImageObject\",\"inLanguage\":\"es\",\"@id\":\"https:\\\/\\\/www.gesmujer.org\\\/sitio\\\/salud-mental-para-prevenir-y-combatir-las-adicciones-gesmujer\\\/#primaryimage\",\"url\":\"https:\\\/\\\/www.gesmujer.org\\\/sitio\\\/wp-content\\\/uploads\\\/2021\\\/10\\\/Charla-cuidado-de-la-salud-mental.jpeg\",\"contentUrl\":\"https:\\\/\\\/www.gesmujer.org\\\/sitio\\\/wp-content\\\/uploads\\\/2021\\\/10\\\/Charla-cuidado-de-la-salud-mental.jpeg\",\"width\":1280,\"height\":768},{\"@type\":\"BreadcrumbList\",\"@id\":\"https:\\\/\\\/www.gesmujer.org\\\/sitio\\\/salud-mental-para-prevenir-y-combatir-las-adicciones-gesmujer\\\/#breadcrumb\",\"itemListElement\":[{\"@type\":\"ListItem\",\"position\":1,\"name\":\"Home\",\"item\":\"https:\\\/\\\/www.gesmujer.org\\\/sitio\\\/\"},{\"@type\":\"ListItem\",\"position\":2,\"name\":\"Salud mental para prevenir y combatir las adicciones, GESMujer\"}]},{\"@type\":\"WebSite\",\"@id\":\"https:\\\/\\\/www.gesmujer.org\\\/sitio\\\/#website\",\"url\":\"https:\\\/\\\/www.gesmujer.org\\\/sitio\\\/\",\"name\":\"GESMujer \\\"Rosario Castellanos\\\"\",\"description\":\"M\u00e1s de 45 a\u00f1os ha llevado a cabo acciones para erradicar la violencia de g\u00e9nero y construir entornos donde las mujeres encuentren su resiliencia, incrementen su agencia y autonom\u00eda que les permita lograr su empoderamiento a trav\u00e9s de cinco l\u00edneas de acci\u00f3n.\",\"publisher\":{\"@id\":\"https:\\\/\\\/www.gesmujer.org\\\/sitio\\\/#organization\"},\"alternateName\":\"GESMujer\",\"potentialAction\":[{\"@type\":\"SearchAction\",\"target\":{\"@type\":\"EntryPoint\",\"urlTemplate\":\"https:\\\/\\\/www.gesmujer.org\\\/sitio\\\/?s={search_term_string}\"},\"query-input\":{\"@type\":\"PropertyValueSpecification\",\"valueRequired\":true,\"valueName\":\"search_term_string\"}}],\"inLanguage\":\"es\"},{\"@type\":\"Organization\",\"@id\":\"https:\\\/\\\/www.gesmujer.org\\\/sitio\\\/#organization\",\"name\":\"Grupo de estudios sobre la mujer Rosario Castellanos ac\",\"alternateName\":\"GESMujer\",\"url\":\"https:\\\/\\\/www.gesmujer.org\\\/sitio\\\/\",\"logo\":{\"@type\":\"ImageObject\",\"inLanguage\":\"es\",\"@id\":\"https:\\\/\\\/www.gesmujer.org\\\/sitio\\\/#\\\/schema\\\/logo\\\/image\\\/\",\"url\":\"https:\\\/\\\/www.gesmujer.org\\\/sitio\\\/wp-content\\\/uploads\\\/2026\\\/03\\\/Logo-GESMujer-300.png\",\"contentUrl\":\"https:\\\/\\\/www.gesmujer.org\\\/sitio\\\/wp-content\\\/uploads\\\/2026\\\/03\\\/Logo-GESMujer-300.png\",\"width\":300,\"height\":141,\"caption\":\"Grupo de estudios sobre la mujer Rosario Castellanos ac\"},\"image\":{\"@id\":\"https:\\\/\\\/www.gesmujer.org\\\/sitio\\\/#\\\/schema\\\/logo\\\/image\\\/\"},\"sameAs\":[\"https:\\\/\\\/www.facebook.com\\\/gesmujer.rosario.castellanos.ac\",\"https:\\\/\\\/x.com\\\/GES_Mujer\",\"https:\\\/\\\/www.instagram.com\\\/ges_mujer\\\/?hl=es\",\"https:\\\/\\\/www.youtube.com\\\/c\\\/GESMujerRosarioCastellanos\\\/videos\",\"https:\\\/\\\/soundcloud.com\\\/gesmujerac\",\"https:\\\/\\\/www.tiktok.com\\\/@gesmujer\"]},{\"@type\":\"Person\",\"@id\":\"https:\\\/\\\/www.gesmujer.org\\\/sitio\\\/#\\\/schema\\\/person\\\/50e03387f883646c2714c51783a7e288\",\"name\":\"cendoc\",\"image\":{\"@type\":\"ImageObject\",\"inLanguage\":\"es\",\"@id\":\"https:\\\/\\\/secure.gravatar.com\\\/avatar\\\/2f187338ccb33c33bc1b08e92e2247a6891db221398e12bbc0f5ff0cfc462495?s=96&d=mm&r=g\",\"url\":\"https:\\\/\\\/secure.gravatar.com\\\/avatar\\\/2f187338ccb33c33bc1b08e92e2247a6891db221398e12bbc0f5ff0cfc462495?s=96&d=mm&r=g\",\"contentUrl\":\"https:\\\/\\\/secure.gravatar.com\\\/avatar\\\/2f187338ccb33c33bc1b08e92e2247a6891db221398e12bbc0f5ff0cfc462495?s=96&d=mm&r=g\",\"caption\":\"cendoc\"},\"sameAs\":[\"http:\\\/\\\/gesmujer.org\"],\"url\":\"https:\\\/\\\/www.gesmujer.org\\\/sitio\\\/author\\\/cendoc\\\/\"}]}<\/script>\n<!-- \/ Yoast SEO plugin. -->","yoast_head_json":{"title":"Salud mental para prevenir y combatir las adicciones, GESMujer - GESMujer &quot;Rosario Castellanos&quot;","robots":{"index":"index","follow":"follow","max-snippet":"max-snippet:-1","max-image-preview":"max-image-preview:large","max-video-preview":"max-video-preview:-1"},"canonical":"https:\/\/www.gesmujer.org\/sitio\/salud-mental-para-prevenir-y-combatir-las-adicciones-gesmujer\/","og_locale":"es_MX","og_type":"article","og_title":"Salud mental para prevenir y combatir las adicciones, GESMujer","og_description":"Un inadecuado manejo de los problemas emocionales en las y los j\u00f3venes, puede desencadenar en una adicci\u00f3n.","og_url":"https:\/\/www.gesmujer.org\/sitio\/salud-mental-para-prevenir-y-combatir-las-adicciones-gesmujer\/","og_site_name":"GESMujer &quot;Rosario Castellanos&quot;","article_publisher":"https:\/\/www.facebook.com\/gesmujer.rosario.castellanos.ac","article_published_time":"2021-10-13T18:44:39+00:00","article_modified_time":"2021-10-13T18:45:04+00:00","og_image":[{"width":1280,"height":768,"url":"https:\/\/www.gesmujer.org\/sitio\/wp-content\/uploads\/2021\/10\/Charla-cuidado-de-la-salud-mental.jpeg","type":"image\/jpeg"}],"author":"cendoc","twitter_card":"summary_large_image","twitter_title":"Salud mental para prevenir y combatir las adicciones, GESMujer","twitter_description":"Un inadecuado manejo de los problemas emocionales en las y los j\u00f3venes, puede desencadenar en una adicci\u00f3n.","twitter_image":"https:\/\/www.gesmujer.org\/sitio\/wp-content\/uploads\/2021\/10\/Charla-cuidado-de-la-salud-mental.jpeg","twitter_creator":"@GES_Mujer","twitter_site":"@GES_Mujer","twitter_misc":{"Escrito por":"cendoc","Tiempo de lectura":"2 minutos"},"schema":{"@context":"https:\/\/schema.org","@graph":[{"@type":"Article","@id":"https:\/\/www.gesmujer.org\/sitio\/salud-mental-para-prevenir-y-combatir-las-adicciones-gesmujer\/#article","isPartOf":{"@id":"https:\/\/www.gesmujer.org\/sitio\/salud-mental-para-prevenir-y-combatir-las-adicciones-gesmujer\/"},"author":{"name":"cendoc","@id":"https:\/\/www.gesmujer.org\/sitio\/#\/schema\/person\/50e03387f883646c2714c51783a7e288"},"headline":"Salud mental para prevenir y combatir las adicciones, GESMujer","datePublished":"2021-10-13T18:44:39+00:00","dateModified":"2021-10-13T18:45:04+00:00","mainEntityOfPage":{"@id":"https:\/\/www.gesmujer.org\/sitio\/salud-mental-para-prevenir-y-combatir-las-adicciones-gesmujer\/"},"wordCount":481,"publisher":{"@id":"https:\/\/www.gesmujer.org\/sitio\/#organization"},"image":{"@id":"https:\/\/www.gesmujer.org\/sitio\/salud-mental-para-prevenir-y-combatir-las-adicciones-gesmujer\/#primaryimage"},"thumbnailUrl":"https:\/\/www.gesmujer.org\/sitio\/wp-content\/uploads\/2021\/10\/Charla-cuidado-de-la-salud-mental.jpeg","keywords":["GESMujer","Oaxaca"],"articleSection":["COMUNICADOS","portada"],"inLanguage":"es"},{"@type":"WebPage","@id":"https:\/\/www.gesmujer.org\/sitio\/salud-mental-para-prevenir-y-combatir-las-adicciones-gesmujer\/","url":"https:\/\/www.gesmujer.org\/sitio\/salud-mental-para-prevenir-y-combatir-las-adicciones-gesmujer\/","name":"Salud mental para prevenir y combatir las adicciones, GESMujer - GESMujer &quot;Rosario Castellanos&quot;","isPartOf":{"@id":"https:\/\/www.gesmujer.org\/sitio\/#website"},"primaryImageOfPage":{"@id":"https:\/\/www.gesmujer.org\/sitio\/salud-mental-para-prevenir-y-combatir-las-adicciones-gesmujer\/#primaryimage"},"image":{"@id":"https:\/\/www.gesmujer.org\/sitio\/salud-mental-para-prevenir-y-combatir-las-adicciones-gesmujer\/#primaryimage"},"thumbnailUrl":"https:\/\/www.gesmujer.org\/sitio\/wp-content\/uploads\/2021\/10\/Charla-cuidado-de-la-salud-mental.jpeg","datePublished":"2021-10-13T18:44:39+00:00","dateModified":"2021-10-13T18:45:04+00:00","breadcrumb":{"@id":"https:\/\/www.gesmujer.org\/sitio\/salud-mental-para-prevenir-y-combatir-las-adicciones-gesmujer\/#breadcrumb"},"inLanguage":"es","potentialAction":[{"@type":"ReadAction","target":["https:\/\/www.gesmujer.org\/sitio\/salud-mental-para-prevenir-y-combatir-las-adicciones-gesmujer\/"]}]},{"@type":"ImageObject","inLanguage":"es","@id":"https:\/\/www.gesmujer.org\/sitio\/salud-mental-para-prevenir-y-combatir-las-adicciones-gesmujer\/#primaryimage","url":"https:\/\/www.gesmujer.org\/sitio\/wp-content\/uploads\/2021\/10\/Charla-cuidado-de-la-salud-mental.jpeg","contentUrl":"https:\/\/www.gesmujer.org\/sitio\/wp-content\/uploads\/2021\/10\/Charla-cuidado-de-la-salud-mental.jpeg","width":1280,"height":768},{"@type":"BreadcrumbList","@id":"https:\/\/www.gesmujer.org\/sitio\/salud-mental-para-prevenir-y-combatir-las-adicciones-gesmujer\/#breadcrumb","itemListElement":[{"@type":"ListItem","position":1,"name":"Home","item":"https:\/\/www.gesmujer.org\/sitio\/"},{"@type":"ListItem","position":2,"name":"Salud mental para prevenir y combatir las adicciones, GESMujer"}]},{"@type":"WebSite","@id":"https:\/\/www.gesmujer.org\/sitio\/#website","url":"https:\/\/www.gesmujer.org\/sitio\/","name":"GESMujer \"Rosario Castellanos\"","description":"M\u00e1s de 45 a\u00f1os ha llevado a cabo acciones para erradicar la violencia de g\u00e9nero y construir entornos donde las mujeres encuentren su resiliencia, incrementen su agencia y autonom\u00eda que les permita lograr su empoderamiento a trav\u00e9s de cinco l\u00edneas de acci\u00f3n.","publisher":{"@id":"https:\/\/www.gesmujer.org\/sitio\/#organization"},"alternateName":"GESMujer","potentialAction":[{"@type":"SearchAction","target":{"@type":"EntryPoint","urlTemplate":"https:\/\/www.gesmujer.org\/sitio\/?s={search_term_string}"},"query-input":{"@type":"PropertyValueSpecification","valueRequired":true,"valueName":"search_term_string"}}],"inLanguage":"es"},{"@type":"Organization","@id":"https:\/\/www.gesmujer.org\/sitio\/#organization","name":"Grupo de estudios sobre la mujer Rosario Castellanos ac","alternateName":"GESMujer","url":"https:\/\/www.gesmujer.org\/sitio\/","logo":{"@type":"ImageObject","inLanguage":"es","@id":"https:\/\/www.gesmujer.org\/sitio\/#\/schema\/logo\/image\/","url":"https:\/\/www.gesmujer.org\/sitio\/wp-content\/uploads\/2026\/03\/Logo-GESMujer-300.png","contentUrl":"https:\/\/www.gesmujer.org\/sitio\/wp-content\/uploads\/2026\/03\/Logo-GESMujer-300.png","width":300,"height":141,"caption":"Grupo de estudios sobre la mujer Rosario Castellanos ac"},"image":{"@id":"https:\/\/www.gesmujer.org\/sitio\/#\/schema\/logo\/image\/"},"sameAs":["https:\/\/www.facebook.com\/gesmujer.rosario.castellanos.ac","https:\/\/x.com\/GES_Mujer","https:\/\/www.instagram.com\/ges_mujer\/?hl=es","https:\/\/www.youtube.com\/c\/GESMujerRosarioCastellanos\/videos","https:\/\/soundcloud.com\/gesmujerac","https:\/\/www.tiktok.com\/@gesmujer"]},{"@type":"Person","@id":"https:\/\/www.gesmujer.org\/sitio\/#\/schema\/person\/50e03387f883646c2714c51783a7e288","name":"cendoc","image":{"@type":"ImageObject","inLanguage":"es","@id":"https:\/\/secure.gravatar.com\/avatar\/2f187338ccb33c33bc1b08e92e2247a6891db221398e12bbc0f5ff0cfc462495?s=96&d=mm&r=g","url":"https:\/\/secure.gravatar.com\/avatar\/2f187338ccb33c33bc1b08e92e2247a6891db221398e12bbc0f5ff0cfc462495?s=96&d=mm&r=g","contentUrl":"https:\/\/secure.gravatar.com\/avatar\/2f187338ccb33c33bc1b08e92e2247a6891db221398e12bbc0f5ff0cfc462495?s=96&d=mm&r=g","caption":"cendoc"},"sameAs":["http:\/\/gesmujer.org"],"url":"https:\/\/www.gesmujer.org\/sitio\/author\/cendoc\/"}]}},"_links":{"self":[{"href":"https:\/\/www.gesmujer.org\/sitio\/wp-json\/wp\/v2\/posts\/23957","targetHints":{"allow":["GET"]}}],"collection":[{"href":"https:\/\/www.gesmujer.org\/sitio\/wp-json\/wp\/v2\/posts"}],"about":[{"href":"https:\/\/www.gesmujer.org\/sitio\/wp-json\/wp\/v2\/types\/post"}],"author":[{"embeddable":true,"href":"https:\/\/www.gesmujer.org\/sitio\/wp-json\/wp\/v2\/users\/4"}],"replies":[{"embeddable":true,"href":"https:\/\/www.gesmujer.org\/sitio\/wp-json\/wp\/v2\/comments?post=23957"}],"version-history":[{"count":1,"href":"https:\/\/www.gesmujer.org\/sitio\/wp-json\/wp\/v2\/posts\/23957\/revisions"}],"predecessor-version":[{"id":23958,"href":"https:\/\/www.gesmujer.org\/sitio\/wp-json\/wp\/v2\/posts\/23957\/revisions\/23958"}],"wp:featuredmedia":[{"embeddable":true,"href":"https:\/\/www.gesmujer.org\/sitio\/wp-json\/wp\/v2\/media\/23942"}],"wp:attachment":[{"href":"https:\/\/www.gesmujer.org\/sitio\/wp-json\/wp\/v2\/media?parent=23957"}],"wp:term":[{"taxonomy":"category","embeddable":true,"href":"https:\/\/www.gesmujer.org\/sitio\/wp-json\/wp\/v2\/categories?post=23957"},{"taxonomy":"post_tag","embeddable":true,"href":"https:\/\/www.gesmujer.org\/sitio\/wp-json\/wp\/v2\/tags?post=23957"}],"curies":[{"name":"wp","href":"https:\/\/api.w.org\/{rel}","templated":true}]}}