{"id":2434,"date":"2017-05-13T18:31:39","date_gmt":"2017-05-14T00:31:39","guid":{"rendered":"http:\/\/www.gesmujer.org\/sitio\/?p=2434"},"modified":"2024-04-05T14:59:02","modified_gmt":"2024-04-05T20:59:02","slug":"se-crea-la-comision-de-mujeres-empresarias-coparmex","status":"publish","type":"post","link":"https:\/\/www.gesmujer.org\/sitio\/se-crea-la-comision-de-mujeres-empresarias-coparmex\/","title":{"rendered":"Se crea la Comisi\u00f3n de Mujeres Empresarias Coparmex"},"content":{"rendered":"<p>Comunicado Coparmex Oaxaca.<\/p>\n<p><img fetchpriority=\"high\" decoding=\"async\" class=\"aligncenter size-full wp-image-2435\" src=\"http:\/\/www.gesmujer.org\/SITIO\/wp-content\/uploads\/\/2017\/05\/IMG_1466.jpg\" alt=\"\" width=\"3264\" height=\"2448\" \/>Con la finalidad de promover las garant\u00edas de los derechos y la dignidad de las y los empresarios, en un marco de igualdad de oportunidades, se instala la Comisi\u00f3n de Mujeres Empresarias de la COPARMEX Oaxaca.\u00a0 Claudia Guzm\u00e1n Gonz\u00e1lez, Presidenta de esta Comisi\u00f3n en la Ciudad de M\u00e9xico, fue la anfitriona en la toma de protesta que Ra\u00fal Ruiz Robles, Presidente del Centro Empresarial de Oaxaca, le rindi\u00f3 a Aurora Arieta Parada qui\u00e9n estar\u00e1 al mando de las acciones y compromisos de esta naciente Comisi\u00f3n en Oaxaca.<\/p>\n<p>En el marco de un desayuno realizado este s\u00e1bado 13 de mayo para tener un encuentro y acercamiento con mujeres periodistas de esta entidad, se present\u00f3 el plan de trabajo de esta comisi\u00f3n, estructura y los objetivos estrat\u00e9gicos, alineados a tres ejes que son: la educaci\u00f3n, la erradicaci\u00f3n de la violencia por raz\u00f3n de g\u00e9nero y la participaci\u00f3n ciudadana y pol\u00edtica de las mujeres oaxaque\u00f1as.<\/p>\n<p>Si bien las cifras y estad\u00edsticas referentes a la desigualdad social y discriminaci\u00f3n de g\u00e9nero, son alarmantes en nuestro estado, el objetivo principal de la Comisi\u00f3n, no es denunciar lo que ya sabemos que nos afecta como sociedad, sino realizar acciones \u00a0de trabajo estrat\u00e9gicas que impulsen la igualdad de condiciones, la equidad y prevengan toda situaci\u00f3n de violencia hacia las mujeres.<\/p>\n<p>Para esto, se generar\u00e1n alianzas de fundamental importancia con el Grupo de Estudios Sobre la Mujer Rosario Castellanos (GESMujer) y con Fondo Ventura, as\u00ed como con el Instituto Electoral del Distrito Federal, a trav\u00e9s de Carlos Gonz\u00e1lez, Consejero Electoral de esta instancia y en materia de educaci\u00f3n con la Universidad Tecnol\u00f3gica de los Valles Centrales de Oaxaca, \u00a0mediante su rectora Nydia Delhi Mata, formadora de emprendedoras y futuras empresarias. Amablemente, se suman como integrantes del cuerpo asesor de esta Comisi\u00f3n y fortalecer\u00e1n la competitividad de las empresas lideradas mayoritariamente por mujeres.<\/p>\n<p>Con la creaci\u00f3n de la Comisi\u00f3n de Mujeres Empresarias, COPARMEX Oaxaca reafirma su compromiso de ser un actor de cambio que favorezca el desarrollo inclusivo, social, pol\u00edtico y econ\u00f3mico de Oaxaca.\u00a0 El Centro Empresarial de Oaxaca, S.P. abre sus brazos a las mujeres empresarias para que de la mano, se trace la ruta que nos encamine hacia la igualdad de g\u00e9nero. Bienvenidas todas y todos.  <!--codes_iframe--><!--\/codes_iframe--><\/p>\n","protected":false},"excerpt":{"rendered":"<p>Comunicado Coparmex Oaxaca. Con la finalidad de promover las garant\u00edas de los derechos y la dignidad de las y los empresarios, en un marco de igualdad de oportunidades, se instala la Comisi\u00f3n de Mujeres Empresarias de la COPARMEX Oaxaca.\u00a0 Claudia Guzm\u00e1n Gonz\u00e1lez, Presidenta de esta Comisi\u00f3n en la Ciudad de M\u00e9xico, fue la anfitriona en [&hellip;]<\/p>\n","protected":false},"author":4,"featured_media":2435,"comment_status":"closed","ping_status":"open","sticky":false,"template":"","format":"standard","meta":{"give_campaign_id":0,"footnotes":""},"categories":[91,32,3],"tags":[60,63,58,39,9],"class_list":["post-2434","post","type-post","status-publish","format-standard","has-post-thumbnail","hentry","category-notas","category-novedades","category-portada","tag-derechos-mujeres","tag-equidad-de-genero","tag-gesmujer","tag-igualdad","tag-liderazgo"],"yoast_head":"<!-- This site is optimized with the Yoast SEO plugin v27.4 - https:\/\/yoast.com\/product\/yoast-seo-wordpress\/ -->\n<title>Se crea la Comisi\u00f3n de Mujeres Empresarias Coparmex - GESMujer &quot;Rosario Castellanos&quot;<\/title>\n<meta name=\"robots\" content=\"index, follow, max-snippet:-1, max-image-preview:large, max-video-preview:-1\" \/>\n<link rel=\"canonical\" href=\"https:\/\/www.gesmujer.org\/sitio\/se-crea-la-comision-de-mujeres-empresarias-coparmex\/\" \/>\n<meta property=\"og:locale\" content=\"es_MX\" \/>\n<meta property=\"og:type\" content=\"article\" \/>\n<meta property=\"og:title\" content=\"Se crea la Comisi\u00f3n de Mujeres Empresarias Coparmex - GESMujer &quot;Rosario Castellanos&quot;\" \/>\n<meta property=\"og:description\" content=\"Comunicado Coparmex Oaxaca. Con la finalidad de promover las garant\u00edas de los derechos y la dignidad de las y los empresarios, en un marco de igualdad de oportunidades, se instala la Comisi\u00f3n de Mujeres Empresarias de la COPARMEX Oaxaca.\u00a0 Claudia Guzm\u00e1n Gonz\u00e1lez, Presidenta de esta Comisi\u00f3n en la Ciudad de M\u00e9xico, fue la anfitriona en [&hellip;]\" \/>\n<meta property=\"og:url\" content=\"https:\/\/www.gesmujer.org\/sitio\/se-crea-la-comision-de-mujeres-empresarias-coparmex\/\" \/>\n<meta property=\"og:site_name\" content=\"GESMujer &quot;Rosario Castellanos&quot;\" \/>\n<meta property=\"article:publisher\" content=\"https:\/\/www.facebook.com\/gesmujer.rosario.castellanos.ac\" \/>\n<meta property=\"article:published_time\" content=\"2017-05-14T00:31:39+00:00\" \/>\n<meta property=\"article:modified_time\" content=\"2024-04-05T20:59:02+00:00\" \/>\n<meta property=\"og:image\" content=\"https:\/\/www.gesmujer.org\/sitio\/wp-content\/uploads\/2017\/05\/IMG_1466-scaled.jpg\" \/>\n\t<meta property=\"og:image:width\" content=\"2560\" \/>\n\t<meta property=\"og:image:height\" content=\"1920\" \/>\n\t<meta property=\"og:image:type\" content=\"image\/jpeg\" \/>\n<meta name=\"author\" content=\"cendoc\" \/>\n<meta name=\"twitter:card\" content=\"summary_large_image\" \/>\n<meta name=\"twitter:creator\" content=\"@GES_Mujer\" \/>\n<meta name=\"twitter:site\" content=\"@GES_Mujer\" \/>\n<meta name=\"twitter:label1\" content=\"Escrito por\" \/>\n\t<meta name=\"twitter:data1\" content=\"cendoc\" \/>\n\t<meta name=\"twitter:label2\" content=\"Tiempo de lectura\" \/>\n\t<meta name=\"twitter:data2\" content=\"2 minutos\" \/>\n<script type=\"application\/ld+json\" class=\"yoast-schema-graph\">{\"@context\":\"https:\\\/\\\/schema.org\",\"@graph\":[{\"@type\":\"Article\",\"@id\":\"https:\\\/\\\/www.gesmujer.org\\\/sitio\\\/se-crea-la-comision-de-mujeres-empresarias-coparmex\\\/#article\",\"isPartOf\":{\"@id\":\"https:\\\/\\\/www.gesmujer.org\\\/sitio\\\/se-crea-la-comision-de-mujeres-empresarias-coparmex\\\/\"},\"author\":{\"name\":\"cendoc\",\"@id\":\"https:\\\/\\\/www.gesmujer.org\\\/sitio\\\/#\\\/schema\\\/person\\\/50e03387f883646c2714c51783a7e288\"},\"headline\":\"Se crea la Comisi\u00f3n de Mujeres Empresarias Coparmex\",\"datePublished\":\"2017-05-14T00:31:39+00:00\",\"dateModified\":\"2024-04-05T20:59:02+00:00\",\"mainEntityOfPage\":{\"@id\":\"https:\\\/\\\/www.gesmujer.org\\\/sitio\\\/se-crea-la-comision-de-mujeres-empresarias-coparmex\\\/\"},\"wordCount\":418,\"publisher\":{\"@id\":\"https:\\\/\\\/www.gesmujer.org\\\/sitio\\\/#organization\"},\"image\":{\"@id\":\"https:\\\/\\\/www.gesmujer.org\\\/sitio\\\/se-crea-la-comision-de-mujeres-empresarias-coparmex\\\/#primaryimage\"},\"thumbnailUrl\":\"https:\\\/\\\/www.gesmujer.org\\\/sitio\\\/wp-content\\\/uploads\\\/2017\\\/05\\\/IMG_1466-scaled.jpg\",\"keywords\":[\"Derechos Mujeres\",\"Equidad de g\u00e9nero\",\"GESMujer\",\"igualdad\",\"liderazgo\"],\"articleSection\":[\"NOTAS\",\"NOTICIAS\",\"portada\"],\"inLanguage\":\"es\"},{\"@type\":\"WebPage\",\"@id\":\"https:\\\/\\\/www.gesmujer.org\\\/sitio\\\/se-crea-la-comision-de-mujeres-empresarias-coparmex\\\/\",\"url\":\"https:\\\/\\\/www.gesmujer.org\\\/sitio\\\/se-crea-la-comision-de-mujeres-empresarias-coparmex\\\/\",\"name\":\"Se crea la Comisi\u00f3n de Mujeres Empresarias Coparmex - GESMujer &quot;Rosario Castellanos&quot;\",\"isPartOf\":{\"@id\":\"https:\\\/\\\/www.gesmujer.org\\\/sitio\\\/#website\"},\"primaryImageOfPage\":{\"@id\":\"https:\\\/\\\/www.gesmujer.org\\\/sitio\\\/se-crea-la-comision-de-mujeres-empresarias-coparmex\\\/#primaryimage\"},\"image\":{\"@id\":\"https:\\\/\\\/www.gesmujer.org\\\/sitio\\\/se-crea-la-comision-de-mujeres-empresarias-coparmex\\\/#primaryimage\"},\"thumbnailUrl\":\"https:\\\/\\\/www.gesmujer.org\\\/sitio\\\/wp-content\\\/uploads\\\/2017\\\/05\\\/IMG_1466-scaled.jpg\",\"datePublished\":\"2017-05-14T00:31:39+00:00\",\"dateModified\":\"2024-04-05T20:59:02+00:00\",\"breadcrumb\":{\"@id\":\"https:\\\/\\\/www.gesmujer.org\\\/sitio\\\/se-crea-la-comision-de-mujeres-empresarias-coparmex\\\/#breadcrumb\"},\"inLanguage\":\"es\",\"potentialAction\":[{\"@type\":\"ReadAction\",\"target\":[\"https:\\\/\\\/www.gesmujer.org\\\/sitio\\\/se-crea-la-comision-de-mujeres-empresarias-coparmex\\\/\"]}]},{\"@type\":\"ImageObject\",\"inLanguage\":\"es\",\"@id\":\"https:\\\/\\\/www.gesmujer.org\\\/sitio\\\/se-crea-la-comision-de-mujeres-empresarias-coparmex\\\/#primaryimage\",\"url\":\"https:\\\/\\\/www.gesmujer.org\\\/sitio\\\/wp-content\\\/uploads\\\/2017\\\/05\\\/IMG_1466-scaled.jpg\",\"contentUrl\":\"https:\\\/\\\/www.gesmujer.org\\\/sitio\\\/wp-content\\\/uploads\\\/2017\\\/05\\\/IMG_1466-scaled.jpg\",\"width\":2560,\"height\":1920},{\"@type\":\"BreadcrumbList\",\"@id\":\"https:\\\/\\\/www.gesmujer.org\\\/sitio\\\/se-crea-la-comision-de-mujeres-empresarias-coparmex\\\/#breadcrumb\",\"itemListElement\":[{\"@type\":\"ListItem\",\"position\":1,\"name\":\"Home\",\"item\":\"https:\\\/\\\/www.gesmujer.org\\\/sitio\\\/\"},{\"@type\":\"ListItem\",\"position\":2,\"name\":\"Se crea la Comisi\u00f3n de Mujeres Empresarias Coparmex\"}]},{\"@type\":\"WebSite\",\"@id\":\"https:\\\/\\\/www.gesmujer.org\\\/sitio\\\/#website\",\"url\":\"https:\\\/\\\/www.gesmujer.org\\\/sitio\\\/\",\"name\":\"GESMujer \\\"Rosario Castellanos\\\"\",\"description\":\"M\u00e1s de 45 a\u00f1os ha llevado a cabo acciones para erradicar la violencia de g\u00e9nero y construir entornos donde las mujeres encuentren su resiliencia, incrementen su agencia y autonom\u00eda que les permita lograr su empoderamiento a trav\u00e9s de cinco l\u00edneas de acci\u00f3n.\",\"publisher\":{\"@id\":\"https:\\\/\\\/www.gesmujer.org\\\/sitio\\\/#organization\"},\"alternateName\":\"GESMujer\",\"potentialAction\":[{\"@type\":\"SearchAction\",\"target\":{\"@type\":\"EntryPoint\",\"urlTemplate\":\"https:\\\/\\\/www.gesmujer.org\\\/sitio\\\/?s={search_term_string}\"},\"query-input\":{\"@type\":\"PropertyValueSpecification\",\"valueRequired\":true,\"valueName\":\"search_term_string\"}}],\"inLanguage\":\"es\"},{\"@type\":\"Organization\",\"@id\":\"https:\\\/\\\/www.gesmujer.org\\\/sitio\\\/#organization\",\"name\":\"Grupo de estudios sobre la mujer Rosario Castellanos ac\",\"alternateName\":\"GESMujer\",\"url\":\"https:\\\/\\\/www.gesmujer.org\\\/sitio\\\/\",\"logo\":{\"@type\":\"ImageObject\",\"inLanguage\":\"es\",\"@id\":\"https:\\\/\\\/www.gesmujer.org\\\/sitio\\\/#\\\/schema\\\/logo\\\/image\\\/\",\"url\":\"https:\\\/\\\/www.gesmujer.org\\\/sitio\\\/wp-content\\\/uploads\\\/2026\\\/03\\\/Logo-GESMujer-300.png\",\"contentUrl\":\"https:\\\/\\\/www.gesmujer.org\\\/sitio\\\/wp-content\\\/uploads\\\/2026\\\/03\\\/Logo-GESMujer-300.png\",\"width\":300,\"height\":141,\"caption\":\"Grupo de estudios sobre la mujer Rosario Castellanos ac\"},\"image\":{\"@id\":\"https:\\\/\\\/www.gesmujer.org\\\/sitio\\\/#\\\/schema\\\/logo\\\/image\\\/\"},\"sameAs\":[\"https:\\\/\\\/www.facebook.com\\\/gesmujer.rosario.castellanos.ac\",\"https:\\\/\\\/x.com\\\/GES_Mujer\",\"https:\\\/\\\/www.instagram.com\\\/ges_mujer\\\/?hl=es\",\"https:\\\/\\\/www.youtube.com\\\/c\\\/GESMujerRosarioCastellanos\\\/videos\",\"https:\\\/\\\/soundcloud.com\\\/gesmujerac\",\"https:\\\/\\\/www.tiktok.com\\\/@gesmujer\"]},{\"@type\":\"Person\",\"@id\":\"https:\\\/\\\/www.gesmujer.org\\\/sitio\\\/#\\\/schema\\\/person\\\/50e03387f883646c2714c51783a7e288\",\"name\":\"cendoc\",\"image\":{\"@type\":\"ImageObject\",\"inLanguage\":\"es\",\"@id\":\"https:\\\/\\\/secure.gravatar.com\\\/avatar\\\/2f187338ccb33c33bc1b08e92e2247a6891db221398e12bbc0f5ff0cfc462495?s=96&d=mm&r=g\",\"url\":\"https:\\\/\\\/secure.gravatar.com\\\/avatar\\\/2f187338ccb33c33bc1b08e92e2247a6891db221398e12bbc0f5ff0cfc462495?s=96&d=mm&r=g\",\"contentUrl\":\"https:\\\/\\\/secure.gravatar.com\\\/avatar\\\/2f187338ccb33c33bc1b08e92e2247a6891db221398e12bbc0f5ff0cfc462495?s=96&d=mm&r=g\",\"caption\":\"cendoc\"},\"sameAs\":[\"http:\\\/\\\/gesmujer.org\"],\"url\":\"https:\\\/\\\/www.gesmujer.org\\\/sitio\\\/author\\\/cendoc\\\/\"}]}<\/script>\n<!-- \/ Yoast SEO plugin. -->","yoast_head_json":{"title":"Se crea la Comisi\u00f3n de Mujeres Empresarias Coparmex - GESMujer &quot;Rosario Castellanos&quot;","robots":{"index":"index","follow":"follow","max-snippet":"max-snippet:-1","max-image-preview":"max-image-preview:large","max-video-preview":"max-video-preview:-1"},"canonical":"https:\/\/www.gesmujer.org\/sitio\/se-crea-la-comision-de-mujeres-empresarias-coparmex\/","og_locale":"es_MX","og_type":"article","og_title":"Se crea la Comisi\u00f3n de Mujeres Empresarias Coparmex - GESMujer &quot;Rosario Castellanos&quot;","og_description":"Comunicado Coparmex Oaxaca. Con la finalidad de promover las garant\u00edas de los derechos y la dignidad de las y los empresarios, en un marco de igualdad de oportunidades, se instala la Comisi\u00f3n de Mujeres Empresarias de la COPARMEX Oaxaca.\u00a0 Claudia Guzm\u00e1n Gonz\u00e1lez, Presidenta de esta Comisi\u00f3n en la Ciudad de M\u00e9xico, fue la anfitriona en [&hellip;]","og_url":"https:\/\/www.gesmujer.org\/sitio\/se-crea-la-comision-de-mujeres-empresarias-coparmex\/","og_site_name":"GESMujer &quot;Rosario Castellanos&quot;","article_publisher":"https:\/\/www.facebook.com\/gesmujer.rosario.castellanos.ac","article_published_time":"2017-05-14T00:31:39+00:00","article_modified_time":"2024-04-05T20:59:02+00:00","og_image":[{"width":2560,"height":1920,"url":"https:\/\/www.gesmujer.org\/sitio\/wp-content\/uploads\/2017\/05\/IMG_1466-scaled.jpg","type":"image\/jpeg"}],"author":"cendoc","twitter_card":"summary_large_image","twitter_creator":"@GES_Mujer","twitter_site":"@GES_Mujer","twitter_misc":{"Escrito por":"cendoc","Tiempo de lectura":"2 minutos"},"schema":{"@context":"https:\/\/schema.org","@graph":[{"@type":"Article","@id":"https:\/\/www.gesmujer.org\/sitio\/se-crea-la-comision-de-mujeres-empresarias-coparmex\/#article","isPartOf":{"@id":"https:\/\/www.gesmujer.org\/sitio\/se-crea-la-comision-de-mujeres-empresarias-coparmex\/"},"author":{"name":"cendoc","@id":"https:\/\/www.gesmujer.org\/sitio\/#\/schema\/person\/50e03387f883646c2714c51783a7e288"},"headline":"Se crea la Comisi\u00f3n de Mujeres Empresarias Coparmex","datePublished":"2017-05-14T00:31:39+00:00","dateModified":"2024-04-05T20:59:02+00:00","mainEntityOfPage":{"@id":"https:\/\/www.gesmujer.org\/sitio\/se-crea-la-comision-de-mujeres-empresarias-coparmex\/"},"wordCount":418,"publisher":{"@id":"https:\/\/www.gesmujer.org\/sitio\/#organization"},"image":{"@id":"https:\/\/www.gesmujer.org\/sitio\/se-crea-la-comision-de-mujeres-empresarias-coparmex\/#primaryimage"},"thumbnailUrl":"https:\/\/www.gesmujer.org\/sitio\/wp-content\/uploads\/2017\/05\/IMG_1466-scaled.jpg","keywords":["Derechos Mujeres","Equidad de g\u00e9nero","GESMujer","igualdad","liderazgo"],"articleSection":["NOTAS","NOTICIAS","portada"],"inLanguage":"es"},{"@type":"WebPage","@id":"https:\/\/www.gesmujer.org\/sitio\/se-crea-la-comision-de-mujeres-empresarias-coparmex\/","url":"https:\/\/www.gesmujer.org\/sitio\/se-crea-la-comision-de-mujeres-empresarias-coparmex\/","name":"Se crea la Comisi\u00f3n de Mujeres Empresarias Coparmex - GESMujer &quot;Rosario Castellanos&quot;","isPartOf":{"@id":"https:\/\/www.gesmujer.org\/sitio\/#website"},"primaryImageOfPage":{"@id":"https:\/\/www.gesmujer.org\/sitio\/se-crea-la-comision-de-mujeres-empresarias-coparmex\/#primaryimage"},"image":{"@id":"https:\/\/www.gesmujer.org\/sitio\/se-crea-la-comision-de-mujeres-empresarias-coparmex\/#primaryimage"},"thumbnailUrl":"https:\/\/www.gesmujer.org\/sitio\/wp-content\/uploads\/2017\/05\/IMG_1466-scaled.jpg","datePublished":"2017-05-14T00:31:39+00:00","dateModified":"2024-04-05T20:59:02+00:00","breadcrumb":{"@id":"https:\/\/www.gesmujer.org\/sitio\/se-crea-la-comision-de-mujeres-empresarias-coparmex\/#breadcrumb"},"inLanguage":"es","potentialAction":[{"@type":"ReadAction","target":["https:\/\/www.gesmujer.org\/sitio\/se-crea-la-comision-de-mujeres-empresarias-coparmex\/"]}]},{"@type":"ImageObject","inLanguage":"es","@id":"https:\/\/www.gesmujer.org\/sitio\/se-crea-la-comision-de-mujeres-empresarias-coparmex\/#primaryimage","url":"https:\/\/www.gesmujer.org\/sitio\/wp-content\/uploads\/2017\/05\/IMG_1466-scaled.jpg","contentUrl":"https:\/\/www.gesmujer.org\/sitio\/wp-content\/uploads\/2017\/05\/IMG_1466-scaled.jpg","width":2560,"height":1920},{"@type":"BreadcrumbList","@id":"https:\/\/www.gesmujer.org\/sitio\/se-crea-la-comision-de-mujeres-empresarias-coparmex\/#breadcrumb","itemListElement":[{"@type":"ListItem","position":1,"name":"Home","item":"https:\/\/www.gesmujer.org\/sitio\/"},{"@type":"ListItem","position":2,"name":"Se crea la Comisi\u00f3n de Mujeres Empresarias Coparmex"}]},{"@type":"WebSite","@id":"https:\/\/www.gesmujer.org\/sitio\/#website","url":"https:\/\/www.gesmujer.org\/sitio\/","name":"GESMujer \"Rosario Castellanos\"","description":"M\u00e1s de 45 a\u00f1os ha llevado a cabo acciones para erradicar la violencia de g\u00e9nero y construir entornos donde las mujeres encuentren su resiliencia, incrementen su agencia y autonom\u00eda que les permita lograr su empoderamiento a trav\u00e9s de cinco l\u00edneas de acci\u00f3n.","publisher":{"@id":"https:\/\/www.gesmujer.org\/sitio\/#organization"},"alternateName":"GESMujer","potentialAction":[{"@type":"SearchAction","target":{"@type":"EntryPoint","urlTemplate":"https:\/\/www.gesmujer.org\/sitio\/?s={search_term_string}"},"query-input":{"@type":"PropertyValueSpecification","valueRequired":true,"valueName":"search_term_string"}}],"inLanguage":"es"},{"@type":"Organization","@id":"https:\/\/www.gesmujer.org\/sitio\/#organization","name":"Grupo de estudios sobre la mujer Rosario Castellanos ac","alternateName":"GESMujer","url":"https:\/\/www.gesmujer.org\/sitio\/","logo":{"@type":"ImageObject","inLanguage":"es","@id":"https:\/\/www.gesmujer.org\/sitio\/#\/schema\/logo\/image\/","url":"https:\/\/www.gesmujer.org\/sitio\/wp-content\/uploads\/2026\/03\/Logo-GESMujer-300.png","contentUrl":"https:\/\/www.gesmujer.org\/sitio\/wp-content\/uploads\/2026\/03\/Logo-GESMujer-300.png","width":300,"height":141,"caption":"Grupo de estudios sobre la mujer Rosario Castellanos ac"},"image":{"@id":"https:\/\/www.gesmujer.org\/sitio\/#\/schema\/logo\/image\/"},"sameAs":["https:\/\/www.facebook.com\/gesmujer.rosario.castellanos.ac","https:\/\/x.com\/GES_Mujer","https:\/\/www.instagram.com\/ges_mujer\/?hl=es","https:\/\/www.youtube.com\/c\/GESMujerRosarioCastellanos\/videos","https:\/\/soundcloud.com\/gesmujerac","https:\/\/www.tiktok.com\/@gesmujer"]},{"@type":"Person","@id":"https:\/\/www.gesmujer.org\/sitio\/#\/schema\/person\/50e03387f883646c2714c51783a7e288","name":"cendoc","image":{"@type":"ImageObject","inLanguage":"es","@id":"https:\/\/secure.gravatar.com\/avatar\/2f187338ccb33c33bc1b08e92e2247a6891db221398e12bbc0f5ff0cfc462495?s=96&d=mm&r=g","url":"https:\/\/secure.gravatar.com\/avatar\/2f187338ccb33c33bc1b08e92e2247a6891db221398e12bbc0f5ff0cfc462495?s=96&d=mm&r=g","contentUrl":"https:\/\/secure.gravatar.com\/avatar\/2f187338ccb33c33bc1b08e92e2247a6891db221398e12bbc0f5ff0cfc462495?s=96&d=mm&r=g","caption":"cendoc"},"sameAs":["http:\/\/gesmujer.org"],"url":"https:\/\/www.gesmujer.org\/sitio\/author\/cendoc\/"}]}},"_links":{"self":[{"href":"https:\/\/www.gesmujer.org\/sitio\/wp-json\/wp\/v2\/posts\/2434","targetHints":{"allow":["GET"]}}],"collection":[{"href":"https:\/\/www.gesmujer.org\/sitio\/wp-json\/wp\/v2\/posts"}],"about":[{"href":"https:\/\/www.gesmujer.org\/sitio\/wp-json\/wp\/v2\/types\/post"}],"author":[{"embeddable":true,"href":"https:\/\/www.gesmujer.org\/sitio\/wp-json\/wp\/v2\/users\/4"}],"replies":[{"embeddable":true,"href":"https:\/\/www.gesmujer.org\/sitio\/wp-json\/wp\/v2\/comments?post=2434"}],"version-history":[{"count":5,"href":"https:\/\/www.gesmujer.org\/sitio\/wp-json\/wp\/v2\/posts\/2434\/revisions"}],"predecessor-version":[{"id":58527,"href":"https:\/\/www.gesmujer.org\/sitio\/wp-json\/wp\/v2\/posts\/2434\/revisions\/58527"}],"wp:featuredmedia":[{"embeddable":true,"href":"https:\/\/www.gesmujer.org\/sitio\/wp-json\/wp\/v2\/media\/2435"}],"wp:attachment":[{"href":"https:\/\/www.gesmujer.org\/sitio\/wp-json\/wp\/v2\/media?parent=2434"}],"wp:term":[{"taxonomy":"category","embeddable":true,"href":"https:\/\/www.gesmujer.org\/sitio\/wp-json\/wp\/v2\/categories?post=2434"},{"taxonomy":"post_tag","embeddable":true,"href":"https:\/\/www.gesmujer.org\/sitio\/wp-json\/wp\/v2\/tags?post=2434"}],"curies":[{"name":"wp","href":"https:\/\/api.w.org\/{rel}","templated":true}]}}