{"id":25274,"date":"2022-04-18T08:37:04","date_gmt":"2022-04-18T14:37:04","guid":{"rendered":"https:\/\/www.gesmujer.org\/sitio\/?p=25274"},"modified":"2022-04-18T08:37:06","modified_gmt":"2022-04-18T14:37:06","slug":"oaxaca-tras-aparecer-con-vida-adolescente-aisha-la-criminalizan-en-redes-y-medios","status":"publish","type":"post","link":"https:\/\/www.gesmujer.org\/sitio\/oaxaca-tras-aparecer-con-vida-adolescente-aisha-la-criminalizan-en-redes-y-medios\/","title":{"rendered":"Oaxaca: Tras aparecer con vida adolescente Aisha, la criminalizan en redes y medios"},"content":{"rendered":"\n<p><strong>Diana Manzo, Lunes 18 de Abril del 2022, Aristegui Noticias.-<\/strong> <strong>La aparici\u00f3n con vida de la adolescente Aisha de 15 a\u00f1os de edad,<\/strong>\u00a0buscada por todos los medios -alerta amber y rosa- ha causado una\u00a0<strong>ola de criminalizaci\u00f3n y violencia en su contra,<\/strong>\u00a0que incluye a la sociedad y medios de comunicaci\u00f3n en Oaxaca.<\/p>\n\n\n\n<p>Bast\u00f3 con qu\u00e9 la Fiscal\u00eda de Oaxaca precisar\u00e1 en su comunicado, que\u00a0<strong>fue localizada ayer s\u00e1bado por la noche junto con una mujer mayor de edad,<\/strong>\u00a0para que, las redes sociales tuvieran combustible para juzgarla y revictimizarla.<\/p>\n\n\n\n<p><strong>Frases como \u201cNo andaba muerta, ni secuestrada ni retenida\u201d<\/strong>&nbsp;o de \u201cutilizaron a los medios de comunicaci\u00f3n\u201d o \u201cDenle un castigo por irse sin avisar\u201d se leen en diversos comentarios donde aparece su fotograf\u00eda.<\/p>\n\n\n\n<p>Aisha est\u00e1 viva y eso hay que celebrarlo, pero parece que eso es un pecado, se\u00f1alaron feministas oaxaque\u00f1as, quienes&nbsp;<strong>lamentaron la violencia social y la ola de revictimizaci\u00f3n que hay en su contra en las redes sociales.<\/strong><\/p>\n\n\n\n<p><strong>Dijeron que Aisha corri\u00f3 con suerte, no as\u00ed la adolescente afromexicana Frida Alondra de 13 a\u00f1os de edad,<\/strong>\u00a0qui\u00e9n fue hallada sin vida el pasado martes en el municipio de San Juan Bautista Lo de Soto, Oaxaca, cuatro d\u00edas despu\u00e9s de su desaparici\u00f3n.<\/p>\n\n\n\n<p><strong>\u201cNi vivas ni muertas paran las criminalizaciones y revictimizaciones contra las mujeres y ni\u00f1as<\/strong>\u00a0v\u00edctimas de desaparici\u00f3n forzada, y eso causa una profunda preocupaci\u00f3n\u201d extern\u00f3 Ang\u00e9lica Ayala, directora del Grupo de Estudios para la Mujer \u201cRosario Castellanos\u201d.<\/p>\n\n\n\n<figure class=\"wp-block-image\"><img decoding=\"async\" src=\"https:\/\/pbs.twimg.com\/media\/FQg_XiHWQAALPst?format=jpg&amp;name=small\" alt=\"Image\"\/><\/figure>\n\n\n\n<p>Como integrante del movimiento feminista, enfatiz\u00f3 que\u00a0<strong>las conductas de linchamiento y de violencia en las redes sociales son mecanismos que desalientan la denuncia inmediata<\/strong>\u00a0para otras victimas de desaparici\u00f3n forzada, que lamentablemente muchas de ellas terminan en feminicidios.<\/p>\n\n\n\n<p>\u201cExigimos la implementaci\u00f3n de protocolos de b\u00fasqueda inmediata porque desafortunadamente las mujeres nos enfrentamos a una violencia social inadmisible, porque si son localizadas sin vida se cuestiona la hora, la forma de vestir y circunstancias,&nbsp;<strong>lo mismo ocurre si son halladas con vida, lo cual denota el machismo y la misoginia visible en la sociedad oaxaque\u00f1a\u201d,<\/strong>&nbsp;agreg\u00f3.<\/p>\n\n\n\n<p>Por su parte,\u00a0<strong>Erika Lilia D\u00edaz,<\/strong>\u00a0coordinadora de la colectiva \u201cLuna del Sur\u201d se\u00f1al\u00f3 que, lo que vive Aisha a ra\u00edz de su aparici\u00f3n es una injusticia social, que\u00a0<strong>refuerza los patrones de machismo y violencia contra las mujeres, y que cada vez va peor.<\/strong><\/p>\n\n\n\n<p>\u201cEs muy penoso los actos de<strong>&nbsp;escarnio, se\u00f1alamiento y violencia comunitaria que surgieron a partir de la aparici\u00f3n de Aisha<\/strong>&nbsp;y que ocurren tambi\u00e9n cuando hay un feminicidio, y eso es muy cruel, porque las mujeres seguimos siendo se\u00f1aladas, enjuiciadas por hacer y no hacer\u201d, recalc\u00f3.<\/p>\n\n\n\n<p>Adem\u00e1s del hallazgo de Aisha, las autoridades de justicia confirmaron que junto con la Coordinaci\u00f3n Nacional Antisecuestro (Conase) y la Secretar\u00eda de Seguridad P\u00fablic<strong>a localizaron este fin de semana a otras 11 personas<\/strong>, entre mujeres, ni\u00f1as y ni\u00f1os y adolescentes que estaban reportados como desaparecidos en Oaxaca.<\/p>\n\n\n\n<p>Fuente: https:\/\/aristeguinoticias.com\/1804\/mexico\/oaxaca-tras-aparecer-con-vida-adolescente-aisha-la-criminalizan-en-redes-y-medios\/<\/p>\n","protected":false},"excerpt":{"rendered":"<p>Diana Manzo, Lunes 18 de Abril del 2022, Aristegui Noticias.- La aparici\u00f3n con vida de la adolescente Aisha de 15 a\u00f1os de edad,\u00a0buscada por todos los medios -alerta amber y rosa- ha causado una\u00a0ola de criminalizaci\u00f3n y violencia en su contra,\u00a0que incluye a la sociedad y medios de comunicaci\u00f3n en Oaxaca. Bast\u00f3 con qu\u00e9 la [&hellip;]<\/p>\n","protected":false},"author":4,"featured_media":25275,"comment_status":"closed","ping_status":"open","sticky":false,"template":"","format":"standard","meta":{"give_campaign_id":0,"footnotes":""},"categories":[32,3],"tags":[60,58,77],"class_list":["post-25274","post","type-post","status-publish","format-standard","has-post-thumbnail","hentry","category-novedades","category-portada","tag-derechos-mujeres","tag-gesmujer","tag-mujeres-indigenas"],"yoast_head":"<!-- This site is optimized with the Yoast SEO plugin v27.4 - https:\/\/yoast.com\/product\/yoast-seo-wordpress\/ -->\n<title>Oaxaca: Tras aparecer con vida adolescente Aisha, la criminalizan en redes y medios - GESMujer &quot;Rosario Castellanos&quot;<\/title>\n<meta name=\"robots\" content=\"index, follow, max-snippet:-1, max-image-preview:large, max-video-preview:-1\" \/>\n<link rel=\"canonical\" href=\"https:\/\/www.gesmujer.org\/sitio\/oaxaca-tras-aparecer-con-vida-adolescente-aisha-la-criminalizan-en-redes-y-medios\/\" \/>\n<meta property=\"og:locale\" content=\"es_MX\" \/>\n<meta property=\"og:type\" content=\"article\" \/>\n<meta property=\"og:title\" content=\"Oaxaca: Tras aparecer con vida adolescente Aisha, la criminalizan en redes y medios\" \/>\n<meta property=\"og:description\" content=\"Feministas expresaron su preocupaci\u00f3n por las conductas de linchamiento y de violencia en las redes sociales, ya que desalientan las denuncias.\" \/>\n<meta property=\"og:url\" content=\"https:\/\/www.gesmujer.org\/sitio\/oaxaca-tras-aparecer-con-vida-adolescente-aisha-la-criminalizan-en-redes-y-medios\/\" \/>\n<meta property=\"og:site_name\" content=\"GESMujer &quot;Rosario Castellanos&quot;\" \/>\n<meta property=\"article:publisher\" content=\"https:\/\/www.facebook.com\/gesmujer.rosario.castellanos.ac\" \/>\n<meta property=\"article:published_time\" content=\"2022-04-18T14:37:04+00:00\" \/>\n<meta property=\"article:modified_time\" content=\"2022-04-18T14:37:06+00:00\" \/>\n<meta property=\"og:image\" content=\"https:\/\/www.gesmujer.org\/sitio\/wp-content\/uploads\/2022\/04\/aisha-localizada-oaxaca.jpg\" \/>\n\t<meta property=\"og:image:width\" content=\"1200\" \/>\n\t<meta property=\"og:image:height\" content=\"750\" \/>\n\t<meta property=\"og:image:type\" content=\"image\/jpeg\" \/>\n<meta name=\"author\" content=\"cendoc\" \/>\n<meta name=\"twitter:card\" content=\"summary_large_image\" \/>\n<meta name=\"twitter:title\" content=\"Oaxaca: Tras aparecer con vida adolescente Aisha, la criminalizan en redes y medios\" \/>\n<meta name=\"twitter:description\" content=\"Feministas expresaron su preocupaci\u00f3n por las conductas de linchamiento y de violencia en las redes sociales, ya que desalientan las denuncias.\" \/>\n<meta name=\"twitter:image\" content=\"https:\/\/www.gesmujer.org\/sitio\/wp-content\/uploads\/2022\/04\/aisha-localizada-oaxaca.jpg\" \/>\n<meta name=\"twitter:creator\" content=\"@GES_Mujer\" \/>\n<meta name=\"twitter:site\" content=\"@GES_Mujer\" \/>\n<meta name=\"twitter:label1\" content=\"Escrito por\" \/>\n\t<meta name=\"twitter:data1\" content=\"cendoc\" \/>\n\t<meta name=\"twitter:label2\" content=\"Tiempo de lectura\" \/>\n\t<meta name=\"twitter:data2\" content=\"3 minutos\" \/>\n<script type=\"application\/ld+json\" class=\"yoast-schema-graph\">{\"@context\":\"https:\\\/\\\/schema.org\",\"@graph\":[{\"@type\":\"Article\",\"@id\":\"https:\\\/\\\/www.gesmujer.org\\\/sitio\\\/oaxaca-tras-aparecer-con-vida-adolescente-aisha-la-criminalizan-en-redes-y-medios\\\/#article\",\"isPartOf\":{\"@id\":\"https:\\\/\\\/www.gesmujer.org\\\/sitio\\\/oaxaca-tras-aparecer-con-vida-adolescente-aisha-la-criminalizan-en-redes-y-medios\\\/\"},\"author\":{\"name\":\"cendoc\",\"@id\":\"https:\\\/\\\/www.gesmujer.org\\\/sitio\\\/#\\\/schema\\\/person\\\/50e03387f883646c2714c51783a7e288\"},\"headline\":\"Oaxaca: Tras aparecer con vida adolescente Aisha, la criminalizan en redes y medios\",\"datePublished\":\"2022-04-18T14:37:04+00:00\",\"dateModified\":\"2022-04-18T14:37:06+00:00\",\"mainEntityOfPage\":{\"@id\":\"https:\\\/\\\/www.gesmujer.org\\\/sitio\\\/oaxaca-tras-aparecer-con-vida-adolescente-aisha-la-criminalizan-en-redes-y-medios\\\/\"},\"wordCount\":536,\"publisher\":{\"@id\":\"https:\\\/\\\/www.gesmujer.org\\\/sitio\\\/#organization\"},\"image\":{\"@id\":\"https:\\\/\\\/www.gesmujer.org\\\/sitio\\\/oaxaca-tras-aparecer-con-vida-adolescente-aisha-la-criminalizan-en-redes-y-medios\\\/#primaryimage\"},\"thumbnailUrl\":\"https:\\\/\\\/www.gesmujer.org\\\/sitio\\\/wp-content\\\/uploads\\\/2022\\\/04\\\/aisha-localizada-oaxaca.jpg\",\"keywords\":[\"Derechos Mujeres\",\"GESMujer\",\"Mujeres Ind\u00edgenas\"],\"articleSection\":[\"NOTICIAS\",\"portada\"],\"inLanguage\":\"es\"},{\"@type\":\"WebPage\",\"@id\":\"https:\\\/\\\/www.gesmujer.org\\\/sitio\\\/oaxaca-tras-aparecer-con-vida-adolescente-aisha-la-criminalizan-en-redes-y-medios\\\/\",\"url\":\"https:\\\/\\\/www.gesmujer.org\\\/sitio\\\/oaxaca-tras-aparecer-con-vida-adolescente-aisha-la-criminalizan-en-redes-y-medios\\\/\",\"name\":\"Oaxaca: Tras aparecer con vida adolescente Aisha, la criminalizan en redes y medios - GESMujer &quot;Rosario Castellanos&quot;\",\"isPartOf\":{\"@id\":\"https:\\\/\\\/www.gesmujer.org\\\/sitio\\\/#website\"},\"primaryImageOfPage\":{\"@id\":\"https:\\\/\\\/www.gesmujer.org\\\/sitio\\\/oaxaca-tras-aparecer-con-vida-adolescente-aisha-la-criminalizan-en-redes-y-medios\\\/#primaryimage\"},\"image\":{\"@id\":\"https:\\\/\\\/www.gesmujer.org\\\/sitio\\\/oaxaca-tras-aparecer-con-vida-adolescente-aisha-la-criminalizan-en-redes-y-medios\\\/#primaryimage\"},\"thumbnailUrl\":\"https:\\\/\\\/www.gesmujer.org\\\/sitio\\\/wp-content\\\/uploads\\\/2022\\\/04\\\/aisha-localizada-oaxaca.jpg\",\"datePublished\":\"2022-04-18T14:37:04+00:00\",\"dateModified\":\"2022-04-18T14:37:06+00:00\",\"breadcrumb\":{\"@id\":\"https:\\\/\\\/www.gesmujer.org\\\/sitio\\\/oaxaca-tras-aparecer-con-vida-adolescente-aisha-la-criminalizan-en-redes-y-medios\\\/#breadcrumb\"},\"inLanguage\":\"es\",\"potentialAction\":[{\"@type\":\"ReadAction\",\"target\":[\"https:\\\/\\\/www.gesmujer.org\\\/sitio\\\/oaxaca-tras-aparecer-con-vida-adolescente-aisha-la-criminalizan-en-redes-y-medios\\\/\"]}]},{\"@type\":\"ImageObject\",\"inLanguage\":\"es\",\"@id\":\"https:\\\/\\\/www.gesmujer.org\\\/sitio\\\/oaxaca-tras-aparecer-con-vida-adolescente-aisha-la-criminalizan-en-redes-y-medios\\\/#primaryimage\",\"url\":\"https:\\\/\\\/www.gesmujer.org\\\/sitio\\\/wp-content\\\/uploads\\\/2022\\\/04\\\/aisha-localizada-oaxaca.jpg\",\"contentUrl\":\"https:\\\/\\\/www.gesmujer.org\\\/sitio\\\/wp-content\\\/uploads\\\/2022\\\/04\\\/aisha-localizada-oaxaca.jpg\",\"width\":1200,\"height\":750},{\"@type\":\"BreadcrumbList\",\"@id\":\"https:\\\/\\\/www.gesmujer.org\\\/sitio\\\/oaxaca-tras-aparecer-con-vida-adolescente-aisha-la-criminalizan-en-redes-y-medios\\\/#breadcrumb\",\"itemListElement\":[{\"@type\":\"ListItem\",\"position\":1,\"name\":\"Home\",\"item\":\"https:\\\/\\\/www.gesmujer.org\\\/sitio\\\/\"},{\"@type\":\"ListItem\",\"position\":2,\"name\":\"Oaxaca: Tras aparecer con vida adolescente Aisha, la criminalizan en redes y medios\"}]},{\"@type\":\"WebSite\",\"@id\":\"https:\\\/\\\/www.gesmujer.org\\\/sitio\\\/#website\",\"url\":\"https:\\\/\\\/www.gesmujer.org\\\/sitio\\\/\",\"name\":\"GESMujer \\\"Rosario Castellanos\\\"\",\"description\":\"M\u00e1s de 45 a\u00f1os ha llevado a cabo acciones para erradicar la violencia de g\u00e9nero y construir entornos donde las mujeres encuentren su resiliencia, incrementen su agencia y autonom\u00eda que les permita lograr su empoderamiento a trav\u00e9s de cinco l\u00edneas de acci\u00f3n.\",\"publisher\":{\"@id\":\"https:\\\/\\\/www.gesmujer.org\\\/sitio\\\/#organization\"},\"alternateName\":\"GESMujer\",\"potentialAction\":[{\"@type\":\"SearchAction\",\"target\":{\"@type\":\"EntryPoint\",\"urlTemplate\":\"https:\\\/\\\/www.gesmujer.org\\\/sitio\\\/?s={search_term_string}\"},\"query-input\":{\"@type\":\"PropertyValueSpecification\",\"valueRequired\":true,\"valueName\":\"search_term_string\"}}],\"inLanguage\":\"es\"},{\"@type\":\"Organization\",\"@id\":\"https:\\\/\\\/www.gesmujer.org\\\/sitio\\\/#organization\",\"name\":\"Grupo de estudios sobre la mujer Rosario Castellanos ac\",\"alternateName\":\"GESMujer\",\"url\":\"https:\\\/\\\/www.gesmujer.org\\\/sitio\\\/\",\"logo\":{\"@type\":\"ImageObject\",\"inLanguage\":\"es\",\"@id\":\"https:\\\/\\\/www.gesmujer.org\\\/sitio\\\/#\\\/schema\\\/logo\\\/image\\\/\",\"url\":\"https:\\\/\\\/www.gesmujer.org\\\/sitio\\\/wp-content\\\/uploads\\\/2026\\\/03\\\/Logo-GESMujer-300.png\",\"contentUrl\":\"https:\\\/\\\/www.gesmujer.org\\\/sitio\\\/wp-content\\\/uploads\\\/2026\\\/03\\\/Logo-GESMujer-300.png\",\"width\":300,\"height\":141,\"caption\":\"Grupo de estudios sobre la mujer Rosario Castellanos ac\"},\"image\":{\"@id\":\"https:\\\/\\\/www.gesmujer.org\\\/sitio\\\/#\\\/schema\\\/logo\\\/image\\\/\"},\"sameAs\":[\"https:\\\/\\\/www.facebook.com\\\/gesmujer.rosario.castellanos.ac\",\"https:\\\/\\\/x.com\\\/GES_Mujer\",\"https:\\\/\\\/www.instagram.com\\\/ges_mujer\\\/?hl=es\",\"https:\\\/\\\/www.youtube.com\\\/c\\\/GESMujerRosarioCastellanos\\\/videos\",\"https:\\\/\\\/soundcloud.com\\\/gesmujerac\",\"https:\\\/\\\/www.tiktok.com\\\/@gesmujer\"]},{\"@type\":\"Person\",\"@id\":\"https:\\\/\\\/www.gesmujer.org\\\/sitio\\\/#\\\/schema\\\/person\\\/50e03387f883646c2714c51783a7e288\",\"name\":\"cendoc\",\"image\":{\"@type\":\"ImageObject\",\"inLanguage\":\"es\",\"@id\":\"https:\\\/\\\/secure.gravatar.com\\\/avatar\\\/2f187338ccb33c33bc1b08e92e2247a6891db221398e12bbc0f5ff0cfc462495?s=96&d=mm&r=g\",\"url\":\"https:\\\/\\\/secure.gravatar.com\\\/avatar\\\/2f187338ccb33c33bc1b08e92e2247a6891db221398e12bbc0f5ff0cfc462495?s=96&d=mm&r=g\",\"contentUrl\":\"https:\\\/\\\/secure.gravatar.com\\\/avatar\\\/2f187338ccb33c33bc1b08e92e2247a6891db221398e12bbc0f5ff0cfc462495?s=96&d=mm&r=g\",\"caption\":\"cendoc\"},\"sameAs\":[\"http:\\\/\\\/gesmujer.org\"],\"url\":\"https:\\\/\\\/www.gesmujer.org\\\/sitio\\\/author\\\/cendoc\\\/\"}]}<\/script>\n<!-- \/ Yoast SEO plugin. -->","yoast_head_json":{"title":"Oaxaca: Tras aparecer con vida adolescente Aisha, la criminalizan en redes y medios - GESMujer &quot;Rosario Castellanos&quot;","robots":{"index":"index","follow":"follow","max-snippet":"max-snippet:-1","max-image-preview":"max-image-preview:large","max-video-preview":"max-video-preview:-1"},"canonical":"https:\/\/www.gesmujer.org\/sitio\/oaxaca-tras-aparecer-con-vida-adolescente-aisha-la-criminalizan-en-redes-y-medios\/","og_locale":"es_MX","og_type":"article","og_title":"Oaxaca: Tras aparecer con vida adolescente Aisha, la criminalizan en redes y medios","og_description":"Feministas expresaron su preocupaci\u00f3n por las conductas de linchamiento y de violencia en las redes sociales, ya que desalientan las denuncias.","og_url":"https:\/\/www.gesmujer.org\/sitio\/oaxaca-tras-aparecer-con-vida-adolescente-aisha-la-criminalizan-en-redes-y-medios\/","og_site_name":"GESMujer &quot;Rosario Castellanos&quot;","article_publisher":"https:\/\/www.facebook.com\/gesmujer.rosario.castellanos.ac","article_published_time":"2022-04-18T14:37:04+00:00","article_modified_time":"2022-04-18T14:37:06+00:00","og_image":[{"width":1200,"height":750,"url":"https:\/\/www.gesmujer.org\/sitio\/wp-content\/uploads\/2022\/04\/aisha-localizada-oaxaca.jpg","type":"image\/jpeg"}],"author":"cendoc","twitter_card":"summary_large_image","twitter_title":"Oaxaca: Tras aparecer con vida adolescente Aisha, la criminalizan en redes y medios","twitter_description":"Feministas expresaron su preocupaci\u00f3n por las conductas de linchamiento y de violencia en las redes sociales, ya que desalientan las denuncias.","twitter_image":"https:\/\/www.gesmujer.org\/sitio\/wp-content\/uploads\/2022\/04\/aisha-localizada-oaxaca.jpg","twitter_creator":"@GES_Mujer","twitter_site":"@GES_Mujer","twitter_misc":{"Escrito por":"cendoc","Tiempo de lectura":"3 minutos"},"schema":{"@context":"https:\/\/schema.org","@graph":[{"@type":"Article","@id":"https:\/\/www.gesmujer.org\/sitio\/oaxaca-tras-aparecer-con-vida-adolescente-aisha-la-criminalizan-en-redes-y-medios\/#article","isPartOf":{"@id":"https:\/\/www.gesmujer.org\/sitio\/oaxaca-tras-aparecer-con-vida-adolescente-aisha-la-criminalizan-en-redes-y-medios\/"},"author":{"name":"cendoc","@id":"https:\/\/www.gesmujer.org\/sitio\/#\/schema\/person\/50e03387f883646c2714c51783a7e288"},"headline":"Oaxaca: Tras aparecer con vida adolescente Aisha, la criminalizan en redes y medios","datePublished":"2022-04-18T14:37:04+00:00","dateModified":"2022-04-18T14:37:06+00:00","mainEntityOfPage":{"@id":"https:\/\/www.gesmujer.org\/sitio\/oaxaca-tras-aparecer-con-vida-adolescente-aisha-la-criminalizan-en-redes-y-medios\/"},"wordCount":536,"publisher":{"@id":"https:\/\/www.gesmujer.org\/sitio\/#organization"},"image":{"@id":"https:\/\/www.gesmujer.org\/sitio\/oaxaca-tras-aparecer-con-vida-adolescente-aisha-la-criminalizan-en-redes-y-medios\/#primaryimage"},"thumbnailUrl":"https:\/\/www.gesmujer.org\/sitio\/wp-content\/uploads\/2022\/04\/aisha-localizada-oaxaca.jpg","keywords":["Derechos Mujeres","GESMujer","Mujeres Ind\u00edgenas"],"articleSection":["NOTICIAS","portada"],"inLanguage":"es"},{"@type":"WebPage","@id":"https:\/\/www.gesmujer.org\/sitio\/oaxaca-tras-aparecer-con-vida-adolescente-aisha-la-criminalizan-en-redes-y-medios\/","url":"https:\/\/www.gesmujer.org\/sitio\/oaxaca-tras-aparecer-con-vida-adolescente-aisha-la-criminalizan-en-redes-y-medios\/","name":"Oaxaca: Tras aparecer con vida adolescente Aisha, la criminalizan en redes y medios - GESMujer &quot;Rosario Castellanos&quot;","isPartOf":{"@id":"https:\/\/www.gesmujer.org\/sitio\/#website"},"primaryImageOfPage":{"@id":"https:\/\/www.gesmujer.org\/sitio\/oaxaca-tras-aparecer-con-vida-adolescente-aisha-la-criminalizan-en-redes-y-medios\/#primaryimage"},"image":{"@id":"https:\/\/www.gesmujer.org\/sitio\/oaxaca-tras-aparecer-con-vida-adolescente-aisha-la-criminalizan-en-redes-y-medios\/#primaryimage"},"thumbnailUrl":"https:\/\/www.gesmujer.org\/sitio\/wp-content\/uploads\/2022\/04\/aisha-localizada-oaxaca.jpg","datePublished":"2022-04-18T14:37:04+00:00","dateModified":"2022-04-18T14:37:06+00:00","breadcrumb":{"@id":"https:\/\/www.gesmujer.org\/sitio\/oaxaca-tras-aparecer-con-vida-adolescente-aisha-la-criminalizan-en-redes-y-medios\/#breadcrumb"},"inLanguage":"es","potentialAction":[{"@type":"ReadAction","target":["https:\/\/www.gesmujer.org\/sitio\/oaxaca-tras-aparecer-con-vida-adolescente-aisha-la-criminalizan-en-redes-y-medios\/"]}]},{"@type":"ImageObject","inLanguage":"es","@id":"https:\/\/www.gesmujer.org\/sitio\/oaxaca-tras-aparecer-con-vida-adolescente-aisha-la-criminalizan-en-redes-y-medios\/#primaryimage","url":"https:\/\/www.gesmujer.org\/sitio\/wp-content\/uploads\/2022\/04\/aisha-localizada-oaxaca.jpg","contentUrl":"https:\/\/www.gesmujer.org\/sitio\/wp-content\/uploads\/2022\/04\/aisha-localizada-oaxaca.jpg","width":1200,"height":750},{"@type":"BreadcrumbList","@id":"https:\/\/www.gesmujer.org\/sitio\/oaxaca-tras-aparecer-con-vida-adolescente-aisha-la-criminalizan-en-redes-y-medios\/#breadcrumb","itemListElement":[{"@type":"ListItem","position":1,"name":"Home","item":"https:\/\/www.gesmujer.org\/sitio\/"},{"@type":"ListItem","position":2,"name":"Oaxaca: Tras aparecer con vida adolescente Aisha, la criminalizan en redes y medios"}]},{"@type":"WebSite","@id":"https:\/\/www.gesmujer.org\/sitio\/#website","url":"https:\/\/www.gesmujer.org\/sitio\/","name":"GESMujer \"Rosario Castellanos\"","description":"M\u00e1s de 45 a\u00f1os ha llevado a cabo acciones para erradicar la violencia de g\u00e9nero y construir entornos donde las mujeres encuentren su resiliencia, incrementen su agencia y autonom\u00eda que les permita lograr su empoderamiento a trav\u00e9s de cinco l\u00edneas de acci\u00f3n.","publisher":{"@id":"https:\/\/www.gesmujer.org\/sitio\/#organization"},"alternateName":"GESMujer","potentialAction":[{"@type":"SearchAction","target":{"@type":"EntryPoint","urlTemplate":"https:\/\/www.gesmujer.org\/sitio\/?s={search_term_string}"},"query-input":{"@type":"PropertyValueSpecification","valueRequired":true,"valueName":"search_term_string"}}],"inLanguage":"es"},{"@type":"Organization","@id":"https:\/\/www.gesmujer.org\/sitio\/#organization","name":"Grupo de estudios sobre la mujer Rosario Castellanos ac","alternateName":"GESMujer","url":"https:\/\/www.gesmujer.org\/sitio\/","logo":{"@type":"ImageObject","inLanguage":"es","@id":"https:\/\/www.gesmujer.org\/sitio\/#\/schema\/logo\/image\/","url":"https:\/\/www.gesmujer.org\/sitio\/wp-content\/uploads\/2026\/03\/Logo-GESMujer-300.png","contentUrl":"https:\/\/www.gesmujer.org\/sitio\/wp-content\/uploads\/2026\/03\/Logo-GESMujer-300.png","width":300,"height":141,"caption":"Grupo de estudios sobre la mujer Rosario Castellanos ac"},"image":{"@id":"https:\/\/www.gesmujer.org\/sitio\/#\/schema\/logo\/image\/"},"sameAs":["https:\/\/www.facebook.com\/gesmujer.rosario.castellanos.ac","https:\/\/x.com\/GES_Mujer","https:\/\/www.instagram.com\/ges_mujer\/?hl=es","https:\/\/www.youtube.com\/c\/GESMujerRosarioCastellanos\/videos","https:\/\/soundcloud.com\/gesmujerac","https:\/\/www.tiktok.com\/@gesmujer"]},{"@type":"Person","@id":"https:\/\/www.gesmujer.org\/sitio\/#\/schema\/person\/50e03387f883646c2714c51783a7e288","name":"cendoc","image":{"@type":"ImageObject","inLanguage":"es","@id":"https:\/\/secure.gravatar.com\/avatar\/2f187338ccb33c33bc1b08e92e2247a6891db221398e12bbc0f5ff0cfc462495?s=96&d=mm&r=g","url":"https:\/\/secure.gravatar.com\/avatar\/2f187338ccb33c33bc1b08e92e2247a6891db221398e12bbc0f5ff0cfc462495?s=96&d=mm&r=g","contentUrl":"https:\/\/secure.gravatar.com\/avatar\/2f187338ccb33c33bc1b08e92e2247a6891db221398e12bbc0f5ff0cfc462495?s=96&d=mm&r=g","caption":"cendoc"},"sameAs":["http:\/\/gesmujer.org"],"url":"https:\/\/www.gesmujer.org\/sitio\/author\/cendoc\/"}]}},"_links":{"self":[{"href":"https:\/\/www.gesmujer.org\/sitio\/wp-json\/wp\/v2\/posts\/25274","targetHints":{"allow":["GET"]}}],"collection":[{"href":"https:\/\/www.gesmujer.org\/sitio\/wp-json\/wp\/v2\/posts"}],"about":[{"href":"https:\/\/www.gesmujer.org\/sitio\/wp-json\/wp\/v2\/types\/post"}],"author":[{"embeddable":true,"href":"https:\/\/www.gesmujer.org\/sitio\/wp-json\/wp\/v2\/users\/4"}],"replies":[{"embeddable":true,"href":"https:\/\/www.gesmujer.org\/sitio\/wp-json\/wp\/v2\/comments?post=25274"}],"version-history":[{"count":1,"href":"https:\/\/www.gesmujer.org\/sitio\/wp-json\/wp\/v2\/posts\/25274\/revisions"}],"predecessor-version":[{"id":25276,"href":"https:\/\/www.gesmujer.org\/sitio\/wp-json\/wp\/v2\/posts\/25274\/revisions\/25276"}],"wp:featuredmedia":[{"embeddable":true,"href":"https:\/\/www.gesmujer.org\/sitio\/wp-json\/wp\/v2\/media\/25275"}],"wp:attachment":[{"href":"https:\/\/www.gesmujer.org\/sitio\/wp-json\/wp\/v2\/media?parent=25274"}],"wp:term":[{"taxonomy":"category","embeddable":true,"href":"https:\/\/www.gesmujer.org\/sitio\/wp-json\/wp\/v2\/categories?post=25274"},{"taxonomy":"post_tag","embeddable":true,"href":"https:\/\/www.gesmujer.org\/sitio\/wp-json\/wp\/v2\/tags?post=25274"}],"curies":[{"name":"wp","href":"https:\/\/api.w.org\/{rel}","templated":true}]}}