{"id":25440,"date":"2022-04-25T16:21:32","date_gmt":"2022-04-25T22:21:32","guid":{"rendered":"https:\/\/www.gesmujer.org\/sitio\/?p=25440"},"modified":"2022-04-25T16:21:34","modified_gmt":"2022-04-25T22:21:34","slug":"marchan-en-oaxaca-para-exigir-justicia-para-debanhi","status":"publish","type":"post","link":"https:\/\/www.gesmujer.org\/sitio\/marchan-en-oaxaca-para-exigir-justicia-para-debanhi\/","title":{"rendered":"Marchan en Oaxaca para exigir justicia para Debanhi"},"content":{"rendered":"\n<p><strong>Diana Manzo, Domingo 24 de Abril del 2022, Aristegui Noticias.- <\/strong>Integrantes de colectivas marcharon para exigir justicia por la muerte de Debanhi Escobar, ocurrida en Nuevo Le\u00f3n. Al mismo tiempo denunciaron la violencia que viven las mujeres en esta entidad sure\u00f1a.<\/p>\n\n\n\n<p>Cubiertas del rostro, vestidas de ropa oscura y con cartulinas, las j\u00f3venes denunciaron que en lo que va del sexenio de Alejandro Murat han sido asesinadas 619 mujeres, casos que en su mayor\u00eda permanecen impunes.<\/p>\n\n\n\n<p><strong>\u201cOaxaca feminicida\u201d as\u00ed resumieron con cartulinas las feministas su manifestaci\u00f3n<\/strong>, al referir que la entidad se ha convertido en una cacer\u00eda contra las mujeres, con una indolencia social que ha normalizado la falta de acceso a la justicia.<\/p>\n\n\n\n<p>A su paso por calles y avenidas del centro hist\u00f3rico de la capital de Oaxaca realizaron acciones como pintas y ruptura de cristales para exigir un alto a los feminicidios.<\/p>\n\n\n\n<p>\u201cSe\u00f1or, se\u00f1ora no sea indiferente, se mata a las mujeres en la cara de la gente\u201d, gritaron las feministas al llegar a la plazuela del exconvento de Santo Domingo de Guzm\u00e1n.<\/p>\n\n\n\n<p>Las j\u00f3venes recalcaron que la situaci\u00f3n de violencia contra las mujeres ha escalado y se ha extendido a todos los rincones de M\u00e9xico, sin que existan pol\u00edticas publicas eficaces para revertir la situaci\u00f3n.<\/p>\n\n\n\n<p>Durante la manifestaci\u00f3n recalcaron que la violencia machista sigue imperando en la impunidad, un ejemplo es el caso de Debanhi, que ha causado consternaci\u00f3n nacional.<\/p>\n\n\n\n<p>\u201cSalimos a las calles como parte de la acci\u00f3n global para exigir justicia para Debanhi, seguimos siendo machistas y Oaxaca, un estado feminicida sin importar que en 40 localidades exista Alerta por Violencia de G\u00e9nero, eso no importa\u201d recalcaron mientras marchaban.<\/p>\n\n\n\n<p>Recalcaron la necesidad de ejercer la&nbsp;<strong>resistencia feminista<\/strong>&nbsp;para salvaguardar sus vidas ante la ausencia de las autoridades y una cadena de corrupci\u00f3n e impunidad.<\/p>\n\n\n\n<p>De acuerdo con el Grupo de Estudios para la Mujer \u201cRosario Castellanos\u201d, en lo que va del 2022 se han registrado 37 feminicidios, siendo el Istmo de Tehuantepec la regi\u00f3n m\u00e1s peligrosa para una mujer.<\/p>\n\n\n\n<p>Fuente: https:\/\/aristeguinoticias.com\/2404\/mexico\/marchan-en-oaxaca-para-exigir-justicia-para-debanhi\/<\/p>\n","protected":false},"excerpt":{"rendered":"<p>Diana Manzo, Domingo 24 de Abril del 2022, Aristegui Noticias.- Integrantes de colectivas marcharon para exigir justicia por la muerte de Debanhi Escobar, ocurrida en Nuevo Le\u00f3n. Al mismo tiempo denunciaron la violencia que viven las mujeres en esta entidad sure\u00f1a. Cubiertas del rostro, vestidas de ropa oscura y con cartulinas, las j\u00f3venes denunciaron que [&hellip;]<\/p>\n","protected":false},"author":4,"featured_media":25441,"comment_status":"closed","ping_status":"open","sticky":false,"template":"","format":"standard","meta":{"give_campaign_id":0,"footnotes":""},"categories":[568,32,3],"tags":[60,75,58,80,67],"class_list":["post-25440","post","type-post","status-publish","format-standard","has-post-thumbnail","hentry","category-monitoreo","category-novedades","category-portada","tag-derechos-mujeres","tag-feminicidios","tag-gesmujer","tag-oaxaca","tag-violencia"],"yoast_head":"<!-- This site is optimized with the Yoast SEO plugin v27.4 - https:\/\/yoast.com\/product\/yoast-seo-wordpress\/ -->\n<title>Marchan en Oaxaca para exigir justicia para Debanhi - GESMujer &quot;Rosario Castellanos&quot;<\/title>\n<meta name=\"robots\" content=\"index, follow, max-snippet:-1, max-image-preview:large, max-video-preview:-1\" \/>\n<link rel=\"canonical\" href=\"https:\/\/www.gesmujer.org\/sitio\/marchan-en-oaxaca-para-exigir-justicia-para-debanhi\/\" \/>\n<meta property=\"og:locale\" content=\"es_MX\" \/>\n<meta property=\"og:type\" content=\"article\" \/>\n<meta property=\"og:title\" content=\"Marchan en Oaxaca para exigir justicia para Debanhi - GESMujer &quot;Rosario Castellanos&quot;\" \/>\n<meta property=\"og:description\" content=\"Diana Manzo, Domingo 24 de Abril del 2022, Aristegui Noticias.- Integrantes de colectivas marcharon para exigir justicia por la muerte de Debanhi Escobar, ocurrida en Nuevo Le\u00f3n. Al mismo tiempo denunciaron la violencia que viven las mujeres en esta entidad sure\u00f1a. Cubiertas del rostro, vestidas de ropa oscura y con cartulinas, las j\u00f3venes denunciaron que [&hellip;]\" \/>\n<meta property=\"og:url\" content=\"https:\/\/www.gesmujer.org\/sitio\/marchan-en-oaxaca-para-exigir-justicia-para-debanhi\/\" \/>\n<meta property=\"og:site_name\" content=\"GESMujer &quot;Rosario Castellanos&quot;\" \/>\n<meta property=\"article:publisher\" content=\"https:\/\/www.facebook.com\/gesmujer.rosario.castellanos.ac\" \/>\n<meta property=\"article:published_time\" content=\"2022-04-25T22:21:32+00:00\" \/>\n<meta property=\"article:modified_time\" content=\"2022-04-25T22:21:34+00:00\" \/>\n<meta property=\"og:image\" content=\"https:\/\/www.gesmujer.org\/sitio\/wp-content\/uploads\/2022\/04\/Oaxaca-feminicida-protesta-feminicidios-700x508-1.jpg\" \/>\n\t<meta property=\"og:image:width\" content=\"700\" \/>\n\t<meta property=\"og:image:height\" content=\"508\" \/>\n\t<meta property=\"og:image:type\" content=\"image\/jpeg\" \/>\n<meta name=\"author\" content=\"cendoc\" \/>\n<meta name=\"twitter:card\" content=\"summary_large_image\" \/>\n<meta name=\"twitter:creator\" content=\"@GES_Mujer\" \/>\n<meta name=\"twitter:site\" content=\"@GES_Mujer\" \/>\n<meta name=\"twitter:label1\" content=\"Escrito por\" \/>\n\t<meta name=\"twitter:data1\" content=\"cendoc\" \/>\n\t<meta name=\"twitter:label2\" content=\"Tiempo de lectura\" \/>\n\t<meta name=\"twitter:data2\" content=\"2 minutos\" \/>\n<script type=\"application\/ld+json\" class=\"yoast-schema-graph\">{\"@context\":\"https:\\\/\\\/schema.org\",\"@graph\":[{\"@type\":\"Article\",\"@id\":\"https:\\\/\\\/www.gesmujer.org\\\/sitio\\\/marchan-en-oaxaca-para-exigir-justicia-para-debanhi\\\/#article\",\"isPartOf\":{\"@id\":\"https:\\\/\\\/www.gesmujer.org\\\/sitio\\\/marchan-en-oaxaca-para-exigir-justicia-para-debanhi\\\/\"},\"author\":{\"name\":\"cendoc\",\"@id\":\"https:\\\/\\\/www.gesmujer.org\\\/sitio\\\/#\\\/schema\\\/person\\\/50e03387f883646c2714c51783a7e288\"},\"headline\":\"Marchan en Oaxaca para exigir justicia para Debanhi\",\"datePublished\":\"2022-04-25T22:21:32+00:00\",\"dateModified\":\"2022-04-25T22:21:34+00:00\",\"mainEntityOfPage\":{\"@id\":\"https:\\\/\\\/www.gesmujer.org\\\/sitio\\\/marchan-en-oaxaca-para-exigir-justicia-para-debanhi\\\/\"},\"wordCount\":367,\"publisher\":{\"@id\":\"https:\\\/\\\/www.gesmujer.org\\\/sitio\\\/#organization\"},\"image\":{\"@id\":\"https:\\\/\\\/www.gesmujer.org\\\/sitio\\\/marchan-en-oaxaca-para-exigir-justicia-para-debanhi\\\/#primaryimage\"},\"thumbnailUrl\":\"https:\\\/\\\/www.gesmujer.org\\\/sitio\\\/wp-content\\\/uploads\\\/2022\\\/04\\\/Oaxaca-feminicida-protesta-feminicidios-700x508-1.jpg\",\"keywords\":[\"Derechos Mujeres\",\"Feminicidios\",\"GESMujer\",\"Oaxaca\",\"Violencia\"],\"articleSection\":[\"MONITOREO\",\"NOTICIAS\",\"portada\"],\"inLanguage\":\"es\"},{\"@type\":\"WebPage\",\"@id\":\"https:\\\/\\\/www.gesmujer.org\\\/sitio\\\/marchan-en-oaxaca-para-exigir-justicia-para-debanhi\\\/\",\"url\":\"https:\\\/\\\/www.gesmujer.org\\\/sitio\\\/marchan-en-oaxaca-para-exigir-justicia-para-debanhi\\\/\",\"name\":\"Marchan en Oaxaca para exigir justicia para Debanhi - GESMujer &quot;Rosario Castellanos&quot;\",\"isPartOf\":{\"@id\":\"https:\\\/\\\/www.gesmujer.org\\\/sitio\\\/#website\"},\"primaryImageOfPage\":{\"@id\":\"https:\\\/\\\/www.gesmujer.org\\\/sitio\\\/marchan-en-oaxaca-para-exigir-justicia-para-debanhi\\\/#primaryimage\"},\"image\":{\"@id\":\"https:\\\/\\\/www.gesmujer.org\\\/sitio\\\/marchan-en-oaxaca-para-exigir-justicia-para-debanhi\\\/#primaryimage\"},\"thumbnailUrl\":\"https:\\\/\\\/www.gesmujer.org\\\/sitio\\\/wp-content\\\/uploads\\\/2022\\\/04\\\/Oaxaca-feminicida-protesta-feminicidios-700x508-1.jpg\",\"datePublished\":\"2022-04-25T22:21:32+00:00\",\"dateModified\":\"2022-04-25T22:21:34+00:00\",\"breadcrumb\":{\"@id\":\"https:\\\/\\\/www.gesmujer.org\\\/sitio\\\/marchan-en-oaxaca-para-exigir-justicia-para-debanhi\\\/#breadcrumb\"},\"inLanguage\":\"es\",\"potentialAction\":[{\"@type\":\"ReadAction\",\"target\":[\"https:\\\/\\\/www.gesmujer.org\\\/sitio\\\/marchan-en-oaxaca-para-exigir-justicia-para-debanhi\\\/\"]}]},{\"@type\":\"ImageObject\",\"inLanguage\":\"es\",\"@id\":\"https:\\\/\\\/www.gesmujer.org\\\/sitio\\\/marchan-en-oaxaca-para-exigir-justicia-para-debanhi\\\/#primaryimage\",\"url\":\"https:\\\/\\\/www.gesmujer.org\\\/sitio\\\/wp-content\\\/uploads\\\/2022\\\/04\\\/Oaxaca-feminicida-protesta-feminicidios-700x508-1.jpg\",\"contentUrl\":\"https:\\\/\\\/www.gesmujer.org\\\/sitio\\\/wp-content\\\/uploads\\\/2022\\\/04\\\/Oaxaca-feminicida-protesta-feminicidios-700x508-1.jpg\",\"width\":700,\"height\":508},{\"@type\":\"BreadcrumbList\",\"@id\":\"https:\\\/\\\/www.gesmujer.org\\\/sitio\\\/marchan-en-oaxaca-para-exigir-justicia-para-debanhi\\\/#breadcrumb\",\"itemListElement\":[{\"@type\":\"ListItem\",\"position\":1,\"name\":\"Home\",\"item\":\"https:\\\/\\\/www.gesmujer.org\\\/sitio\\\/\"},{\"@type\":\"ListItem\",\"position\":2,\"name\":\"Marchan en Oaxaca para exigir justicia para Debanhi\"}]},{\"@type\":\"WebSite\",\"@id\":\"https:\\\/\\\/www.gesmujer.org\\\/sitio\\\/#website\",\"url\":\"https:\\\/\\\/www.gesmujer.org\\\/sitio\\\/\",\"name\":\"GESMujer \\\"Rosario Castellanos\\\"\",\"description\":\"M\u00e1s de 45 a\u00f1os ha llevado a cabo acciones para erradicar la violencia de g\u00e9nero y construir entornos donde las mujeres encuentren su resiliencia, incrementen su agencia y autonom\u00eda que les permita lograr su empoderamiento a trav\u00e9s de cinco l\u00edneas de acci\u00f3n.\",\"publisher\":{\"@id\":\"https:\\\/\\\/www.gesmujer.org\\\/sitio\\\/#organization\"},\"alternateName\":\"GESMujer\",\"potentialAction\":[{\"@type\":\"SearchAction\",\"target\":{\"@type\":\"EntryPoint\",\"urlTemplate\":\"https:\\\/\\\/www.gesmujer.org\\\/sitio\\\/?s={search_term_string}\"},\"query-input\":{\"@type\":\"PropertyValueSpecification\",\"valueRequired\":true,\"valueName\":\"search_term_string\"}}],\"inLanguage\":\"es\"},{\"@type\":\"Organization\",\"@id\":\"https:\\\/\\\/www.gesmujer.org\\\/sitio\\\/#organization\",\"name\":\"Grupo de estudios sobre la mujer Rosario Castellanos ac\",\"alternateName\":\"GESMujer\",\"url\":\"https:\\\/\\\/www.gesmujer.org\\\/sitio\\\/\",\"logo\":{\"@type\":\"ImageObject\",\"inLanguage\":\"es\",\"@id\":\"https:\\\/\\\/www.gesmujer.org\\\/sitio\\\/#\\\/schema\\\/logo\\\/image\\\/\",\"url\":\"https:\\\/\\\/www.gesmujer.org\\\/sitio\\\/wp-content\\\/uploads\\\/2026\\\/03\\\/Logo-GESMujer-300.png\",\"contentUrl\":\"https:\\\/\\\/www.gesmujer.org\\\/sitio\\\/wp-content\\\/uploads\\\/2026\\\/03\\\/Logo-GESMujer-300.png\",\"width\":300,\"height\":141,\"caption\":\"Grupo de estudios sobre la mujer Rosario Castellanos ac\"},\"image\":{\"@id\":\"https:\\\/\\\/www.gesmujer.org\\\/sitio\\\/#\\\/schema\\\/logo\\\/image\\\/\"},\"sameAs\":[\"https:\\\/\\\/www.facebook.com\\\/gesmujer.rosario.castellanos.ac\",\"https:\\\/\\\/x.com\\\/GES_Mujer\",\"https:\\\/\\\/www.instagram.com\\\/ges_mujer\\\/?hl=es\",\"https:\\\/\\\/www.youtube.com\\\/c\\\/GESMujerRosarioCastellanos\\\/videos\",\"https:\\\/\\\/soundcloud.com\\\/gesmujerac\",\"https:\\\/\\\/www.tiktok.com\\\/@gesmujer\"]},{\"@type\":\"Person\",\"@id\":\"https:\\\/\\\/www.gesmujer.org\\\/sitio\\\/#\\\/schema\\\/person\\\/50e03387f883646c2714c51783a7e288\",\"name\":\"cendoc\",\"image\":{\"@type\":\"ImageObject\",\"inLanguage\":\"es\",\"@id\":\"https:\\\/\\\/secure.gravatar.com\\\/avatar\\\/2f187338ccb33c33bc1b08e92e2247a6891db221398e12bbc0f5ff0cfc462495?s=96&d=mm&r=g\",\"url\":\"https:\\\/\\\/secure.gravatar.com\\\/avatar\\\/2f187338ccb33c33bc1b08e92e2247a6891db221398e12bbc0f5ff0cfc462495?s=96&d=mm&r=g\",\"contentUrl\":\"https:\\\/\\\/secure.gravatar.com\\\/avatar\\\/2f187338ccb33c33bc1b08e92e2247a6891db221398e12bbc0f5ff0cfc462495?s=96&d=mm&r=g\",\"caption\":\"cendoc\"},\"sameAs\":[\"http:\\\/\\\/gesmujer.org\"],\"url\":\"https:\\\/\\\/www.gesmujer.org\\\/sitio\\\/author\\\/cendoc\\\/\"}]}<\/script>\n<!-- \/ Yoast SEO plugin. -->","yoast_head_json":{"title":"Marchan en Oaxaca para exigir justicia para Debanhi - GESMujer &quot;Rosario Castellanos&quot;","robots":{"index":"index","follow":"follow","max-snippet":"max-snippet:-1","max-image-preview":"max-image-preview:large","max-video-preview":"max-video-preview:-1"},"canonical":"https:\/\/www.gesmujer.org\/sitio\/marchan-en-oaxaca-para-exigir-justicia-para-debanhi\/","og_locale":"es_MX","og_type":"article","og_title":"Marchan en Oaxaca para exigir justicia para Debanhi - GESMujer &quot;Rosario Castellanos&quot;","og_description":"Diana Manzo, Domingo 24 de Abril del 2022, Aristegui Noticias.- Integrantes de colectivas marcharon para exigir justicia por la muerte de Debanhi Escobar, ocurrida en Nuevo Le\u00f3n. Al mismo tiempo denunciaron la violencia que viven las mujeres en esta entidad sure\u00f1a. Cubiertas del rostro, vestidas de ropa oscura y con cartulinas, las j\u00f3venes denunciaron que [&hellip;]","og_url":"https:\/\/www.gesmujer.org\/sitio\/marchan-en-oaxaca-para-exigir-justicia-para-debanhi\/","og_site_name":"GESMujer &quot;Rosario Castellanos&quot;","article_publisher":"https:\/\/www.facebook.com\/gesmujer.rosario.castellanos.ac","article_published_time":"2022-04-25T22:21:32+00:00","article_modified_time":"2022-04-25T22:21:34+00:00","og_image":[{"width":700,"height":508,"url":"https:\/\/www.gesmujer.org\/sitio\/wp-content\/uploads\/2022\/04\/Oaxaca-feminicida-protesta-feminicidios-700x508-1.jpg","type":"image\/jpeg"}],"author":"cendoc","twitter_card":"summary_large_image","twitter_creator":"@GES_Mujer","twitter_site":"@GES_Mujer","twitter_misc":{"Escrito por":"cendoc","Tiempo de lectura":"2 minutos"},"schema":{"@context":"https:\/\/schema.org","@graph":[{"@type":"Article","@id":"https:\/\/www.gesmujer.org\/sitio\/marchan-en-oaxaca-para-exigir-justicia-para-debanhi\/#article","isPartOf":{"@id":"https:\/\/www.gesmujer.org\/sitio\/marchan-en-oaxaca-para-exigir-justicia-para-debanhi\/"},"author":{"name":"cendoc","@id":"https:\/\/www.gesmujer.org\/sitio\/#\/schema\/person\/50e03387f883646c2714c51783a7e288"},"headline":"Marchan en Oaxaca para exigir justicia para Debanhi","datePublished":"2022-04-25T22:21:32+00:00","dateModified":"2022-04-25T22:21:34+00:00","mainEntityOfPage":{"@id":"https:\/\/www.gesmujer.org\/sitio\/marchan-en-oaxaca-para-exigir-justicia-para-debanhi\/"},"wordCount":367,"publisher":{"@id":"https:\/\/www.gesmujer.org\/sitio\/#organization"},"image":{"@id":"https:\/\/www.gesmujer.org\/sitio\/marchan-en-oaxaca-para-exigir-justicia-para-debanhi\/#primaryimage"},"thumbnailUrl":"https:\/\/www.gesmujer.org\/sitio\/wp-content\/uploads\/2022\/04\/Oaxaca-feminicida-protesta-feminicidios-700x508-1.jpg","keywords":["Derechos Mujeres","Feminicidios","GESMujer","Oaxaca","Violencia"],"articleSection":["MONITOREO","NOTICIAS","portada"],"inLanguage":"es"},{"@type":"WebPage","@id":"https:\/\/www.gesmujer.org\/sitio\/marchan-en-oaxaca-para-exigir-justicia-para-debanhi\/","url":"https:\/\/www.gesmujer.org\/sitio\/marchan-en-oaxaca-para-exigir-justicia-para-debanhi\/","name":"Marchan en Oaxaca para exigir justicia para Debanhi - GESMujer &quot;Rosario Castellanos&quot;","isPartOf":{"@id":"https:\/\/www.gesmujer.org\/sitio\/#website"},"primaryImageOfPage":{"@id":"https:\/\/www.gesmujer.org\/sitio\/marchan-en-oaxaca-para-exigir-justicia-para-debanhi\/#primaryimage"},"image":{"@id":"https:\/\/www.gesmujer.org\/sitio\/marchan-en-oaxaca-para-exigir-justicia-para-debanhi\/#primaryimage"},"thumbnailUrl":"https:\/\/www.gesmujer.org\/sitio\/wp-content\/uploads\/2022\/04\/Oaxaca-feminicida-protesta-feminicidios-700x508-1.jpg","datePublished":"2022-04-25T22:21:32+00:00","dateModified":"2022-04-25T22:21:34+00:00","breadcrumb":{"@id":"https:\/\/www.gesmujer.org\/sitio\/marchan-en-oaxaca-para-exigir-justicia-para-debanhi\/#breadcrumb"},"inLanguage":"es","potentialAction":[{"@type":"ReadAction","target":["https:\/\/www.gesmujer.org\/sitio\/marchan-en-oaxaca-para-exigir-justicia-para-debanhi\/"]}]},{"@type":"ImageObject","inLanguage":"es","@id":"https:\/\/www.gesmujer.org\/sitio\/marchan-en-oaxaca-para-exigir-justicia-para-debanhi\/#primaryimage","url":"https:\/\/www.gesmujer.org\/sitio\/wp-content\/uploads\/2022\/04\/Oaxaca-feminicida-protesta-feminicidios-700x508-1.jpg","contentUrl":"https:\/\/www.gesmujer.org\/sitio\/wp-content\/uploads\/2022\/04\/Oaxaca-feminicida-protesta-feminicidios-700x508-1.jpg","width":700,"height":508},{"@type":"BreadcrumbList","@id":"https:\/\/www.gesmujer.org\/sitio\/marchan-en-oaxaca-para-exigir-justicia-para-debanhi\/#breadcrumb","itemListElement":[{"@type":"ListItem","position":1,"name":"Home","item":"https:\/\/www.gesmujer.org\/sitio\/"},{"@type":"ListItem","position":2,"name":"Marchan en Oaxaca para exigir justicia para Debanhi"}]},{"@type":"WebSite","@id":"https:\/\/www.gesmujer.org\/sitio\/#website","url":"https:\/\/www.gesmujer.org\/sitio\/","name":"GESMujer \"Rosario Castellanos\"","description":"M\u00e1s de 45 a\u00f1os ha llevado a cabo acciones para erradicar la violencia de g\u00e9nero y construir entornos donde las mujeres encuentren su resiliencia, incrementen su agencia y autonom\u00eda que les permita lograr su empoderamiento a trav\u00e9s de cinco l\u00edneas de acci\u00f3n.","publisher":{"@id":"https:\/\/www.gesmujer.org\/sitio\/#organization"},"alternateName":"GESMujer","potentialAction":[{"@type":"SearchAction","target":{"@type":"EntryPoint","urlTemplate":"https:\/\/www.gesmujer.org\/sitio\/?s={search_term_string}"},"query-input":{"@type":"PropertyValueSpecification","valueRequired":true,"valueName":"search_term_string"}}],"inLanguage":"es"},{"@type":"Organization","@id":"https:\/\/www.gesmujer.org\/sitio\/#organization","name":"Grupo de estudios sobre la mujer Rosario Castellanos ac","alternateName":"GESMujer","url":"https:\/\/www.gesmujer.org\/sitio\/","logo":{"@type":"ImageObject","inLanguage":"es","@id":"https:\/\/www.gesmujer.org\/sitio\/#\/schema\/logo\/image\/","url":"https:\/\/www.gesmujer.org\/sitio\/wp-content\/uploads\/2026\/03\/Logo-GESMujer-300.png","contentUrl":"https:\/\/www.gesmujer.org\/sitio\/wp-content\/uploads\/2026\/03\/Logo-GESMujer-300.png","width":300,"height":141,"caption":"Grupo de estudios sobre la mujer Rosario Castellanos ac"},"image":{"@id":"https:\/\/www.gesmujer.org\/sitio\/#\/schema\/logo\/image\/"},"sameAs":["https:\/\/www.facebook.com\/gesmujer.rosario.castellanos.ac","https:\/\/x.com\/GES_Mujer","https:\/\/www.instagram.com\/ges_mujer\/?hl=es","https:\/\/www.youtube.com\/c\/GESMujerRosarioCastellanos\/videos","https:\/\/soundcloud.com\/gesmujerac","https:\/\/www.tiktok.com\/@gesmujer"]},{"@type":"Person","@id":"https:\/\/www.gesmujer.org\/sitio\/#\/schema\/person\/50e03387f883646c2714c51783a7e288","name":"cendoc","image":{"@type":"ImageObject","inLanguage":"es","@id":"https:\/\/secure.gravatar.com\/avatar\/2f187338ccb33c33bc1b08e92e2247a6891db221398e12bbc0f5ff0cfc462495?s=96&d=mm&r=g","url":"https:\/\/secure.gravatar.com\/avatar\/2f187338ccb33c33bc1b08e92e2247a6891db221398e12bbc0f5ff0cfc462495?s=96&d=mm&r=g","contentUrl":"https:\/\/secure.gravatar.com\/avatar\/2f187338ccb33c33bc1b08e92e2247a6891db221398e12bbc0f5ff0cfc462495?s=96&d=mm&r=g","caption":"cendoc"},"sameAs":["http:\/\/gesmujer.org"],"url":"https:\/\/www.gesmujer.org\/sitio\/author\/cendoc\/"}]}},"_links":{"self":[{"href":"https:\/\/www.gesmujer.org\/sitio\/wp-json\/wp\/v2\/posts\/25440","targetHints":{"allow":["GET"]}}],"collection":[{"href":"https:\/\/www.gesmujer.org\/sitio\/wp-json\/wp\/v2\/posts"}],"about":[{"href":"https:\/\/www.gesmujer.org\/sitio\/wp-json\/wp\/v2\/types\/post"}],"author":[{"embeddable":true,"href":"https:\/\/www.gesmujer.org\/sitio\/wp-json\/wp\/v2\/users\/4"}],"replies":[{"embeddable":true,"href":"https:\/\/www.gesmujer.org\/sitio\/wp-json\/wp\/v2\/comments?post=25440"}],"version-history":[{"count":1,"href":"https:\/\/www.gesmujer.org\/sitio\/wp-json\/wp\/v2\/posts\/25440\/revisions"}],"predecessor-version":[{"id":25442,"href":"https:\/\/www.gesmujer.org\/sitio\/wp-json\/wp\/v2\/posts\/25440\/revisions\/25442"}],"wp:featuredmedia":[{"embeddable":true,"href":"https:\/\/www.gesmujer.org\/sitio\/wp-json\/wp\/v2\/media\/25441"}],"wp:attachment":[{"href":"https:\/\/www.gesmujer.org\/sitio\/wp-json\/wp\/v2\/media?parent=25440"}],"wp:term":[{"taxonomy":"category","embeddable":true,"href":"https:\/\/www.gesmujer.org\/sitio\/wp-json\/wp\/v2\/categories?post=25440"},{"taxonomy":"post_tag","embeddable":true,"href":"https:\/\/www.gesmujer.org\/sitio\/wp-json\/wp\/v2\/tags?post=25440"}],"curies":[{"name":"wp","href":"https:\/\/api.w.org\/{rel}","templated":true}]}}