{"id":2648,"date":"2018-01-14T11:30:58","date_gmt":"2018-01-14T17:30:58","guid":{"rendered":"http:\/\/www.gesmujer.org\/sitio\/?p=2648"},"modified":"2024-04-05T14:59:48","modified_gmt":"2024-04-05T20:59:48","slug":"pide-osc-a-gobierno-no-minimizar-el-feminicidio","status":"publish","type":"post","link":"https:\/\/www.gesmujer.org\/sitio\/pide-osc-a-gobierno-no-minimizar-el-feminicidio\/","title":{"rendered":"Pide OSC a gobierno no minimizar el feminicidio"},"content":{"rendered":"<h2>GesMujer solicita que se consideren sus puntos de organizaciones<\/h2>\n<div id=\"attachment_2649\" style=\"width: 610px\" class=\"wp-caption aligncenter\"><a href=\"http:\/\/www.gesmujer.org\/SITIO\/wp-content\/uploads\/\/2018\/01\/femizidio.jpg\"><img fetchpriority=\"high\" decoding=\"async\" aria-describedby=\"caption-attachment-2649\" class=\"size-full wp-image-2649\" src=\"http:\/\/www.gesmujer.org\/SITIO\/wp-content\/uploads\/\/2018\/01\/femizidio.jpg\" alt=\"* Estaremos vigilantes, dicen en relaci\u00f3n a la actuaci\u00f3n de nueva Fiscala\" width=\"600\" height=\"397\" srcset=\"https:\/\/www.gesmujer.org\/sitio\/wp-content\/uploads\/2018\/01\/femizidio.jpg 600w, https:\/\/www.gesmujer.org\/sitio\/wp-content\/uploads\/2018\/01\/femizidio-300x199.jpg 300w\" sizes=\"(max-width: 600px) 100vw, 600px\" \/><\/a><p id=\"caption-attachment-2649\" class=\"wp-caption-text\">* Estaremos vigilantes, dicen en relaci\u00f3n a la actuaci\u00f3n de nueva Fiscala<\/p><\/div>\n<p>SemM\u00e9xico, Oaxaca, 14 enero 2018.- Despu\u00e9s de la designaci\u00f3n de Edna Liliana S\u00e1nchez Cort\u00e9s como fiscala Especializada para la Atenci\u00f3n a Delitos Contra la Mujer por Raz\u00f3n de G\u00e9nero en Oaxaca, el Grupo de Estudios Sobre la Mujer (GESMujer) \u201cRosario Castellanos\u201d, se\u00f1al\u00f3 que estar\u00e1 vigilante del actuar de la funcionaria.<\/p>\n<p>El fiscal de esta entidad, Rub\u00e9n Vasconcelos M\u00e9ndez, design\u00f3 a la exdiputada local y expresidente de la Comisi\u00f3n de Puntos Constitucionales del Congreso local, en el cargo que dej\u00f3 el pasado mes de diciembre Rosario Villalobos Rueda.<\/p>\n<p>Entre los cargos, desempe\u00f1ados por la nueva fiscal destaca el hecho de que es militante afiliada al Partido Revolucionario Institucional (PRI), ha sido subprocuradora de Atenci\u00f3n a V\u00edctimas de la Procuradur\u00eda General de Justicia.<\/p>\n<p>\u201cEl problema de la violencia de g\u00e9nero en Oaxaca, sobre todo el feminicidio no debe minimizarse, estaremos atentas al desempe\u00f1o de la nueva fiscal, sus planteamientos\u201d, dijo la organizaci\u00f3n civil.<\/p>\n<p>GesMujer espera que la nueva fiscal considere el punto de vistas de las organizaciones de la sociedad civil, como aliadas en que la violencia contra las mujeres se sancione y se prevenga desde los diversos sectores.<\/p>\n<p>Para las organizaciones en Oaxaca, la violencia feminicida se debe erradicar con la prevenci\u00f3n con dotar a las instancias de las herramientas necesarias para el trabajo a favor de las mujeres.  <!--codes_iframe--><!--\/codes_iframe--><\/p>\n","protected":false},"excerpt":{"rendered":"<p>GesMujer solicita que se consideren sus puntos de organizaciones SemM\u00e9xico, Oaxaca, 14 enero 2018.- Despu\u00e9s de la designaci\u00f3n de Edna Liliana S\u00e1nchez Cort\u00e9s como fiscala Especializada para la Atenci\u00f3n a Delitos Contra la Mujer por Raz\u00f3n de G\u00e9nero en Oaxaca, el Grupo de Estudios Sobre la Mujer (GESMujer) \u201cRosario Castellanos\u201d, se\u00f1al\u00f3 que estar\u00e1 vigilante del [&hellip;]<\/p>\n","protected":false},"author":4,"featured_media":2649,"comment_status":"closed","ping_status":"open","sticky":false,"template":"","format":"standard","meta":{"give_campaign_id":0,"footnotes":""},"categories":[3],"tags":[],"class_list":["post-2648","post","type-post","status-publish","format-standard","has-post-thumbnail","hentry","category-portada"],"yoast_head":"<!-- This site is optimized with the Yoast SEO plugin v27.4 - https:\/\/yoast.com\/product\/yoast-seo-wordpress\/ -->\n<title>Pide OSC a gobierno no minimizar el feminicidio - GESMujer &quot;Rosario Castellanos&quot;<\/title>\n<meta name=\"robots\" content=\"index, follow, max-snippet:-1, max-image-preview:large, max-video-preview:-1\" \/>\n<link rel=\"canonical\" href=\"https:\/\/www.gesmujer.org\/sitio\/pide-osc-a-gobierno-no-minimizar-el-feminicidio\/\" \/>\n<meta property=\"og:locale\" content=\"es_MX\" \/>\n<meta property=\"og:type\" content=\"article\" \/>\n<meta property=\"og:title\" content=\"Pide OSC a gobierno no minimizar el feminicidio - GESMujer &quot;Rosario Castellanos&quot;\" \/>\n<meta property=\"og:description\" content=\"GesMujer solicita que se consideren sus puntos de organizaciones SemM\u00e9xico, Oaxaca, 14 enero 2018.- Despu\u00e9s de la designaci\u00f3n de Edna Liliana S\u00e1nchez Cort\u00e9s como fiscala Especializada para la Atenci\u00f3n a Delitos Contra la Mujer por Raz\u00f3n de G\u00e9nero en Oaxaca, el Grupo de Estudios Sobre la Mujer (GESMujer) \u201cRosario Castellanos\u201d, se\u00f1al\u00f3 que estar\u00e1 vigilante del [&hellip;]\" \/>\n<meta property=\"og:url\" content=\"https:\/\/www.gesmujer.org\/sitio\/pide-osc-a-gobierno-no-minimizar-el-feminicidio\/\" \/>\n<meta property=\"og:site_name\" content=\"GESMujer &quot;Rosario Castellanos&quot;\" \/>\n<meta property=\"article:publisher\" content=\"https:\/\/www.facebook.com\/gesmujer.rosario.castellanos.ac\" \/>\n<meta property=\"article:published_time\" content=\"2018-01-14T17:30:58+00:00\" \/>\n<meta property=\"article:modified_time\" content=\"2024-04-05T20:59:48+00:00\" \/>\n<meta property=\"og:image\" content=\"https:\/\/www.gesmujer.org\/sitio\/wp-content\/uploads\/2018\/01\/femizidio.jpg\" \/>\n\t<meta property=\"og:image:width\" content=\"600\" \/>\n\t<meta property=\"og:image:height\" content=\"397\" \/>\n\t<meta property=\"og:image:type\" content=\"image\/jpeg\" \/>\n<meta name=\"author\" content=\"cendoc\" \/>\n<meta name=\"twitter:card\" content=\"summary_large_image\" \/>\n<meta name=\"twitter:creator\" content=\"@GES_Mujer\" \/>\n<meta name=\"twitter:site\" content=\"@GES_Mujer\" \/>\n<meta name=\"twitter:label1\" content=\"Escrito por\" \/>\n\t<meta name=\"twitter:data1\" content=\"cendoc\" \/>\n\t<meta name=\"twitter:label2\" content=\"Tiempo de lectura\" \/>\n\t<meta name=\"twitter:data2\" content=\"1 minuto\" \/>\n<script type=\"application\/ld+json\" class=\"yoast-schema-graph\">{\"@context\":\"https:\\\/\\\/schema.org\",\"@graph\":[{\"@type\":\"Article\",\"@id\":\"https:\\\/\\\/www.gesmujer.org\\\/sitio\\\/pide-osc-a-gobierno-no-minimizar-el-feminicidio\\\/#article\",\"isPartOf\":{\"@id\":\"https:\\\/\\\/www.gesmujer.org\\\/sitio\\\/pide-osc-a-gobierno-no-minimizar-el-feminicidio\\\/\"},\"author\":{\"name\":\"cendoc\",\"@id\":\"https:\\\/\\\/www.gesmujer.org\\\/sitio\\\/#\\\/schema\\\/person\\\/50e03387f883646c2714c51783a7e288\"},\"headline\":\"Pide OSC a gobierno no minimizar el feminicidio\",\"datePublished\":\"2018-01-14T17:30:58+00:00\",\"dateModified\":\"2024-04-05T20:59:48+00:00\",\"mainEntityOfPage\":{\"@id\":\"https:\\\/\\\/www.gesmujer.org\\\/sitio\\\/pide-osc-a-gobierno-no-minimizar-el-feminicidio\\\/\"},\"wordCount\":274,\"publisher\":{\"@id\":\"https:\\\/\\\/www.gesmujer.org\\\/sitio\\\/#organization\"},\"image\":{\"@id\":\"https:\\\/\\\/www.gesmujer.org\\\/sitio\\\/pide-osc-a-gobierno-no-minimizar-el-feminicidio\\\/#primaryimage\"},\"thumbnailUrl\":\"https:\\\/\\\/www.gesmujer.org\\\/sitio\\\/wp-content\\\/uploads\\\/2018\\\/01\\\/femizidio.jpg\",\"articleSection\":[\"portada\"],\"inLanguage\":\"es\"},{\"@type\":\"WebPage\",\"@id\":\"https:\\\/\\\/www.gesmujer.org\\\/sitio\\\/pide-osc-a-gobierno-no-minimizar-el-feminicidio\\\/\",\"url\":\"https:\\\/\\\/www.gesmujer.org\\\/sitio\\\/pide-osc-a-gobierno-no-minimizar-el-feminicidio\\\/\",\"name\":\"Pide OSC a gobierno no minimizar el feminicidio - GESMujer &quot;Rosario Castellanos&quot;\",\"isPartOf\":{\"@id\":\"https:\\\/\\\/www.gesmujer.org\\\/sitio\\\/#website\"},\"primaryImageOfPage\":{\"@id\":\"https:\\\/\\\/www.gesmujer.org\\\/sitio\\\/pide-osc-a-gobierno-no-minimizar-el-feminicidio\\\/#primaryimage\"},\"image\":{\"@id\":\"https:\\\/\\\/www.gesmujer.org\\\/sitio\\\/pide-osc-a-gobierno-no-minimizar-el-feminicidio\\\/#primaryimage\"},\"thumbnailUrl\":\"https:\\\/\\\/www.gesmujer.org\\\/sitio\\\/wp-content\\\/uploads\\\/2018\\\/01\\\/femizidio.jpg\",\"datePublished\":\"2018-01-14T17:30:58+00:00\",\"dateModified\":\"2024-04-05T20:59:48+00:00\",\"breadcrumb\":{\"@id\":\"https:\\\/\\\/www.gesmujer.org\\\/sitio\\\/pide-osc-a-gobierno-no-minimizar-el-feminicidio\\\/#breadcrumb\"},\"inLanguage\":\"es\",\"potentialAction\":[{\"@type\":\"ReadAction\",\"target\":[\"https:\\\/\\\/www.gesmujer.org\\\/sitio\\\/pide-osc-a-gobierno-no-minimizar-el-feminicidio\\\/\"]}]},{\"@type\":\"ImageObject\",\"inLanguage\":\"es\",\"@id\":\"https:\\\/\\\/www.gesmujer.org\\\/sitio\\\/pide-osc-a-gobierno-no-minimizar-el-feminicidio\\\/#primaryimage\",\"url\":\"https:\\\/\\\/www.gesmujer.org\\\/sitio\\\/wp-content\\\/uploads\\\/2018\\\/01\\\/femizidio.jpg\",\"contentUrl\":\"https:\\\/\\\/www.gesmujer.org\\\/sitio\\\/wp-content\\\/uploads\\\/2018\\\/01\\\/femizidio.jpg\",\"width\":600,\"height\":397,\"caption\":\"* Estaremos vigilantes, dicen en relaci\u00f3n a la actuaci\u00f3n de nueva Fiscala\"},{\"@type\":\"BreadcrumbList\",\"@id\":\"https:\\\/\\\/www.gesmujer.org\\\/sitio\\\/pide-osc-a-gobierno-no-minimizar-el-feminicidio\\\/#breadcrumb\",\"itemListElement\":[{\"@type\":\"ListItem\",\"position\":1,\"name\":\"Home\",\"item\":\"https:\\\/\\\/www.gesmujer.org\\\/sitio\\\/\"},{\"@type\":\"ListItem\",\"position\":2,\"name\":\"Pide OSC a gobierno no minimizar el feminicidio\"}]},{\"@type\":\"WebSite\",\"@id\":\"https:\\\/\\\/www.gesmujer.org\\\/sitio\\\/#website\",\"url\":\"https:\\\/\\\/www.gesmujer.org\\\/sitio\\\/\",\"name\":\"GESMujer \\\"Rosario Castellanos\\\"\",\"description\":\"M\u00e1s de 45 a\u00f1os ha llevado a cabo acciones para erradicar la violencia de g\u00e9nero y construir entornos donde las mujeres encuentren su resiliencia, incrementen su agencia y autonom\u00eda que les permita lograr su empoderamiento a trav\u00e9s de cinco l\u00edneas de acci\u00f3n.\",\"publisher\":{\"@id\":\"https:\\\/\\\/www.gesmujer.org\\\/sitio\\\/#organization\"},\"alternateName\":\"GESMujer\",\"potentialAction\":[{\"@type\":\"SearchAction\",\"target\":{\"@type\":\"EntryPoint\",\"urlTemplate\":\"https:\\\/\\\/www.gesmujer.org\\\/sitio\\\/?s={search_term_string}\"},\"query-input\":{\"@type\":\"PropertyValueSpecification\",\"valueRequired\":true,\"valueName\":\"search_term_string\"}}],\"inLanguage\":\"es\"},{\"@type\":\"Organization\",\"@id\":\"https:\\\/\\\/www.gesmujer.org\\\/sitio\\\/#organization\",\"name\":\"Grupo de estudios sobre la mujer Rosario Castellanos ac\",\"alternateName\":\"GESMujer\",\"url\":\"https:\\\/\\\/www.gesmujer.org\\\/sitio\\\/\",\"logo\":{\"@type\":\"ImageObject\",\"inLanguage\":\"es\",\"@id\":\"https:\\\/\\\/www.gesmujer.org\\\/sitio\\\/#\\\/schema\\\/logo\\\/image\\\/\",\"url\":\"https:\\\/\\\/www.gesmujer.org\\\/sitio\\\/wp-content\\\/uploads\\\/2026\\\/03\\\/Logo-GESMujer-300.png\",\"contentUrl\":\"https:\\\/\\\/www.gesmujer.org\\\/sitio\\\/wp-content\\\/uploads\\\/2026\\\/03\\\/Logo-GESMujer-300.png\",\"width\":300,\"height\":141,\"caption\":\"Grupo de estudios sobre la mujer Rosario Castellanos ac\"},\"image\":{\"@id\":\"https:\\\/\\\/www.gesmujer.org\\\/sitio\\\/#\\\/schema\\\/logo\\\/image\\\/\"},\"sameAs\":[\"https:\\\/\\\/www.facebook.com\\\/gesmujer.rosario.castellanos.ac\",\"https:\\\/\\\/x.com\\\/GES_Mujer\",\"https:\\\/\\\/www.instagram.com\\\/ges_mujer\\\/?hl=es\",\"https:\\\/\\\/www.youtube.com\\\/c\\\/GESMujerRosarioCastellanos\\\/videos\",\"https:\\\/\\\/soundcloud.com\\\/gesmujerac\",\"https:\\\/\\\/www.tiktok.com\\\/@gesmujer\"]},{\"@type\":\"Person\",\"@id\":\"https:\\\/\\\/www.gesmujer.org\\\/sitio\\\/#\\\/schema\\\/person\\\/50e03387f883646c2714c51783a7e288\",\"name\":\"cendoc\",\"image\":{\"@type\":\"ImageObject\",\"inLanguage\":\"es\",\"@id\":\"https:\\\/\\\/secure.gravatar.com\\\/avatar\\\/2f187338ccb33c33bc1b08e92e2247a6891db221398e12bbc0f5ff0cfc462495?s=96&d=mm&r=g\",\"url\":\"https:\\\/\\\/secure.gravatar.com\\\/avatar\\\/2f187338ccb33c33bc1b08e92e2247a6891db221398e12bbc0f5ff0cfc462495?s=96&d=mm&r=g\",\"contentUrl\":\"https:\\\/\\\/secure.gravatar.com\\\/avatar\\\/2f187338ccb33c33bc1b08e92e2247a6891db221398e12bbc0f5ff0cfc462495?s=96&d=mm&r=g\",\"caption\":\"cendoc\"},\"sameAs\":[\"http:\\\/\\\/gesmujer.org\"],\"url\":\"https:\\\/\\\/www.gesmujer.org\\\/sitio\\\/author\\\/cendoc\\\/\"}]}<\/script>\n<!-- \/ Yoast SEO plugin. -->","yoast_head_json":{"title":"Pide OSC a gobierno no minimizar el feminicidio - GESMujer &quot;Rosario Castellanos&quot;","robots":{"index":"index","follow":"follow","max-snippet":"max-snippet:-1","max-image-preview":"max-image-preview:large","max-video-preview":"max-video-preview:-1"},"canonical":"https:\/\/www.gesmujer.org\/sitio\/pide-osc-a-gobierno-no-minimizar-el-feminicidio\/","og_locale":"es_MX","og_type":"article","og_title":"Pide OSC a gobierno no minimizar el feminicidio - GESMujer &quot;Rosario Castellanos&quot;","og_description":"GesMujer solicita que se consideren sus puntos de organizaciones SemM\u00e9xico, Oaxaca, 14 enero 2018.- Despu\u00e9s de la designaci\u00f3n de Edna Liliana S\u00e1nchez Cort\u00e9s como fiscala Especializada para la Atenci\u00f3n a Delitos Contra la Mujer por Raz\u00f3n de G\u00e9nero en Oaxaca, el Grupo de Estudios Sobre la Mujer (GESMujer) \u201cRosario Castellanos\u201d, se\u00f1al\u00f3 que estar\u00e1 vigilante del [&hellip;]","og_url":"https:\/\/www.gesmujer.org\/sitio\/pide-osc-a-gobierno-no-minimizar-el-feminicidio\/","og_site_name":"GESMujer &quot;Rosario Castellanos&quot;","article_publisher":"https:\/\/www.facebook.com\/gesmujer.rosario.castellanos.ac","article_published_time":"2018-01-14T17:30:58+00:00","article_modified_time":"2024-04-05T20:59:48+00:00","og_image":[{"width":600,"height":397,"url":"https:\/\/www.gesmujer.org\/sitio\/wp-content\/uploads\/2018\/01\/femizidio.jpg","type":"image\/jpeg"}],"author":"cendoc","twitter_card":"summary_large_image","twitter_creator":"@GES_Mujer","twitter_site":"@GES_Mujer","twitter_misc":{"Escrito por":"cendoc","Tiempo de lectura":"1 minuto"},"schema":{"@context":"https:\/\/schema.org","@graph":[{"@type":"Article","@id":"https:\/\/www.gesmujer.org\/sitio\/pide-osc-a-gobierno-no-minimizar-el-feminicidio\/#article","isPartOf":{"@id":"https:\/\/www.gesmujer.org\/sitio\/pide-osc-a-gobierno-no-minimizar-el-feminicidio\/"},"author":{"name":"cendoc","@id":"https:\/\/www.gesmujer.org\/sitio\/#\/schema\/person\/50e03387f883646c2714c51783a7e288"},"headline":"Pide OSC a gobierno no minimizar el feminicidio","datePublished":"2018-01-14T17:30:58+00:00","dateModified":"2024-04-05T20:59:48+00:00","mainEntityOfPage":{"@id":"https:\/\/www.gesmujer.org\/sitio\/pide-osc-a-gobierno-no-minimizar-el-feminicidio\/"},"wordCount":274,"publisher":{"@id":"https:\/\/www.gesmujer.org\/sitio\/#organization"},"image":{"@id":"https:\/\/www.gesmujer.org\/sitio\/pide-osc-a-gobierno-no-minimizar-el-feminicidio\/#primaryimage"},"thumbnailUrl":"https:\/\/www.gesmujer.org\/sitio\/wp-content\/uploads\/2018\/01\/femizidio.jpg","articleSection":["portada"],"inLanguage":"es"},{"@type":"WebPage","@id":"https:\/\/www.gesmujer.org\/sitio\/pide-osc-a-gobierno-no-minimizar-el-feminicidio\/","url":"https:\/\/www.gesmujer.org\/sitio\/pide-osc-a-gobierno-no-minimizar-el-feminicidio\/","name":"Pide OSC a gobierno no minimizar el feminicidio - GESMujer &quot;Rosario Castellanos&quot;","isPartOf":{"@id":"https:\/\/www.gesmujer.org\/sitio\/#website"},"primaryImageOfPage":{"@id":"https:\/\/www.gesmujer.org\/sitio\/pide-osc-a-gobierno-no-minimizar-el-feminicidio\/#primaryimage"},"image":{"@id":"https:\/\/www.gesmujer.org\/sitio\/pide-osc-a-gobierno-no-minimizar-el-feminicidio\/#primaryimage"},"thumbnailUrl":"https:\/\/www.gesmujer.org\/sitio\/wp-content\/uploads\/2018\/01\/femizidio.jpg","datePublished":"2018-01-14T17:30:58+00:00","dateModified":"2024-04-05T20:59:48+00:00","breadcrumb":{"@id":"https:\/\/www.gesmujer.org\/sitio\/pide-osc-a-gobierno-no-minimizar-el-feminicidio\/#breadcrumb"},"inLanguage":"es","potentialAction":[{"@type":"ReadAction","target":["https:\/\/www.gesmujer.org\/sitio\/pide-osc-a-gobierno-no-minimizar-el-feminicidio\/"]}]},{"@type":"ImageObject","inLanguage":"es","@id":"https:\/\/www.gesmujer.org\/sitio\/pide-osc-a-gobierno-no-minimizar-el-feminicidio\/#primaryimage","url":"https:\/\/www.gesmujer.org\/sitio\/wp-content\/uploads\/2018\/01\/femizidio.jpg","contentUrl":"https:\/\/www.gesmujer.org\/sitio\/wp-content\/uploads\/2018\/01\/femizidio.jpg","width":600,"height":397,"caption":"* Estaremos vigilantes, dicen en relaci\u00f3n a la actuaci\u00f3n de nueva Fiscala"},{"@type":"BreadcrumbList","@id":"https:\/\/www.gesmujer.org\/sitio\/pide-osc-a-gobierno-no-minimizar-el-feminicidio\/#breadcrumb","itemListElement":[{"@type":"ListItem","position":1,"name":"Home","item":"https:\/\/www.gesmujer.org\/sitio\/"},{"@type":"ListItem","position":2,"name":"Pide OSC a gobierno no minimizar el feminicidio"}]},{"@type":"WebSite","@id":"https:\/\/www.gesmujer.org\/sitio\/#website","url":"https:\/\/www.gesmujer.org\/sitio\/","name":"GESMujer \"Rosario Castellanos\"","description":"M\u00e1s de 45 a\u00f1os ha llevado a cabo acciones para erradicar la violencia de g\u00e9nero y construir entornos donde las mujeres encuentren su resiliencia, incrementen su agencia y autonom\u00eda que les permita lograr su empoderamiento a trav\u00e9s de cinco l\u00edneas de acci\u00f3n.","publisher":{"@id":"https:\/\/www.gesmujer.org\/sitio\/#organization"},"alternateName":"GESMujer","potentialAction":[{"@type":"SearchAction","target":{"@type":"EntryPoint","urlTemplate":"https:\/\/www.gesmujer.org\/sitio\/?s={search_term_string}"},"query-input":{"@type":"PropertyValueSpecification","valueRequired":true,"valueName":"search_term_string"}}],"inLanguage":"es"},{"@type":"Organization","@id":"https:\/\/www.gesmujer.org\/sitio\/#organization","name":"Grupo de estudios sobre la mujer Rosario Castellanos ac","alternateName":"GESMujer","url":"https:\/\/www.gesmujer.org\/sitio\/","logo":{"@type":"ImageObject","inLanguage":"es","@id":"https:\/\/www.gesmujer.org\/sitio\/#\/schema\/logo\/image\/","url":"https:\/\/www.gesmujer.org\/sitio\/wp-content\/uploads\/2026\/03\/Logo-GESMujer-300.png","contentUrl":"https:\/\/www.gesmujer.org\/sitio\/wp-content\/uploads\/2026\/03\/Logo-GESMujer-300.png","width":300,"height":141,"caption":"Grupo de estudios sobre la mujer Rosario Castellanos ac"},"image":{"@id":"https:\/\/www.gesmujer.org\/sitio\/#\/schema\/logo\/image\/"},"sameAs":["https:\/\/www.facebook.com\/gesmujer.rosario.castellanos.ac","https:\/\/x.com\/GES_Mujer","https:\/\/www.instagram.com\/ges_mujer\/?hl=es","https:\/\/www.youtube.com\/c\/GESMujerRosarioCastellanos\/videos","https:\/\/soundcloud.com\/gesmujerac","https:\/\/www.tiktok.com\/@gesmujer"]},{"@type":"Person","@id":"https:\/\/www.gesmujer.org\/sitio\/#\/schema\/person\/50e03387f883646c2714c51783a7e288","name":"cendoc","image":{"@type":"ImageObject","inLanguage":"es","@id":"https:\/\/secure.gravatar.com\/avatar\/2f187338ccb33c33bc1b08e92e2247a6891db221398e12bbc0f5ff0cfc462495?s=96&d=mm&r=g","url":"https:\/\/secure.gravatar.com\/avatar\/2f187338ccb33c33bc1b08e92e2247a6891db221398e12bbc0f5ff0cfc462495?s=96&d=mm&r=g","contentUrl":"https:\/\/secure.gravatar.com\/avatar\/2f187338ccb33c33bc1b08e92e2247a6891db221398e12bbc0f5ff0cfc462495?s=96&d=mm&r=g","caption":"cendoc"},"sameAs":["http:\/\/gesmujer.org"],"url":"https:\/\/www.gesmujer.org\/sitio\/author\/cendoc\/"}]}},"_links":{"self":[{"href":"https:\/\/www.gesmujer.org\/sitio\/wp-json\/wp\/v2\/posts\/2648","targetHints":{"allow":["GET"]}}],"collection":[{"href":"https:\/\/www.gesmujer.org\/sitio\/wp-json\/wp\/v2\/posts"}],"about":[{"href":"https:\/\/www.gesmujer.org\/sitio\/wp-json\/wp\/v2\/types\/post"}],"author":[{"embeddable":true,"href":"https:\/\/www.gesmujer.org\/sitio\/wp-json\/wp\/v2\/users\/4"}],"replies":[{"embeddable":true,"href":"https:\/\/www.gesmujer.org\/sitio\/wp-json\/wp\/v2\/comments?post=2648"}],"version-history":[{"count":3,"href":"https:\/\/www.gesmujer.org\/sitio\/wp-json\/wp\/v2\/posts\/2648\/revisions"}],"predecessor-version":[{"id":58597,"href":"https:\/\/www.gesmujer.org\/sitio\/wp-json\/wp\/v2\/posts\/2648\/revisions\/58597"}],"wp:featuredmedia":[{"embeddable":true,"href":"https:\/\/www.gesmujer.org\/sitio\/wp-json\/wp\/v2\/media\/2649"}],"wp:attachment":[{"href":"https:\/\/www.gesmujer.org\/sitio\/wp-json\/wp\/v2\/media?parent=2648"}],"wp:term":[{"taxonomy":"category","embeddable":true,"href":"https:\/\/www.gesmujer.org\/sitio\/wp-json\/wp\/v2\/categories?post=2648"},{"taxonomy":"post_tag","embeddable":true,"href":"https:\/\/www.gesmujer.org\/sitio\/wp-json\/wp\/v2\/tags?post=2648"}],"curies":[{"name":"wp","href":"https:\/\/api.w.org\/{rel}","templated":true}]}}