{"id":2727,"date":"2018-05-09T10:10:48","date_gmt":"2018-05-09T16:10:48","guid":{"rendered":"http:\/\/www.gesmujer.org\/sitio\/?p=2727"},"modified":"2024-04-05T15:00:13","modified_gmt":"2024-04-05T21:00:13","slug":"la-maternidad-en-oaxaca-debe-ser-opcion-no-destino","status":"publish","type":"post","link":"https:\/\/www.gesmujer.org\/sitio\/la-maternidad-en-oaxaca-debe-ser-opcion-no-destino\/","title":{"rendered":"La maternidad en Oaxaca debe ser opci\u00f3n, no destino"},"content":{"rendered":"<p>La fecha es precisa: 11 de junio de 2004. El embarazo hab\u00eda llegado a t\u00e9rmino. El beb\u00e9, un ni\u00f1o de 3 kilos era sostenido entre sus manos en el momento m\u00e1s importante de su vida. Su primera ces\u00e1rea. Ten\u00eda 26 a\u00f1os e iniciaba su carrera como ginec\u00f3loga.<\/p>\n<p>Ella es F\u00e1tima, hace un par de d\u00edas cumpli\u00f3 40 a\u00f1os y forma parte del 7.9 por ciento de mujeres de 40 a 49 a\u00f1os no-madres en Oaxaca. \u201cNunca so\u00f1\u00e9 con casarme o tener hijos. Mi sue\u00f1o siempre fue ser m\u00e9dico\u201d.<\/p>\n<p>En F\u00e1tima la determinaci\u00f3n de no ser madre contrasta con su profesi\u00f3n. Por sus brazos han pasado m\u00e1s de mil 500 beb\u00e9s y quiz\u00e1 un n\u00famero similar de embarazos atendidos. Cada uno de estos momentos los vive con la emoci\u00f3n de quien, sin ser madre, es fundamental en el nacimiento de una nueva vida.<\/p>\n<p>No es que rechace a los ni\u00f1os, asegura, por el contrario, siente un cari\u00f1o especial en cada uno de los que ayuda a nacer.<\/p>\n<p>Cuando su mente viaja al pasado, F\u00e1tima no se recuerda jugando a las mu\u00f1ecas o a la comidita. \u201cCuando me regalaban mu\u00f1ecas o juegos de t\u00e9 los guardaba. Yo crec\u00ed entre primos hombres y nuestros juegos eran la lucha libre, los quemados, las escondidas\u201d.<\/p>\n<p>\u201cYo tengo pareja, tengo novio, pero nunca he planeado tener un beb\u00e9. Mis planes son viajar y trabajar en lo que hago, que es lo que me encanta\u201d.<\/p>\n<p><a href=\"http:\/\/www.gesmujer.org\/SITIO\/wp-content\/uploads\/\/2018\/05\/maternidad.jpg\"><img fetchpriority=\"high\" decoding=\"async\" class=\"aligncenter size-large wp-image-2729\" src=\"http:\/\/www.gesmujer.org\/SITIO\/wp-content\/uploads\/\/2018\/05\/maternidad-1024x682.jpg\" alt=\"\" width=\"640\" height=\"426\" srcset=\"https:\/\/www.gesmujer.org\/sitio\/wp-content\/uploads\/2018\/05\/maternidad-1024x682.jpg 1024w, https:\/\/www.gesmujer.org\/sitio\/wp-content\/uploads\/2018\/05\/maternidad-1080x720.jpg 1080w, https:\/\/www.gesmujer.org\/sitio\/wp-content\/uploads\/2018\/05\/maternidad-300x200.jpg 300w, https:\/\/www.gesmujer.org\/sitio\/wp-content\/uploads\/2018\/05\/maternidad-768x512.jpg 768w, https:\/\/www.gesmujer.org\/sitio\/wp-content\/uploads\/2018\/05\/maternidad.jpg 1280w\" sizes=\"(max-width: 640px) 100vw, 640px\" \/><\/a><\/p>\n<p><strong>Crece el n\u00famero de mujeres no-madres<\/strong><\/p>\n<p>En M\u00e9xico, proporci\u00f3n de mujeres no-madres entre 40 y 49 a\u00f1os de edad ha registrado un incremento moderado. Mientras que en 1990 el porcentaje era de 6.7, al 2010 hab\u00eda crecido a 7.9 por ciento.<\/p>\n<p>Oaxaca se ubic\u00f3 entre las 11 entidades con mayor \u00edndice de mujeres en dicho rango de edad sin hijos de acuerdo con el estudio La no-maternidad en M\u00e9xico. El rol del g\u00e9nero y la desigualdad socioecon\u00f3mica elaborado por el Centro Centroamericano de la Poblaci\u00f3n basado en cifras del Instituto Nacional de Estad\u00edstica y Geograf\u00eda (Inegi).<\/p>\n<p>El estudio tambi\u00e9n sugiere que la creciente negativa a la maternidad puede relacionarse con la ausencia de uni\u00f3n conyugal de las mujeres. Para el caso de Oaxaca este indicador avanz\u00f3 de 54.9 por ciento en 1990 a 68.3 por ciento en el 2000 y a 72.6 en el 2010.<\/p>\n<p><a href=\"http:\/\/www.gesmujer.org\/SITIO\/wp-content\/uploads\/\/2018\/05\/maternidad2.jpg\"><img decoding=\"async\" class=\"aligncenter size-large wp-image-2730\" src=\"http:\/\/www.gesmujer.org\/SITIO\/wp-content\/uploads\/\/2018\/05\/maternidad2-1024x576.jpg\" alt=\"\" width=\"640\" height=\"360\" srcset=\"https:\/\/www.gesmujer.org\/sitio\/wp-content\/uploads\/2018\/05\/maternidad2-1024x576.jpg 1024w, https:\/\/www.gesmujer.org\/sitio\/wp-content\/uploads\/2018\/05\/maternidad2-1080x608.jpg 1080w, https:\/\/www.gesmujer.org\/sitio\/wp-content\/uploads\/2018\/05\/maternidad2-300x169.jpg 300w, https:\/\/www.gesmujer.org\/sitio\/wp-content\/uploads\/2018\/05\/maternidad2-768x432.jpg 768w, https:\/\/www.gesmujer.org\/sitio\/wp-content\/uploads\/2018\/05\/maternidad2.jpg 1920w\" sizes=\"(max-width: 640px) 100vw, 640px\" \/><\/a><\/p>\n<p>Otras cifras del Inegi precisan que el n\u00famero de nacimientos de 1985 a 2016 se redujo en un 20.15 por ciento.<\/p>\n<p><strong>No es un destino<\/strong><\/p>\n<p>La directora del Grupo de Estudios de la Mujeres (GesMujer) Rosario Castellanos, Ximena Avellaneda, explica que la postergaci\u00f3n de la maternidad o determinaci\u00f3n a no tener embarazos es una tendencia zanjada en la medida que se ha incrementado el nivel de escolaridad y mayor conciencia de las mujeres sobre su derecho a decidir. Ver en la maternidad una opci\u00f3n no un destino.<\/p>\n<p>Construida desde una visi\u00f3n machista y patriarcal, el concepto de maternidad fue establecido como la mayor realizaci\u00f3n de una mujer.<\/p>\n<p>Por muchos a\u00f1os, los hombres han utilizado la procreaci\u00f3n de hijos para probar su hombr\u00eda o virilidad. Un ejemplo claro de ello es familias con padre migrante que en cada visita dejan a su esposa en embarazo. \u201cEs como decir: es mi propiedad\u201d.<\/p>\n<p>Las ni\u00f1as -abunda- son educadas a trav\u00e9s del juego a desempe\u00f1ar roles estereotipados que las orienta hacia la maternidad y los cuidados del hogar. \u201cAprenden con la mu\u00f1eca, con la cocinita. Les estamos diciendo: \u00e9sta es tu funci\u00f3n, lo debes hacer y hacerlo bien\u201d.<\/p>\n<p>Por otro lado, la iglesia refuerza la idea de que concebir beb\u00e9s es la m\u00e1xima felicidad y funci\u00f3n primordial de las mujeres.<\/p>\n<p>La especialista en temas de equidad y g\u00e9nero, se\u00f1ala que lo que se debe de aspirar es a maternidades libres, gozosas y seguras, pero que tambi\u00e9n la no maternidad sea una determinaci\u00f3n respetada y libre de prejuicios.<\/p>\n<p><strong>Felicidad m\u00e1s all\u00e1 de la maternidad<\/strong><\/p>\n<p>Su deseo de maternidad a\u00fan est\u00e1 alejado de sus proyectos inmediatos como concluir una carrera, ejercer, viajar y \u201cgastar toda mi quincena en mi\u201d, sin embargo Guadalupe, una joven estudiante de bachillerato tienen \u00edntimamente ligado el concepto de felicidad al de la maternidad.<\/p>\n<p>Cuando responde sobre las razones que la motivan a desear ser madre, ella lo duda un poco, titubea y eleva los ojos pensando r\u00e1pidamente en una respuesta. \u201cQuiero ser feliz\u201d.<\/p>\n<p>Para Alondra, de 18 a\u00f1os, tambi\u00e9n estudiante de bachillerato la maternidad \u201ces el deseo de toda mujer\u201d. \u201cTerminar\u00e9 la carrera, trabajar\u00e9 un a\u00f1o y luego tendr\u00e9 dos o tres hijos\u201d.<\/p>\n<p><a href=\"http:\/\/www.gesmujer.org\/SITIO\/wp-content\/uploads\/\/2018\/05\/maternidad3.jpg\"><img decoding=\"async\" class=\"aligncenter size-full wp-image-2731\" src=\"http:\/\/www.gesmujer.org\/SITIO\/wp-content\/uploads\/\/2018\/05\/maternidad3.jpg\" alt=\"\" width=\"1920\" height=\"1080\" srcset=\"https:\/\/www.gesmujer.org\/sitio\/wp-content\/uploads\/2018\/05\/maternidad3.jpg 1920w, https:\/\/www.gesmujer.org\/sitio\/wp-content\/uploads\/2018\/05\/maternidad3-1080x608.jpg 1080w, https:\/\/www.gesmujer.org\/sitio\/wp-content\/uploads\/2018\/05\/maternidad3-300x169.jpg 300w, https:\/\/www.gesmujer.org\/sitio\/wp-content\/uploads\/2018\/05\/maternidad3-768x432.jpg 768w, https:\/\/www.gesmujer.org\/sitio\/wp-content\/uploads\/2018\/05\/maternidad3-1024x576.jpg 1024w\" sizes=\"(max-width: 1920px) 100vw, 1920px\" \/><\/a><\/p>\n<p>\u00bfQu\u00e9 opinas de las mujeres que deciden no ser madres?<\/p>\n<p>Para m\u00ed est\u00e1 mal y pienso que con el tiempo habr\u00e1n de arrepentirse de no haberlo sido.<\/p>\n<p>Para la doctora Zoila R\u00edos Coca, directora de la Cl\u00ednica de Atenci\u00f3n Psicol\u00f3gica y Terapias Alternativas (Capta), ligar la felicidad a ser madre se deriva de la sobrevaloraci\u00f3n de las mujeres con hijos debido a un mandato social.<\/p>\n<p>\u201c\u00a1Estar a toda madre! \u00a1estar de poca madre! son estimaciones muy grandes que denotan m\u00e1xima felicidad. Las mujeres y la sociedad en general nos hemos comido esa informaci\u00f3n\u201d, indica.<\/p>\n<p>A su mente viaja pronto una imagen caracter\u00edstica de la conmemoraci\u00f3n del 10 de mayo que dice \u201cs\u00f3lo hasta que te tuve entre mis brazos, me sent\u00ed llena\u201d. \u201cEso no quiere decir que las que no tuvimos hijos vamos a estar vac\u00edas toda la vida. NO es as\u00ed. Las mujeres que decidimos no ser madres tambi\u00e9n somos felices\u201d.<\/p>\n<p>La felicidad -expone &#8211; dependen de las aspiraciones de cada ser humano y no de una condici\u00f3n.  <!--codes_iframe--><!--\/codes_iframe--><\/p>\n","protected":false},"excerpt":{"rendered":"<p>La fecha es precisa: 11 de junio de 2004. El embarazo hab\u00eda llegado a t\u00e9rmino. El beb\u00e9, un ni\u00f1o de 3 kilos era sostenido entre sus manos en el momento m\u00e1s importante de su vida. Su primera ces\u00e1rea. Ten\u00eda 26 a\u00f1os e iniciaba su carrera como ginec\u00f3loga. Ella es F\u00e1tima, hace un par de d\u00edas [&hellip;]<\/p>\n","protected":false},"author":4,"featured_media":2728,"comment_status":"closed","ping_status":"open","sticky":false,"template":"","format":"standard","meta":{"give_campaign_id":0,"footnotes":""},"categories":[90,91,32],"tags":[],"class_list":["post-2727","post","type-post","status-publish","format-standard","has-post-thumbnail","hentry","category-articulos","category-notas","category-novedades"],"yoast_head":"<!-- This site is optimized with the Yoast SEO plugin v27.4 - https:\/\/yoast.com\/product\/yoast-seo-wordpress\/ -->\n<title>La maternidad en Oaxaca debe ser opci\u00f3n, no destino - GESMujer &quot;Rosario Castellanos&quot;<\/title>\n<meta name=\"robots\" content=\"index, follow, max-snippet:-1, max-image-preview:large, max-video-preview:-1\" \/>\n<link rel=\"canonical\" href=\"https:\/\/www.gesmujer.org\/sitio\/la-maternidad-en-oaxaca-debe-ser-opcion-no-destino\/\" \/>\n<meta property=\"og:locale\" content=\"es_MX\" \/>\n<meta property=\"og:type\" content=\"article\" \/>\n<meta property=\"og:title\" content=\"La maternidad en Oaxaca debe ser opci\u00f3n, no destino - GESMujer &quot;Rosario Castellanos&quot;\" \/>\n<meta property=\"og:description\" content=\"La fecha es precisa: 11 de junio de 2004. El embarazo hab\u00eda llegado a t\u00e9rmino. El beb\u00e9, un ni\u00f1o de 3 kilos era sostenido entre sus manos en el momento m\u00e1s importante de su vida. Su primera ces\u00e1rea. Ten\u00eda 26 a\u00f1os e iniciaba su carrera como ginec\u00f3loga. Ella es F\u00e1tima, hace un par de d\u00edas [&hellip;]\" \/>\n<meta property=\"og:url\" content=\"https:\/\/www.gesmujer.org\/sitio\/la-maternidad-en-oaxaca-debe-ser-opcion-no-destino\/\" \/>\n<meta property=\"og:site_name\" content=\"GESMujer &quot;Rosario Castellanos&quot;\" \/>\n<meta property=\"article:publisher\" content=\"https:\/\/www.facebook.com\/gesmujer.rosario.castellanos.ac\" \/>\n<meta property=\"article:published_time\" content=\"2018-05-09T16:10:48+00:00\" \/>\n<meta property=\"article:modified_time\" content=\"2024-04-05T21:00:13+00:00\" \/>\n<meta property=\"og:image\" content=\"https:\/\/www.gesmujer.org\/sitio\/wp-content\/uploads\/2018\/05\/fatima.jpg\" \/>\n\t<meta property=\"og:image:width\" content=\"1144\" \/>\n\t<meta property=\"og:image:height\" content=\"645\" \/>\n\t<meta property=\"og:image:type\" content=\"image\/jpeg\" \/>\n<meta name=\"author\" content=\"cendoc\" \/>\n<meta name=\"twitter:card\" content=\"summary_large_image\" \/>\n<meta name=\"twitter:creator\" content=\"@GES_Mujer\" \/>\n<meta name=\"twitter:site\" content=\"@GES_Mujer\" \/>\n<meta name=\"twitter:label1\" content=\"Escrito por\" \/>\n\t<meta name=\"twitter:data1\" content=\"cendoc\" \/>\n\t<meta name=\"twitter:label2\" content=\"Tiempo de lectura\" \/>\n\t<meta name=\"twitter:data2\" content=\"5 minutos\" \/>\n<script type=\"application\/ld+json\" class=\"yoast-schema-graph\">{\"@context\":\"https:\\\/\\\/schema.org\",\"@graph\":[{\"@type\":\"Article\",\"@id\":\"https:\\\/\\\/www.gesmujer.org\\\/sitio\\\/la-maternidad-en-oaxaca-debe-ser-opcion-no-destino\\\/#article\",\"isPartOf\":{\"@id\":\"https:\\\/\\\/www.gesmujer.org\\\/sitio\\\/la-maternidad-en-oaxaca-debe-ser-opcion-no-destino\\\/\"},\"author\":{\"name\":\"cendoc\",\"@id\":\"https:\\\/\\\/www.gesmujer.org\\\/sitio\\\/#\\\/schema\\\/person\\\/50e03387f883646c2714c51783a7e288\"},\"headline\":\"La maternidad en Oaxaca debe ser opci\u00f3n, no destino\",\"datePublished\":\"2018-05-09T16:10:48+00:00\",\"dateModified\":\"2024-04-05T21:00:13+00:00\",\"mainEntityOfPage\":{\"@id\":\"https:\\\/\\\/www.gesmujer.org\\\/sitio\\\/la-maternidad-en-oaxaca-debe-ser-opcion-no-destino\\\/\"},\"wordCount\":977,\"publisher\":{\"@id\":\"https:\\\/\\\/www.gesmujer.org\\\/sitio\\\/#organization\"},\"image\":{\"@id\":\"https:\\\/\\\/www.gesmujer.org\\\/sitio\\\/la-maternidad-en-oaxaca-debe-ser-opcion-no-destino\\\/#primaryimage\"},\"thumbnailUrl\":\"https:\\\/\\\/www.gesmujer.org\\\/sitio\\\/wp-content\\\/uploads\\\/2018\\\/05\\\/fatima.jpg\",\"articleSection\":[\"ARTICULOS\",\"NOTAS\",\"NOTICIAS\"],\"inLanguage\":\"es\"},{\"@type\":\"WebPage\",\"@id\":\"https:\\\/\\\/www.gesmujer.org\\\/sitio\\\/la-maternidad-en-oaxaca-debe-ser-opcion-no-destino\\\/\",\"url\":\"https:\\\/\\\/www.gesmujer.org\\\/sitio\\\/la-maternidad-en-oaxaca-debe-ser-opcion-no-destino\\\/\",\"name\":\"La maternidad en Oaxaca debe ser opci\u00f3n, no destino - GESMujer &quot;Rosario Castellanos&quot;\",\"isPartOf\":{\"@id\":\"https:\\\/\\\/www.gesmujer.org\\\/sitio\\\/#website\"},\"primaryImageOfPage\":{\"@id\":\"https:\\\/\\\/www.gesmujer.org\\\/sitio\\\/la-maternidad-en-oaxaca-debe-ser-opcion-no-destino\\\/#primaryimage\"},\"image\":{\"@id\":\"https:\\\/\\\/www.gesmujer.org\\\/sitio\\\/la-maternidad-en-oaxaca-debe-ser-opcion-no-destino\\\/#primaryimage\"},\"thumbnailUrl\":\"https:\\\/\\\/www.gesmujer.org\\\/sitio\\\/wp-content\\\/uploads\\\/2018\\\/05\\\/fatima.jpg\",\"datePublished\":\"2018-05-09T16:10:48+00:00\",\"dateModified\":\"2024-04-05T21:00:13+00:00\",\"breadcrumb\":{\"@id\":\"https:\\\/\\\/www.gesmujer.org\\\/sitio\\\/la-maternidad-en-oaxaca-debe-ser-opcion-no-destino\\\/#breadcrumb\"},\"inLanguage\":\"es\",\"potentialAction\":[{\"@type\":\"ReadAction\",\"target\":[\"https:\\\/\\\/www.gesmujer.org\\\/sitio\\\/la-maternidad-en-oaxaca-debe-ser-opcion-no-destino\\\/\"]}]},{\"@type\":\"ImageObject\",\"inLanguage\":\"es\",\"@id\":\"https:\\\/\\\/www.gesmujer.org\\\/sitio\\\/la-maternidad-en-oaxaca-debe-ser-opcion-no-destino\\\/#primaryimage\",\"url\":\"https:\\\/\\\/www.gesmujer.org\\\/sitio\\\/wp-content\\\/uploads\\\/2018\\\/05\\\/fatima.jpg\",\"contentUrl\":\"https:\\\/\\\/www.gesmujer.org\\\/sitio\\\/wp-content\\\/uploads\\\/2018\\\/05\\\/fatima.jpg\",\"width\":1144,\"height\":645},{\"@type\":\"BreadcrumbList\",\"@id\":\"https:\\\/\\\/www.gesmujer.org\\\/sitio\\\/la-maternidad-en-oaxaca-debe-ser-opcion-no-destino\\\/#breadcrumb\",\"itemListElement\":[{\"@type\":\"ListItem\",\"position\":1,\"name\":\"Home\",\"item\":\"https:\\\/\\\/www.gesmujer.org\\\/sitio\\\/\"},{\"@type\":\"ListItem\",\"position\":2,\"name\":\"La maternidad en Oaxaca debe ser opci\u00f3n, no destino\"}]},{\"@type\":\"WebSite\",\"@id\":\"https:\\\/\\\/www.gesmujer.org\\\/sitio\\\/#website\",\"url\":\"https:\\\/\\\/www.gesmujer.org\\\/sitio\\\/\",\"name\":\"GESMujer \\\"Rosario Castellanos\\\"\",\"description\":\"M\u00e1s de 45 a\u00f1os ha llevado a cabo acciones para erradicar la violencia de g\u00e9nero y construir entornos donde las mujeres encuentren su resiliencia, incrementen su agencia y autonom\u00eda que les permita lograr su empoderamiento a trav\u00e9s de cinco l\u00edneas de acci\u00f3n.\",\"publisher\":{\"@id\":\"https:\\\/\\\/www.gesmujer.org\\\/sitio\\\/#organization\"},\"alternateName\":\"GESMujer\",\"potentialAction\":[{\"@type\":\"SearchAction\",\"target\":{\"@type\":\"EntryPoint\",\"urlTemplate\":\"https:\\\/\\\/www.gesmujer.org\\\/sitio\\\/?s={search_term_string}\"},\"query-input\":{\"@type\":\"PropertyValueSpecification\",\"valueRequired\":true,\"valueName\":\"search_term_string\"}}],\"inLanguage\":\"es\"},{\"@type\":\"Organization\",\"@id\":\"https:\\\/\\\/www.gesmujer.org\\\/sitio\\\/#organization\",\"name\":\"Grupo de estudios sobre la mujer Rosario Castellanos ac\",\"alternateName\":\"GESMujer\",\"url\":\"https:\\\/\\\/www.gesmujer.org\\\/sitio\\\/\",\"logo\":{\"@type\":\"ImageObject\",\"inLanguage\":\"es\",\"@id\":\"https:\\\/\\\/www.gesmujer.org\\\/sitio\\\/#\\\/schema\\\/logo\\\/image\\\/\",\"url\":\"https:\\\/\\\/www.gesmujer.org\\\/sitio\\\/wp-content\\\/uploads\\\/2026\\\/03\\\/Logo-GESMujer-300.png\",\"contentUrl\":\"https:\\\/\\\/www.gesmujer.org\\\/sitio\\\/wp-content\\\/uploads\\\/2026\\\/03\\\/Logo-GESMujer-300.png\",\"width\":300,\"height\":141,\"caption\":\"Grupo de estudios sobre la mujer Rosario Castellanos ac\"},\"image\":{\"@id\":\"https:\\\/\\\/www.gesmujer.org\\\/sitio\\\/#\\\/schema\\\/logo\\\/image\\\/\"},\"sameAs\":[\"https:\\\/\\\/www.facebook.com\\\/gesmujer.rosario.castellanos.ac\",\"https:\\\/\\\/x.com\\\/GES_Mujer\",\"https:\\\/\\\/www.instagram.com\\\/ges_mujer\\\/?hl=es\",\"https:\\\/\\\/www.youtube.com\\\/c\\\/GESMujerRosarioCastellanos\\\/videos\",\"https:\\\/\\\/soundcloud.com\\\/gesmujerac\",\"https:\\\/\\\/www.tiktok.com\\\/@gesmujer\"]},{\"@type\":\"Person\",\"@id\":\"https:\\\/\\\/www.gesmujer.org\\\/sitio\\\/#\\\/schema\\\/person\\\/50e03387f883646c2714c51783a7e288\",\"name\":\"cendoc\",\"image\":{\"@type\":\"ImageObject\",\"inLanguage\":\"es\",\"@id\":\"https:\\\/\\\/secure.gravatar.com\\\/avatar\\\/2f187338ccb33c33bc1b08e92e2247a6891db221398e12bbc0f5ff0cfc462495?s=96&d=mm&r=g\",\"url\":\"https:\\\/\\\/secure.gravatar.com\\\/avatar\\\/2f187338ccb33c33bc1b08e92e2247a6891db221398e12bbc0f5ff0cfc462495?s=96&d=mm&r=g\",\"contentUrl\":\"https:\\\/\\\/secure.gravatar.com\\\/avatar\\\/2f187338ccb33c33bc1b08e92e2247a6891db221398e12bbc0f5ff0cfc462495?s=96&d=mm&r=g\",\"caption\":\"cendoc\"},\"sameAs\":[\"http:\\\/\\\/gesmujer.org\"],\"url\":\"https:\\\/\\\/www.gesmujer.org\\\/sitio\\\/author\\\/cendoc\\\/\"}]}<\/script>\n<!-- \/ Yoast SEO plugin. -->","yoast_head_json":{"title":"La maternidad en Oaxaca debe ser opci\u00f3n, no destino - GESMujer &quot;Rosario Castellanos&quot;","robots":{"index":"index","follow":"follow","max-snippet":"max-snippet:-1","max-image-preview":"max-image-preview:large","max-video-preview":"max-video-preview:-1"},"canonical":"https:\/\/www.gesmujer.org\/sitio\/la-maternidad-en-oaxaca-debe-ser-opcion-no-destino\/","og_locale":"es_MX","og_type":"article","og_title":"La maternidad en Oaxaca debe ser opci\u00f3n, no destino - GESMujer &quot;Rosario Castellanos&quot;","og_description":"La fecha es precisa: 11 de junio de 2004. El embarazo hab\u00eda llegado a t\u00e9rmino. El beb\u00e9, un ni\u00f1o de 3 kilos era sostenido entre sus manos en el momento m\u00e1s importante de su vida. Su primera ces\u00e1rea. Ten\u00eda 26 a\u00f1os e iniciaba su carrera como ginec\u00f3loga. Ella es F\u00e1tima, hace un par de d\u00edas [&hellip;]","og_url":"https:\/\/www.gesmujer.org\/sitio\/la-maternidad-en-oaxaca-debe-ser-opcion-no-destino\/","og_site_name":"GESMujer &quot;Rosario Castellanos&quot;","article_publisher":"https:\/\/www.facebook.com\/gesmujer.rosario.castellanos.ac","article_published_time":"2018-05-09T16:10:48+00:00","article_modified_time":"2024-04-05T21:00:13+00:00","og_image":[{"width":1144,"height":645,"url":"https:\/\/www.gesmujer.org\/sitio\/wp-content\/uploads\/2018\/05\/fatima.jpg","type":"image\/jpeg"}],"author":"cendoc","twitter_card":"summary_large_image","twitter_creator":"@GES_Mujer","twitter_site":"@GES_Mujer","twitter_misc":{"Escrito por":"cendoc","Tiempo de lectura":"5 minutos"},"schema":{"@context":"https:\/\/schema.org","@graph":[{"@type":"Article","@id":"https:\/\/www.gesmujer.org\/sitio\/la-maternidad-en-oaxaca-debe-ser-opcion-no-destino\/#article","isPartOf":{"@id":"https:\/\/www.gesmujer.org\/sitio\/la-maternidad-en-oaxaca-debe-ser-opcion-no-destino\/"},"author":{"name":"cendoc","@id":"https:\/\/www.gesmujer.org\/sitio\/#\/schema\/person\/50e03387f883646c2714c51783a7e288"},"headline":"La maternidad en Oaxaca debe ser opci\u00f3n, no destino","datePublished":"2018-05-09T16:10:48+00:00","dateModified":"2024-04-05T21:00:13+00:00","mainEntityOfPage":{"@id":"https:\/\/www.gesmujer.org\/sitio\/la-maternidad-en-oaxaca-debe-ser-opcion-no-destino\/"},"wordCount":977,"publisher":{"@id":"https:\/\/www.gesmujer.org\/sitio\/#organization"},"image":{"@id":"https:\/\/www.gesmujer.org\/sitio\/la-maternidad-en-oaxaca-debe-ser-opcion-no-destino\/#primaryimage"},"thumbnailUrl":"https:\/\/www.gesmujer.org\/sitio\/wp-content\/uploads\/2018\/05\/fatima.jpg","articleSection":["ARTICULOS","NOTAS","NOTICIAS"],"inLanguage":"es"},{"@type":"WebPage","@id":"https:\/\/www.gesmujer.org\/sitio\/la-maternidad-en-oaxaca-debe-ser-opcion-no-destino\/","url":"https:\/\/www.gesmujer.org\/sitio\/la-maternidad-en-oaxaca-debe-ser-opcion-no-destino\/","name":"La maternidad en Oaxaca debe ser opci\u00f3n, no destino - GESMujer &quot;Rosario Castellanos&quot;","isPartOf":{"@id":"https:\/\/www.gesmujer.org\/sitio\/#website"},"primaryImageOfPage":{"@id":"https:\/\/www.gesmujer.org\/sitio\/la-maternidad-en-oaxaca-debe-ser-opcion-no-destino\/#primaryimage"},"image":{"@id":"https:\/\/www.gesmujer.org\/sitio\/la-maternidad-en-oaxaca-debe-ser-opcion-no-destino\/#primaryimage"},"thumbnailUrl":"https:\/\/www.gesmujer.org\/sitio\/wp-content\/uploads\/2018\/05\/fatima.jpg","datePublished":"2018-05-09T16:10:48+00:00","dateModified":"2024-04-05T21:00:13+00:00","breadcrumb":{"@id":"https:\/\/www.gesmujer.org\/sitio\/la-maternidad-en-oaxaca-debe-ser-opcion-no-destino\/#breadcrumb"},"inLanguage":"es","potentialAction":[{"@type":"ReadAction","target":["https:\/\/www.gesmujer.org\/sitio\/la-maternidad-en-oaxaca-debe-ser-opcion-no-destino\/"]}]},{"@type":"ImageObject","inLanguage":"es","@id":"https:\/\/www.gesmujer.org\/sitio\/la-maternidad-en-oaxaca-debe-ser-opcion-no-destino\/#primaryimage","url":"https:\/\/www.gesmujer.org\/sitio\/wp-content\/uploads\/2018\/05\/fatima.jpg","contentUrl":"https:\/\/www.gesmujer.org\/sitio\/wp-content\/uploads\/2018\/05\/fatima.jpg","width":1144,"height":645},{"@type":"BreadcrumbList","@id":"https:\/\/www.gesmujer.org\/sitio\/la-maternidad-en-oaxaca-debe-ser-opcion-no-destino\/#breadcrumb","itemListElement":[{"@type":"ListItem","position":1,"name":"Home","item":"https:\/\/www.gesmujer.org\/sitio\/"},{"@type":"ListItem","position":2,"name":"La maternidad en Oaxaca debe ser opci\u00f3n, no destino"}]},{"@type":"WebSite","@id":"https:\/\/www.gesmujer.org\/sitio\/#website","url":"https:\/\/www.gesmujer.org\/sitio\/","name":"GESMujer \"Rosario Castellanos\"","description":"M\u00e1s de 45 a\u00f1os ha llevado a cabo acciones para erradicar la violencia de g\u00e9nero y construir entornos donde las mujeres encuentren su resiliencia, incrementen su agencia y autonom\u00eda que les permita lograr su empoderamiento a trav\u00e9s de cinco l\u00edneas de acci\u00f3n.","publisher":{"@id":"https:\/\/www.gesmujer.org\/sitio\/#organization"},"alternateName":"GESMujer","potentialAction":[{"@type":"SearchAction","target":{"@type":"EntryPoint","urlTemplate":"https:\/\/www.gesmujer.org\/sitio\/?s={search_term_string}"},"query-input":{"@type":"PropertyValueSpecification","valueRequired":true,"valueName":"search_term_string"}}],"inLanguage":"es"},{"@type":"Organization","@id":"https:\/\/www.gesmujer.org\/sitio\/#organization","name":"Grupo de estudios sobre la mujer Rosario Castellanos ac","alternateName":"GESMujer","url":"https:\/\/www.gesmujer.org\/sitio\/","logo":{"@type":"ImageObject","inLanguage":"es","@id":"https:\/\/www.gesmujer.org\/sitio\/#\/schema\/logo\/image\/","url":"https:\/\/www.gesmujer.org\/sitio\/wp-content\/uploads\/2026\/03\/Logo-GESMujer-300.png","contentUrl":"https:\/\/www.gesmujer.org\/sitio\/wp-content\/uploads\/2026\/03\/Logo-GESMujer-300.png","width":300,"height":141,"caption":"Grupo de estudios sobre la mujer Rosario Castellanos ac"},"image":{"@id":"https:\/\/www.gesmujer.org\/sitio\/#\/schema\/logo\/image\/"},"sameAs":["https:\/\/www.facebook.com\/gesmujer.rosario.castellanos.ac","https:\/\/x.com\/GES_Mujer","https:\/\/www.instagram.com\/ges_mujer\/?hl=es","https:\/\/www.youtube.com\/c\/GESMujerRosarioCastellanos\/videos","https:\/\/soundcloud.com\/gesmujerac","https:\/\/www.tiktok.com\/@gesmujer"]},{"@type":"Person","@id":"https:\/\/www.gesmujer.org\/sitio\/#\/schema\/person\/50e03387f883646c2714c51783a7e288","name":"cendoc","image":{"@type":"ImageObject","inLanguage":"es","@id":"https:\/\/secure.gravatar.com\/avatar\/2f187338ccb33c33bc1b08e92e2247a6891db221398e12bbc0f5ff0cfc462495?s=96&d=mm&r=g","url":"https:\/\/secure.gravatar.com\/avatar\/2f187338ccb33c33bc1b08e92e2247a6891db221398e12bbc0f5ff0cfc462495?s=96&d=mm&r=g","contentUrl":"https:\/\/secure.gravatar.com\/avatar\/2f187338ccb33c33bc1b08e92e2247a6891db221398e12bbc0f5ff0cfc462495?s=96&d=mm&r=g","caption":"cendoc"},"sameAs":["http:\/\/gesmujer.org"],"url":"https:\/\/www.gesmujer.org\/sitio\/author\/cendoc\/"}]}},"_links":{"self":[{"href":"https:\/\/www.gesmujer.org\/sitio\/wp-json\/wp\/v2\/posts\/2727","targetHints":{"allow":["GET"]}}],"collection":[{"href":"https:\/\/www.gesmujer.org\/sitio\/wp-json\/wp\/v2\/posts"}],"about":[{"href":"https:\/\/www.gesmujer.org\/sitio\/wp-json\/wp\/v2\/types\/post"}],"author":[{"embeddable":true,"href":"https:\/\/www.gesmujer.org\/sitio\/wp-json\/wp\/v2\/users\/4"}],"replies":[{"embeddable":true,"href":"https:\/\/www.gesmujer.org\/sitio\/wp-json\/wp\/v2\/comments?post=2727"}],"version-history":[{"count":6,"href":"https:\/\/www.gesmujer.org\/sitio\/wp-json\/wp\/v2\/posts\/2727\/revisions"}],"predecessor-version":[{"id":58635,"href":"https:\/\/www.gesmujer.org\/sitio\/wp-json\/wp\/v2\/posts\/2727\/revisions\/58635"}],"wp:featuredmedia":[{"embeddable":true,"href":"https:\/\/www.gesmujer.org\/sitio\/wp-json\/wp\/v2\/media\/2728"}],"wp:attachment":[{"href":"https:\/\/www.gesmujer.org\/sitio\/wp-json\/wp\/v2\/media?parent=2727"}],"wp:term":[{"taxonomy":"category","embeddable":true,"href":"https:\/\/www.gesmujer.org\/sitio\/wp-json\/wp\/v2\/categories?post=2727"},{"taxonomy":"post_tag","embeddable":true,"href":"https:\/\/www.gesmujer.org\/sitio\/wp-json\/wp\/v2\/tags?post=2727"}],"curies":[{"name":"wp","href":"https:\/\/api.w.org\/{rel}","templated":true}]}}