{"id":2733,"date":"2018-05-10T22:37:28","date_gmt":"2018-05-11T04:37:28","guid":{"rendered":"http:\/\/www.gesmujer.org\/sitio\/?p=2733"},"modified":"2024-04-05T15:00:14","modified_gmt":"2024-04-05T21:00:14","slug":"muerte-materna-amenaza-latente-en-oaxaca","status":"publish","type":"post","link":"https:\/\/www.gesmujer.org\/sitio\/muerte-materna-amenaza-latente-en-oaxaca\/","title":{"rendered":"Muerte materna, amenaza latente en Oaxaca"},"content":{"rendered":"<p>En los \u00faltimos 9 a\u00f1os, en el estado 382 mujeres perdieron la vida en el parto, seg\u00fan los SSO, en la mayor\u00eda de los casos se trat\u00f3 de muertes prevenibles; la entidad se encuentra en el sexto lugar por este tipo de defunciones<\/p>\n<p>&nbsp;<\/p>\n<p>De enero al 30 de abril de 2018, en <strong>Oaxaca se han registrado nueve casos de mortalidad materna<\/strong>, revel\u00f3 el <strong>Observatorio Nacional de Muerte Materna.<\/strong><\/p>\n<p>Detall\u00f3 que <strong>en 2017 se registr\u00f3 un total de 37 fallecimientos por esa causa<\/strong>. Uno de los casos recientes m\u00e1s conocidos fue el de \u00c9rika, la v\u00edctima n\u00famero 28, con 16 a\u00f1os de edad y un embarazo de ocho meses. Ingres\u00f3 a una cl\u00ednica municipal y le ordenaron volver a su casa, aun cuando presentaba s\u00edntomas de preclamsia.<\/p>\n<p>Como resultado de las <strong>malas decisiones m\u00e9dicas<\/strong>, la joven fue declarada con muerte cerebral y su hijo, a quien llamaron Ian, naci\u00f3 tras una ces\u00e1rea; despu\u00e9s, el coraz\u00f3n de \u00c9rika se detuvo.<\/p>\n<h4>\u00c9rika fue la v\u00edctima 28 de muerte materna<\/h4>\n<p><a href=\"http:\/\/www.gesmujer.org\/SITIO\/wp-content\/uploads\/\/2018\/05\/erika.jpg\"><img fetchpriority=\"high\" decoding=\"async\" class=\"aligncenter size-full wp-image-2735\" src=\"http:\/\/www.gesmujer.org\/SITIO\/wp-content\/uploads\/\/2018\/05\/erika.jpg\" alt=\"\" width=\"447\" height=\"271\" srcset=\"https:\/\/www.gesmujer.org\/sitio\/wp-content\/uploads\/2018\/05\/erika.jpg 447w, https:\/\/www.gesmujer.org\/sitio\/wp-content\/uploads\/2018\/05\/erika-300x182.jpg 300w\" sizes=\"(max-width: 447px) 100vw, 447px\" \/><\/a><\/p>\n<p>Datos de los <strong>Servicios de Salud de Oaxaca<\/strong> (SSO) refieren que en los \u00faltimos nueve a\u00f1os un total de 382 mujeres perdieron la vida durante el parto; la mayor\u00eda de los casos son de madres menores de edad que recibieron una atenci\u00f3n m\u00e9dica deficiente.<\/p>\n<p>En 2016 tambi\u00e9n hubo 37 muertes maternas en Oaxaca, una de ellas era menor de 18 a\u00f1os. En los primeros cuatro meses de 2017 murieron 12 mujeres por causas prevenibles que est\u00e1n relacionadas al embarazo, el parto y el postparto.<\/p>\n<p>Hemorragia obst\u00e9trica, hipertensi\u00f3n y sepsis (infecci\u00f3n generalizada) siguen siendo las principales causas m\u00e9dicas de mortalidad materna en el estado.<\/p>\n<p>Por otro lado, el <strong>Programa Nacional para la Igualdad de Oportunidades y no Discriminaci\u00f3n contra las Mujeres<\/strong> 2013-2018 (Proigualdad 2013-2018) se\u00f1ala que la <strong>Raz\u00f3n de Mortalidad Materna<\/strong> se estima en 43 defunciones por 100 mil nacidos vivos, con contrastes por entidad federativa indican que Oaxaca se encuentra en el sexto lugar de muerte materna a nivel nacional.<\/p>\n<h4>Muerte materna tiene endeudados a los Servicios de Salud en Oaxaca<\/h4>\n<p><a href=\"http:\/\/www.gesmujer.org\/SITIO\/wp-content\/uploads\/\/2018\/05\/materna.jpg\"><img decoding=\"async\" class=\"aligncenter size-full wp-image-2736\" src=\"http:\/\/www.gesmujer.org\/SITIO\/wp-content\/uploads\/\/2018\/05\/materna.jpg\" alt=\"\" width=\"447\" height=\"271\" srcset=\"https:\/\/www.gesmujer.org\/sitio\/wp-content\/uploads\/2018\/05\/materna.jpg 447w, https:\/\/www.gesmujer.org\/sitio\/wp-content\/uploads\/2018\/05\/materna-300x182.jpg 300w\" sizes=\"(max-width: 447px) 100vw, 447px\" \/><\/a><\/p>\n<p>La dependencia debe 2.4 mdp por reparaci\u00f3n de da\u00f1os en casos revisados por organismos de DH y arbitraje m\u00e9dico; 37 decesos se registraron en 2017<\/p>\n<p>&nbsp;<\/p>\n<h4><strong>Casos prevenibles<\/strong><\/h4>\n<p>En Oaxaca, durante 2016 se registr\u00f3 la muerte de una mujer cada 10 d\u00edas, ante la omisi\u00f3n de las autoridades de salud.<\/p>\n<p>Se trata de muertes prevenibles que generan adem\u00e1s orfandad y violencia para los hijos que sobreviven, indica el <strong>Grupo de Estudios Sobre la Mujer Rosario Castellanos<\/strong> (GESMujer).<\/p>\n<p>A la antolog\u00eda de historias de trato indigno en hospitales a futuras madres de familia se suma la de Irene. El 22 de junio de 2001, Irene Cruz Z\u00fa\u00f1iga, a los 26 a\u00f1os, fue sometida a una ces\u00e1rea mal practicada; la consecuencia fueron severos da\u00f1os neuronales. Los hechos sucedieron en el hospital del Instituto Mexicano del Seguro Social (IMSS) de la ciudad de Tlaxiaco.<\/p>\n<p>La<strong> Comisi\u00f3n Estatal de Arbitraje M\u00e9dico de Oaxac<\/strong>a (CEAMO) reconoci\u00f3 que es IMSS la instituci\u00f3n prestadora de servicios de salud que tiene m\u00e1s denuncias ante el organismo, en su mayor\u00eda, referentes a casos gineco-obst\u00e9tricos.  <!--codes_iframe--><!--\/codes_iframe--><\/p>\n","protected":false},"excerpt":{"rendered":"<p>En los \u00faltimos 9 a\u00f1os, en el estado 382 mujeres perdieron la vida en el parto, seg\u00fan los SSO, en la mayor\u00eda de los casos se trat\u00f3 de muertes prevenibles; la entidad se encuentra en el sexto lugar por este tipo de defunciones &nbsp; De enero al 30 de abril de 2018, en Oaxaca se [&hellip;]<\/p>\n","protected":false},"author":4,"featured_media":2734,"comment_status":"closed","ping_status":"open","sticky":false,"template":"","format":"standard","meta":{"give_campaign_id":0,"footnotes":""},"categories":[3],"tags":[],"class_list":["post-2733","post","type-post","status-publish","format-standard","has-post-thumbnail","hentry","category-portada"],"yoast_head":"<!-- This site is optimized with the Yoast SEO plugin v27.4 - https:\/\/yoast.com\/product\/yoast-seo-wordpress\/ -->\n<title>Muerte materna, amenaza latente en Oaxaca - GESMujer &quot;Rosario Castellanos&quot;<\/title>\n<meta name=\"robots\" content=\"index, follow, max-snippet:-1, max-image-preview:large, max-video-preview:-1\" \/>\n<link rel=\"canonical\" href=\"https:\/\/www.gesmujer.org\/sitio\/muerte-materna-amenaza-latente-en-oaxaca\/\" \/>\n<meta property=\"og:locale\" content=\"es_MX\" \/>\n<meta property=\"og:type\" content=\"article\" \/>\n<meta property=\"og:title\" content=\"Muerte materna, amenaza latente en Oaxaca - GESMujer &quot;Rosario Castellanos&quot;\" \/>\n<meta property=\"og:description\" content=\"En los \u00faltimos 9 a\u00f1os, en el estado 382 mujeres perdieron la vida en el parto, seg\u00fan los SSO, en la mayor\u00eda de los casos se trat\u00f3 de muertes prevenibles; la entidad se encuentra en el sexto lugar por este tipo de defunciones &nbsp; De enero al 30 de abril de 2018, en Oaxaca se [&hellip;]\" \/>\n<meta property=\"og:url\" content=\"https:\/\/www.gesmujer.org\/sitio\/muerte-materna-amenaza-latente-en-oaxaca\/\" \/>\n<meta property=\"og:site_name\" content=\"GESMujer &quot;Rosario Castellanos&quot;\" \/>\n<meta property=\"article:publisher\" content=\"https:\/\/www.facebook.com\/gesmujer.rosario.castellanos.ac\" \/>\n<meta property=\"article:published_time\" content=\"2018-05-11T04:37:28+00:00\" \/>\n<meta property=\"article:modified_time\" content=\"2024-04-05T21:00:14+00:00\" \/>\n<meta property=\"og:image\" content=\"https:\/\/www.gesmujer.org\/sitio\/wp-content\/uploads\/2018\/05\/mujer_embarazada_60080364.jpg\" \/>\n\t<meta property=\"og:image:width\" content=\"651\" \/>\n\t<meta property=\"og:image:height\" content=\"400\" \/>\n\t<meta property=\"og:image:type\" content=\"image\/jpeg\" \/>\n<meta name=\"author\" content=\"cendoc\" \/>\n<meta name=\"twitter:card\" content=\"summary_large_image\" \/>\n<meta name=\"twitter:creator\" content=\"@GES_Mujer\" \/>\n<meta name=\"twitter:site\" content=\"@GES_Mujer\" \/>\n<meta name=\"twitter:label1\" content=\"Escrito por\" \/>\n\t<meta name=\"twitter:data1\" content=\"cendoc\" \/>\n\t<meta name=\"twitter:label2\" content=\"Tiempo de lectura\" \/>\n\t<meta name=\"twitter:data2\" content=\"3 minutos\" \/>\n<script type=\"application\/ld+json\" class=\"yoast-schema-graph\">{\"@context\":\"https:\\\/\\\/schema.org\",\"@graph\":[{\"@type\":\"Article\",\"@id\":\"https:\\\/\\\/www.gesmujer.org\\\/sitio\\\/muerte-materna-amenaza-latente-en-oaxaca\\\/#article\",\"isPartOf\":{\"@id\":\"https:\\\/\\\/www.gesmujer.org\\\/sitio\\\/muerte-materna-amenaza-latente-en-oaxaca\\\/\"},\"author\":{\"name\":\"cendoc\",\"@id\":\"https:\\\/\\\/www.gesmujer.org\\\/sitio\\\/#\\\/schema\\\/person\\\/50e03387f883646c2714c51783a7e288\"},\"headline\":\"Muerte materna, amenaza latente en Oaxaca\",\"datePublished\":\"2018-05-11T04:37:28+00:00\",\"dateModified\":\"2024-04-05T21:00:14+00:00\",\"mainEntityOfPage\":{\"@id\":\"https:\\\/\\\/www.gesmujer.org\\\/sitio\\\/muerte-materna-amenaza-latente-en-oaxaca\\\/\"},\"wordCount\":539,\"publisher\":{\"@id\":\"https:\\\/\\\/www.gesmujer.org\\\/sitio\\\/#organization\"},\"image\":{\"@id\":\"https:\\\/\\\/www.gesmujer.org\\\/sitio\\\/muerte-materna-amenaza-latente-en-oaxaca\\\/#primaryimage\"},\"thumbnailUrl\":\"https:\\\/\\\/www.gesmujer.org\\\/sitio\\\/wp-content\\\/uploads\\\/2018\\\/05\\\/mujer_embarazada_60080364.jpg\",\"articleSection\":[\"portada\"],\"inLanguage\":\"es\"},{\"@type\":\"WebPage\",\"@id\":\"https:\\\/\\\/www.gesmujer.org\\\/sitio\\\/muerte-materna-amenaza-latente-en-oaxaca\\\/\",\"url\":\"https:\\\/\\\/www.gesmujer.org\\\/sitio\\\/muerte-materna-amenaza-latente-en-oaxaca\\\/\",\"name\":\"Muerte materna, amenaza latente en Oaxaca - GESMujer &quot;Rosario Castellanos&quot;\",\"isPartOf\":{\"@id\":\"https:\\\/\\\/www.gesmujer.org\\\/sitio\\\/#website\"},\"primaryImageOfPage\":{\"@id\":\"https:\\\/\\\/www.gesmujer.org\\\/sitio\\\/muerte-materna-amenaza-latente-en-oaxaca\\\/#primaryimage\"},\"image\":{\"@id\":\"https:\\\/\\\/www.gesmujer.org\\\/sitio\\\/muerte-materna-amenaza-latente-en-oaxaca\\\/#primaryimage\"},\"thumbnailUrl\":\"https:\\\/\\\/www.gesmujer.org\\\/sitio\\\/wp-content\\\/uploads\\\/2018\\\/05\\\/mujer_embarazada_60080364.jpg\",\"datePublished\":\"2018-05-11T04:37:28+00:00\",\"dateModified\":\"2024-04-05T21:00:14+00:00\",\"breadcrumb\":{\"@id\":\"https:\\\/\\\/www.gesmujer.org\\\/sitio\\\/muerte-materna-amenaza-latente-en-oaxaca\\\/#breadcrumb\"},\"inLanguage\":\"es\",\"potentialAction\":[{\"@type\":\"ReadAction\",\"target\":[\"https:\\\/\\\/www.gesmujer.org\\\/sitio\\\/muerte-materna-amenaza-latente-en-oaxaca\\\/\"]}]},{\"@type\":\"ImageObject\",\"inLanguage\":\"es\",\"@id\":\"https:\\\/\\\/www.gesmujer.org\\\/sitio\\\/muerte-materna-amenaza-latente-en-oaxaca\\\/#primaryimage\",\"url\":\"https:\\\/\\\/www.gesmujer.org\\\/sitio\\\/wp-content\\\/uploads\\\/2018\\\/05\\\/mujer_embarazada_60080364.jpg\",\"contentUrl\":\"https:\\\/\\\/www.gesmujer.org\\\/sitio\\\/wp-content\\\/uploads\\\/2018\\\/05\\\/mujer_embarazada_60080364.jpg\",\"width\":651,\"height\":400},{\"@type\":\"BreadcrumbList\",\"@id\":\"https:\\\/\\\/www.gesmujer.org\\\/sitio\\\/muerte-materna-amenaza-latente-en-oaxaca\\\/#breadcrumb\",\"itemListElement\":[{\"@type\":\"ListItem\",\"position\":1,\"name\":\"Home\",\"item\":\"https:\\\/\\\/www.gesmujer.org\\\/sitio\\\/\"},{\"@type\":\"ListItem\",\"position\":2,\"name\":\"Muerte materna, amenaza latente en Oaxaca\"}]},{\"@type\":\"WebSite\",\"@id\":\"https:\\\/\\\/www.gesmujer.org\\\/sitio\\\/#website\",\"url\":\"https:\\\/\\\/www.gesmujer.org\\\/sitio\\\/\",\"name\":\"GESMujer \\\"Rosario Castellanos\\\"\",\"description\":\"M\u00e1s de 45 a\u00f1os ha llevado a cabo acciones para erradicar la violencia de g\u00e9nero y construir entornos donde las mujeres encuentren su resiliencia, incrementen su agencia y autonom\u00eda que les permita lograr su empoderamiento a trav\u00e9s de cinco l\u00edneas de acci\u00f3n.\",\"publisher\":{\"@id\":\"https:\\\/\\\/www.gesmujer.org\\\/sitio\\\/#organization\"},\"alternateName\":\"GESMujer\",\"potentialAction\":[{\"@type\":\"SearchAction\",\"target\":{\"@type\":\"EntryPoint\",\"urlTemplate\":\"https:\\\/\\\/www.gesmujer.org\\\/sitio\\\/?s={search_term_string}\"},\"query-input\":{\"@type\":\"PropertyValueSpecification\",\"valueRequired\":true,\"valueName\":\"search_term_string\"}}],\"inLanguage\":\"es\"},{\"@type\":\"Organization\",\"@id\":\"https:\\\/\\\/www.gesmujer.org\\\/sitio\\\/#organization\",\"name\":\"Grupo de estudios sobre la mujer Rosario Castellanos ac\",\"alternateName\":\"GESMujer\",\"url\":\"https:\\\/\\\/www.gesmujer.org\\\/sitio\\\/\",\"logo\":{\"@type\":\"ImageObject\",\"inLanguage\":\"es\",\"@id\":\"https:\\\/\\\/www.gesmujer.org\\\/sitio\\\/#\\\/schema\\\/logo\\\/image\\\/\",\"url\":\"https:\\\/\\\/www.gesmujer.org\\\/sitio\\\/wp-content\\\/uploads\\\/2026\\\/03\\\/Logo-GESMujer-300.png\",\"contentUrl\":\"https:\\\/\\\/www.gesmujer.org\\\/sitio\\\/wp-content\\\/uploads\\\/2026\\\/03\\\/Logo-GESMujer-300.png\",\"width\":300,\"height\":141,\"caption\":\"Grupo de estudios sobre la mujer Rosario Castellanos ac\"},\"image\":{\"@id\":\"https:\\\/\\\/www.gesmujer.org\\\/sitio\\\/#\\\/schema\\\/logo\\\/image\\\/\"},\"sameAs\":[\"https:\\\/\\\/www.facebook.com\\\/gesmujer.rosario.castellanos.ac\",\"https:\\\/\\\/x.com\\\/GES_Mujer\",\"https:\\\/\\\/www.instagram.com\\\/ges_mujer\\\/?hl=es\",\"https:\\\/\\\/www.youtube.com\\\/c\\\/GESMujerRosarioCastellanos\\\/videos\",\"https:\\\/\\\/soundcloud.com\\\/gesmujerac\",\"https:\\\/\\\/www.tiktok.com\\\/@gesmujer\"]},{\"@type\":\"Person\",\"@id\":\"https:\\\/\\\/www.gesmujer.org\\\/sitio\\\/#\\\/schema\\\/person\\\/50e03387f883646c2714c51783a7e288\",\"name\":\"cendoc\",\"image\":{\"@type\":\"ImageObject\",\"inLanguage\":\"es\",\"@id\":\"https:\\\/\\\/secure.gravatar.com\\\/avatar\\\/2f187338ccb33c33bc1b08e92e2247a6891db221398e12bbc0f5ff0cfc462495?s=96&d=mm&r=g\",\"url\":\"https:\\\/\\\/secure.gravatar.com\\\/avatar\\\/2f187338ccb33c33bc1b08e92e2247a6891db221398e12bbc0f5ff0cfc462495?s=96&d=mm&r=g\",\"contentUrl\":\"https:\\\/\\\/secure.gravatar.com\\\/avatar\\\/2f187338ccb33c33bc1b08e92e2247a6891db221398e12bbc0f5ff0cfc462495?s=96&d=mm&r=g\",\"caption\":\"cendoc\"},\"sameAs\":[\"http:\\\/\\\/gesmujer.org\"],\"url\":\"https:\\\/\\\/www.gesmujer.org\\\/sitio\\\/author\\\/cendoc\\\/\"}]}<\/script>\n<!-- \/ Yoast SEO plugin. -->","yoast_head_json":{"title":"Muerte materna, amenaza latente en Oaxaca - GESMujer &quot;Rosario Castellanos&quot;","robots":{"index":"index","follow":"follow","max-snippet":"max-snippet:-1","max-image-preview":"max-image-preview:large","max-video-preview":"max-video-preview:-1"},"canonical":"https:\/\/www.gesmujer.org\/sitio\/muerte-materna-amenaza-latente-en-oaxaca\/","og_locale":"es_MX","og_type":"article","og_title":"Muerte materna, amenaza latente en Oaxaca - GESMujer &quot;Rosario Castellanos&quot;","og_description":"En los \u00faltimos 9 a\u00f1os, en el estado 382 mujeres perdieron la vida en el parto, seg\u00fan los SSO, en la mayor\u00eda de los casos se trat\u00f3 de muertes prevenibles; la entidad se encuentra en el sexto lugar por este tipo de defunciones &nbsp; De enero al 30 de abril de 2018, en Oaxaca se [&hellip;]","og_url":"https:\/\/www.gesmujer.org\/sitio\/muerte-materna-amenaza-latente-en-oaxaca\/","og_site_name":"GESMujer &quot;Rosario Castellanos&quot;","article_publisher":"https:\/\/www.facebook.com\/gesmujer.rosario.castellanos.ac","article_published_time":"2018-05-11T04:37:28+00:00","article_modified_time":"2024-04-05T21:00:14+00:00","og_image":[{"width":651,"height":400,"url":"https:\/\/www.gesmujer.org\/sitio\/wp-content\/uploads\/2018\/05\/mujer_embarazada_60080364.jpg","type":"image\/jpeg"}],"author":"cendoc","twitter_card":"summary_large_image","twitter_creator":"@GES_Mujer","twitter_site":"@GES_Mujer","twitter_misc":{"Escrito por":"cendoc","Tiempo de lectura":"3 minutos"},"schema":{"@context":"https:\/\/schema.org","@graph":[{"@type":"Article","@id":"https:\/\/www.gesmujer.org\/sitio\/muerte-materna-amenaza-latente-en-oaxaca\/#article","isPartOf":{"@id":"https:\/\/www.gesmujer.org\/sitio\/muerte-materna-amenaza-latente-en-oaxaca\/"},"author":{"name":"cendoc","@id":"https:\/\/www.gesmujer.org\/sitio\/#\/schema\/person\/50e03387f883646c2714c51783a7e288"},"headline":"Muerte materna, amenaza latente en Oaxaca","datePublished":"2018-05-11T04:37:28+00:00","dateModified":"2024-04-05T21:00:14+00:00","mainEntityOfPage":{"@id":"https:\/\/www.gesmujer.org\/sitio\/muerte-materna-amenaza-latente-en-oaxaca\/"},"wordCount":539,"publisher":{"@id":"https:\/\/www.gesmujer.org\/sitio\/#organization"},"image":{"@id":"https:\/\/www.gesmujer.org\/sitio\/muerte-materna-amenaza-latente-en-oaxaca\/#primaryimage"},"thumbnailUrl":"https:\/\/www.gesmujer.org\/sitio\/wp-content\/uploads\/2018\/05\/mujer_embarazada_60080364.jpg","articleSection":["portada"],"inLanguage":"es"},{"@type":"WebPage","@id":"https:\/\/www.gesmujer.org\/sitio\/muerte-materna-amenaza-latente-en-oaxaca\/","url":"https:\/\/www.gesmujer.org\/sitio\/muerte-materna-amenaza-latente-en-oaxaca\/","name":"Muerte materna, amenaza latente en Oaxaca - GESMujer &quot;Rosario Castellanos&quot;","isPartOf":{"@id":"https:\/\/www.gesmujer.org\/sitio\/#website"},"primaryImageOfPage":{"@id":"https:\/\/www.gesmujer.org\/sitio\/muerte-materna-amenaza-latente-en-oaxaca\/#primaryimage"},"image":{"@id":"https:\/\/www.gesmujer.org\/sitio\/muerte-materna-amenaza-latente-en-oaxaca\/#primaryimage"},"thumbnailUrl":"https:\/\/www.gesmujer.org\/sitio\/wp-content\/uploads\/2018\/05\/mujer_embarazada_60080364.jpg","datePublished":"2018-05-11T04:37:28+00:00","dateModified":"2024-04-05T21:00:14+00:00","breadcrumb":{"@id":"https:\/\/www.gesmujer.org\/sitio\/muerte-materna-amenaza-latente-en-oaxaca\/#breadcrumb"},"inLanguage":"es","potentialAction":[{"@type":"ReadAction","target":["https:\/\/www.gesmujer.org\/sitio\/muerte-materna-amenaza-latente-en-oaxaca\/"]}]},{"@type":"ImageObject","inLanguage":"es","@id":"https:\/\/www.gesmujer.org\/sitio\/muerte-materna-amenaza-latente-en-oaxaca\/#primaryimage","url":"https:\/\/www.gesmujer.org\/sitio\/wp-content\/uploads\/2018\/05\/mujer_embarazada_60080364.jpg","contentUrl":"https:\/\/www.gesmujer.org\/sitio\/wp-content\/uploads\/2018\/05\/mujer_embarazada_60080364.jpg","width":651,"height":400},{"@type":"BreadcrumbList","@id":"https:\/\/www.gesmujer.org\/sitio\/muerte-materna-amenaza-latente-en-oaxaca\/#breadcrumb","itemListElement":[{"@type":"ListItem","position":1,"name":"Home","item":"https:\/\/www.gesmujer.org\/sitio\/"},{"@type":"ListItem","position":2,"name":"Muerte materna, amenaza latente en Oaxaca"}]},{"@type":"WebSite","@id":"https:\/\/www.gesmujer.org\/sitio\/#website","url":"https:\/\/www.gesmujer.org\/sitio\/","name":"GESMujer \"Rosario Castellanos\"","description":"M\u00e1s de 45 a\u00f1os ha llevado a cabo acciones para erradicar la violencia de g\u00e9nero y construir entornos donde las mujeres encuentren su resiliencia, incrementen su agencia y autonom\u00eda que les permita lograr su empoderamiento a trav\u00e9s de cinco l\u00edneas de acci\u00f3n.","publisher":{"@id":"https:\/\/www.gesmujer.org\/sitio\/#organization"},"alternateName":"GESMujer","potentialAction":[{"@type":"SearchAction","target":{"@type":"EntryPoint","urlTemplate":"https:\/\/www.gesmujer.org\/sitio\/?s={search_term_string}"},"query-input":{"@type":"PropertyValueSpecification","valueRequired":true,"valueName":"search_term_string"}}],"inLanguage":"es"},{"@type":"Organization","@id":"https:\/\/www.gesmujer.org\/sitio\/#organization","name":"Grupo de estudios sobre la mujer Rosario Castellanos ac","alternateName":"GESMujer","url":"https:\/\/www.gesmujer.org\/sitio\/","logo":{"@type":"ImageObject","inLanguage":"es","@id":"https:\/\/www.gesmujer.org\/sitio\/#\/schema\/logo\/image\/","url":"https:\/\/www.gesmujer.org\/sitio\/wp-content\/uploads\/2026\/03\/Logo-GESMujer-300.png","contentUrl":"https:\/\/www.gesmujer.org\/sitio\/wp-content\/uploads\/2026\/03\/Logo-GESMujer-300.png","width":300,"height":141,"caption":"Grupo de estudios sobre la mujer Rosario Castellanos ac"},"image":{"@id":"https:\/\/www.gesmujer.org\/sitio\/#\/schema\/logo\/image\/"},"sameAs":["https:\/\/www.facebook.com\/gesmujer.rosario.castellanos.ac","https:\/\/x.com\/GES_Mujer","https:\/\/www.instagram.com\/ges_mujer\/?hl=es","https:\/\/www.youtube.com\/c\/GESMujerRosarioCastellanos\/videos","https:\/\/soundcloud.com\/gesmujerac","https:\/\/www.tiktok.com\/@gesmujer"]},{"@type":"Person","@id":"https:\/\/www.gesmujer.org\/sitio\/#\/schema\/person\/50e03387f883646c2714c51783a7e288","name":"cendoc","image":{"@type":"ImageObject","inLanguage":"es","@id":"https:\/\/secure.gravatar.com\/avatar\/2f187338ccb33c33bc1b08e92e2247a6891db221398e12bbc0f5ff0cfc462495?s=96&d=mm&r=g","url":"https:\/\/secure.gravatar.com\/avatar\/2f187338ccb33c33bc1b08e92e2247a6891db221398e12bbc0f5ff0cfc462495?s=96&d=mm&r=g","contentUrl":"https:\/\/secure.gravatar.com\/avatar\/2f187338ccb33c33bc1b08e92e2247a6891db221398e12bbc0f5ff0cfc462495?s=96&d=mm&r=g","caption":"cendoc"},"sameAs":["http:\/\/gesmujer.org"],"url":"https:\/\/www.gesmujer.org\/sitio\/author\/cendoc\/"}]}},"_links":{"self":[{"href":"https:\/\/www.gesmujer.org\/sitio\/wp-json\/wp\/v2\/posts\/2733","targetHints":{"allow":["GET"]}}],"collection":[{"href":"https:\/\/www.gesmujer.org\/sitio\/wp-json\/wp\/v2\/posts"}],"about":[{"href":"https:\/\/www.gesmujer.org\/sitio\/wp-json\/wp\/v2\/types\/post"}],"author":[{"embeddable":true,"href":"https:\/\/www.gesmujer.org\/sitio\/wp-json\/wp\/v2\/users\/4"}],"replies":[{"embeddable":true,"href":"https:\/\/www.gesmujer.org\/sitio\/wp-json\/wp\/v2\/comments?post=2733"}],"version-history":[{"count":4,"href":"https:\/\/www.gesmujer.org\/sitio\/wp-json\/wp\/v2\/posts\/2733\/revisions"}],"predecessor-version":[{"id":58637,"href":"https:\/\/www.gesmujer.org\/sitio\/wp-json\/wp\/v2\/posts\/2733\/revisions\/58637"}],"wp:featuredmedia":[{"embeddable":true,"href":"https:\/\/www.gesmujer.org\/sitio\/wp-json\/wp\/v2\/media\/2734"}],"wp:attachment":[{"href":"https:\/\/www.gesmujer.org\/sitio\/wp-json\/wp\/v2\/media?parent=2733"}],"wp:term":[{"taxonomy":"category","embeddable":true,"href":"https:\/\/www.gesmujer.org\/sitio\/wp-json\/wp\/v2\/categories?post=2733"},{"taxonomy":"post_tag","embeddable":true,"href":"https:\/\/www.gesmujer.org\/sitio\/wp-json\/wp\/v2\/tags?post=2733"}],"curies":[{"name":"wp","href":"https:\/\/api.w.org\/{rel}","templated":true}]}}