{"id":27803,"date":"2022-10-25T11:32:37","date_gmt":"2022-10-25T17:32:37","guid":{"rendered":"https:\/\/www.gesmujer.org\/sitio\/?p=27803"},"modified":"2022-10-25T11:32:40","modified_gmt":"2022-10-25T17:32:40","slug":"muertes-violentas-de-mujeres-pocas-consideradas-feminicidios-sabado-22-de-octubre-del-2022","status":"publish","type":"post","link":"https:\/\/www.gesmujer.org\/sitio\/muertes-violentas-de-mujeres-pocas-consideradas-feminicidios-sabado-22-de-octubre-del-2022\/","title":{"rendered":"Muertes violentas de mujeres, pocas consideradas feminicidios S\u00e1bado 22 de octubre del 2022"},"content":{"rendered":"\n<p><strong>S\u00e1bado 22 de octubre del  2022, Yadira Sosa, El imparcial de Oaxaca.- <\/strong>De las 14 muertes violentas de mujeres, que el Grupo de Estudios sobre la Mujer &#8220;Rosario castellanos &#8221; (GESMujer) registr\u00f3 tan solo durante septiembre, solo 4 fueron clasificadas como feminicidios por las instancias de procuraci\u00f3n de justicia.<\/p>\n\n\n\n<p>As\u00ed lo reflej\u00f3 el \u00faltimo informe del Secretariado Ejecutivo de Sistema Nacional de Seguridad P\u00fablica (SESNSP), que en total contabiliza 32 feminicidios en lo que va del a\u00f1o, cuando asociaciones civiles notifican 120 asesinatos violentos de mujeres del 1 de enero al 30 de septiembre.<\/p>\n\n\n\n<p>En la incidencia delictiva del fuero com\u00fan, el SESNSP se\u00f1ala que en feminicidios, Oaxaca registr\u00f3 seis casos en enero, cinco en febrero, tres en marzo, uno en abril, cuatro en mayo, igual n\u00famero en junio, uno en julio, cuatro en agosto y otra cifran igual en septiembre.<\/p>\n\n\n\n<p>En contraste, por medio del seguimiento hemerogr\u00e0fico del Centro de Documentaci\u00f3n del GESMujer, la asociaci\u00f3n notific\u00f3 ocho asesinatos de mujeres en enero, 18 en febrero, 7 en marzo, 10 en abril, 13 en mayo, 15 en junio, 15 en julio, 12 en agosto y 14 en septiembre.<\/p>\n\n\n\n<p>De las 120 muertes violentas en lo que va del a\u00f1o, la asociaci\u00f3n de se\u00f1al\u00f3 a la Costa en el primer lugar con 34 casos, seguido por el Istmo de Tehuantepec con 33, Valles Centrales con 19, Mixteca con 12, Sierra Sur con 11, Ca\u00f1ada con 5, y la Sierra Norte y el Papaloapan con 3 cada una.<\/p>\n\n\n\n<p>Por ocupaci\u00f3n o profesi\u00f3n, el GESMujer identific\u00f3 que siete fueron comerciantes, cuatro amas de casa, dos empleadas, y dos estudiantes, mientras que el resto era un profesora, mesera, estilista, enfermera, maquillista, ginec\u00f3loga y otras que no fueron especificadas.<\/p>\n\n\n\n<p>Del lugar de localizaci\u00f3n del cuerpo, 37 fueron halladas en casas, 26 en v\u00eda p\u00fablica, 18 no fueron especificadas, 14 en la carretera, 10 en el interior de un veh\u00edculo, cuatro en un camino de terracer\u00eda y tres en un negocio o comercio, entre otros.<\/p>\n\n\n\n<p>Fuente: https:\/\/imparcialoaxaca.mx\/oaxaca\/707816\/muertes-violentas-de-mujeres-pocas-consideradas-feminicidios\/     <\/p>\n","protected":false},"excerpt":{"rendered":"<p>S\u00e1bado 22 de octubre del 2022, Yadira Sosa, El imparcial de Oaxaca.- De las 14 muertes violentas de mujeres, que el Grupo de Estudios sobre la Mujer &#8220;Rosario castellanos &#8221; (GESMujer) registr\u00f3 tan solo durante septiembre, solo 4 fueron clasificadas como feminicidios por las instancias de procuraci\u00f3n de justicia. As\u00ed lo reflej\u00f3 el \u00faltimo informe [&hellip;]<\/p>\n","protected":false},"author":4,"featured_media":27804,"comment_status":"closed","ping_status":"open","sticky":false,"template":"","format":"standard","meta":{"give_campaign_id":0,"footnotes":""},"categories":[575,568,3],"tags":[75,58,77,80,67],"class_list":["post-27803","post","type-post","status-publish","format-standard","has-post-thumbnail","hentry","category-blog","category-monitoreo","category-portada","tag-feminicidios","tag-gesmujer","tag-mujeres-indigenas","tag-oaxaca","tag-violencia"],"yoast_head":"<!-- This site is optimized with the Yoast SEO plugin v27.4 - https:\/\/yoast.com\/product\/yoast-seo-wordpress\/ -->\n<title>Muertes violentas de mujeres, pocas consideradas feminicidios S\u00e1bado 22 de octubre del 2022 - GESMujer &quot;Rosario Castellanos&quot;<\/title>\n<meta name=\"robots\" content=\"index, follow, max-snippet:-1, max-image-preview:large, max-video-preview:-1\" \/>\n<link rel=\"canonical\" href=\"https:\/\/www.gesmujer.org\/sitio\/muertes-violentas-de-mujeres-pocas-consideradas-feminicidios-sabado-22-de-octubre-del-2022\/\" \/>\n<meta property=\"og:locale\" content=\"es_MX\" \/>\n<meta property=\"og:type\" content=\"article\" \/>\n<meta property=\"og:title\" content=\"Muertes violentas de mujeres, pocas consideradas feminicidios S\u00e1bado 22 de octubre del 2022 - GESMujer &quot;Rosario Castellanos&quot;\" \/>\n<meta property=\"og:description\" content=\"S\u00e1bado 22 de octubre del 2022, Yadira Sosa, El imparcial de Oaxaca.- De las 14 muertes violentas de mujeres, que el Grupo de Estudios sobre la Mujer &#8220;Rosario castellanos &#8221; (GESMujer) registr\u00f3 tan solo durante septiembre, solo 4 fueron clasificadas como feminicidios por las instancias de procuraci\u00f3n de justicia. As\u00ed lo reflej\u00f3 el \u00faltimo informe [&hellip;]\" \/>\n<meta property=\"og:url\" content=\"https:\/\/www.gesmujer.org\/sitio\/muertes-violentas-de-mujeres-pocas-consideradas-feminicidios-sabado-22-de-octubre-del-2022\/\" \/>\n<meta property=\"og:site_name\" content=\"GESMujer &quot;Rosario Castellanos&quot;\" \/>\n<meta property=\"article:publisher\" content=\"https:\/\/www.facebook.com\/gesmujer.rosario.castellanos.ac\" \/>\n<meta property=\"article:published_time\" content=\"2022-10-25T17:32:37+00:00\" \/>\n<meta property=\"article:modified_time\" content=\"2022-10-25T17:32:40+00:00\" \/>\n<meta property=\"og:image\" content=\"https:\/\/www.gesmujer.org\/sitio\/wp-content\/uploads\/2022\/10\/mujeres-600x360-1.jpg\" \/>\n\t<meta property=\"og:image:width\" content=\"600\" \/>\n\t<meta property=\"og:image:height\" content=\"360\" \/>\n\t<meta property=\"og:image:type\" content=\"image\/jpeg\" \/>\n<meta name=\"author\" content=\"cendoc\" \/>\n<meta name=\"twitter:card\" content=\"summary_large_image\" \/>\n<meta name=\"twitter:creator\" content=\"@GES_Mujer\" \/>\n<meta name=\"twitter:site\" content=\"@GES_Mujer\" \/>\n<meta name=\"twitter:label1\" content=\"Escrito por\" \/>\n\t<meta name=\"twitter:data1\" content=\"cendoc\" \/>\n\t<meta name=\"twitter:label2\" content=\"Tiempo de lectura\" \/>\n\t<meta name=\"twitter:data2\" content=\"2 minutos\" \/>\n<script type=\"application\/ld+json\" class=\"yoast-schema-graph\">{\"@context\":\"https:\\\/\\\/schema.org\",\"@graph\":[{\"@type\":\"Article\",\"@id\":\"https:\\\/\\\/www.gesmujer.org\\\/sitio\\\/muertes-violentas-de-mujeres-pocas-consideradas-feminicidios-sabado-22-de-octubre-del-2022\\\/#article\",\"isPartOf\":{\"@id\":\"https:\\\/\\\/www.gesmujer.org\\\/sitio\\\/muertes-violentas-de-mujeres-pocas-consideradas-feminicidios-sabado-22-de-octubre-del-2022\\\/\"},\"author\":{\"name\":\"cendoc\",\"@id\":\"https:\\\/\\\/www.gesmujer.org\\\/sitio\\\/#\\\/schema\\\/person\\\/50e03387f883646c2714c51783a7e288\"},\"headline\":\"Muertes violentas de mujeres, pocas consideradas feminicidios S\u00e1bado 22 de octubre del 2022\",\"datePublished\":\"2022-10-25T17:32:37+00:00\",\"dateModified\":\"2022-10-25T17:32:40+00:00\",\"mainEntityOfPage\":{\"@id\":\"https:\\\/\\\/www.gesmujer.org\\\/sitio\\\/muertes-violentas-de-mujeres-pocas-consideradas-feminicidios-sabado-22-de-octubre-del-2022\\\/\"},\"wordCount\":340,\"publisher\":{\"@id\":\"https:\\\/\\\/www.gesmujer.org\\\/sitio\\\/#organization\"},\"image\":{\"@id\":\"https:\\\/\\\/www.gesmujer.org\\\/sitio\\\/muertes-violentas-de-mujeres-pocas-consideradas-feminicidios-sabado-22-de-octubre-del-2022\\\/#primaryimage\"},\"thumbnailUrl\":\"https:\\\/\\\/www.gesmujer.org\\\/sitio\\\/wp-content\\\/uploads\\\/2022\\\/10\\\/mujeres-600x360-1.jpg\",\"keywords\":[\"Feminicidios\",\"GESMujer\",\"Mujeres Ind\u00edgenas\",\"Oaxaca\",\"Violencia\"],\"articleSection\":[\"Blog\",\"MONITOREO\",\"portada\"],\"inLanguage\":\"es\"},{\"@type\":\"WebPage\",\"@id\":\"https:\\\/\\\/www.gesmujer.org\\\/sitio\\\/muertes-violentas-de-mujeres-pocas-consideradas-feminicidios-sabado-22-de-octubre-del-2022\\\/\",\"url\":\"https:\\\/\\\/www.gesmujer.org\\\/sitio\\\/muertes-violentas-de-mujeres-pocas-consideradas-feminicidios-sabado-22-de-octubre-del-2022\\\/\",\"name\":\"Muertes violentas de mujeres, pocas consideradas feminicidios S\u00e1bado 22 de octubre del 2022 - GESMujer &quot;Rosario Castellanos&quot;\",\"isPartOf\":{\"@id\":\"https:\\\/\\\/www.gesmujer.org\\\/sitio\\\/#website\"},\"primaryImageOfPage\":{\"@id\":\"https:\\\/\\\/www.gesmujer.org\\\/sitio\\\/muertes-violentas-de-mujeres-pocas-consideradas-feminicidios-sabado-22-de-octubre-del-2022\\\/#primaryimage\"},\"image\":{\"@id\":\"https:\\\/\\\/www.gesmujer.org\\\/sitio\\\/muertes-violentas-de-mujeres-pocas-consideradas-feminicidios-sabado-22-de-octubre-del-2022\\\/#primaryimage\"},\"thumbnailUrl\":\"https:\\\/\\\/www.gesmujer.org\\\/sitio\\\/wp-content\\\/uploads\\\/2022\\\/10\\\/mujeres-600x360-1.jpg\",\"datePublished\":\"2022-10-25T17:32:37+00:00\",\"dateModified\":\"2022-10-25T17:32:40+00:00\",\"breadcrumb\":{\"@id\":\"https:\\\/\\\/www.gesmujer.org\\\/sitio\\\/muertes-violentas-de-mujeres-pocas-consideradas-feminicidios-sabado-22-de-octubre-del-2022\\\/#breadcrumb\"},\"inLanguage\":\"es\",\"potentialAction\":[{\"@type\":\"ReadAction\",\"target\":[\"https:\\\/\\\/www.gesmujer.org\\\/sitio\\\/muertes-violentas-de-mujeres-pocas-consideradas-feminicidios-sabado-22-de-octubre-del-2022\\\/\"]}]},{\"@type\":\"ImageObject\",\"inLanguage\":\"es\",\"@id\":\"https:\\\/\\\/www.gesmujer.org\\\/sitio\\\/muertes-violentas-de-mujeres-pocas-consideradas-feminicidios-sabado-22-de-octubre-del-2022\\\/#primaryimage\",\"url\":\"https:\\\/\\\/www.gesmujer.org\\\/sitio\\\/wp-content\\\/uploads\\\/2022\\\/10\\\/mujeres-600x360-1.jpg\",\"contentUrl\":\"https:\\\/\\\/www.gesmujer.org\\\/sitio\\\/wp-content\\\/uploads\\\/2022\\\/10\\\/mujeres-600x360-1.jpg\",\"width\":600,\"height\":360},{\"@type\":\"BreadcrumbList\",\"@id\":\"https:\\\/\\\/www.gesmujer.org\\\/sitio\\\/muertes-violentas-de-mujeres-pocas-consideradas-feminicidios-sabado-22-de-octubre-del-2022\\\/#breadcrumb\",\"itemListElement\":[{\"@type\":\"ListItem\",\"position\":1,\"name\":\"Home\",\"item\":\"https:\\\/\\\/www.gesmujer.org\\\/sitio\\\/\"},{\"@type\":\"ListItem\",\"position\":2,\"name\":\"Muertes violentas de mujeres, pocas consideradas feminicidios S\u00e1bado 22 de octubre del 2022\"}]},{\"@type\":\"WebSite\",\"@id\":\"https:\\\/\\\/www.gesmujer.org\\\/sitio\\\/#website\",\"url\":\"https:\\\/\\\/www.gesmujer.org\\\/sitio\\\/\",\"name\":\"GESMujer \\\"Rosario Castellanos\\\"\",\"description\":\"M\u00e1s de 45 a\u00f1os ha llevado a cabo acciones para erradicar la violencia de g\u00e9nero y construir entornos donde las mujeres encuentren su resiliencia, incrementen su agencia y autonom\u00eda que les permita lograr su empoderamiento a trav\u00e9s de cinco l\u00edneas de acci\u00f3n.\",\"publisher\":{\"@id\":\"https:\\\/\\\/www.gesmujer.org\\\/sitio\\\/#organization\"},\"alternateName\":\"GESMujer\",\"potentialAction\":[{\"@type\":\"SearchAction\",\"target\":{\"@type\":\"EntryPoint\",\"urlTemplate\":\"https:\\\/\\\/www.gesmujer.org\\\/sitio\\\/?s={search_term_string}\"},\"query-input\":{\"@type\":\"PropertyValueSpecification\",\"valueRequired\":true,\"valueName\":\"search_term_string\"}}],\"inLanguage\":\"es\"},{\"@type\":\"Organization\",\"@id\":\"https:\\\/\\\/www.gesmujer.org\\\/sitio\\\/#organization\",\"name\":\"Grupo de estudios sobre la mujer Rosario Castellanos ac\",\"alternateName\":\"GESMujer\",\"url\":\"https:\\\/\\\/www.gesmujer.org\\\/sitio\\\/\",\"logo\":{\"@type\":\"ImageObject\",\"inLanguage\":\"es\",\"@id\":\"https:\\\/\\\/www.gesmujer.org\\\/sitio\\\/#\\\/schema\\\/logo\\\/image\\\/\",\"url\":\"https:\\\/\\\/www.gesmujer.org\\\/sitio\\\/wp-content\\\/uploads\\\/2026\\\/03\\\/Logo-GESMujer-300.png\",\"contentUrl\":\"https:\\\/\\\/www.gesmujer.org\\\/sitio\\\/wp-content\\\/uploads\\\/2026\\\/03\\\/Logo-GESMujer-300.png\",\"width\":300,\"height\":141,\"caption\":\"Grupo de estudios sobre la mujer Rosario Castellanos ac\"},\"image\":{\"@id\":\"https:\\\/\\\/www.gesmujer.org\\\/sitio\\\/#\\\/schema\\\/logo\\\/image\\\/\"},\"sameAs\":[\"https:\\\/\\\/www.facebook.com\\\/gesmujer.rosario.castellanos.ac\",\"https:\\\/\\\/x.com\\\/GES_Mujer\",\"https:\\\/\\\/www.instagram.com\\\/ges_mujer\\\/?hl=es\",\"https:\\\/\\\/www.youtube.com\\\/c\\\/GESMujerRosarioCastellanos\\\/videos\",\"https:\\\/\\\/soundcloud.com\\\/gesmujerac\",\"https:\\\/\\\/www.tiktok.com\\\/@gesmujer\"]},{\"@type\":\"Person\",\"@id\":\"https:\\\/\\\/www.gesmujer.org\\\/sitio\\\/#\\\/schema\\\/person\\\/50e03387f883646c2714c51783a7e288\",\"name\":\"cendoc\",\"image\":{\"@type\":\"ImageObject\",\"inLanguage\":\"es\",\"@id\":\"https:\\\/\\\/secure.gravatar.com\\\/avatar\\\/2f187338ccb33c33bc1b08e92e2247a6891db221398e12bbc0f5ff0cfc462495?s=96&d=mm&r=g\",\"url\":\"https:\\\/\\\/secure.gravatar.com\\\/avatar\\\/2f187338ccb33c33bc1b08e92e2247a6891db221398e12bbc0f5ff0cfc462495?s=96&d=mm&r=g\",\"contentUrl\":\"https:\\\/\\\/secure.gravatar.com\\\/avatar\\\/2f187338ccb33c33bc1b08e92e2247a6891db221398e12bbc0f5ff0cfc462495?s=96&d=mm&r=g\",\"caption\":\"cendoc\"},\"sameAs\":[\"http:\\\/\\\/gesmujer.org\"],\"url\":\"https:\\\/\\\/www.gesmujer.org\\\/sitio\\\/author\\\/cendoc\\\/\"}]}<\/script>\n<!-- \/ Yoast SEO plugin. -->","yoast_head_json":{"title":"Muertes violentas de mujeres, pocas consideradas feminicidios S\u00e1bado 22 de octubre del 2022 - GESMujer &quot;Rosario Castellanos&quot;","robots":{"index":"index","follow":"follow","max-snippet":"max-snippet:-1","max-image-preview":"max-image-preview:large","max-video-preview":"max-video-preview:-1"},"canonical":"https:\/\/www.gesmujer.org\/sitio\/muertes-violentas-de-mujeres-pocas-consideradas-feminicidios-sabado-22-de-octubre-del-2022\/","og_locale":"es_MX","og_type":"article","og_title":"Muertes violentas de mujeres, pocas consideradas feminicidios S\u00e1bado 22 de octubre del 2022 - GESMujer &quot;Rosario Castellanos&quot;","og_description":"S\u00e1bado 22 de octubre del 2022, Yadira Sosa, El imparcial de Oaxaca.- De las 14 muertes violentas de mujeres, que el Grupo de Estudios sobre la Mujer &#8220;Rosario castellanos &#8221; (GESMujer) registr\u00f3 tan solo durante septiembre, solo 4 fueron clasificadas como feminicidios por las instancias de procuraci\u00f3n de justicia. As\u00ed lo reflej\u00f3 el \u00faltimo informe [&hellip;]","og_url":"https:\/\/www.gesmujer.org\/sitio\/muertes-violentas-de-mujeres-pocas-consideradas-feminicidios-sabado-22-de-octubre-del-2022\/","og_site_name":"GESMujer &quot;Rosario Castellanos&quot;","article_publisher":"https:\/\/www.facebook.com\/gesmujer.rosario.castellanos.ac","article_published_time":"2022-10-25T17:32:37+00:00","article_modified_time":"2022-10-25T17:32:40+00:00","og_image":[{"width":600,"height":360,"url":"https:\/\/www.gesmujer.org\/sitio\/wp-content\/uploads\/2022\/10\/mujeres-600x360-1.jpg","type":"image\/jpeg"}],"author":"cendoc","twitter_card":"summary_large_image","twitter_creator":"@GES_Mujer","twitter_site":"@GES_Mujer","twitter_misc":{"Escrito por":"cendoc","Tiempo de lectura":"2 minutos"},"schema":{"@context":"https:\/\/schema.org","@graph":[{"@type":"Article","@id":"https:\/\/www.gesmujer.org\/sitio\/muertes-violentas-de-mujeres-pocas-consideradas-feminicidios-sabado-22-de-octubre-del-2022\/#article","isPartOf":{"@id":"https:\/\/www.gesmujer.org\/sitio\/muertes-violentas-de-mujeres-pocas-consideradas-feminicidios-sabado-22-de-octubre-del-2022\/"},"author":{"name":"cendoc","@id":"https:\/\/www.gesmujer.org\/sitio\/#\/schema\/person\/50e03387f883646c2714c51783a7e288"},"headline":"Muertes violentas de mujeres, pocas consideradas feminicidios S\u00e1bado 22 de octubre del 2022","datePublished":"2022-10-25T17:32:37+00:00","dateModified":"2022-10-25T17:32:40+00:00","mainEntityOfPage":{"@id":"https:\/\/www.gesmujer.org\/sitio\/muertes-violentas-de-mujeres-pocas-consideradas-feminicidios-sabado-22-de-octubre-del-2022\/"},"wordCount":340,"publisher":{"@id":"https:\/\/www.gesmujer.org\/sitio\/#organization"},"image":{"@id":"https:\/\/www.gesmujer.org\/sitio\/muertes-violentas-de-mujeres-pocas-consideradas-feminicidios-sabado-22-de-octubre-del-2022\/#primaryimage"},"thumbnailUrl":"https:\/\/www.gesmujer.org\/sitio\/wp-content\/uploads\/2022\/10\/mujeres-600x360-1.jpg","keywords":["Feminicidios","GESMujer","Mujeres Ind\u00edgenas","Oaxaca","Violencia"],"articleSection":["Blog","MONITOREO","portada"],"inLanguage":"es"},{"@type":"WebPage","@id":"https:\/\/www.gesmujer.org\/sitio\/muertes-violentas-de-mujeres-pocas-consideradas-feminicidios-sabado-22-de-octubre-del-2022\/","url":"https:\/\/www.gesmujer.org\/sitio\/muertes-violentas-de-mujeres-pocas-consideradas-feminicidios-sabado-22-de-octubre-del-2022\/","name":"Muertes violentas de mujeres, pocas consideradas feminicidios S\u00e1bado 22 de octubre del 2022 - GESMujer &quot;Rosario Castellanos&quot;","isPartOf":{"@id":"https:\/\/www.gesmujer.org\/sitio\/#website"},"primaryImageOfPage":{"@id":"https:\/\/www.gesmujer.org\/sitio\/muertes-violentas-de-mujeres-pocas-consideradas-feminicidios-sabado-22-de-octubre-del-2022\/#primaryimage"},"image":{"@id":"https:\/\/www.gesmujer.org\/sitio\/muertes-violentas-de-mujeres-pocas-consideradas-feminicidios-sabado-22-de-octubre-del-2022\/#primaryimage"},"thumbnailUrl":"https:\/\/www.gesmujer.org\/sitio\/wp-content\/uploads\/2022\/10\/mujeres-600x360-1.jpg","datePublished":"2022-10-25T17:32:37+00:00","dateModified":"2022-10-25T17:32:40+00:00","breadcrumb":{"@id":"https:\/\/www.gesmujer.org\/sitio\/muertes-violentas-de-mujeres-pocas-consideradas-feminicidios-sabado-22-de-octubre-del-2022\/#breadcrumb"},"inLanguage":"es","potentialAction":[{"@type":"ReadAction","target":["https:\/\/www.gesmujer.org\/sitio\/muertes-violentas-de-mujeres-pocas-consideradas-feminicidios-sabado-22-de-octubre-del-2022\/"]}]},{"@type":"ImageObject","inLanguage":"es","@id":"https:\/\/www.gesmujer.org\/sitio\/muertes-violentas-de-mujeres-pocas-consideradas-feminicidios-sabado-22-de-octubre-del-2022\/#primaryimage","url":"https:\/\/www.gesmujer.org\/sitio\/wp-content\/uploads\/2022\/10\/mujeres-600x360-1.jpg","contentUrl":"https:\/\/www.gesmujer.org\/sitio\/wp-content\/uploads\/2022\/10\/mujeres-600x360-1.jpg","width":600,"height":360},{"@type":"BreadcrumbList","@id":"https:\/\/www.gesmujer.org\/sitio\/muertes-violentas-de-mujeres-pocas-consideradas-feminicidios-sabado-22-de-octubre-del-2022\/#breadcrumb","itemListElement":[{"@type":"ListItem","position":1,"name":"Home","item":"https:\/\/www.gesmujer.org\/sitio\/"},{"@type":"ListItem","position":2,"name":"Muertes violentas de mujeres, pocas consideradas feminicidios S\u00e1bado 22 de octubre del 2022"}]},{"@type":"WebSite","@id":"https:\/\/www.gesmujer.org\/sitio\/#website","url":"https:\/\/www.gesmujer.org\/sitio\/","name":"GESMujer \"Rosario Castellanos\"","description":"M\u00e1s de 45 a\u00f1os ha llevado a cabo acciones para erradicar la violencia de g\u00e9nero y construir entornos donde las mujeres encuentren su resiliencia, incrementen su agencia y autonom\u00eda que les permita lograr su empoderamiento a trav\u00e9s de cinco l\u00edneas de acci\u00f3n.","publisher":{"@id":"https:\/\/www.gesmujer.org\/sitio\/#organization"},"alternateName":"GESMujer","potentialAction":[{"@type":"SearchAction","target":{"@type":"EntryPoint","urlTemplate":"https:\/\/www.gesmujer.org\/sitio\/?s={search_term_string}"},"query-input":{"@type":"PropertyValueSpecification","valueRequired":true,"valueName":"search_term_string"}}],"inLanguage":"es"},{"@type":"Organization","@id":"https:\/\/www.gesmujer.org\/sitio\/#organization","name":"Grupo de estudios sobre la mujer Rosario Castellanos ac","alternateName":"GESMujer","url":"https:\/\/www.gesmujer.org\/sitio\/","logo":{"@type":"ImageObject","inLanguage":"es","@id":"https:\/\/www.gesmujer.org\/sitio\/#\/schema\/logo\/image\/","url":"https:\/\/www.gesmujer.org\/sitio\/wp-content\/uploads\/2026\/03\/Logo-GESMujer-300.png","contentUrl":"https:\/\/www.gesmujer.org\/sitio\/wp-content\/uploads\/2026\/03\/Logo-GESMujer-300.png","width":300,"height":141,"caption":"Grupo de estudios sobre la mujer Rosario Castellanos ac"},"image":{"@id":"https:\/\/www.gesmujer.org\/sitio\/#\/schema\/logo\/image\/"},"sameAs":["https:\/\/www.facebook.com\/gesmujer.rosario.castellanos.ac","https:\/\/x.com\/GES_Mujer","https:\/\/www.instagram.com\/ges_mujer\/?hl=es","https:\/\/www.youtube.com\/c\/GESMujerRosarioCastellanos\/videos","https:\/\/soundcloud.com\/gesmujerac","https:\/\/www.tiktok.com\/@gesmujer"]},{"@type":"Person","@id":"https:\/\/www.gesmujer.org\/sitio\/#\/schema\/person\/50e03387f883646c2714c51783a7e288","name":"cendoc","image":{"@type":"ImageObject","inLanguage":"es","@id":"https:\/\/secure.gravatar.com\/avatar\/2f187338ccb33c33bc1b08e92e2247a6891db221398e12bbc0f5ff0cfc462495?s=96&d=mm&r=g","url":"https:\/\/secure.gravatar.com\/avatar\/2f187338ccb33c33bc1b08e92e2247a6891db221398e12bbc0f5ff0cfc462495?s=96&d=mm&r=g","contentUrl":"https:\/\/secure.gravatar.com\/avatar\/2f187338ccb33c33bc1b08e92e2247a6891db221398e12bbc0f5ff0cfc462495?s=96&d=mm&r=g","caption":"cendoc"},"sameAs":["http:\/\/gesmujer.org"],"url":"https:\/\/www.gesmujer.org\/sitio\/author\/cendoc\/"}]}},"_links":{"self":[{"href":"https:\/\/www.gesmujer.org\/sitio\/wp-json\/wp\/v2\/posts\/27803","targetHints":{"allow":["GET"]}}],"collection":[{"href":"https:\/\/www.gesmujer.org\/sitio\/wp-json\/wp\/v2\/posts"}],"about":[{"href":"https:\/\/www.gesmujer.org\/sitio\/wp-json\/wp\/v2\/types\/post"}],"author":[{"embeddable":true,"href":"https:\/\/www.gesmujer.org\/sitio\/wp-json\/wp\/v2\/users\/4"}],"replies":[{"embeddable":true,"href":"https:\/\/www.gesmujer.org\/sitio\/wp-json\/wp\/v2\/comments?post=27803"}],"version-history":[{"count":1,"href":"https:\/\/www.gesmujer.org\/sitio\/wp-json\/wp\/v2\/posts\/27803\/revisions"}],"predecessor-version":[{"id":27805,"href":"https:\/\/www.gesmujer.org\/sitio\/wp-json\/wp\/v2\/posts\/27803\/revisions\/27805"}],"wp:featuredmedia":[{"embeddable":true,"href":"https:\/\/www.gesmujer.org\/sitio\/wp-json\/wp\/v2\/media\/27804"}],"wp:attachment":[{"href":"https:\/\/www.gesmujer.org\/sitio\/wp-json\/wp\/v2\/media?parent=27803"}],"wp:term":[{"taxonomy":"category","embeddable":true,"href":"https:\/\/www.gesmujer.org\/sitio\/wp-json\/wp\/v2\/categories?post=27803"},{"taxonomy":"post_tag","embeddable":true,"href":"https:\/\/www.gesmujer.org\/sitio\/wp-json\/wp\/v2\/tags?post=27803"}],"curies":[{"name":"wp","href":"https:\/\/api.w.org\/{rel}","templated":true}]}}