{"id":28022,"date":"2022-11-24T11:33:37","date_gmt":"2022-11-24T17:33:37","guid":{"rendered":"https:\/\/www.gesmujer.org\/sitio\/?p=28022"},"modified":"2022-11-24T11:33:40","modified_gmt":"2022-11-24T17:33:40","slug":"25n-oaxaca-anuncian-jornada-de-indignacion-ante-alza-de-feminicidios","status":"publish","type":"post","link":"https:\/\/www.gesmujer.org\/sitio\/25n-oaxaca-anuncian-jornada-de-indignacion-ante-alza-de-feminicidios\/","title":{"rendered":"25N Oaxaca: anuncian jornada de indignaci\u00f3n ante alza de feminicidios"},"content":{"rendered":"\n<p><strong>Mi\u00e9rcoles 23 de noviembre del 2022, Citlalli L\u00f3pez Vel\u00e1squez, NVINOTICIAS.-<\/strong> Organizaciones feministas anunciaron la realizaci\u00f3n de una marcha, velada y &#8220;campamenta&#8221; para conmemorar el 25 de noviembre, D\u00eda Internacional den la Eliminaci\u00f3n de la Violencia contra la Mujer. <\/p>\n\n\n\n<p>Mediante redes sociales, se\u00f1alaron que a casi dos semanas de concluir la administraci\u00f3n de Alejandro Murat Hinojosa, el sexenio cierra con casos en impunidad y otros m\u00e1s de corrupci\u00f3n, que dejan alarmantes cifras de violencia feminicida.<\/p>\n\n\n\n<blockquote class=\"wp-block-quote is-layout-flow wp-block-quote-is-layout-flow\">\n<p><strong>&#8220;Los seis a\u00f1os de su gobierno, se han caracterizado por la omisi\u00f3n e indiferencia ante los 714 feminicidios registrados del 1 de diciembre del 2016 a la fecha. Ante ello y en el marco del #25N, D\u00eda Internacional de la Eliminaci\u00f3n de la Violencia contra la Mujer, activistas, mujeres ind\u00edgenas defensoras de derechos humanos, estudiantes, integrantes de organizaciones civiles y colectivas feministas, llevaremos a cabo una Jornada de Indignaci\u00f3n contra el Estado Feminicida&#8221; Indicaron.<\/strong><\/p>\n<\/blockquote>\n\n\n\n<p>En estas acciones participaron Remuvi, Colectiva Chicatanas, SOROR, GESMujer Rosario Castellanos, Consorcio Oaxaca, COJUDIDI, Sikanda- Solidaridad Internacional Kanda A.C., Mano Vuelta A.C., La Campamenta Te Acompa\u00f1o, Abrazaditas, Marea Verde Mixteca y La Red Nacional de Abogadas Ind\u00ecgenas.<\/p>\n\n\n\n<p>Las actividades iniciar\u00e1n este 24 de noviembre, con una marcha f\u00fanebre que saldr\u00e1 de La Monumenta, a las 18:00 horas y posteriormente la instalaci\u00f3n de una &#8220;campamenta&#8221; en la explanada de Santo Domingo.<\/p>\n\n\n\n<blockquote class=\"wp-block-quote is-layout-flow wp-block-quote-is-layout-flow\">\n<p><strong>\u00a1&#8221;Porque el silencio y la indiferencia institucional tambi\u00e9n son violencia feminicida&#8221;!, \u00a1estamos hartas de la impunidad!, \u00a1alto a todas las violencias contra la mujer!&#8221;, indicaron.<\/strong><\/p>\n<\/blockquote>\n\n\n\n<p>Oaxaca es el quinto estado m\u00e1s peligroso para las mujeres, por incidencia de feminicidios.<\/p>\n\n\n\n<p>Las cifras del Secretariado Ejecutivo del Sistema Nacional de Seguridad P\u00fablica (SESNSP), con corte a septiembre, se\u00f1alan que las entidades con mayor n\u00famero de carpetas de investigaci\u00f3n de asesinatos en raz\u00f3n de g\u00e9nero, son el Estado de M\u00e9xico (101), Ciudad de M\u00e9xico (52), Nuevo Le\u00f3n (79), Veracruz (55) y Oaxaca (32).<\/p>\n\n\n\n<p>Las cifras en la entidad representan s\u00f3lo el 26% del total de mujeres privadas de la vida de manera violenta de enero al 25 de octubre de 2022, contabilizadas en el monitoreo diario que realiza el Grupo de Estudios sobre la mujer Rosario Castellanos (GESMujer). En este establece que desde el inicio del sexenio de Alejandro Murat Hinojosa, hasta el 25 de octubre, hab\u00edan sido asesinadas en la entidad 705 mujeres.<\/p>\n\n\n\n<p>Fuente: https:\/\/www.nvinoticias.com\/oaxaca\/general\/25n-oaxaca-anuncian-jornada-de-indignacion-ante-alza-de-feminicidios\/139480  <\/p>\n\n\n\n<p>    <\/p>\n\n\n\n<p>              <\/p>\n","protected":false},"excerpt":{"rendered":"<p>Mi\u00e9rcoles 23 de noviembre del 2022, Citlalli L\u00f3pez Vel\u00e1squez, NVINOTICIAS.- Organizaciones feministas anunciaron la realizaci\u00f3n de una marcha, velada y &#8220;campamenta&#8221; para conmemorar el 25 de noviembre, D\u00eda Internacional den la Eliminaci\u00f3n de la Violencia contra la Mujer. Mediante redes sociales, se\u00f1alaron que a casi dos semanas de concluir la administraci\u00f3n de Alejandro Murat Hinojosa, [&hellip;]<\/p>\n","protected":false},"author":4,"featured_media":28023,"comment_status":"closed","ping_status":"open","sticky":false,"template":"","format":"standard","meta":{"give_campaign_id":0,"footnotes":""},"categories":[575,91,32,3],"tags":[60,58,39,80,67],"class_list":["post-28022","post","type-post","status-publish","format-standard","has-post-thumbnail","hentry","category-blog","category-notas","category-novedades","category-portada","tag-derechos-mujeres","tag-gesmujer","tag-igualdad","tag-oaxaca","tag-violencia"],"yoast_head":"<!-- This site is optimized with the Yoast SEO plugin v27.4 - https:\/\/yoast.com\/product\/yoast-seo-wordpress\/ -->\n<title>25N Oaxaca: anuncian jornada de indignaci\u00f3n ante alza de feminicidios - GESMujer &quot;Rosario Castellanos&quot;<\/title>\n<meta name=\"robots\" content=\"index, follow, max-snippet:-1, max-image-preview:large, max-video-preview:-1\" \/>\n<link rel=\"canonical\" href=\"https:\/\/www.gesmujer.org\/sitio\/25n-oaxaca-anuncian-jornada-de-indignacion-ante-alza-de-feminicidios\/\" \/>\n<meta property=\"og:locale\" content=\"es_MX\" \/>\n<meta property=\"og:type\" content=\"article\" \/>\n<meta property=\"og:title\" content=\"25N Oaxaca: anuncian jornada de indignaci\u00f3n ante alza de feminicidios - GESMujer &quot;Rosario Castellanos&quot;\" \/>\n<meta property=\"og:description\" content=\"Mi\u00e9rcoles 23 de noviembre del 2022, Citlalli L\u00f3pez Vel\u00e1squez, NVINOTICIAS.- Organizaciones feministas anunciaron la realizaci\u00f3n de una marcha, velada y &#8220;campamenta&#8221; para conmemorar el 25 de noviembre, D\u00eda Internacional den la Eliminaci\u00f3n de la Violencia contra la Mujer. Mediante redes sociales, se\u00f1alaron que a casi dos semanas de concluir la administraci\u00f3n de Alejandro Murat Hinojosa, [&hellip;]\" \/>\n<meta property=\"og:url\" content=\"https:\/\/www.gesmujer.org\/sitio\/25n-oaxaca-anuncian-jornada-de-indignacion-ante-alza-de-feminicidios\/\" \/>\n<meta property=\"og:site_name\" content=\"GESMujer &quot;Rosario Castellanos&quot;\" \/>\n<meta property=\"article:publisher\" content=\"https:\/\/www.facebook.com\/gesmujer.rosario.castellanos.ac\" \/>\n<meta property=\"article:published_time\" content=\"2022-11-24T17:33:37+00:00\" \/>\n<meta property=\"article:modified_time\" content=\"2022-11-24T17:33:40+00:00\" \/>\n<meta property=\"og:image\" content=\"https:\/\/www.gesmujer.org\/sitio\/wp-content\/uploads\/2022\/11\/descarga-19.jpg\" \/>\n\t<meta property=\"og:image:width\" content=\"328\" \/>\n\t<meta property=\"og:image:height\" content=\"154\" \/>\n\t<meta property=\"og:image:type\" content=\"image\/jpeg\" \/>\n<meta name=\"author\" content=\"cendoc\" \/>\n<meta name=\"twitter:card\" content=\"summary_large_image\" \/>\n<meta name=\"twitter:creator\" content=\"@GES_Mujer\" \/>\n<meta name=\"twitter:site\" content=\"@GES_Mujer\" \/>\n<meta name=\"twitter:label1\" content=\"Escrito por\" \/>\n\t<meta name=\"twitter:data1\" content=\"cendoc\" \/>\n\t<meta name=\"twitter:label2\" content=\"Tiempo de lectura\" \/>\n\t<meta name=\"twitter:data2\" content=\"2 minutos\" \/>\n<script type=\"application\/ld+json\" class=\"yoast-schema-graph\">{\"@context\":\"https:\\\/\\\/schema.org\",\"@graph\":[{\"@type\":\"Article\",\"@id\":\"https:\\\/\\\/www.gesmujer.org\\\/sitio\\\/25n-oaxaca-anuncian-jornada-de-indignacion-ante-alza-de-feminicidios\\\/#article\",\"isPartOf\":{\"@id\":\"https:\\\/\\\/www.gesmujer.org\\\/sitio\\\/25n-oaxaca-anuncian-jornada-de-indignacion-ante-alza-de-feminicidios\\\/\"},\"author\":{\"name\":\"cendoc\",\"@id\":\"https:\\\/\\\/www.gesmujer.org\\\/sitio\\\/#\\\/schema\\\/person\\\/50e03387f883646c2714c51783a7e288\"},\"headline\":\"25N Oaxaca: anuncian jornada de indignaci\u00f3n ante alza de feminicidios\",\"datePublished\":\"2022-11-24T17:33:37+00:00\",\"dateModified\":\"2022-11-24T17:33:40+00:00\",\"mainEntityOfPage\":{\"@id\":\"https:\\\/\\\/www.gesmujer.org\\\/sitio\\\/25n-oaxaca-anuncian-jornada-de-indignacion-ante-alza-de-feminicidios\\\/\"},\"wordCount\":417,\"publisher\":{\"@id\":\"https:\\\/\\\/www.gesmujer.org\\\/sitio\\\/#organization\"},\"image\":{\"@id\":\"https:\\\/\\\/www.gesmujer.org\\\/sitio\\\/25n-oaxaca-anuncian-jornada-de-indignacion-ante-alza-de-feminicidios\\\/#primaryimage\"},\"thumbnailUrl\":\"https:\\\/\\\/www.gesmujer.org\\\/sitio\\\/wp-content\\\/uploads\\\/2022\\\/11\\\/descarga-19.jpg\",\"keywords\":[\"Derechos Mujeres\",\"GESMujer\",\"igualdad\",\"Oaxaca\",\"Violencia\"],\"articleSection\":[\"Blog\",\"NOTAS\",\"NOTICIAS\",\"portada\"],\"inLanguage\":\"es\"},{\"@type\":\"WebPage\",\"@id\":\"https:\\\/\\\/www.gesmujer.org\\\/sitio\\\/25n-oaxaca-anuncian-jornada-de-indignacion-ante-alza-de-feminicidios\\\/\",\"url\":\"https:\\\/\\\/www.gesmujer.org\\\/sitio\\\/25n-oaxaca-anuncian-jornada-de-indignacion-ante-alza-de-feminicidios\\\/\",\"name\":\"25N Oaxaca: anuncian jornada de indignaci\u00f3n ante alza de feminicidios - GESMujer &quot;Rosario Castellanos&quot;\",\"isPartOf\":{\"@id\":\"https:\\\/\\\/www.gesmujer.org\\\/sitio\\\/#website\"},\"primaryImageOfPage\":{\"@id\":\"https:\\\/\\\/www.gesmujer.org\\\/sitio\\\/25n-oaxaca-anuncian-jornada-de-indignacion-ante-alza-de-feminicidios\\\/#primaryimage\"},\"image\":{\"@id\":\"https:\\\/\\\/www.gesmujer.org\\\/sitio\\\/25n-oaxaca-anuncian-jornada-de-indignacion-ante-alza-de-feminicidios\\\/#primaryimage\"},\"thumbnailUrl\":\"https:\\\/\\\/www.gesmujer.org\\\/sitio\\\/wp-content\\\/uploads\\\/2022\\\/11\\\/descarga-19.jpg\",\"datePublished\":\"2022-11-24T17:33:37+00:00\",\"dateModified\":\"2022-11-24T17:33:40+00:00\",\"breadcrumb\":{\"@id\":\"https:\\\/\\\/www.gesmujer.org\\\/sitio\\\/25n-oaxaca-anuncian-jornada-de-indignacion-ante-alza-de-feminicidios\\\/#breadcrumb\"},\"inLanguage\":\"es\",\"potentialAction\":[{\"@type\":\"ReadAction\",\"target\":[\"https:\\\/\\\/www.gesmujer.org\\\/sitio\\\/25n-oaxaca-anuncian-jornada-de-indignacion-ante-alza-de-feminicidios\\\/\"]}]},{\"@type\":\"ImageObject\",\"inLanguage\":\"es\",\"@id\":\"https:\\\/\\\/www.gesmujer.org\\\/sitio\\\/25n-oaxaca-anuncian-jornada-de-indignacion-ante-alza-de-feminicidios\\\/#primaryimage\",\"url\":\"https:\\\/\\\/www.gesmujer.org\\\/sitio\\\/wp-content\\\/uploads\\\/2022\\\/11\\\/descarga-19.jpg\",\"contentUrl\":\"https:\\\/\\\/www.gesmujer.org\\\/sitio\\\/wp-content\\\/uploads\\\/2022\\\/11\\\/descarga-19.jpg\",\"width\":328,\"height\":154},{\"@type\":\"BreadcrumbList\",\"@id\":\"https:\\\/\\\/www.gesmujer.org\\\/sitio\\\/25n-oaxaca-anuncian-jornada-de-indignacion-ante-alza-de-feminicidios\\\/#breadcrumb\",\"itemListElement\":[{\"@type\":\"ListItem\",\"position\":1,\"name\":\"Home\",\"item\":\"https:\\\/\\\/www.gesmujer.org\\\/sitio\\\/\"},{\"@type\":\"ListItem\",\"position\":2,\"name\":\"25N Oaxaca: anuncian jornada de indignaci\u00f3n ante alza de feminicidios\"}]},{\"@type\":\"WebSite\",\"@id\":\"https:\\\/\\\/www.gesmujer.org\\\/sitio\\\/#website\",\"url\":\"https:\\\/\\\/www.gesmujer.org\\\/sitio\\\/\",\"name\":\"GESMujer \\\"Rosario Castellanos\\\"\",\"description\":\"M\u00e1s de 45 a\u00f1os ha llevado a cabo acciones para erradicar la violencia de g\u00e9nero y construir entornos donde las mujeres encuentren su resiliencia, incrementen su agencia y autonom\u00eda que les permita lograr su empoderamiento a trav\u00e9s de cinco l\u00edneas de acci\u00f3n.\",\"publisher\":{\"@id\":\"https:\\\/\\\/www.gesmujer.org\\\/sitio\\\/#organization\"},\"alternateName\":\"GESMujer\",\"potentialAction\":[{\"@type\":\"SearchAction\",\"target\":{\"@type\":\"EntryPoint\",\"urlTemplate\":\"https:\\\/\\\/www.gesmujer.org\\\/sitio\\\/?s={search_term_string}\"},\"query-input\":{\"@type\":\"PropertyValueSpecification\",\"valueRequired\":true,\"valueName\":\"search_term_string\"}}],\"inLanguage\":\"es\"},{\"@type\":\"Organization\",\"@id\":\"https:\\\/\\\/www.gesmujer.org\\\/sitio\\\/#organization\",\"name\":\"Grupo de estudios sobre la mujer Rosario Castellanos ac\",\"alternateName\":\"GESMujer\",\"url\":\"https:\\\/\\\/www.gesmujer.org\\\/sitio\\\/\",\"logo\":{\"@type\":\"ImageObject\",\"inLanguage\":\"es\",\"@id\":\"https:\\\/\\\/www.gesmujer.org\\\/sitio\\\/#\\\/schema\\\/logo\\\/image\\\/\",\"url\":\"https:\\\/\\\/www.gesmujer.org\\\/sitio\\\/wp-content\\\/uploads\\\/2026\\\/03\\\/Logo-GESMujer-300.png\",\"contentUrl\":\"https:\\\/\\\/www.gesmujer.org\\\/sitio\\\/wp-content\\\/uploads\\\/2026\\\/03\\\/Logo-GESMujer-300.png\",\"width\":300,\"height\":141,\"caption\":\"Grupo de estudios sobre la mujer Rosario Castellanos ac\"},\"image\":{\"@id\":\"https:\\\/\\\/www.gesmujer.org\\\/sitio\\\/#\\\/schema\\\/logo\\\/image\\\/\"},\"sameAs\":[\"https:\\\/\\\/www.facebook.com\\\/gesmujer.rosario.castellanos.ac\",\"https:\\\/\\\/x.com\\\/GES_Mujer\",\"https:\\\/\\\/www.instagram.com\\\/ges_mujer\\\/?hl=es\",\"https:\\\/\\\/www.youtube.com\\\/c\\\/GESMujerRosarioCastellanos\\\/videos\",\"https:\\\/\\\/soundcloud.com\\\/gesmujerac\",\"https:\\\/\\\/www.tiktok.com\\\/@gesmujer\"]},{\"@type\":\"Person\",\"@id\":\"https:\\\/\\\/www.gesmujer.org\\\/sitio\\\/#\\\/schema\\\/person\\\/50e03387f883646c2714c51783a7e288\",\"name\":\"cendoc\",\"image\":{\"@type\":\"ImageObject\",\"inLanguage\":\"es\",\"@id\":\"https:\\\/\\\/secure.gravatar.com\\\/avatar\\\/2f187338ccb33c33bc1b08e92e2247a6891db221398e12bbc0f5ff0cfc462495?s=96&d=mm&r=g\",\"url\":\"https:\\\/\\\/secure.gravatar.com\\\/avatar\\\/2f187338ccb33c33bc1b08e92e2247a6891db221398e12bbc0f5ff0cfc462495?s=96&d=mm&r=g\",\"contentUrl\":\"https:\\\/\\\/secure.gravatar.com\\\/avatar\\\/2f187338ccb33c33bc1b08e92e2247a6891db221398e12bbc0f5ff0cfc462495?s=96&d=mm&r=g\",\"caption\":\"cendoc\"},\"sameAs\":[\"http:\\\/\\\/gesmujer.org\"],\"url\":\"https:\\\/\\\/www.gesmujer.org\\\/sitio\\\/author\\\/cendoc\\\/\"}]}<\/script>\n<!-- \/ Yoast SEO plugin. -->","yoast_head_json":{"title":"25N Oaxaca: anuncian jornada de indignaci\u00f3n ante alza de feminicidios - GESMujer &quot;Rosario Castellanos&quot;","robots":{"index":"index","follow":"follow","max-snippet":"max-snippet:-1","max-image-preview":"max-image-preview:large","max-video-preview":"max-video-preview:-1"},"canonical":"https:\/\/www.gesmujer.org\/sitio\/25n-oaxaca-anuncian-jornada-de-indignacion-ante-alza-de-feminicidios\/","og_locale":"es_MX","og_type":"article","og_title":"25N Oaxaca: anuncian jornada de indignaci\u00f3n ante alza de feminicidios - GESMujer &quot;Rosario Castellanos&quot;","og_description":"Mi\u00e9rcoles 23 de noviembre del 2022, Citlalli L\u00f3pez Vel\u00e1squez, NVINOTICIAS.- Organizaciones feministas anunciaron la realizaci\u00f3n de una marcha, velada y &#8220;campamenta&#8221; para conmemorar el 25 de noviembre, D\u00eda Internacional den la Eliminaci\u00f3n de la Violencia contra la Mujer. Mediante redes sociales, se\u00f1alaron que a casi dos semanas de concluir la administraci\u00f3n de Alejandro Murat Hinojosa, [&hellip;]","og_url":"https:\/\/www.gesmujer.org\/sitio\/25n-oaxaca-anuncian-jornada-de-indignacion-ante-alza-de-feminicidios\/","og_site_name":"GESMujer &quot;Rosario Castellanos&quot;","article_publisher":"https:\/\/www.facebook.com\/gesmujer.rosario.castellanos.ac","article_published_time":"2022-11-24T17:33:37+00:00","article_modified_time":"2022-11-24T17:33:40+00:00","og_image":[{"width":328,"height":154,"url":"https:\/\/www.gesmujer.org\/sitio\/wp-content\/uploads\/2022\/11\/descarga-19.jpg","type":"image\/jpeg"}],"author":"cendoc","twitter_card":"summary_large_image","twitter_creator":"@GES_Mujer","twitter_site":"@GES_Mujer","twitter_misc":{"Escrito por":"cendoc","Tiempo de lectura":"2 minutos"},"schema":{"@context":"https:\/\/schema.org","@graph":[{"@type":"Article","@id":"https:\/\/www.gesmujer.org\/sitio\/25n-oaxaca-anuncian-jornada-de-indignacion-ante-alza-de-feminicidios\/#article","isPartOf":{"@id":"https:\/\/www.gesmujer.org\/sitio\/25n-oaxaca-anuncian-jornada-de-indignacion-ante-alza-de-feminicidios\/"},"author":{"name":"cendoc","@id":"https:\/\/www.gesmujer.org\/sitio\/#\/schema\/person\/50e03387f883646c2714c51783a7e288"},"headline":"25N Oaxaca: anuncian jornada de indignaci\u00f3n ante alza de feminicidios","datePublished":"2022-11-24T17:33:37+00:00","dateModified":"2022-11-24T17:33:40+00:00","mainEntityOfPage":{"@id":"https:\/\/www.gesmujer.org\/sitio\/25n-oaxaca-anuncian-jornada-de-indignacion-ante-alza-de-feminicidios\/"},"wordCount":417,"publisher":{"@id":"https:\/\/www.gesmujer.org\/sitio\/#organization"},"image":{"@id":"https:\/\/www.gesmujer.org\/sitio\/25n-oaxaca-anuncian-jornada-de-indignacion-ante-alza-de-feminicidios\/#primaryimage"},"thumbnailUrl":"https:\/\/www.gesmujer.org\/sitio\/wp-content\/uploads\/2022\/11\/descarga-19.jpg","keywords":["Derechos Mujeres","GESMujer","igualdad","Oaxaca","Violencia"],"articleSection":["Blog","NOTAS","NOTICIAS","portada"],"inLanguage":"es"},{"@type":"WebPage","@id":"https:\/\/www.gesmujer.org\/sitio\/25n-oaxaca-anuncian-jornada-de-indignacion-ante-alza-de-feminicidios\/","url":"https:\/\/www.gesmujer.org\/sitio\/25n-oaxaca-anuncian-jornada-de-indignacion-ante-alza-de-feminicidios\/","name":"25N Oaxaca: anuncian jornada de indignaci\u00f3n ante alza de feminicidios - GESMujer &quot;Rosario Castellanos&quot;","isPartOf":{"@id":"https:\/\/www.gesmujer.org\/sitio\/#website"},"primaryImageOfPage":{"@id":"https:\/\/www.gesmujer.org\/sitio\/25n-oaxaca-anuncian-jornada-de-indignacion-ante-alza-de-feminicidios\/#primaryimage"},"image":{"@id":"https:\/\/www.gesmujer.org\/sitio\/25n-oaxaca-anuncian-jornada-de-indignacion-ante-alza-de-feminicidios\/#primaryimage"},"thumbnailUrl":"https:\/\/www.gesmujer.org\/sitio\/wp-content\/uploads\/2022\/11\/descarga-19.jpg","datePublished":"2022-11-24T17:33:37+00:00","dateModified":"2022-11-24T17:33:40+00:00","breadcrumb":{"@id":"https:\/\/www.gesmujer.org\/sitio\/25n-oaxaca-anuncian-jornada-de-indignacion-ante-alza-de-feminicidios\/#breadcrumb"},"inLanguage":"es","potentialAction":[{"@type":"ReadAction","target":["https:\/\/www.gesmujer.org\/sitio\/25n-oaxaca-anuncian-jornada-de-indignacion-ante-alza-de-feminicidios\/"]}]},{"@type":"ImageObject","inLanguage":"es","@id":"https:\/\/www.gesmujer.org\/sitio\/25n-oaxaca-anuncian-jornada-de-indignacion-ante-alza-de-feminicidios\/#primaryimage","url":"https:\/\/www.gesmujer.org\/sitio\/wp-content\/uploads\/2022\/11\/descarga-19.jpg","contentUrl":"https:\/\/www.gesmujer.org\/sitio\/wp-content\/uploads\/2022\/11\/descarga-19.jpg","width":328,"height":154},{"@type":"BreadcrumbList","@id":"https:\/\/www.gesmujer.org\/sitio\/25n-oaxaca-anuncian-jornada-de-indignacion-ante-alza-de-feminicidios\/#breadcrumb","itemListElement":[{"@type":"ListItem","position":1,"name":"Home","item":"https:\/\/www.gesmujer.org\/sitio\/"},{"@type":"ListItem","position":2,"name":"25N Oaxaca: anuncian jornada de indignaci\u00f3n ante alza de feminicidios"}]},{"@type":"WebSite","@id":"https:\/\/www.gesmujer.org\/sitio\/#website","url":"https:\/\/www.gesmujer.org\/sitio\/","name":"GESMujer \"Rosario Castellanos\"","description":"M\u00e1s de 45 a\u00f1os ha llevado a cabo acciones para erradicar la violencia de g\u00e9nero y construir entornos donde las mujeres encuentren su resiliencia, incrementen su agencia y autonom\u00eda que les permita lograr su empoderamiento a trav\u00e9s de cinco l\u00edneas de acci\u00f3n.","publisher":{"@id":"https:\/\/www.gesmujer.org\/sitio\/#organization"},"alternateName":"GESMujer","potentialAction":[{"@type":"SearchAction","target":{"@type":"EntryPoint","urlTemplate":"https:\/\/www.gesmujer.org\/sitio\/?s={search_term_string}"},"query-input":{"@type":"PropertyValueSpecification","valueRequired":true,"valueName":"search_term_string"}}],"inLanguage":"es"},{"@type":"Organization","@id":"https:\/\/www.gesmujer.org\/sitio\/#organization","name":"Grupo de estudios sobre la mujer Rosario Castellanos ac","alternateName":"GESMujer","url":"https:\/\/www.gesmujer.org\/sitio\/","logo":{"@type":"ImageObject","inLanguage":"es","@id":"https:\/\/www.gesmujer.org\/sitio\/#\/schema\/logo\/image\/","url":"https:\/\/www.gesmujer.org\/sitio\/wp-content\/uploads\/2026\/03\/Logo-GESMujer-300.png","contentUrl":"https:\/\/www.gesmujer.org\/sitio\/wp-content\/uploads\/2026\/03\/Logo-GESMujer-300.png","width":300,"height":141,"caption":"Grupo de estudios sobre la mujer Rosario Castellanos ac"},"image":{"@id":"https:\/\/www.gesmujer.org\/sitio\/#\/schema\/logo\/image\/"},"sameAs":["https:\/\/www.facebook.com\/gesmujer.rosario.castellanos.ac","https:\/\/x.com\/GES_Mujer","https:\/\/www.instagram.com\/ges_mujer\/?hl=es","https:\/\/www.youtube.com\/c\/GESMujerRosarioCastellanos\/videos","https:\/\/soundcloud.com\/gesmujerac","https:\/\/www.tiktok.com\/@gesmujer"]},{"@type":"Person","@id":"https:\/\/www.gesmujer.org\/sitio\/#\/schema\/person\/50e03387f883646c2714c51783a7e288","name":"cendoc","image":{"@type":"ImageObject","inLanguage":"es","@id":"https:\/\/secure.gravatar.com\/avatar\/2f187338ccb33c33bc1b08e92e2247a6891db221398e12bbc0f5ff0cfc462495?s=96&d=mm&r=g","url":"https:\/\/secure.gravatar.com\/avatar\/2f187338ccb33c33bc1b08e92e2247a6891db221398e12bbc0f5ff0cfc462495?s=96&d=mm&r=g","contentUrl":"https:\/\/secure.gravatar.com\/avatar\/2f187338ccb33c33bc1b08e92e2247a6891db221398e12bbc0f5ff0cfc462495?s=96&d=mm&r=g","caption":"cendoc"},"sameAs":["http:\/\/gesmujer.org"],"url":"https:\/\/www.gesmujer.org\/sitio\/author\/cendoc\/"}]}},"_links":{"self":[{"href":"https:\/\/www.gesmujer.org\/sitio\/wp-json\/wp\/v2\/posts\/28022","targetHints":{"allow":["GET"]}}],"collection":[{"href":"https:\/\/www.gesmujer.org\/sitio\/wp-json\/wp\/v2\/posts"}],"about":[{"href":"https:\/\/www.gesmujer.org\/sitio\/wp-json\/wp\/v2\/types\/post"}],"author":[{"embeddable":true,"href":"https:\/\/www.gesmujer.org\/sitio\/wp-json\/wp\/v2\/users\/4"}],"replies":[{"embeddable":true,"href":"https:\/\/www.gesmujer.org\/sitio\/wp-json\/wp\/v2\/comments?post=28022"}],"version-history":[{"count":1,"href":"https:\/\/www.gesmujer.org\/sitio\/wp-json\/wp\/v2\/posts\/28022\/revisions"}],"predecessor-version":[{"id":28024,"href":"https:\/\/www.gesmujer.org\/sitio\/wp-json\/wp\/v2\/posts\/28022\/revisions\/28024"}],"wp:featuredmedia":[{"embeddable":true,"href":"https:\/\/www.gesmujer.org\/sitio\/wp-json\/wp\/v2\/media\/28023"}],"wp:attachment":[{"href":"https:\/\/www.gesmujer.org\/sitio\/wp-json\/wp\/v2\/media?parent=28022"}],"wp:term":[{"taxonomy":"category","embeddable":true,"href":"https:\/\/www.gesmujer.org\/sitio\/wp-json\/wp\/v2\/categories?post=28022"},{"taxonomy":"post_tag","embeddable":true,"href":"https:\/\/www.gesmujer.org\/sitio\/wp-json\/wp\/v2\/tags?post=28022"}],"curies":[{"name":"wp","href":"https:\/\/api.w.org\/{rel}","templated":true}]}}