{"id":28064,"date":"2022-12-01T14:23:41","date_gmt":"2022-12-01T20:23:41","guid":{"rendered":"https:\/\/www.gesmujer.org\/sitio\/?p=28064"},"modified":"2022-12-01T14:23:44","modified_gmt":"2022-12-01T20:23:44","slug":"justicia-y-lazos-sociales-los-retos-para-salomon-jara-como-nuevo-gobernador-de-oaxaca","status":"publish","type":"post","link":"https:\/\/www.gesmujer.org\/sitio\/justicia-y-lazos-sociales-los-retos-para-salomon-jara-como-nuevo-gobernador-de-oaxaca\/","title":{"rendered":"Justicia y lazos sociales, los retos para Salom\u00f3n Jara como nuevo gobernador de Oaxaca"},"content":{"rendered":"\n<p><strong>Jueves 01 de Noviembre del 2022, Juan Carlos Zavala, El Universal.-  <\/strong>Una<strong>&nbsp;violencia focalizada<\/strong>&nbsp;en&nbsp;<strong>defensores del territorio<\/strong>, mujeres y opositores a&nbsp;<strong>megaproyectos,<\/strong>&nbsp;agravada por la impunidad y desconfianza de comunidades originarias ante las prioridades de los gobiernos del partido oficial son los principales retos a los que se enfrentar\u00e1&nbsp;<strong>Salom\u00f3n Jara Cruz (<\/strong>Morena), quien asume hoy como<strong>&nbsp;gobernador de Oaxaca,<\/strong>&nbsp;coinciden a<strong>ctivistas y especialistas<\/strong>.<\/p>\n\n\n\n<p>Aunque originario de una&nbsp;<strong>comunidad ind\u00edgena<\/strong>&nbsp;y con un pasado como activista en la izquierda, para los distintos actores de la entidad no hay certeza sobre la postura que tendr\u00e1 el nuevo gobernador.<\/p>\n\n\n\n<h2 class=\"wp-block-heading\">\u00bfQui\u00e9n defiende a los defensores?<\/h2>\n\n\n\n<p>Para&nbsp;<strong>Marcos Leyva Madrid<\/strong>, director de Servicios para una Educaci\u00f3n Alternativa (Educa), organizaci\u00f3n que acompa\u00f1a a la comunidad de Paso de la Reyna, en Oaxaca existe un \u201c<strong>d\u00e9ficit profundo<\/strong>\u201d en materia de&nbsp;<strong>derechos humanos<\/strong>&nbsp;y un alto grado de impunidad en el asesinato de personas defensoras comunitarias, de derechos humanos y del territorio.<\/p>\n\n\n\n<p>En los \u00faltimos a\u00f1os fueron&nbsp;<strong>asesinados 49 defensores d<\/strong>e derechos humanos.<\/p>\n\n\n\n<p>\u201cEn ninguno de estos asesinatos ha habido un<strong>&nbsp;avance<\/strong>&nbsp;en materia de<strong>&nbsp;justicia<\/strong>, no hay nadie detenido y la procuraci\u00f3n de justicia, en t\u00e9rminos de los defensores, es nula\u201d, expone Leyva Madrid.<\/p>\n\n\n\n<p><strong>Oaxaca<\/strong>&nbsp;es el estado con mayor n\u00famero de&nbsp;<strong>personas defensoras asesinadas<\/strong>&nbsp;y tambi\u00e9n con la cifra m\u00e1s alta de agresiones contra activistas, seg\u00fan informes presentados por Educa y el Comit\u00e9 Cerezo, entre otros organismos.<\/p>\n\n\n\n<p>Para Leyva Madrid son varios los factores que han provocado esta violencia, el primero relacionado con la \u201cenorme impunidad\u201d, resultado de la pol\u00edtica de caciques que a\u00fan existe en muchos lugares de Oaxaca, y la falta de una Fiscal\u00eda General que realmente asuma su tarea de investigar este tipo de cr\u00edmenes.<\/p>\n\n\n\n<p>Otro son los megaproyectos, como el&nbsp;<strong>Corredor Interoce\u00e1nico del Istmo de Tehuantepec&nbsp;<\/strong>(CIIT), los proyectos mineros y las presas hidroel\u00e9ctricas.<\/p>\n\n\n\n<p>Leyva Madrid considera que el nuevo gobierno deber\u00e1 revisar la procuraci\u00f3n de justicia y generar los cambios necesarios para asentar sistemas de protecci\u00f3n de personas defensoras y periodistas para acabar con la impunidad.<\/p>\n\n\n\n<p>\u201cSabemos que es un reto fuerte, pero es importante y necesario que se haga, que se tomen las acciones (&#8230;) para atacar esta impunidad\u201d, se\u00f1ala.<\/p>\n\n\n\n<h2 class=\"wp-block-heading\">Violencia contra las mujeres, desaf\u00edo<\/h2>\n\n\n\n<p>En la violencia contra las mujeres, Ang\u00e9lica Ayala Ortiz, presidenta de GESMujer, se\u00f1ala que hay una deuda muy grande.<\/p>\n\n\n\n<p>Aqu\u00ed tambi\u00e9n la impunidad prevalece, situaci\u00f3n atribuible al actuar de la Fiscal\u00eda General de Oaxaca, que impidi\u00f3 la aplicaci\u00f3n de sanciones a agresores.<\/p>\n\n\n\n<p>Al respecto, Mar\u00eda de la Luz Estrada, coordinadora del Observatorio Ciudadano Nacional del Feminicidio (OCNF), coincide en que desde el panorama nacional se observa que Oaxaca es uno de los estados m\u00e1s violentos para las mujeres, pues prevalece una situaci\u00f3n de impunidad.<\/p>\n\n\n\n<p>Se\u00f1ala que el gobierno de Jara Cruz debe actuar con perspectiva de g\u00e9nero y revisar el cumplimiento de las medidas que se establecieron a partir de la emisi\u00f3n de la Alerta de Violencia de G\u00e9nero (AVG) en la entidad.<\/p>\n\n\n\n<p>\u201cHay un gran desaf\u00edo por el contexto de patr\u00f3n de impunidad y en el caso de Oaxaca vemos mucha protecci\u00f3n a los feminicidas\u201d, sentencia.<\/p>\n\n\n\n<p>De acuerdo con GESMujer, se requiere que el nuevo gobierno realice actuaciones puntuales que inicien por la sensibilizaci\u00f3n y capacitaci\u00f3n de servidores p\u00fablicos, as\u00ed como evaluaciones de desempe\u00f1o de cada \u00e1rea que atienda la problem\u00e1tica.<\/p>\n\n\n\n<p>Ang\u00e9lica Ayala suma la necesidad de transparentar el manejo de los recursos p\u00fablicos dirigidos a atender la violencia, dar a conocer c\u00f3mo se aplican y d\u00f3nde.<\/p>\n\n\n\n<h2 class=\"wp-block-heading\">Refundar el di\u00e1logo social<\/h2>\n\n\n\n<p>En materia de gobernabilidad, la administraci\u00f3n entrante tiene el reto de construir una relaci\u00f3n institucional con los movimientos sociales para fortalecer la interlocuci\u00f3n con las comunidades ind\u00edgenas, se\u00f1ala el activista H\u00e9ctor S\u00e1nchez L\u00f3pez, fundador de la Coalici\u00f3n Obrera Campesina Estudiantil del Istmo.<\/p>\n\n\n\n<p>Se trata, explica, de que no se repitan los viejos esquemas de cooptaci\u00f3n, pero tampoco se debe apostar a la desaparici\u00f3n de los movimientos.<\/p>\n\n\n\n<p>Para el dirigente de la Uni\u00f3n de Comunidades Ind\u00edgenas de la Zona Norte del Istmo, Carlos Beas Torres, Jara debe buscar el di\u00e1logo con las poblaciones impactadas con el Corredor Interoce\u00e1nico que buscan respuestas ante las afectaciones.<\/p>\n\n\n\n<p>Se necesita, considera, interlocuci\u00f3n civil con las comunidades ind\u00edgenas.<\/p>\n\n\n\n<p>Fuente: https:\/\/oaxaca.eluniversal.com.mx\/politica\/justicia-y-lazos-sociales-los-retos-para-salomon-jara-como-nuevo-gobernador-de-oaxaca<\/p>\n\n\n\n<figure class=\"wp-block-gallery has-nested-images columns-default is-cropped wp-block-gallery-1 is-layout-flex wp-block-gallery-is-layout-flex\"><\/figure>\n\n\n\n<figure class=\"wp-block-gallery has-nested-images columns-default is-cropped wp-block-gallery-2 is-layout-flex wp-block-gallery-is-layout-flex\"><\/figure>\n\n\n\n<figure class=\"wp-block-gallery has-nested-images columns-default is-cropped wp-block-gallery-3 is-layout-flex wp-block-gallery-is-layout-flex\"><\/figure>\n\n\n\n<p>Fuente: https:\/\/oaxaca.eluniversal.com.mx\/politica\/justicia-y-lazos-sociales-los-retos-para-salomon-jara-como-nuevo-gobernador-de-oaxaca<\/p>\n","protected":false},"excerpt":{"rendered":"<p>Jueves 01 de Noviembre del 2022, Juan Carlos Zavala, El Universal.- Una&nbsp;violencia focalizada&nbsp;en&nbsp;defensores del territorio, mujeres y opositores a&nbsp;megaproyectos,&nbsp;agravada por la impunidad y desconfianza de comunidades originarias ante las prioridades de los gobiernos del partido oficial son los principales retos a los que se enfrentar\u00e1&nbsp;Salom\u00f3n Jara Cruz (Morena), quien asume hoy como&nbsp;gobernador de Oaxaca,&nbsp;coinciden activistas [&hellip;]<\/p>\n","protected":false},"author":4,"featured_media":28069,"comment_status":"closed","ping_status":"open","sticky":false,"template":"","format":"standard","meta":{"give_campaign_id":0,"footnotes":""},"categories":[575,568,91,3],"tags":[43,60,63,75,58,39,42,77,80,67],"class_list":["post-28064","post","type-post","status-publish","format-standard","has-post-thumbnail","hentry","category-blog","category-monitoreo","category-notas","category-portada","tag-derechos","tag-derechos-mujeres","tag-equidad-de-genero","tag-feminicidios","tag-gesmujer","tag-igualdad","tag-mujeres","tag-mujeres-indigenas","tag-oaxaca","tag-violencia"],"yoast_head":"<!-- This site is optimized with the Yoast SEO plugin v27.4 - https:\/\/yoast.com\/product\/yoast-seo-wordpress\/ -->\n<title>Justicia y lazos sociales, los retos para Salom\u00f3n Jara como nuevo gobernador de Oaxaca - GESMujer &quot;Rosario Castellanos&quot;<\/title>\n<meta name=\"robots\" content=\"index, follow, max-snippet:-1, max-image-preview:large, max-video-preview:-1\" \/>\n<link rel=\"canonical\" href=\"https:\/\/www.gesmujer.org\/sitio\/justicia-y-lazos-sociales-los-retos-para-salomon-jara-como-nuevo-gobernador-de-oaxaca\/\" \/>\n<meta property=\"og:locale\" content=\"es_MX\" \/>\n<meta property=\"og:type\" content=\"article\" \/>\n<meta property=\"og:title\" content=\"Justicia y lazos sociales, los retos para Salom\u00f3n Jara como nuevo gobernador de Oaxaca - GESMujer &quot;Rosario Castellanos&quot;\" \/>\n<meta property=\"og:description\" content=\"Jueves 01 de Noviembre del 2022, Juan Carlos Zavala, El Universal.- Una&nbsp;violencia focalizada&nbsp;en&nbsp;defensores del territorio, mujeres y opositores a&nbsp;megaproyectos,&nbsp;agravada por la impunidad y desconfianza de comunidades originarias ante las prioridades de los gobiernos del partido oficial son los principales retos a los que se enfrentar\u00e1&nbsp;Salom\u00f3n Jara Cruz (Morena), quien asume hoy como&nbsp;gobernador de Oaxaca,&nbsp;coinciden activistas [&hellip;]\" \/>\n<meta property=\"og:url\" content=\"https:\/\/www.gesmujer.org\/sitio\/justicia-y-lazos-sociales-los-retos-para-salomon-jara-como-nuevo-gobernador-de-oaxaca\/\" \/>\n<meta property=\"og:site_name\" content=\"GESMujer &quot;Rosario Castellanos&quot;\" \/>\n<meta property=\"article:publisher\" content=\"https:\/\/www.facebook.com\/gesmujer.rosario.castellanos.ac\" \/>\n<meta property=\"article:published_time\" content=\"2022-12-01T20:23:41+00:00\" \/>\n<meta property=\"article:modified_time\" content=\"2022-12-01T20:23:44+00:00\" \/>\n<meta property=\"og:image\" content=\"https:\/\/www.gesmujer.org\/sitio\/wp-content\/uploads\/2022\/12\/ENTREGA-DE-ADMINISTRACION.png\" \/>\n\t<meta property=\"og:image:width\" content=\"1008\" \/>\n\t<meta property=\"og:image:height\" content=\"652\" \/>\n\t<meta property=\"og:image:type\" content=\"image\/png\" \/>\n<meta name=\"author\" content=\"cendoc\" \/>\n<meta name=\"twitter:card\" content=\"summary_large_image\" \/>\n<meta name=\"twitter:creator\" content=\"@GES_Mujer\" \/>\n<meta name=\"twitter:site\" content=\"@GES_Mujer\" \/>\n<meta name=\"twitter:label1\" content=\"Escrito por\" \/>\n\t<meta name=\"twitter:data1\" content=\"cendoc\" \/>\n\t<meta name=\"twitter:label2\" content=\"Tiempo de lectura\" \/>\n\t<meta name=\"twitter:data2\" content=\"4 minutos\" \/>\n<script type=\"application\/ld+json\" class=\"yoast-schema-graph\">{\"@context\":\"https:\\\/\\\/schema.org\",\"@graph\":[{\"@type\":\"Article\",\"@id\":\"https:\\\/\\\/www.gesmujer.org\\\/sitio\\\/justicia-y-lazos-sociales-los-retos-para-salomon-jara-como-nuevo-gobernador-de-oaxaca\\\/#article\",\"isPartOf\":{\"@id\":\"https:\\\/\\\/www.gesmujer.org\\\/sitio\\\/justicia-y-lazos-sociales-los-retos-para-salomon-jara-como-nuevo-gobernador-de-oaxaca\\\/\"},\"author\":{\"name\":\"cendoc\",\"@id\":\"https:\\\/\\\/www.gesmujer.org\\\/sitio\\\/#\\\/schema\\\/person\\\/50e03387f883646c2714c51783a7e288\"},\"headline\":\"Justicia y lazos sociales, los retos para Salom\u00f3n Jara como nuevo gobernador de Oaxaca\",\"datePublished\":\"2022-12-01T20:23:41+00:00\",\"dateModified\":\"2022-12-01T20:23:44+00:00\",\"mainEntityOfPage\":{\"@id\":\"https:\\\/\\\/www.gesmujer.org\\\/sitio\\\/justicia-y-lazos-sociales-los-retos-para-salomon-jara-como-nuevo-gobernador-de-oaxaca\\\/\"},\"wordCount\":808,\"publisher\":{\"@id\":\"https:\\\/\\\/www.gesmujer.org\\\/sitio\\\/#organization\"},\"image\":{\"@id\":\"https:\\\/\\\/www.gesmujer.org\\\/sitio\\\/justicia-y-lazos-sociales-los-retos-para-salomon-jara-como-nuevo-gobernador-de-oaxaca\\\/#primaryimage\"},\"thumbnailUrl\":\"https:\\\/\\\/www.gesmujer.org\\\/sitio\\\/wp-content\\\/uploads\\\/2022\\\/12\\\/ENTREGA-DE-ADMINISTRACION.png\",\"keywords\":[\"derechos\",\"Derechos Mujeres\",\"Equidad de g\u00e9nero\",\"Feminicidios\",\"GESMujer\",\"igualdad\",\"mujeres\",\"Mujeres Ind\u00edgenas\",\"Oaxaca\",\"Violencia\"],\"articleSection\":[\"Blog\",\"MONITOREO\",\"NOTAS\",\"portada\"],\"inLanguage\":\"es\"},{\"@type\":\"WebPage\",\"@id\":\"https:\\\/\\\/www.gesmujer.org\\\/sitio\\\/justicia-y-lazos-sociales-los-retos-para-salomon-jara-como-nuevo-gobernador-de-oaxaca\\\/\",\"url\":\"https:\\\/\\\/www.gesmujer.org\\\/sitio\\\/justicia-y-lazos-sociales-los-retos-para-salomon-jara-como-nuevo-gobernador-de-oaxaca\\\/\",\"name\":\"Justicia y lazos sociales, los retos para Salom\u00f3n Jara como nuevo gobernador de Oaxaca - GESMujer &quot;Rosario Castellanos&quot;\",\"isPartOf\":{\"@id\":\"https:\\\/\\\/www.gesmujer.org\\\/sitio\\\/#website\"},\"primaryImageOfPage\":{\"@id\":\"https:\\\/\\\/www.gesmujer.org\\\/sitio\\\/justicia-y-lazos-sociales-los-retos-para-salomon-jara-como-nuevo-gobernador-de-oaxaca\\\/#primaryimage\"},\"image\":{\"@id\":\"https:\\\/\\\/www.gesmujer.org\\\/sitio\\\/justicia-y-lazos-sociales-los-retos-para-salomon-jara-como-nuevo-gobernador-de-oaxaca\\\/#primaryimage\"},\"thumbnailUrl\":\"https:\\\/\\\/www.gesmujer.org\\\/sitio\\\/wp-content\\\/uploads\\\/2022\\\/12\\\/ENTREGA-DE-ADMINISTRACION.png\",\"datePublished\":\"2022-12-01T20:23:41+00:00\",\"dateModified\":\"2022-12-01T20:23:44+00:00\",\"breadcrumb\":{\"@id\":\"https:\\\/\\\/www.gesmujer.org\\\/sitio\\\/justicia-y-lazos-sociales-los-retos-para-salomon-jara-como-nuevo-gobernador-de-oaxaca\\\/#breadcrumb\"},\"inLanguage\":\"es\",\"potentialAction\":[{\"@type\":\"ReadAction\",\"target\":[\"https:\\\/\\\/www.gesmujer.org\\\/sitio\\\/justicia-y-lazos-sociales-los-retos-para-salomon-jara-como-nuevo-gobernador-de-oaxaca\\\/\"]}]},{\"@type\":\"ImageObject\",\"inLanguage\":\"es\",\"@id\":\"https:\\\/\\\/www.gesmujer.org\\\/sitio\\\/justicia-y-lazos-sociales-los-retos-para-salomon-jara-como-nuevo-gobernador-de-oaxaca\\\/#primaryimage\",\"url\":\"https:\\\/\\\/www.gesmujer.org\\\/sitio\\\/wp-content\\\/uploads\\\/2022\\\/12\\\/ENTREGA-DE-ADMINISTRACION.png\",\"contentUrl\":\"https:\\\/\\\/www.gesmujer.org\\\/sitio\\\/wp-content\\\/uploads\\\/2022\\\/12\\\/ENTREGA-DE-ADMINISTRACION.png\",\"width\":1008,\"height\":652},{\"@type\":\"BreadcrumbList\",\"@id\":\"https:\\\/\\\/www.gesmujer.org\\\/sitio\\\/justicia-y-lazos-sociales-los-retos-para-salomon-jara-como-nuevo-gobernador-de-oaxaca\\\/#breadcrumb\",\"itemListElement\":[{\"@type\":\"ListItem\",\"position\":1,\"name\":\"Home\",\"item\":\"https:\\\/\\\/www.gesmujer.org\\\/sitio\\\/\"},{\"@type\":\"ListItem\",\"position\":2,\"name\":\"Justicia y lazos sociales, los retos para Salom\u00f3n Jara como nuevo gobernador de Oaxaca\"}]},{\"@type\":\"WebSite\",\"@id\":\"https:\\\/\\\/www.gesmujer.org\\\/sitio\\\/#website\",\"url\":\"https:\\\/\\\/www.gesmujer.org\\\/sitio\\\/\",\"name\":\"GESMujer \\\"Rosario Castellanos\\\"\",\"description\":\"M\u00e1s de 45 a\u00f1os ha llevado a cabo acciones para erradicar la violencia de g\u00e9nero y construir entornos donde las mujeres encuentren su resiliencia, incrementen su agencia y autonom\u00eda que les permita lograr su empoderamiento a trav\u00e9s de cinco l\u00edneas de acci\u00f3n.\",\"publisher\":{\"@id\":\"https:\\\/\\\/www.gesmujer.org\\\/sitio\\\/#organization\"},\"alternateName\":\"GESMujer\",\"potentialAction\":[{\"@type\":\"SearchAction\",\"target\":{\"@type\":\"EntryPoint\",\"urlTemplate\":\"https:\\\/\\\/www.gesmujer.org\\\/sitio\\\/?s={search_term_string}\"},\"query-input\":{\"@type\":\"PropertyValueSpecification\",\"valueRequired\":true,\"valueName\":\"search_term_string\"}}],\"inLanguage\":\"es\"},{\"@type\":\"Organization\",\"@id\":\"https:\\\/\\\/www.gesmujer.org\\\/sitio\\\/#organization\",\"name\":\"Grupo de estudios sobre la mujer Rosario Castellanos ac\",\"alternateName\":\"GESMujer\",\"url\":\"https:\\\/\\\/www.gesmujer.org\\\/sitio\\\/\",\"logo\":{\"@type\":\"ImageObject\",\"inLanguage\":\"es\",\"@id\":\"https:\\\/\\\/www.gesmujer.org\\\/sitio\\\/#\\\/schema\\\/logo\\\/image\\\/\",\"url\":\"https:\\\/\\\/www.gesmujer.org\\\/sitio\\\/wp-content\\\/uploads\\\/2026\\\/03\\\/Logo-GESMujer-300.png\",\"contentUrl\":\"https:\\\/\\\/www.gesmujer.org\\\/sitio\\\/wp-content\\\/uploads\\\/2026\\\/03\\\/Logo-GESMujer-300.png\",\"width\":300,\"height\":141,\"caption\":\"Grupo de estudios sobre la mujer Rosario Castellanos ac\"},\"image\":{\"@id\":\"https:\\\/\\\/www.gesmujer.org\\\/sitio\\\/#\\\/schema\\\/logo\\\/image\\\/\"},\"sameAs\":[\"https:\\\/\\\/www.facebook.com\\\/gesmujer.rosario.castellanos.ac\",\"https:\\\/\\\/x.com\\\/GES_Mujer\",\"https:\\\/\\\/www.instagram.com\\\/ges_mujer\\\/?hl=es\",\"https:\\\/\\\/www.youtube.com\\\/c\\\/GESMujerRosarioCastellanos\\\/videos\",\"https:\\\/\\\/soundcloud.com\\\/gesmujerac\",\"https:\\\/\\\/www.tiktok.com\\\/@gesmujer\"]},{\"@type\":\"Person\",\"@id\":\"https:\\\/\\\/www.gesmujer.org\\\/sitio\\\/#\\\/schema\\\/person\\\/50e03387f883646c2714c51783a7e288\",\"name\":\"cendoc\",\"image\":{\"@type\":\"ImageObject\",\"inLanguage\":\"es\",\"@id\":\"https:\\\/\\\/secure.gravatar.com\\\/avatar\\\/2f187338ccb33c33bc1b08e92e2247a6891db221398e12bbc0f5ff0cfc462495?s=96&d=mm&r=g\",\"url\":\"https:\\\/\\\/secure.gravatar.com\\\/avatar\\\/2f187338ccb33c33bc1b08e92e2247a6891db221398e12bbc0f5ff0cfc462495?s=96&d=mm&r=g\",\"contentUrl\":\"https:\\\/\\\/secure.gravatar.com\\\/avatar\\\/2f187338ccb33c33bc1b08e92e2247a6891db221398e12bbc0f5ff0cfc462495?s=96&d=mm&r=g\",\"caption\":\"cendoc\"},\"sameAs\":[\"http:\\\/\\\/gesmujer.org\"],\"url\":\"https:\\\/\\\/www.gesmujer.org\\\/sitio\\\/author\\\/cendoc\\\/\"}]}<\/script>\n<!-- \/ Yoast SEO plugin. -->","yoast_head_json":{"title":"Justicia y lazos sociales, los retos para Salom\u00f3n Jara como nuevo gobernador de Oaxaca - GESMujer &quot;Rosario Castellanos&quot;","robots":{"index":"index","follow":"follow","max-snippet":"max-snippet:-1","max-image-preview":"max-image-preview:large","max-video-preview":"max-video-preview:-1"},"canonical":"https:\/\/www.gesmujer.org\/sitio\/justicia-y-lazos-sociales-los-retos-para-salomon-jara-como-nuevo-gobernador-de-oaxaca\/","og_locale":"es_MX","og_type":"article","og_title":"Justicia y lazos sociales, los retos para Salom\u00f3n Jara como nuevo gobernador de Oaxaca - GESMujer &quot;Rosario Castellanos&quot;","og_description":"Jueves 01 de Noviembre del 2022, Juan Carlos Zavala, El Universal.- Una&nbsp;violencia focalizada&nbsp;en&nbsp;defensores del territorio, mujeres y opositores a&nbsp;megaproyectos,&nbsp;agravada por la impunidad y desconfianza de comunidades originarias ante las prioridades de los gobiernos del partido oficial son los principales retos a los que se enfrentar\u00e1&nbsp;Salom\u00f3n Jara Cruz (Morena), quien asume hoy como&nbsp;gobernador de Oaxaca,&nbsp;coinciden activistas [&hellip;]","og_url":"https:\/\/www.gesmujer.org\/sitio\/justicia-y-lazos-sociales-los-retos-para-salomon-jara-como-nuevo-gobernador-de-oaxaca\/","og_site_name":"GESMujer &quot;Rosario Castellanos&quot;","article_publisher":"https:\/\/www.facebook.com\/gesmujer.rosario.castellanos.ac","article_published_time":"2022-12-01T20:23:41+00:00","article_modified_time":"2022-12-01T20:23:44+00:00","og_image":[{"width":1008,"height":652,"url":"https:\/\/www.gesmujer.org\/sitio\/wp-content\/uploads\/2022\/12\/ENTREGA-DE-ADMINISTRACION.png","type":"image\/png"}],"author":"cendoc","twitter_card":"summary_large_image","twitter_creator":"@GES_Mujer","twitter_site":"@GES_Mujer","twitter_misc":{"Escrito por":"cendoc","Tiempo de lectura":"4 minutos"},"schema":{"@context":"https:\/\/schema.org","@graph":[{"@type":"Article","@id":"https:\/\/www.gesmujer.org\/sitio\/justicia-y-lazos-sociales-los-retos-para-salomon-jara-como-nuevo-gobernador-de-oaxaca\/#article","isPartOf":{"@id":"https:\/\/www.gesmujer.org\/sitio\/justicia-y-lazos-sociales-los-retos-para-salomon-jara-como-nuevo-gobernador-de-oaxaca\/"},"author":{"name":"cendoc","@id":"https:\/\/www.gesmujer.org\/sitio\/#\/schema\/person\/50e03387f883646c2714c51783a7e288"},"headline":"Justicia y lazos sociales, los retos para Salom\u00f3n Jara como nuevo gobernador de Oaxaca","datePublished":"2022-12-01T20:23:41+00:00","dateModified":"2022-12-01T20:23:44+00:00","mainEntityOfPage":{"@id":"https:\/\/www.gesmujer.org\/sitio\/justicia-y-lazos-sociales-los-retos-para-salomon-jara-como-nuevo-gobernador-de-oaxaca\/"},"wordCount":808,"publisher":{"@id":"https:\/\/www.gesmujer.org\/sitio\/#organization"},"image":{"@id":"https:\/\/www.gesmujer.org\/sitio\/justicia-y-lazos-sociales-los-retos-para-salomon-jara-como-nuevo-gobernador-de-oaxaca\/#primaryimage"},"thumbnailUrl":"https:\/\/www.gesmujer.org\/sitio\/wp-content\/uploads\/2022\/12\/ENTREGA-DE-ADMINISTRACION.png","keywords":["derechos","Derechos Mujeres","Equidad de g\u00e9nero","Feminicidios","GESMujer","igualdad","mujeres","Mujeres Ind\u00edgenas","Oaxaca","Violencia"],"articleSection":["Blog","MONITOREO","NOTAS","portada"],"inLanguage":"es"},{"@type":"WebPage","@id":"https:\/\/www.gesmujer.org\/sitio\/justicia-y-lazos-sociales-los-retos-para-salomon-jara-como-nuevo-gobernador-de-oaxaca\/","url":"https:\/\/www.gesmujer.org\/sitio\/justicia-y-lazos-sociales-los-retos-para-salomon-jara-como-nuevo-gobernador-de-oaxaca\/","name":"Justicia y lazos sociales, los retos para Salom\u00f3n Jara como nuevo gobernador de Oaxaca - GESMujer &quot;Rosario Castellanos&quot;","isPartOf":{"@id":"https:\/\/www.gesmujer.org\/sitio\/#website"},"primaryImageOfPage":{"@id":"https:\/\/www.gesmujer.org\/sitio\/justicia-y-lazos-sociales-los-retos-para-salomon-jara-como-nuevo-gobernador-de-oaxaca\/#primaryimage"},"image":{"@id":"https:\/\/www.gesmujer.org\/sitio\/justicia-y-lazos-sociales-los-retos-para-salomon-jara-como-nuevo-gobernador-de-oaxaca\/#primaryimage"},"thumbnailUrl":"https:\/\/www.gesmujer.org\/sitio\/wp-content\/uploads\/2022\/12\/ENTREGA-DE-ADMINISTRACION.png","datePublished":"2022-12-01T20:23:41+00:00","dateModified":"2022-12-01T20:23:44+00:00","breadcrumb":{"@id":"https:\/\/www.gesmujer.org\/sitio\/justicia-y-lazos-sociales-los-retos-para-salomon-jara-como-nuevo-gobernador-de-oaxaca\/#breadcrumb"},"inLanguage":"es","potentialAction":[{"@type":"ReadAction","target":["https:\/\/www.gesmujer.org\/sitio\/justicia-y-lazos-sociales-los-retos-para-salomon-jara-como-nuevo-gobernador-de-oaxaca\/"]}]},{"@type":"ImageObject","inLanguage":"es","@id":"https:\/\/www.gesmujer.org\/sitio\/justicia-y-lazos-sociales-los-retos-para-salomon-jara-como-nuevo-gobernador-de-oaxaca\/#primaryimage","url":"https:\/\/www.gesmujer.org\/sitio\/wp-content\/uploads\/2022\/12\/ENTREGA-DE-ADMINISTRACION.png","contentUrl":"https:\/\/www.gesmujer.org\/sitio\/wp-content\/uploads\/2022\/12\/ENTREGA-DE-ADMINISTRACION.png","width":1008,"height":652},{"@type":"BreadcrumbList","@id":"https:\/\/www.gesmujer.org\/sitio\/justicia-y-lazos-sociales-los-retos-para-salomon-jara-como-nuevo-gobernador-de-oaxaca\/#breadcrumb","itemListElement":[{"@type":"ListItem","position":1,"name":"Home","item":"https:\/\/www.gesmujer.org\/sitio\/"},{"@type":"ListItem","position":2,"name":"Justicia y lazos sociales, los retos para Salom\u00f3n Jara como nuevo gobernador de Oaxaca"}]},{"@type":"WebSite","@id":"https:\/\/www.gesmujer.org\/sitio\/#website","url":"https:\/\/www.gesmujer.org\/sitio\/","name":"GESMujer \"Rosario Castellanos\"","description":"M\u00e1s de 45 a\u00f1os ha llevado a cabo acciones para erradicar la violencia de g\u00e9nero y construir entornos donde las mujeres encuentren su resiliencia, incrementen su agencia y autonom\u00eda que les permita lograr su empoderamiento a trav\u00e9s de cinco l\u00edneas de acci\u00f3n.","publisher":{"@id":"https:\/\/www.gesmujer.org\/sitio\/#organization"},"alternateName":"GESMujer","potentialAction":[{"@type":"SearchAction","target":{"@type":"EntryPoint","urlTemplate":"https:\/\/www.gesmujer.org\/sitio\/?s={search_term_string}"},"query-input":{"@type":"PropertyValueSpecification","valueRequired":true,"valueName":"search_term_string"}}],"inLanguage":"es"},{"@type":"Organization","@id":"https:\/\/www.gesmujer.org\/sitio\/#organization","name":"Grupo de estudios sobre la mujer Rosario Castellanos ac","alternateName":"GESMujer","url":"https:\/\/www.gesmujer.org\/sitio\/","logo":{"@type":"ImageObject","inLanguage":"es","@id":"https:\/\/www.gesmujer.org\/sitio\/#\/schema\/logo\/image\/","url":"https:\/\/www.gesmujer.org\/sitio\/wp-content\/uploads\/2026\/03\/Logo-GESMujer-300.png","contentUrl":"https:\/\/www.gesmujer.org\/sitio\/wp-content\/uploads\/2026\/03\/Logo-GESMujer-300.png","width":300,"height":141,"caption":"Grupo de estudios sobre la mujer Rosario Castellanos ac"},"image":{"@id":"https:\/\/www.gesmujer.org\/sitio\/#\/schema\/logo\/image\/"},"sameAs":["https:\/\/www.facebook.com\/gesmujer.rosario.castellanos.ac","https:\/\/x.com\/GES_Mujer","https:\/\/www.instagram.com\/ges_mujer\/?hl=es","https:\/\/www.youtube.com\/c\/GESMujerRosarioCastellanos\/videos","https:\/\/soundcloud.com\/gesmujerac","https:\/\/www.tiktok.com\/@gesmujer"]},{"@type":"Person","@id":"https:\/\/www.gesmujer.org\/sitio\/#\/schema\/person\/50e03387f883646c2714c51783a7e288","name":"cendoc","image":{"@type":"ImageObject","inLanguage":"es","@id":"https:\/\/secure.gravatar.com\/avatar\/2f187338ccb33c33bc1b08e92e2247a6891db221398e12bbc0f5ff0cfc462495?s=96&d=mm&r=g","url":"https:\/\/secure.gravatar.com\/avatar\/2f187338ccb33c33bc1b08e92e2247a6891db221398e12bbc0f5ff0cfc462495?s=96&d=mm&r=g","contentUrl":"https:\/\/secure.gravatar.com\/avatar\/2f187338ccb33c33bc1b08e92e2247a6891db221398e12bbc0f5ff0cfc462495?s=96&d=mm&r=g","caption":"cendoc"},"sameAs":["http:\/\/gesmujer.org"],"url":"https:\/\/www.gesmujer.org\/sitio\/author\/cendoc\/"}]}},"_links":{"self":[{"href":"https:\/\/www.gesmujer.org\/sitio\/wp-json\/wp\/v2\/posts\/28064","targetHints":{"allow":["GET"]}}],"collection":[{"href":"https:\/\/www.gesmujer.org\/sitio\/wp-json\/wp\/v2\/posts"}],"about":[{"href":"https:\/\/www.gesmujer.org\/sitio\/wp-json\/wp\/v2\/types\/post"}],"author":[{"embeddable":true,"href":"https:\/\/www.gesmujer.org\/sitio\/wp-json\/wp\/v2\/users\/4"}],"replies":[{"embeddable":true,"href":"https:\/\/www.gesmujer.org\/sitio\/wp-json\/wp\/v2\/comments?post=28064"}],"version-history":[{"count":1,"href":"https:\/\/www.gesmujer.org\/sitio\/wp-json\/wp\/v2\/posts\/28064\/revisions"}],"predecessor-version":[{"id":28070,"href":"https:\/\/www.gesmujer.org\/sitio\/wp-json\/wp\/v2\/posts\/28064\/revisions\/28070"}],"wp:featuredmedia":[{"embeddable":true,"href":"https:\/\/www.gesmujer.org\/sitio\/wp-json\/wp\/v2\/media\/28069"}],"wp:attachment":[{"href":"https:\/\/www.gesmujer.org\/sitio\/wp-json\/wp\/v2\/media?parent=28064"}],"wp:term":[{"taxonomy":"category","embeddable":true,"href":"https:\/\/www.gesmujer.org\/sitio\/wp-json\/wp\/v2\/categories?post=28064"},{"taxonomy":"post_tag","embeddable":true,"href":"https:\/\/www.gesmujer.org\/sitio\/wp-json\/wp\/v2\/tags?post=28064"}],"curies":[{"name":"wp","href":"https:\/\/api.w.org\/{rel}","templated":true}]}}