{"id":29713,"date":"2023-03-18T18:49:33","date_gmt":"2023-03-19T00:49:33","guid":{"rendered":"https:\/\/www.gesmujer.org\/sitio\/?p=29713"},"modified":"2023-03-18T18:49:36","modified_gmt":"2023-03-19T00:49:36","slug":"violencia-feminicida-en-oaxaca-100-dias-de-dolor-y-desconocimiento-de-perspectiva-de-genero","status":"publish","type":"post","link":"https:\/\/www.gesmujer.org\/sitio\/violencia-feminicida-en-oaxaca-100-dias-de-dolor-y-desconocimiento-de-perspectiva-de-genero\/","title":{"rendered":"Violencia feminicida en Oaxaca: 100 d\u00edas de dolor y desconocimiento de perspectiva de g\u00e9nero"},"content":{"rendered":"\n<p><strong>Mi\u00e9rcoles 15 de marzo del 2023, Christian Jim\u00e9nez, El Universal Oaxaca.-  <\/strong>El pasado 8 de marzo miles de mujeres pintaron de morado las calles de las principales ciudades de\u00a0<strong>Oaxaca\u00a0<\/strong>y marcharon con rabia este 8 de marzo contra un Estado que simplemente mira c\u00f3mo se acumulan las ausentes y las agresiones ante una primavera que no llega.\u00a0<\/p>\n\n\n\n<p>La indignaci\u00f3n de todas no es gratuita. Durante el mes de enero de 2023, en Oaxaca asesinaron a una mujer cada tres d\u00edas, as\u00ed lo revelan las cifras del Secretariado Ejecutivo del Sistema Nacional de Seguridad P\u00fablica (<strong>SESNSP<\/strong>), en cuyo primer registro anual el estado se posicion\u00f3 como el primero en feminicidios a nivel nacional, con un total de 10, por encima de la Ciudad de M\u00e9xico, el Estado de M\u00e9xico y Veracruz.&nbsp;<\/p>\n\n\n\n<p>Al respecto, la presidenta del\u00a0<strong>Grupo de Estudios Sobre la Mujer Rosario Castellanos<\/strong>, Ang\u00e9lica Ayala Ortiz, afirma que en estos primeros 100 d\u00edas del sexenio de<strong>\u00a0Salom\u00f3n Jara Cruz<\/strong>\u00a0se observa un \u201cdesconocimiento de lo que es la\u00a0<strong>perspectiva de g\u00e9nero<\/strong>\u201d, que se refleja en la falta de acciones de gobierno para enfrentar esta grave situaci\u00f3n.<\/p>\n\n\n\n<p><strong>\u201cLas violencias por raz\u00f3n de g\u00e9nero son una problem\u00e1tica que est\u00e1 tocando cada vez a m\u00e1s hogares, a m\u00e1s comunidades, a m\u00e1s regiones y esto es un tema que nos ocupa en GESMujer\u201d<\/strong>, dice la presidenta.<\/p>\n\n\n\n<p>El registro de la organizaci\u00f3n, por ejemplo, se\u00f1ala que en lo que va de esta administraci\u00f3n\u00a0 se acumulan 46 muertes violentas de ni\u00f1as y mujeres, 44 de ellas en los primeros 100 d\u00edas. De las cuales, 15% de las v\u00edctimas son menores de 18 a\u00f1os. Es decir, desde que inici\u00f3 el nuevo gobierno asesinan a una oaxaque\u00f1a cada dos d\u00edas, en promedio.<\/p>\n\n\n\n<p><strong>\u201cLas infancias y juventudes est\u00e1n en un riesgo elevado por edad, g\u00e9nero, poblaci\u00f3n ind\u00edgena, afromexicana\u2026 tenemos que poner la mirada en la prevenci\u00f3n\u201d<\/strong>, sostiene Ayala, quien agrega que en el arranque del sexenio el panorama es grave.<\/p>\n\n\n\n<p>\u201cCreemos que en estos 100 d\u00edas las cifras han sido verdaderamente alarmantes. Los datos oficiales nos ubican en un primer lugar a nivel nacional en violencia feminicida. Del quinto al primer lugar, lo que nos est\u00e1n diciendo es que no hay una voluntad pol\u00edtica, una capacidad t\u00e9cnica para ir abonando a favor de los derechos de nosotras\u201d, asevera la especialista.<\/p>\n\n\n\n<p>A\u00f1ade que la revictimizaci\u00f3n es otro de los problemas que enfrentan las oaxaque\u00f1as cotidianamente, porque siempre a las mujeres, principalmente a las\u00a0<strong>v\u00edctimas de feminicidio<\/strong>, se les juzga por su apariencia, actividad econ\u00f3mica u otra raz\u00f3n que las responsabilice de lo que les haya sucedido.<\/p>\n\n\n\n<h2 class=\"wp-block-heading\">Sin atender el origen<\/h2>\n\n\n\n<p>La experiencia de GESMujer sobre el tema se fundamenta en que desde hace tres sexenios el grupo realiza un monitoreo de la violencia feminicida, porque es el grado m\u00e1ximo de violaci\u00f3n a los derechos humanos de las mujeres, es decir, para que haya una v\u00edctima de violencia feminicida antes hubo toda una serie de violencias en el \u00e1mbito familiar y en el comunitario.<\/p>\n\n\n\n<p>Pero tambi\u00e9n son violencias que se dan en otros espacios, como los&nbsp; laborales y escolares, explica Ang\u00e9lica Ayala.<\/p>\n\n\n\n<p>En los casos que se han dado en la actual administraci\u00f3n, por ejemplo, 38% de las mujeres fueron asesinadas por su pareja, expareja, padre, concubino, inclusive, hijo, por lo que la experta advierte que se debe\u00a0 poner mucha atenci\u00f3n en estas violencias que se dan al interior de los entornos familiares.<\/p>\n\n\n\n<p><strong>\u201cCuando las mujeres acuden a poner una denuncia, ah\u00ed encontramos una barrera, porque siempre hay una revictimizaci\u00f3n de las mujeres y al no identificar los niveles elevados de violencia feminicida, esas violencias que no se detectan a tiempo dan como consecuencia estos datos alarmantes\u201d<\/strong>, dice.<\/p>\n\n\n\n<p>Ayala Ortiz lamenta que las campa\u00f1as como la presentada recientemente por la titular del Secretariado Ejecutivo de Seguridad, Karina Bar\u00f3n, enfocada a la violencia familiar, \u201cen lugar de abonar a que podamos establecer acciones puntuales, que permitan ir al origen de la problem\u00e1tica, generan un entorno m\u00e1s hostil, en el tema de las violencias\u201d, indica.<\/p>\n\n\n\n<p>Ante ello, hizo un llamado a las autoridades a asesorarse para que puedan establecer una pol\u00edtica acorde con los derechos de las ni\u00f1as y mujeres.<\/p>\n\n\n\n<p>Las organizaciones, de manera constante, demandan di\u00e1logo con las instituciones, pero tambi\u00e9n ponen en sus manos informes, diagn\u00f3sticos y cifras sensibles. \u201cHemos recibido participaciones para ir a foros, eventos medi\u00e1ticos, pero lo que demandamos es otro tipo de relaci\u00f3n, una donde podamos establecer acciones de prevenci\u00f3n, atenci\u00f3n, acompa\u00f1amiento, en conjunto\u201d, agrega.<\/p>\n\n\n\n<p>Para la activista, la participaci\u00f3n de las mujeres de la sociedad civil y de las organizaciones es importante para poder dialogar. <strong>\u201cLa experiencia la tenemos y la queremos poner al servicio de todas las personas que tomen decisiones y que abonen a mejorar el acceso de las mujeres a una vida libre de todas las formas de violencia\u201d<\/strong>, finaliza.<\/p>\n\n\n\n<p>Fuente: https:\/\/oaxaca.eluniversal.com.mx\/estatal\/violencia-feminicida-en-oaxaca-100-dias-de-dolor-y-desconocimiento-de-perspectiva-de-genero<\/p>\n","protected":false},"excerpt":{"rendered":"<p>Mi\u00e9rcoles 15 de marzo del 2023, Christian Jim\u00e9nez, El Universal Oaxaca.- El pasado 8 de marzo miles de mujeres pintaron de morado las calles de las principales ciudades de\u00a0Oaxaca\u00a0y marcharon con rabia este 8 de marzo contra un Estado que simplemente mira c\u00f3mo se acumulan las ausentes y las agresiones ante una primavera que no [&hellip;]<\/p>\n","protected":false},"author":4,"featured_media":29714,"comment_status":"closed","ping_status":"open","sticky":false,"template":"","format":"standard","meta":{"give_campaign_id":0,"footnotes":""},"categories":[575,568,91,32,3],"tags":[],"class_list":["post-29713","post","type-post","status-publish","format-standard","has-post-thumbnail","hentry","category-blog","category-monitoreo","category-notas","category-novedades","category-portada"],"yoast_head":"<!-- This site is optimized with the Yoast SEO plugin v27.4 - https:\/\/yoast.com\/product\/yoast-seo-wordpress\/ -->\n<title>Violencia feminicida en Oaxaca: 100 d\u00edas de dolor y desconocimiento de perspectiva de g\u00e9nero - GESMujer &quot;Rosario Castellanos&quot;<\/title>\n<meta name=\"robots\" content=\"index, follow, max-snippet:-1, max-image-preview:large, max-video-preview:-1\" \/>\n<link rel=\"canonical\" href=\"https:\/\/www.gesmujer.org\/sitio\/violencia-feminicida-en-oaxaca-100-dias-de-dolor-y-desconocimiento-de-perspectiva-de-genero\/\" \/>\n<meta property=\"og:locale\" content=\"es_MX\" \/>\n<meta property=\"og:type\" content=\"article\" \/>\n<meta property=\"og:title\" content=\"Violencia feminicida en Oaxaca: 100 d\u00edas de dolor y desconocimiento de perspectiva de g\u00e9nero - GESMujer &quot;Rosario Castellanos&quot;\" \/>\n<meta property=\"og:description\" content=\"Mi\u00e9rcoles 15 de marzo del 2023, Christian Jim\u00e9nez, El Universal Oaxaca.- El pasado 8 de marzo miles de mujeres pintaron de morado las calles de las principales ciudades de\u00a0Oaxaca\u00a0y marcharon con rabia este 8 de marzo contra un Estado que simplemente mira c\u00f3mo se acumulan las ausentes y las agresiones ante una primavera que no [&hellip;]\" \/>\n<meta property=\"og:url\" content=\"https:\/\/www.gesmujer.org\/sitio\/violencia-feminicida-en-oaxaca-100-dias-de-dolor-y-desconocimiento-de-perspectiva-de-genero\/\" \/>\n<meta property=\"og:site_name\" content=\"GESMujer &quot;Rosario Castellanos&quot;\" \/>\n<meta property=\"article:publisher\" content=\"https:\/\/www.facebook.com\/gesmujer.rosario.castellanos.ac\" \/>\n<meta property=\"article:published_time\" content=\"2023-03-19T00:49:33+00:00\" \/>\n<meta property=\"article:modified_time\" content=\"2023-03-19T00:49:36+00:00\" \/>\n<meta property=\"og:image\" content=\"https:\/\/www.gesmujer.org\/sitio\/wp-content\/uploads\/2023\/03\/Captura-de-pantalla-2023-03-18-184807.png\" \/>\n\t<meta property=\"og:image:width\" content=\"1342\" \/>\n\t<meta property=\"og:image:height\" content=\"802\" \/>\n\t<meta property=\"og:image:type\" content=\"image\/png\" \/>\n<meta name=\"author\" content=\"cendoc\" \/>\n<meta name=\"twitter:card\" content=\"summary_large_image\" \/>\n<meta name=\"twitter:creator\" content=\"@GES_Mujer\" \/>\n<meta name=\"twitter:site\" content=\"@GES_Mujer\" \/>\n<meta name=\"twitter:label1\" content=\"Escrito por\" \/>\n\t<meta name=\"twitter:data1\" content=\"cendoc\" \/>\n\t<meta name=\"twitter:label2\" content=\"Tiempo de lectura\" \/>\n\t<meta name=\"twitter:data2\" content=\"4 minutos\" \/>\n<script type=\"application\/ld+json\" class=\"yoast-schema-graph\">{\"@context\":\"https:\\\/\\\/schema.org\",\"@graph\":[{\"@type\":\"Article\",\"@id\":\"https:\\\/\\\/www.gesmujer.org\\\/sitio\\\/violencia-feminicida-en-oaxaca-100-dias-de-dolor-y-desconocimiento-de-perspectiva-de-genero\\\/#article\",\"isPartOf\":{\"@id\":\"https:\\\/\\\/www.gesmujer.org\\\/sitio\\\/violencia-feminicida-en-oaxaca-100-dias-de-dolor-y-desconocimiento-de-perspectiva-de-genero\\\/\"},\"author\":{\"name\":\"cendoc\",\"@id\":\"https:\\\/\\\/www.gesmujer.org\\\/sitio\\\/#\\\/schema\\\/person\\\/50e03387f883646c2714c51783a7e288\"},\"headline\":\"Violencia feminicida en Oaxaca: 100 d\u00edas de dolor y desconocimiento de perspectiva de g\u00e9nero\",\"datePublished\":\"2023-03-19T00:49:33+00:00\",\"dateModified\":\"2023-03-19T00:49:36+00:00\",\"mainEntityOfPage\":{\"@id\":\"https:\\\/\\\/www.gesmujer.org\\\/sitio\\\/violencia-feminicida-en-oaxaca-100-dias-de-dolor-y-desconocimiento-de-perspectiva-de-genero\\\/\"},\"wordCount\":877,\"publisher\":{\"@id\":\"https:\\\/\\\/www.gesmujer.org\\\/sitio\\\/#organization\"},\"image\":{\"@id\":\"https:\\\/\\\/www.gesmujer.org\\\/sitio\\\/violencia-feminicida-en-oaxaca-100-dias-de-dolor-y-desconocimiento-de-perspectiva-de-genero\\\/#primaryimage\"},\"thumbnailUrl\":\"https:\\\/\\\/www.gesmujer.org\\\/sitio\\\/wp-content\\\/uploads\\\/2023\\\/03\\\/Captura-de-pantalla-2023-03-18-184807.png\",\"articleSection\":[\"Blog\",\"MONITOREO\",\"NOTAS\",\"NOTICIAS\",\"portada\"],\"inLanguage\":\"es\"},{\"@type\":\"WebPage\",\"@id\":\"https:\\\/\\\/www.gesmujer.org\\\/sitio\\\/violencia-feminicida-en-oaxaca-100-dias-de-dolor-y-desconocimiento-de-perspectiva-de-genero\\\/\",\"url\":\"https:\\\/\\\/www.gesmujer.org\\\/sitio\\\/violencia-feminicida-en-oaxaca-100-dias-de-dolor-y-desconocimiento-de-perspectiva-de-genero\\\/\",\"name\":\"Violencia feminicida en Oaxaca: 100 d\u00edas de dolor y desconocimiento de perspectiva de g\u00e9nero - GESMujer &quot;Rosario Castellanos&quot;\",\"isPartOf\":{\"@id\":\"https:\\\/\\\/www.gesmujer.org\\\/sitio\\\/#website\"},\"primaryImageOfPage\":{\"@id\":\"https:\\\/\\\/www.gesmujer.org\\\/sitio\\\/violencia-feminicida-en-oaxaca-100-dias-de-dolor-y-desconocimiento-de-perspectiva-de-genero\\\/#primaryimage\"},\"image\":{\"@id\":\"https:\\\/\\\/www.gesmujer.org\\\/sitio\\\/violencia-feminicida-en-oaxaca-100-dias-de-dolor-y-desconocimiento-de-perspectiva-de-genero\\\/#primaryimage\"},\"thumbnailUrl\":\"https:\\\/\\\/www.gesmujer.org\\\/sitio\\\/wp-content\\\/uploads\\\/2023\\\/03\\\/Captura-de-pantalla-2023-03-18-184807.png\",\"datePublished\":\"2023-03-19T00:49:33+00:00\",\"dateModified\":\"2023-03-19T00:49:36+00:00\",\"breadcrumb\":{\"@id\":\"https:\\\/\\\/www.gesmujer.org\\\/sitio\\\/violencia-feminicida-en-oaxaca-100-dias-de-dolor-y-desconocimiento-de-perspectiva-de-genero\\\/#breadcrumb\"},\"inLanguage\":\"es\",\"potentialAction\":[{\"@type\":\"ReadAction\",\"target\":[\"https:\\\/\\\/www.gesmujer.org\\\/sitio\\\/violencia-feminicida-en-oaxaca-100-dias-de-dolor-y-desconocimiento-de-perspectiva-de-genero\\\/\"]}]},{\"@type\":\"ImageObject\",\"inLanguage\":\"es\",\"@id\":\"https:\\\/\\\/www.gesmujer.org\\\/sitio\\\/violencia-feminicida-en-oaxaca-100-dias-de-dolor-y-desconocimiento-de-perspectiva-de-genero\\\/#primaryimage\",\"url\":\"https:\\\/\\\/www.gesmujer.org\\\/sitio\\\/wp-content\\\/uploads\\\/2023\\\/03\\\/Captura-de-pantalla-2023-03-18-184807.png\",\"contentUrl\":\"https:\\\/\\\/www.gesmujer.org\\\/sitio\\\/wp-content\\\/uploads\\\/2023\\\/03\\\/Captura-de-pantalla-2023-03-18-184807.png\",\"width\":1342,\"height\":802,\"caption\":\"Foto: Claus Mendoza\"},{\"@type\":\"BreadcrumbList\",\"@id\":\"https:\\\/\\\/www.gesmujer.org\\\/sitio\\\/violencia-feminicida-en-oaxaca-100-dias-de-dolor-y-desconocimiento-de-perspectiva-de-genero\\\/#breadcrumb\",\"itemListElement\":[{\"@type\":\"ListItem\",\"position\":1,\"name\":\"Home\",\"item\":\"https:\\\/\\\/www.gesmujer.org\\\/sitio\\\/\"},{\"@type\":\"ListItem\",\"position\":2,\"name\":\"Violencia feminicida en Oaxaca: 100 d\u00edas de dolor y desconocimiento de perspectiva de g\u00e9nero\"}]},{\"@type\":\"WebSite\",\"@id\":\"https:\\\/\\\/www.gesmujer.org\\\/sitio\\\/#website\",\"url\":\"https:\\\/\\\/www.gesmujer.org\\\/sitio\\\/\",\"name\":\"GESMujer \\\"Rosario Castellanos\\\"\",\"description\":\"M\u00e1s de 45 a\u00f1os ha llevado a cabo acciones para erradicar la violencia de g\u00e9nero y construir entornos donde las mujeres encuentren su resiliencia, incrementen su agencia y autonom\u00eda que les permita lograr su empoderamiento a trav\u00e9s de cinco l\u00edneas de acci\u00f3n.\",\"publisher\":{\"@id\":\"https:\\\/\\\/www.gesmujer.org\\\/sitio\\\/#organization\"},\"alternateName\":\"GESMujer\",\"potentialAction\":[{\"@type\":\"SearchAction\",\"target\":{\"@type\":\"EntryPoint\",\"urlTemplate\":\"https:\\\/\\\/www.gesmujer.org\\\/sitio\\\/?s={search_term_string}\"},\"query-input\":{\"@type\":\"PropertyValueSpecification\",\"valueRequired\":true,\"valueName\":\"search_term_string\"}}],\"inLanguage\":\"es\"},{\"@type\":\"Organization\",\"@id\":\"https:\\\/\\\/www.gesmujer.org\\\/sitio\\\/#organization\",\"name\":\"Grupo de estudios sobre la mujer Rosario Castellanos ac\",\"alternateName\":\"GESMujer\",\"url\":\"https:\\\/\\\/www.gesmujer.org\\\/sitio\\\/\",\"logo\":{\"@type\":\"ImageObject\",\"inLanguage\":\"es\",\"@id\":\"https:\\\/\\\/www.gesmujer.org\\\/sitio\\\/#\\\/schema\\\/logo\\\/image\\\/\",\"url\":\"https:\\\/\\\/www.gesmujer.org\\\/sitio\\\/wp-content\\\/uploads\\\/2026\\\/03\\\/Logo-GESMujer-300.png\",\"contentUrl\":\"https:\\\/\\\/www.gesmujer.org\\\/sitio\\\/wp-content\\\/uploads\\\/2026\\\/03\\\/Logo-GESMujer-300.png\",\"width\":300,\"height\":141,\"caption\":\"Grupo de estudios sobre la mujer Rosario Castellanos ac\"},\"image\":{\"@id\":\"https:\\\/\\\/www.gesmujer.org\\\/sitio\\\/#\\\/schema\\\/logo\\\/image\\\/\"},\"sameAs\":[\"https:\\\/\\\/www.facebook.com\\\/gesmujer.rosario.castellanos.ac\",\"https:\\\/\\\/x.com\\\/GES_Mujer\",\"https:\\\/\\\/www.instagram.com\\\/ges_mujer\\\/?hl=es\",\"https:\\\/\\\/www.youtube.com\\\/c\\\/GESMujerRosarioCastellanos\\\/videos\",\"https:\\\/\\\/soundcloud.com\\\/gesmujerac\",\"https:\\\/\\\/www.tiktok.com\\\/@gesmujer\"]},{\"@type\":\"Person\",\"@id\":\"https:\\\/\\\/www.gesmujer.org\\\/sitio\\\/#\\\/schema\\\/person\\\/50e03387f883646c2714c51783a7e288\",\"name\":\"cendoc\",\"image\":{\"@type\":\"ImageObject\",\"inLanguage\":\"es\",\"@id\":\"https:\\\/\\\/secure.gravatar.com\\\/avatar\\\/2f187338ccb33c33bc1b08e92e2247a6891db221398e12bbc0f5ff0cfc462495?s=96&d=mm&r=g\",\"url\":\"https:\\\/\\\/secure.gravatar.com\\\/avatar\\\/2f187338ccb33c33bc1b08e92e2247a6891db221398e12bbc0f5ff0cfc462495?s=96&d=mm&r=g\",\"contentUrl\":\"https:\\\/\\\/secure.gravatar.com\\\/avatar\\\/2f187338ccb33c33bc1b08e92e2247a6891db221398e12bbc0f5ff0cfc462495?s=96&d=mm&r=g\",\"caption\":\"cendoc\"},\"sameAs\":[\"http:\\\/\\\/gesmujer.org\"],\"url\":\"https:\\\/\\\/www.gesmujer.org\\\/sitio\\\/author\\\/cendoc\\\/\"}]}<\/script>\n<!-- \/ Yoast SEO plugin. -->","yoast_head_json":{"title":"Violencia feminicida en Oaxaca: 100 d\u00edas de dolor y desconocimiento de perspectiva de g\u00e9nero - GESMujer &quot;Rosario Castellanos&quot;","robots":{"index":"index","follow":"follow","max-snippet":"max-snippet:-1","max-image-preview":"max-image-preview:large","max-video-preview":"max-video-preview:-1"},"canonical":"https:\/\/www.gesmujer.org\/sitio\/violencia-feminicida-en-oaxaca-100-dias-de-dolor-y-desconocimiento-de-perspectiva-de-genero\/","og_locale":"es_MX","og_type":"article","og_title":"Violencia feminicida en Oaxaca: 100 d\u00edas de dolor y desconocimiento de perspectiva de g\u00e9nero - GESMujer &quot;Rosario Castellanos&quot;","og_description":"Mi\u00e9rcoles 15 de marzo del 2023, Christian Jim\u00e9nez, El Universal Oaxaca.- El pasado 8 de marzo miles de mujeres pintaron de morado las calles de las principales ciudades de\u00a0Oaxaca\u00a0y marcharon con rabia este 8 de marzo contra un Estado que simplemente mira c\u00f3mo se acumulan las ausentes y las agresiones ante una primavera que no [&hellip;]","og_url":"https:\/\/www.gesmujer.org\/sitio\/violencia-feminicida-en-oaxaca-100-dias-de-dolor-y-desconocimiento-de-perspectiva-de-genero\/","og_site_name":"GESMujer &quot;Rosario Castellanos&quot;","article_publisher":"https:\/\/www.facebook.com\/gesmujer.rosario.castellanos.ac","article_published_time":"2023-03-19T00:49:33+00:00","article_modified_time":"2023-03-19T00:49:36+00:00","og_image":[{"width":1342,"height":802,"url":"https:\/\/www.gesmujer.org\/sitio\/wp-content\/uploads\/2023\/03\/Captura-de-pantalla-2023-03-18-184807.png","type":"image\/png"}],"author":"cendoc","twitter_card":"summary_large_image","twitter_creator":"@GES_Mujer","twitter_site":"@GES_Mujer","twitter_misc":{"Escrito por":"cendoc","Tiempo de lectura":"4 minutos"},"schema":{"@context":"https:\/\/schema.org","@graph":[{"@type":"Article","@id":"https:\/\/www.gesmujer.org\/sitio\/violencia-feminicida-en-oaxaca-100-dias-de-dolor-y-desconocimiento-de-perspectiva-de-genero\/#article","isPartOf":{"@id":"https:\/\/www.gesmujer.org\/sitio\/violencia-feminicida-en-oaxaca-100-dias-de-dolor-y-desconocimiento-de-perspectiva-de-genero\/"},"author":{"name":"cendoc","@id":"https:\/\/www.gesmujer.org\/sitio\/#\/schema\/person\/50e03387f883646c2714c51783a7e288"},"headline":"Violencia feminicida en Oaxaca: 100 d\u00edas de dolor y desconocimiento de perspectiva de g\u00e9nero","datePublished":"2023-03-19T00:49:33+00:00","dateModified":"2023-03-19T00:49:36+00:00","mainEntityOfPage":{"@id":"https:\/\/www.gesmujer.org\/sitio\/violencia-feminicida-en-oaxaca-100-dias-de-dolor-y-desconocimiento-de-perspectiva-de-genero\/"},"wordCount":877,"publisher":{"@id":"https:\/\/www.gesmujer.org\/sitio\/#organization"},"image":{"@id":"https:\/\/www.gesmujer.org\/sitio\/violencia-feminicida-en-oaxaca-100-dias-de-dolor-y-desconocimiento-de-perspectiva-de-genero\/#primaryimage"},"thumbnailUrl":"https:\/\/www.gesmujer.org\/sitio\/wp-content\/uploads\/2023\/03\/Captura-de-pantalla-2023-03-18-184807.png","articleSection":["Blog","MONITOREO","NOTAS","NOTICIAS","portada"],"inLanguage":"es"},{"@type":"WebPage","@id":"https:\/\/www.gesmujer.org\/sitio\/violencia-feminicida-en-oaxaca-100-dias-de-dolor-y-desconocimiento-de-perspectiva-de-genero\/","url":"https:\/\/www.gesmujer.org\/sitio\/violencia-feminicida-en-oaxaca-100-dias-de-dolor-y-desconocimiento-de-perspectiva-de-genero\/","name":"Violencia feminicida en Oaxaca: 100 d\u00edas de dolor y desconocimiento de perspectiva de g\u00e9nero - GESMujer &quot;Rosario Castellanos&quot;","isPartOf":{"@id":"https:\/\/www.gesmujer.org\/sitio\/#website"},"primaryImageOfPage":{"@id":"https:\/\/www.gesmujer.org\/sitio\/violencia-feminicida-en-oaxaca-100-dias-de-dolor-y-desconocimiento-de-perspectiva-de-genero\/#primaryimage"},"image":{"@id":"https:\/\/www.gesmujer.org\/sitio\/violencia-feminicida-en-oaxaca-100-dias-de-dolor-y-desconocimiento-de-perspectiva-de-genero\/#primaryimage"},"thumbnailUrl":"https:\/\/www.gesmujer.org\/sitio\/wp-content\/uploads\/2023\/03\/Captura-de-pantalla-2023-03-18-184807.png","datePublished":"2023-03-19T00:49:33+00:00","dateModified":"2023-03-19T00:49:36+00:00","breadcrumb":{"@id":"https:\/\/www.gesmujer.org\/sitio\/violencia-feminicida-en-oaxaca-100-dias-de-dolor-y-desconocimiento-de-perspectiva-de-genero\/#breadcrumb"},"inLanguage":"es","potentialAction":[{"@type":"ReadAction","target":["https:\/\/www.gesmujer.org\/sitio\/violencia-feminicida-en-oaxaca-100-dias-de-dolor-y-desconocimiento-de-perspectiva-de-genero\/"]}]},{"@type":"ImageObject","inLanguage":"es","@id":"https:\/\/www.gesmujer.org\/sitio\/violencia-feminicida-en-oaxaca-100-dias-de-dolor-y-desconocimiento-de-perspectiva-de-genero\/#primaryimage","url":"https:\/\/www.gesmujer.org\/sitio\/wp-content\/uploads\/2023\/03\/Captura-de-pantalla-2023-03-18-184807.png","contentUrl":"https:\/\/www.gesmujer.org\/sitio\/wp-content\/uploads\/2023\/03\/Captura-de-pantalla-2023-03-18-184807.png","width":1342,"height":802,"caption":"Foto: Claus Mendoza"},{"@type":"BreadcrumbList","@id":"https:\/\/www.gesmujer.org\/sitio\/violencia-feminicida-en-oaxaca-100-dias-de-dolor-y-desconocimiento-de-perspectiva-de-genero\/#breadcrumb","itemListElement":[{"@type":"ListItem","position":1,"name":"Home","item":"https:\/\/www.gesmujer.org\/sitio\/"},{"@type":"ListItem","position":2,"name":"Violencia feminicida en Oaxaca: 100 d\u00edas de dolor y desconocimiento de perspectiva de g\u00e9nero"}]},{"@type":"WebSite","@id":"https:\/\/www.gesmujer.org\/sitio\/#website","url":"https:\/\/www.gesmujer.org\/sitio\/","name":"GESMujer \"Rosario Castellanos\"","description":"M\u00e1s de 45 a\u00f1os ha llevado a cabo acciones para erradicar la violencia de g\u00e9nero y construir entornos donde las mujeres encuentren su resiliencia, incrementen su agencia y autonom\u00eda que les permita lograr su empoderamiento a trav\u00e9s de cinco l\u00edneas de acci\u00f3n.","publisher":{"@id":"https:\/\/www.gesmujer.org\/sitio\/#organization"},"alternateName":"GESMujer","potentialAction":[{"@type":"SearchAction","target":{"@type":"EntryPoint","urlTemplate":"https:\/\/www.gesmujer.org\/sitio\/?s={search_term_string}"},"query-input":{"@type":"PropertyValueSpecification","valueRequired":true,"valueName":"search_term_string"}}],"inLanguage":"es"},{"@type":"Organization","@id":"https:\/\/www.gesmujer.org\/sitio\/#organization","name":"Grupo de estudios sobre la mujer Rosario Castellanos ac","alternateName":"GESMujer","url":"https:\/\/www.gesmujer.org\/sitio\/","logo":{"@type":"ImageObject","inLanguage":"es","@id":"https:\/\/www.gesmujer.org\/sitio\/#\/schema\/logo\/image\/","url":"https:\/\/www.gesmujer.org\/sitio\/wp-content\/uploads\/2026\/03\/Logo-GESMujer-300.png","contentUrl":"https:\/\/www.gesmujer.org\/sitio\/wp-content\/uploads\/2026\/03\/Logo-GESMujer-300.png","width":300,"height":141,"caption":"Grupo de estudios sobre la mujer Rosario Castellanos ac"},"image":{"@id":"https:\/\/www.gesmujer.org\/sitio\/#\/schema\/logo\/image\/"},"sameAs":["https:\/\/www.facebook.com\/gesmujer.rosario.castellanos.ac","https:\/\/x.com\/GES_Mujer","https:\/\/www.instagram.com\/ges_mujer\/?hl=es","https:\/\/www.youtube.com\/c\/GESMujerRosarioCastellanos\/videos","https:\/\/soundcloud.com\/gesmujerac","https:\/\/www.tiktok.com\/@gesmujer"]},{"@type":"Person","@id":"https:\/\/www.gesmujer.org\/sitio\/#\/schema\/person\/50e03387f883646c2714c51783a7e288","name":"cendoc","image":{"@type":"ImageObject","inLanguage":"es","@id":"https:\/\/secure.gravatar.com\/avatar\/2f187338ccb33c33bc1b08e92e2247a6891db221398e12bbc0f5ff0cfc462495?s=96&d=mm&r=g","url":"https:\/\/secure.gravatar.com\/avatar\/2f187338ccb33c33bc1b08e92e2247a6891db221398e12bbc0f5ff0cfc462495?s=96&d=mm&r=g","contentUrl":"https:\/\/secure.gravatar.com\/avatar\/2f187338ccb33c33bc1b08e92e2247a6891db221398e12bbc0f5ff0cfc462495?s=96&d=mm&r=g","caption":"cendoc"},"sameAs":["http:\/\/gesmujer.org"],"url":"https:\/\/www.gesmujer.org\/sitio\/author\/cendoc\/"}]}},"_links":{"self":[{"href":"https:\/\/www.gesmujer.org\/sitio\/wp-json\/wp\/v2\/posts\/29713","targetHints":{"allow":["GET"]}}],"collection":[{"href":"https:\/\/www.gesmujer.org\/sitio\/wp-json\/wp\/v2\/posts"}],"about":[{"href":"https:\/\/www.gesmujer.org\/sitio\/wp-json\/wp\/v2\/types\/post"}],"author":[{"embeddable":true,"href":"https:\/\/www.gesmujer.org\/sitio\/wp-json\/wp\/v2\/users\/4"}],"replies":[{"embeddable":true,"href":"https:\/\/www.gesmujer.org\/sitio\/wp-json\/wp\/v2\/comments?post=29713"}],"version-history":[{"count":1,"href":"https:\/\/www.gesmujer.org\/sitio\/wp-json\/wp\/v2\/posts\/29713\/revisions"}],"predecessor-version":[{"id":29715,"href":"https:\/\/www.gesmujer.org\/sitio\/wp-json\/wp\/v2\/posts\/29713\/revisions\/29715"}],"wp:featuredmedia":[{"embeddable":true,"href":"https:\/\/www.gesmujer.org\/sitio\/wp-json\/wp\/v2\/media\/29714"}],"wp:attachment":[{"href":"https:\/\/www.gesmujer.org\/sitio\/wp-json\/wp\/v2\/media?parent=29713"}],"wp:term":[{"taxonomy":"category","embeddable":true,"href":"https:\/\/www.gesmujer.org\/sitio\/wp-json\/wp\/v2\/categories?post=29713"},{"taxonomy":"post_tag","embeddable":true,"href":"https:\/\/www.gesmujer.org\/sitio\/wp-json\/wp\/v2\/tags?post=29713"}],"curies":[{"name":"wp","href":"https:\/\/api.w.org\/{rel}","templated":true}]}}