{"id":2985,"date":"2018-09-07T10:30:57","date_gmt":"2018-09-07T16:30:57","guid":{"rendered":"http:\/\/www.gesmujer.org\/sitio\/?p=2985"},"modified":"2024-04-05T15:00:24","modified_gmt":"2024-04-05T21:00:24","slug":"pronunciamiento-fracasa-en-oaxaca-el-sistema-de-procuracion-y-administracion-de-justicia-en-el-caso-de-maria-del-sol","status":"publish","type":"post","link":"https:\/\/www.gesmujer.org\/sitio\/pronunciamiento-fracasa-en-oaxaca-el-sistema-de-procuracion-y-administracion-de-justicia-en-el-caso-de-maria-del-sol\/","title":{"rendered":"Pronunciamiento: Fracasa en Oaxaca el sistema de procuraci\u00f3n y administraci\u00f3n de justicia en el caso de Mar\u00eda del Sol"},"content":{"rendered":"<p>De nueva cuenta en el estado de Oaxaca queda manifiesta la ineptitud de las instituciones de procuraci\u00f3n de justicia al no poder integrar de manera consistente una investigaci\u00f3n que lleve al esclarecimiento de los hechos en los que perdi\u00f3 la vida la fotoperiodista Mar\u00eda del Sol Cruz Jarqu\u00edn, junto a la candidata a segunda concejala Pamela Ter\u00e1n Pineda y su escolta Adelfo Guerra Jim\u00e9nez el pasado 2 de junio en la ciudad de Juchit\u00e1n.<\/p>\n<p>La Fiscal\u00eda General del Estado emiti\u00f3 un comunicado el d\u00eda 4 de septiembre donde argument\u00f3 haber presentado datos de prueba suficientes ante el Juez de Control de Juchit\u00e1n, Omar Morales Sim\u00f3n; sin embargo, mostr\u00f3 una actuaci\u00f3n deficiente al no poder sustentar su teor\u00eda del caso en la cual asegura que Jeh\u00fa G.L es autor material del triple asesinato.<\/p>\n<p>Cabe destacar la relaci\u00f3n de parentesco entre el imputado y los hermanos Francisco y Hageo Montero L\u00f3pez, el primero ex secretario de Asuntos Ind\u00edgenas (SAI) del gobierno que encabeza Alejandro Murat Hinojosa, y el segundo actual regidor en el gobierno de Juchit\u00e1n y ex candidato a la presidencia municipal de ese municipio istme\u00f1o, quienes propiciaron el bloqueo de carreteras en la regi\u00f3n del Istmo tras la detenci\u00f3n de Jeh\u00fa G.L. y una protesta durante las 20 horas que dur\u00f3 la audiencia.<\/p>\n<p>Asimismo, recalcar que Mar\u00eda del Sol Cruz Jarqu\u00edn, jefa del Departamento de Comunicaci\u00f3n Ind\u00edgena Intercultural en la SAI, dependencia del gobierno estatal, fue obligada por el entonces titular de esa dependencia estatal, Francisco Montero L\u00f3pez, a trasladarse a Juchit\u00e1n de Zaragoza para apoyar la campa\u00f1a de Hageo Montero L\u00f3pez desde finales de abril pasado. Misma versi\u00f3n que el ex titular e incluso el imputado han intentado desvirtuar.<\/p>\n<p>Se constituy\u00f3 con esta acci\u00f3n la responsabilidad de ex funcionario p\u00fablico y del regidor de Juchit\u00e1n, entonces candidato, la presunci\u00f3n de un delito electoral, que hoy sabemos no ha sido judicializado por la Fiscal\u00eda Especializada en Delitos Electorales.<\/p>\n<p>Las dificultades para el acceso a la justicia en este caso demuestran una vez m\u00e1s que para el Estado la vida de las mujeres no importa pues lanza un claro mensaje de permisibilidad e impunidad. A pesar de que d\u00edas atr\u00e1s se declar\u00f3 la Alerta de Violencia de G\u00e9nero contra las Mujeres en Oaxaca y los tres poderes de gobierno en el estado tendr\u00edan que generar acciones emergentes para prevenir, sancionar y erradicar esta problem\u00e1tica.<\/p>\n<p>Desde las diversas organizaciones de la sociedad civil que suscribimos condenamos la deplorable actuaci\u00f3n de la Fiscal\u00eda Regional del Istmo as\u00ed como la tenue valoraci\u00f3n de prueba realizada por el Juez de la causa que le otorg\u00f3 libertad al \u00fanico se\u00f1alado por la Fiscal\u00eda como responsable del crimen.<\/p>\n<p>Asimismo, expresamos nuestra preocupaci\u00f3n por la vida y seguridad de Soledad Jarqu\u00edn Edgar, madre de Mar\u00eda del Sol,\u00a0 y su familia, raz\u00f3n por lo cual le demandamos al estado llevar a cabo todas las acciones necesarios para que puedan ejercer su derecho a la justicia y a la verdad.<\/p>\n<p>Exigimos:<\/p>\n<p>\u2022 Que las instancias impartidoras de justicia dejen de simular su compromiso con la vida de las mujeres y realicen de manera seria las investigaciones a su cargo.<br \/>\n\u2022 A la Fiscal\u00eda General del Estado y al Tribunal del Estado de Oaxaca que apliquen en todo momento la perspectiva de g\u00e9nero en su actuar. Adem\u00e1s, de poner atenci\u00f3n y \u00e9nfasis a los recursos que interpondr\u00e1n los familiares de las v\u00edctimas.<br \/>\n\u2022 Llamamos al Gobierno del Estado de Oaxaca encabezado por Alejandro Murat Hinojosa a la no simulaci\u00f3n de sus obligaciones para garantizar la vida digna de las mujeres en la entidad.<\/p>\n<p>\u00a1Justicia para Sol!<br \/>\n\u00a1Basta de feminicidios en Oaxaca!<br \/>\n\u00a1Ni una menos!<\/p>\n<p>Atentamente:<br \/>\nObservatorio Ciudadano Nacional del Feminicidio<br \/>\nConsorcio para el Di\u00e1logo Parlamentario y la Equidad, Oaxaca<br \/>\nObservatorio de Violencia Social y de G\u00e9nero Aguascalientes<br \/>\nMujeres Unidas: Olympia de Gouges. Baja California<br \/>\nObservatorio de Violencia Social y de G\u00e9nero Campeche<br \/>\nGrupo de Mujeres de San Crist\u00f3bal de las Casas A.C. \u2013 Colem<br \/>\nCentro de derechos humanos de las mujeres de Chihuahua<br \/>\nMujeres por M\u00e9xico en Chihuahua<br \/>\nJusticia para nuestras hijas<br \/>\nRed Mesa de mujeres de Ju\u00e1rez<br \/>\nComit\u00e9 de Derechos Humanos de Colima<br \/>\nCat\u00f3licas por el Derecho a Decidir<br \/>\nComisi\u00f3n Mexicana de Defensa y Promoci\u00f3n de los Derechos Humanos<br \/>\nRed Mujer Siglo XXI<br \/>\nJusticia, Derechos Humanos y G\u00e9nero<br \/>\nC\u00e1tedra UNESCO de la UNAM<br \/>\nJusticia Pro Persona A.C.<br \/>\nVisi\u00f3n Mundial de M\u00e9xico, A.C<br \/>\nRed de Promotoras de Ecatepec<br \/>\nFamiliares en B\u00fasqueda de Justicia<br \/>\nServicios de Inclusi\u00f3n Integral A.C SEIINAC<br \/>\nCentro de Derechos Humanos Victoria Diez<br \/>\nObservatorio Ciudadano de Violencia Contra las Mujeres de Guerrero<br \/>\nComit\u00e9 de Am\u00e9rica Latina y el Caribe para la Defensa de los Derechos de la Mujer-CLADEM<br \/>\nAcademia Litigio Estrat\u00e9gico e Incidencia en Derechos Humanos A.C.<br \/>\nARTHEMISAS, Por la Equidad A.C.<br \/>\nComisi\u00f3n de Derechos Humanos Mahatma Gandhi<br \/>\nColectivo Bolivariano<br \/>\nPrograma de G\u00e9nero del Instituto de Derechos Humanos Ignacio Ellacur\u00eda<br \/>\nAsociaci\u00f3n Sinaloense de Universitarias<br \/>\nMayas sin Fronteras A.C.<br \/>\nOCNF Sonora<br \/>\nAsociaci\u00f3n Ecol\u00f3gica Santo Tom\u00e1s<br \/>\nComit\u00e9 de Derechos Humanos de Tabasco<br \/>\nCentro Fray Juli\u00e1n Garc\u00e9s de Derechos Humanos y Desarrollo Local<br \/>\nColectivo Mujer y Utop\u00eda A.C.<br \/>\nRed Nacional de Periodistas<br \/>\nCiencia Social Alternativa A.C. \u2013 Kookay<br \/>\nRed por Nuestros Derechos Mujeres en Red<br \/>\nServicios para una Educaci\u00f3n Alternativa A.C, EDUCA<br \/>\nLunas del Sur A.C<br \/>\nCorriente del Pueblo Sol Rojo<br \/>\nColectivo Mujer Nueva<br \/>\nEscuelita para la Libertad de las Mujeres<br \/>\nFEMICLETAS<br \/>\nC\u00edrculo de Lectura \u201cPor nosotras mismas\u201d<br \/>\nEstudiantas Organizadas UABJO<br \/>\nRed Nacional Cat\u00f3lica de J\u00f3venes por el Derecho a Decidir en Oaxaca<br \/>\nServicios del Pueblo Mixe A.C<br \/>\nRed por los Derechos Sexuales y Reproductivos, DDESER OAXACA<br \/>\nGrupo de J\u00f3venes estudiantes UPN<br \/>\nEl Centro Calpulli A.C<br \/>\nDiversidades y No Discriminaci\u00f3n A.C<br \/>\nASER-LITIGIO A.C<br \/>\nPi\u00f1a Palmera A.C.<br \/>\nSURCO A.C. Servicios Universitarios y Redes de Conocimientos en Oaxaca<br \/>\nCAMPO A.C<br \/>\nUCIDEBACC, A.C<br \/>\nTianguis Ind\u00edgena Multicultural, A.C<br \/>\nEspacio de Encuentro de las Culturas Originarias, A.C<br \/>\nNA\u2019ZANDA Mujeres Proactivas<br \/>\nC\u00f3digo DH, A.C<br \/>\nUnidad, Identidad y ra\u00edces de Oaxaca , UNIR<br \/>\nEspiral por la Vida, A.C<br \/>\nNueva Lunas, A.C<br \/>\nColectivo por la Ciudadan\u00eda de las Mujeres A.C<br \/>\nIniciativas para el Desarrollo de la Mujer Oaxaque\u00f1a<br \/>\nRed de G\u00e9nero y Medio Ambiente<br \/>\nGrupo Mes\u00f3filo A.C<br \/>\n\u00a1\u00a1\u00a1Si no est\u00e1n ellas\u2026\u2026 No estamos todas!!!<br \/>\nIxmucan\u00e9 A.C<br \/>\nRed de Mujeres Mixes<br \/>\nComit\u00e9 de familiares y amigos de Dami\u00e1n Gallardo Mart\u00ednez<br \/>\nGrupo de Estudios de la Mujer, Rosario Castellanos, GesMujer A.C<br \/>\nIniciativa Ciudadana Oaxaca A.C<br \/>\nCOMCAUSA A.C.<br \/>\nMujeres Ind\u00edgenas L\u00edderes Comunitarias MILC Morelos<br \/>\nOrganizaci\u00f3n Naci\u00f3n Pur\u00e9pecha Zapatista ONPZ Michoac\u00e1n<br \/>\nCochitlehua Centro Mexicano de Intercambios A.C.<br \/>\nColectivo Liquid\u00e1mbar<br \/>\nComit\u00e9 Enrique Guerrero Avi\u00f1a<\/p>\n<p>PERSONAS<br \/>\nPatricia Jim\u00e9nez Alvarado<br \/>\nMetztli Jim\u00e9nez<br \/>\nMar\u00eda Trinidad<br \/>\nJenny Alhel\u00ed G\u00f3mez Rosas<br \/>\nRuth Orozco<br \/>\nGuadalupe Carolina Santaella<br \/>\nVioleta Zylberberg Panebianco<br \/>\nAnel Flores<br \/>\nIra\u00eds Trujillo<br \/>\nAurea Ceja Alban\u00e9s<br \/>\nErica Cruz Gonzales<br \/>\nArgelia Ram\u00edrez Ochoa<br \/>\nElisa Castillo Morga<br \/>\nNayhiely J. Aquino Rojas<br \/>\nMayra Callejas P\u00e9rez<br \/>\nNatalhi del Carmen V\u00e1zquez Ch\u00e1vez<br \/>\nJulia Escalante de Haro<br \/>\nAlejandra Sandoval Jim\u00e9nez<br \/>\nMarycarmen Ortega Bravo<br \/>\nGabriela A. Esteva Guerrero<br \/>\nMarisol Balbuena Delgado<br \/>\nValiana Aguilar Hern\u00e1ndez<br \/>\nK\u00e1tsica Betsab\u00e9 Mayoral Landa<br \/>\nHeidy Caballero Bautista<br \/>\nCharlynne Curiel<br \/>\nIngrid Santos Sierra<br \/>\nM\u00eda Bacci<br \/>\nCarola Beatriz Diez B\u00edscaro<br \/>\nAline Beatriz Desentis Ot\u00e1lora<br \/>\nIsabel Rojas<br \/>\nCarla Olivares<br \/>\nGabriela Garc\u00eda V\u00e1zquez<br \/>\nAnabel Yahuitl Garc\u00eda<br \/>\nNuvia Mandar\u00edn Hern\u00e1ndez<br \/>\nSoledad Venegas Nava<br \/>\nSusana Vargas<br \/>\nGabriel El\u00edas Mart\u00ednez Jim\u00e9nez<br \/>\nValentina Jaso<br \/>\nRosario Hern\u00e1ndez Benitez<br \/>\nGina Iturbide Bueno<br \/>\nItza Amanda Varela Huerta<br \/>\nLaura M Kavanagh<br \/>\nAtziri \u00c0vila<br \/>\nEmma Patricia May Ek<br \/>\nKiriaki Orpinel<br \/>\nMar\u00eda Russy de Rosalba Chay Tucuch<br \/>\nNorma Cleyver<br \/>\nYolanda Barranco Hern\u00e1ndez<br \/>\nVictoria Tenopala Ju\u00e1rez<br \/>\nJosefina Aranda Bezauri<br \/>\nLeticia Brise\u00f1o Maas<br \/>\nYajtzahui Torres mart\u00ednez<br \/>\nMaricela Reyes Guzm\u00e1n<br \/>\nMarycarmen Guzm\u00e1n Salinas<br \/>\nAsunci\u00f3n Sandoval Ildefonso<br \/>\nMariana Karina Patr\u00f3n Hern\u00e1ndez<br \/>\nNadya Selene G\u00f3mez Alonso<br \/>\nLidia Aguado Asensio<br \/>\nMicaela Islas Rosas<br \/>\nAlicia Andares<br \/>\nEva Lucero Rivero Ortiz<br \/>\nDulce Laura Melchor<br \/>\nMartha Aparicio Rojas<br \/>\nBlanca Casta\u00f1\u00f3n Canals<br \/>\nMar\u00eda Eugenia Mata<br \/>\nIlda Salazar Ram\u00edrez<br \/>\nSof\u00eda Robles Hern\u00e1ndez<br \/>\nAlina Guti\u00e9rrez Gij\u00f3n<br \/>\nKaren Castellanos Vasconcelos<br \/>\nLaura Yadira Morelos Avelino<br \/>\nMayra Morales Aldaz<br \/>\nEmelia Ortiz Garc\u00eda<br \/>\nElena Casta\u00f1\u00f3n Canals<br \/>\n\u00c1lvaro G\u00f3nzalez R.<br \/>\nIra\u00eds Soledad Ruiz Ram\u00edrez<br \/>\nLucero Ang\u00e9lica Vargas Murillo<br \/>\nAna Mar\u00eda Hern\u00e1ndez C\u00e1rdenas<br \/>\nY\u00e9sica S\u00e1nchez Maya<br \/>\nPilar Muriedas Ju\u00e1rez<br \/>\nCinthia Guadalupe Pacheco Moo<br \/>\nElizabeth Guadalupe Mosqueda Rivera<br \/>\nNallely Guadalupe Tello M\u00e9ndez<br \/>\nF\u00e1tima Ojeda<br \/>\nMar\u00eda Elena Belmonte Cruz<br \/>\nAna Mar\u00eda Emeterio Mart\u00ednez<br \/>\nTeresa Emeterio Mart\u00ednez<br \/>\nElia Santiago Rodr\u00edguez<br \/>\nMar\u00eda de Lourdes L\u00f3pez Velasco<br \/>\nM\u00f3nica Yanet Mart\u00ednez P\u00e9rez<br \/>\nYuri P\u00e9rez Castellanos<br \/>\nHortensia H.Tinajero Camacho<br \/>\nMaricela Zurita Cruz<br \/>\nAndrea Guadalupe Gonz\u00e1lez Bautista<br \/>\nZenaida P\u00e9rez Guti\u00e9rrez<br \/>\nEsperanza Pedrosa Ruesga<br \/>\nLaura S\u00e1nchez Plascencia<br \/>\nBeatriz \u00c1vila Curiel<br \/>\nAraceli Jim\u00e9nez Mart\u00ednez<br \/>\nLaura Ivonne G\u00f3mez y G\u00f3mez<br \/>\nClara Lourdes Meza Garc\u00eda<br \/>\nH\u00e9ctor Alejandro Valle L\u00f3pez<br \/>\nPaulina Somohano Casta\u00f1\u00f3n<br \/>\nSandra Somohano Casta\u00f1\u00f3n<br \/>\nErandi Gast\u00e9lum Carranza<br \/>\nIv\u00e1n Ram\u00edrez<br \/>\nNah\u00fa Rodr\u00edguez Montoya<br \/>\nEduardo Torres Navarrete<br \/>\nMar\u00eda Antonia Cruz Montero<br \/>\nXimena Avellaneda D\u00edaz<br \/>\nYolanda P\u00e9rez Cruz<br \/>\nNora Salome Tzec Caamal<br \/>\nCarmen Osorio Hern\u00e1ndez<br \/>\nVirginia Flores Flores<br \/>\nPatricia Almeida Quintana<br \/>\nAna Mar\u00eda L\u00f3pez<br \/>\nDr. Jorge Morett<br \/>\nDora \u00c1vila<br \/>\nBrenda Meza  <!--codes_iframe--><!--\/codes_iframe--><\/p>\n","protected":false},"excerpt":{"rendered":"<p>De nueva cuenta en el estado de Oaxaca queda manifiesta la ineptitud de las instituciones de procuraci\u00f3n de justicia al no poder integrar de manera consistente una investigaci\u00f3n que lleve al esclarecimiento de los hechos en los que perdi\u00f3 la vida la fotoperiodista Mar\u00eda del Sol Cruz Jarqu\u00edn, junto a la candidata a segunda concejala [&hellip;]<\/p>\n","protected":false},"author":4,"featured_media":2986,"comment_status":"closed","ping_status":"open","sticky":false,"template":"","format":"standard","meta":{"give_campaign_id":0,"footnotes":""},"categories":[32,3],"tags":[],"class_list":["post-2985","post","type-post","status-publish","format-standard","has-post-thumbnail","hentry","category-novedades","category-portada"],"yoast_head":"<!-- This site is optimized with the Yoast SEO plugin v27.4 - https:\/\/yoast.com\/product\/yoast-seo-wordpress\/ -->\n<title>Pronunciamiento: Fracasa en Oaxaca el sistema de procuraci\u00f3n y administraci\u00f3n de justicia en el caso de Mar\u00eda del Sol - GESMujer &quot;Rosario Castellanos&quot;<\/title>\n<meta name=\"robots\" content=\"index, follow, max-snippet:-1, max-image-preview:large, max-video-preview:-1\" \/>\n<link rel=\"canonical\" href=\"https:\/\/www.gesmujer.org\/sitio\/pronunciamiento-fracasa-en-oaxaca-el-sistema-de-procuracion-y-administracion-de-justicia-en-el-caso-de-maria-del-sol\/\" \/>\n<meta property=\"og:locale\" content=\"es_MX\" \/>\n<meta property=\"og:type\" content=\"article\" \/>\n<meta property=\"og:title\" content=\"Pronunciamiento: Fracasa en Oaxaca el sistema de procuraci\u00f3n y administraci\u00f3n de justicia en el caso de Mar\u00eda del Sol - GESMujer &quot;Rosario Castellanos&quot;\" \/>\n<meta property=\"og:description\" content=\"De nueva cuenta en el estado de Oaxaca queda manifiesta la ineptitud de las instituciones de procuraci\u00f3n de justicia al no poder integrar de manera consistente una investigaci\u00f3n que lleve al esclarecimiento de los hechos en los que perdi\u00f3 la vida la fotoperiodista Mar\u00eda del Sol Cruz Jarqu\u00edn, junto a la candidata a segunda concejala [&hellip;]\" \/>\n<meta property=\"og:url\" content=\"https:\/\/www.gesmujer.org\/sitio\/pronunciamiento-fracasa-en-oaxaca-el-sistema-de-procuracion-y-administracion-de-justicia-en-el-caso-de-maria-del-sol\/\" \/>\n<meta property=\"og:site_name\" content=\"GESMujer &quot;Rosario Castellanos&quot;\" \/>\n<meta property=\"article:publisher\" content=\"https:\/\/www.facebook.com\/gesmujer.rosario.castellanos.ac\" \/>\n<meta property=\"article:published_time\" content=\"2018-09-07T16:30:57+00:00\" \/>\n<meta property=\"article:modified_time\" content=\"2024-04-05T21:00:24+00:00\" \/>\n<meta property=\"og:image\" content=\"https:\/\/www.gesmujer.org\/sitio\/wp-content\/uploads\/2018\/09\/fracasa.jpeg\" \/>\n\t<meta property=\"og:image:width\" content=\"940\" \/>\n\t<meta property=\"og:image:height\" content=\"788\" \/>\n\t<meta property=\"og:image:type\" content=\"image\/jpeg\" \/>\n<meta name=\"author\" content=\"cendoc\" \/>\n<meta name=\"twitter:card\" content=\"summary_large_image\" \/>\n<meta name=\"twitter:creator\" content=\"@GES_Mujer\" \/>\n<meta name=\"twitter:site\" content=\"@GES_Mujer\" \/>\n<meta name=\"twitter:label1\" content=\"Escrito por\" \/>\n\t<meta name=\"twitter:data1\" content=\"cendoc\" \/>\n\t<meta name=\"twitter:label2\" content=\"Tiempo de lectura\" \/>\n\t<meta name=\"twitter:data2\" content=\"8 minutos\" \/>\n<script type=\"application\/ld+json\" class=\"yoast-schema-graph\">{\"@context\":\"https:\\\/\\\/schema.org\",\"@graph\":[{\"@type\":\"Article\",\"@id\":\"https:\\\/\\\/www.gesmujer.org\\\/sitio\\\/pronunciamiento-fracasa-en-oaxaca-el-sistema-de-procuracion-y-administracion-de-justicia-en-el-caso-de-maria-del-sol\\\/#article\",\"isPartOf\":{\"@id\":\"https:\\\/\\\/www.gesmujer.org\\\/sitio\\\/pronunciamiento-fracasa-en-oaxaca-el-sistema-de-procuracion-y-administracion-de-justicia-en-el-caso-de-maria-del-sol\\\/\"},\"author\":{\"name\":\"cendoc\",\"@id\":\"https:\\\/\\\/www.gesmujer.org\\\/sitio\\\/#\\\/schema\\\/person\\\/50e03387f883646c2714c51783a7e288\"},\"headline\":\"Pronunciamiento: Fracasa en Oaxaca el sistema de procuraci\u00f3n y administraci\u00f3n de justicia en el caso de Mar\u00eda del Sol\",\"datePublished\":\"2018-09-07T16:30:57+00:00\",\"dateModified\":\"2024-04-05T21:00:24+00:00\",\"mainEntityOfPage\":{\"@id\":\"https:\\\/\\\/www.gesmujer.org\\\/sitio\\\/pronunciamiento-fracasa-en-oaxaca-el-sistema-de-procuracion-y-administracion-de-justicia-en-el-caso-de-maria-del-sol\\\/\"},\"wordCount\":1689,\"publisher\":{\"@id\":\"https:\\\/\\\/www.gesmujer.org\\\/sitio\\\/#organization\"},\"image\":{\"@id\":\"https:\\\/\\\/www.gesmujer.org\\\/sitio\\\/pronunciamiento-fracasa-en-oaxaca-el-sistema-de-procuracion-y-administracion-de-justicia-en-el-caso-de-maria-del-sol\\\/#primaryimage\"},\"thumbnailUrl\":\"https:\\\/\\\/www.gesmujer.org\\\/sitio\\\/wp-content\\\/uploads\\\/2018\\\/09\\\/fracasa.jpeg\",\"articleSection\":[\"NOTICIAS\",\"portada\"],\"inLanguage\":\"es\"},{\"@type\":\"WebPage\",\"@id\":\"https:\\\/\\\/www.gesmujer.org\\\/sitio\\\/pronunciamiento-fracasa-en-oaxaca-el-sistema-de-procuracion-y-administracion-de-justicia-en-el-caso-de-maria-del-sol\\\/\",\"url\":\"https:\\\/\\\/www.gesmujer.org\\\/sitio\\\/pronunciamiento-fracasa-en-oaxaca-el-sistema-de-procuracion-y-administracion-de-justicia-en-el-caso-de-maria-del-sol\\\/\",\"name\":\"Pronunciamiento: Fracasa en Oaxaca el sistema de procuraci\u00f3n y administraci\u00f3n de justicia en el caso de Mar\u00eda del Sol - GESMujer &quot;Rosario Castellanos&quot;\",\"isPartOf\":{\"@id\":\"https:\\\/\\\/www.gesmujer.org\\\/sitio\\\/#website\"},\"primaryImageOfPage\":{\"@id\":\"https:\\\/\\\/www.gesmujer.org\\\/sitio\\\/pronunciamiento-fracasa-en-oaxaca-el-sistema-de-procuracion-y-administracion-de-justicia-en-el-caso-de-maria-del-sol\\\/#primaryimage\"},\"image\":{\"@id\":\"https:\\\/\\\/www.gesmujer.org\\\/sitio\\\/pronunciamiento-fracasa-en-oaxaca-el-sistema-de-procuracion-y-administracion-de-justicia-en-el-caso-de-maria-del-sol\\\/#primaryimage\"},\"thumbnailUrl\":\"https:\\\/\\\/www.gesmujer.org\\\/sitio\\\/wp-content\\\/uploads\\\/2018\\\/09\\\/fracasa.jpeg\",\"datePublished\":\"2018-09-07T16:30:57+00:00\",\"dateModified\":\"2024-04-05T21:00:24+00:00\",\"breadcrumb\":{\"@id\":\"https:\\\/\\\/www.gesmujer.org\\\/sitio\\\/pronunciamiento-fracasa-en-oaxaca-el-sistema-de-procuracion-y-administracion-de-justicia-en-el-caso-de-maria-del-sol\\\/#breadcrumb\"},\"inLanguage\":\"es\",\"potentialAction\":[{\"@type\":\"ReadAction\",\"target\":[\"https:\\\/\\\/www.gesmujer.org\\\/sitio\\\/pronunciamiento-fracasa-en-oaxaca-el-sistema-de-procuracion-y-administracion-de-justicia-en-el-caso-de-maria-del-sol\\\/\"]}]},{\"@type\":\"ImageObject\",\"inLanguage\":\"es\",\"@id\":\"https:\\\/\\\/www.gesmujer.org\\\/sitio\\\/pronunciamiento-fracasa-en-oaxaca-el-sistema-de-procuracion-y-administracion-de-justicia-en-el-caso-de-maria-del-sol\\\/#primaryimage\",\"url\":\"https:\\\/\\\/www.gesmujer.org\\\/sitio\\\/wp-content\\\/uploads\\\/2018\\\/09\\\/fracasa.jpeg\",\"contentUrl\":\"https:\\\/\\\/www.gesmujer.org\\\/sitio\\\/wp-content\\\/uploads\\\/2018\\\/09\\\/fracasa.jpeg\",\"width\":940,\"height\":788},{\"@type\":\"BreadcrumbList\",\"@id\":\"https:\\\/\\\/www.gesmujer.org\\\/sitio\\\/pronunciamiento-fracasa-en-oaxaca-el-sistema-de-procuracion-y-administracion-de-justicia-en-el-caso-de-maria-del-sol\\\/#breadcrumb\",\"itemListElement\":[{\"@type\":\"ListItem\",\"position\":1,\"name\":\"Home\",\"item\":\"https:\\\/\\\/www.gesmujer.org\\\/sitio\\\/\"},{\"@type\":\"ListItem\",\"position\":2,\"name\":\"Pronunciamiento: Fracasa en Oaxaca el sistema de procuraci\u00f3n y administraci\u00f3n de justicia en el caso de Mar\u00eda del Sol\"}]},{\"@type\":\"WebSite\",\"@id\":\"https:\\\/\\\/www.gesmujer.org\\\/sitio\\\/#website\",\"url\":\"https:\\\/\\\/www.gesmujer.org\\\/sitio\\\/\",\"name\":\"GESMujer \\\"Rosario Castellanos\\\"\",\"description\":\"M\u00e1s de 45 a\u00f1os ha llevado a cabo acciones para erradicar la violencia de g\u00e9nero y construir entornos donde las mujeres encuentren su resiliencia, incrementen su agencia y autonom\u00eda que les permita lograr su empoderamiento a trav\u00e9s de cinco l\u00edneas de acci\u00f3n.\",\"publisher\":{\"@id\":\"https:\\\/\\\/www.gesmujer.org\\\/sitio\\\/#organization\"},\"alternateName\":\"GESMujer\",\"potentialAction\":[{\"@type\":\"SearchAction\",\"target\":{\"@type\":\"EntryPoint\",\"urlTemplate\":\"https:\\\/\\\/www.gesmujer.org\\\/sitio\\\/?s={search_term_string}\"},\"query-input\":{\"@type\":\"PropertyValueSpecification\",\"valueRequired\":true,\"valueName\":\"search_term_string\"}}],\"inLanguage\":\"es\"},{\"@type\":\"Organization\",\"@id\":\"https:\\\/\\\/www.gesmujer.org\\\/sitio\\\/#organization\",\"name\":\"Grupo de estudios sobre la mujer Rosario Castellanos ac\",\"alternateName\":\"GESMujer\",\"url\":\"https:\\\/\\\/www.gesmujer.org\\\/sitio\\\/\",\"logo\":{\"@type\":\"ImageObject\",\"inLanguage\":\"es\",\"@id\":\"https:\\\/\\\/www.gesmujer.org\\\/sitio\\\/#\\\/schema\\\/logo\\\/image\\\/\",\"url\":\"https:\\\/\\\/www.gesmujer.org\\\/sitio\\\/wp-content\\\/uploads\\\/2026\\\/03\\\/Logo-GESMujer-300.png\",\"contentUrl\":\"https:\\\/\\\/www.gesmujer.org\\\/sitio\\\/wp-content\\\/uploads\\\/2026\\\/03\\\/Logo-GESMujer-300.png\",\"width\":300,\"height\":141,\"caption\":\"Grupo de estudios sobre la mujer Rosario Castellanos ac\"},\"image\":{\"@id\":\"https:\\\/\\\/www.gesmujer.org\\\/sitio\\\/#\\\/schema\\\/logo\\\/image\\\/\"},\"sameAs\":[\"https:\\\/\\\/www.facebook.com\\\/gesmujer.rosario.castellanos.ac\",\"https:\\\/\\\/x.com\\\/GES_Mujer\",\"https:\\\/\\\/www.instagram.com\\\/ges_mujer\\\/?hl=es\",\"https:\\\/\\\/www.youtube.com\\\/c\\\/GESMujerRosarioCastellanos\\\/videos\",\"https:\\\/\\\/soundcloud.com\\\/gesmujerac\",\"https:\\\/\\\/www.tiktok.com\\\/@gesmujer\"]},{\"@type\":\"Person\",\"@id\":\"https:\\\/\\\/www.gesmujer.org\\\/sitio\\\/#\\\/schema\\\/person\\\/50e03387f883646c2714c51783a7e288\",\"name\":\"cendoc\",\"image\":{\"@type\":\"ImageObject\",\"inLanguage\":\"es\",\"@id\":\"https:\\\/\\\/secure.gravatar.com\\\/avatar\\\/2f187338ccb33c33bc1b08e92e2247a6891db221398e12bbc0f5ff0cfc462495?s=96&d=mm&r=g\",\"url\":\"https:\\\/\\\/secure.gravatar.com\\\/avatar\\\/2f187338ccb33c33bc1b08e92e2247a6891db221398e12bbc0f5ff0cfc462495?s=96&d=mm&r=g\",\"contentUrl\":\"https:\\\/\\\/secure.gravatar.com\\\/avatar\\\/2f187338ccb33c33bc1b08e92e2247a6891db221398e12bbc0f5ff0cfc462495?s=96&d=mm&r=g\",\"caption\":\"cendoc\"},\"sameAs\":[\"http:\\\/\\\/gesmujer.org\"],\"url\":\"https:\\\/\\\/www.gesmujer.org\\\/sitio\\\/author\\\/cendoc\\\/\"}]}<\/script>\n<!-- \/ Yoast SEO plugin. -->","yoast_head_json":{"title":"Pronunciamiento: Fracasa en Oaxaca el sistema de procuraci\u00f3n y administraci\u00f3n de justicia en el caso de Mar\u00eda del Sol - GESMujer &quot;Rosario Castellanos&quot;","robots":{"index":"index","follow":"follow","max-snippet":"max-snippet:-1","max-image-preview":"max-image-preview:large","max-video-preview":"max-video-preview:-1"},"canonical":"https:\/\/www.gesmujer.org\/sitio\/pronunciamiento-fracasa-en-oaxaca-el-sistema-de-procuracion-y-administracion-de-justicia-en-el-caso-de-maria-del-sol\/","og_locale":"es_MX","og_type":"article","og_title":"Pronunciamiento: Fracasa en Oaxaca el sistema de procuraci\u00f3n y administraci\u00f3n de justicia en el caso de Mar\u00eda del Sol - GESMujer &quot;Rosario Castellanos&quot;","og_description":"De nueva cuenta en el estado de Oaxaca queda manifiesta la ineptitud de las instituciones de procuraci\u00f3n de justicia al no poder integrar de manera consistente una investigaci\u00f3n que lleve al esclarecimiento de los hechos en los que perdi\u00f3 la vida la fotoperiodista Mar\u00eda del Sol Cruz Jarqu\u00edn, junto a la candidata a segunda concejala [&hellip;]","og_url":"https:\/\/www.gesmujer.org\/sitio\/pronunciamiento-fracasa-en-oaxaca-el-sistema-de-procuracion-y-administracion-de-justicia-en-el-caso-de-maria-del-sol\/","og_site_name":"GESMujer &quot;Rosario Castellanos&quot;","article_publisher":"https:\/\/www.facebook.com\/gesmujer.rosario.castellanos.ac","article_published_time":"2018-09-07T16:30:57+00:00","article_modified_time":"2024-04-05T21:00:24+00:00","og_image":[{"width":940,"height":788,"url":"https:\/\/www.gesmujer.org\/sitio\/wp-content\/uploads\/2018\/09\/fracasa.jpeg","type":"image\/jpeg"}],"author":"cendoc","twitter_card":"summary_large_image","twitter_creator":"@GES_Mujer","twitter_site":"@GES_Mujer","twitter_misc":{"Escrito por":"cendoc","Tiempo de lectura":"8 minutos"},"schema":{"@context":"https:\/\/schema.org","@graph":[{"@type":"Article","@id":"https:\/\/www.gesmujer.org\/sitio\/pronunciamiento-fracasa-en-oaxaca-el-sistema-de-procuracion-y-administracion-de-justicia-en-el-caso-de-maria-del-sol\/#article","isPartOf":{"@id":"https:\/\/www.gesmujer.org\/sitio\/pronunciamiento-fracasa-en-oaxaca-el-sistema-de-procuracion-y-administracion-de-justicia-en-el-caso-de-maria-del-sol\/"},"author":{"name":"cendoc","@id":"https:\/\/www.gesmujer.org\/sitio\/#\/schema\/person\/50e03387f883646c2714c51783a7e288"},"headline":"Pronunciamiento: Fracasa en Oaxaca el sistema de procuraci\u00f3n y administraci\u00f3n de justicia en el caso de Mar\u00eda del Sol","datePublished":"2018-09-07T16:30:57+00:00","dateModified":"2024-04-05T21:00:24+00:00","mainEntityOfPage":{"@id":"https:\/\/www.gesmujer.org\/sitio\/pronunciamiento-fracasa-en-oaxaca-el-sistema-de-procuracion-y-administracion-de-justicia-en-el-caso-de-maria-del-sol\/"},"wordCount":1689,"publisher":{"@id":"https:\/\/www.gesmujer.org\/sitio\/#organization"},"image":{"@id":"https:\/\/www.gesmujer.org\/sitio\/pronunciamiento-fracasa-en-oaxaca-el-sistema-de-procuracion-y-administracion-de-justicia-en-el-caso-de-maria-del-sol\/#primaryimage"},"thumbnailUrl":"https:\/\/www.gesmujer.org\/sitio\/wp-content\/uploads\/2018\/09\/fracasa.jpeg","articleSection":["NOTICIAS","portada"],"inLanguage":"es"},{"@type":"WebPage","@id":"https:\/\/www.gesmujer.org\/sitio\/pronunciamiento-fracasa-en-oaxaca-el-sistema-de-procuracion-y-administracion-de-justicia-en-el-caso-de-maria-del-sol\/","url":"https:\/\/www.gesmujer.org\/sitio\/pronunciamiento-fracasa-en-oaxaca-el-sistema-de-procuracion-y-administracion-de-justicia-en-el-caso-de-maria-del-sol\/","name":"Pronunciamiento: Fracasa en Oaxaca el sistema de procuraci\u00f3n y administraci\u00f3n de justicia en el caso de Mar\u00eda del Sol - GESMujer &quot;Rosario Castellanos&quot;","isPartOf":{"@id":"https:\/\/www.gesmujer.org\/sitio\/#website"},"primaryImageOfPage":{"@id":"https:\/\/www.gesmujer.org\/sitio\/pronunciamiento-fracasa-en-oaxaca-el-sistema-de-procuracion-y-administracion-de-justicia-en-el-caso-de-maria-del-sol\/#primaryimage"},"image":{"@id":"https:\/\/www.gesmujer.org\/sitio\/pronunciamiento-fracasa-en-oaxaca-el-sistema-de-procuracion-y-administracion-de-justicia-en-el-caso-de-maria-del-sol\/#primaryimage"},"thumbnailUrl":"https:\/\/www.gesmujer.org\/sitio\/wp-content\/uploads\/2018\/09\/fracasa.jpeg","datePublished":"2018-09-07T16:30:57+00:00","dateModified":"2024-04-05T21:00:24+00:00","breadcrumb":{"@id":"https:\/\/www.gesmujer.org\/sitio\/pronunciamiento-fracasa-en-oaxaca-el-sistema-de-procuracion-y-administracion-de-justicia-en-el-caso-de-maria-del-sol\/#breadcrumb"},"inLanguage":"es","potentialAction":[{"@type":"ReadAction","target":["https:\/\/www.gesmujer.org\/sitio\/pronunciamiento-fracasa-en-oaxaca-el-sistema-de-procuracion-y-administracion-de-justicia-en-el-caso-de-maria-del-sol\/"]}]},{"@type":"ImageObject","inLanguage":"es","@id":"https:\/\/www.gesmujer.org\/sitio\/pronunciamiento-fracasa-en-oaxaca-el-sistema-de-procuracion-y-administracion-de-justicia-en-el-caso-de-maria-del-sol\/#primaryimage","url":"https:\/\/www.gesmujer.org\/sitio\/wp-content\/uploads\/2018\/09\/fracasa.jpeg","contentUrl":"https:\/\/www.gesmujer.org\/sitio\/wp-content\/uploads\/2018\/09\/fracasa.jpeg","width":940,"height":788},{"@type":"BreadcrumbList","@id":"https:\/\/www.gesmujer.org\/sitio\/pronunciamiento-fracasa-en-oaxaca-el-sistema-de-procuracion-y-administracion-de-justicia-en-el-caso-de-maria-del-sol\/#breadcrumb","itemListElement":[{"@type":"ListItem","position":1,"name":"Home","item":"https:\/\/www.gesmujer.org\/sitio\/"},{"@type":"ListItem","position":2,"name":"Pronunciamiento: Fracasa en Oaxaca el sistema de procuraci\u00f3n y administraci\u00f3n de justicia en el caso de Mar\u00eda del Sol"}]},{"@type":"WebSite","@id":"https:\/\/www.gesmujer.org\/sitio\/#website","url":"https:\/\/www.gesmujer.org\/sitio\/","name":"GESMujer \"Rosario Castellanos\"","description":"M\u00e1s de 45 a\u00f1os ha llevado a cabo acciones para erradicar la violencia de g\u00e9nero y construir entornos donde las mujeres encuentren su resiliencia, incrementen su agencia y autonom\u00eda que les permita lograr su empoderamiento a trav\u00e9s de cinco l\u00edneas de acci\u00f3n.","publisher":{"@id":"https:\/\/www.gesmujer.org\/sitio\/#organization"},"alternateName":"GESMujer","potentialAction":[{"@type":"SearchAction","target":{"@type":"EntryPoint","urlTemplate":"https:\/\/www.gesmujer.org\/sitio\/?s={search_term_string}"},"query-input":{"@type":"PropertyValueSpecification","valueRequired":true,"valueName":"search_term_string"}}],"inLanguage":"es"},{"@type":"Organization","@id":"https:\/\/www.gesmujer.org\/sitio\/#organization","name":"Grupo de estudios sobre la mujer Rosario Castellanos ac","alternateName":"GESMujer","url":"https:\/\/www.gesmujer.org\/sitio\/","logo":{"@type":"ImageObject","inLanguage":"es","@id":"https:\/\/www.gesmujer.org\/sitio\/#\/schema\/logo\/image\/","url":"https:\/\/www.gesmujer.org\/sitio\/wp-content\/uploads\/2026\/03\/Logo-GESMujer-300.png","contentUrl":"https:\/\/www.gesmujer.org\/sitio\/wp-content\/uploads\/2026\/03\/Logo-GESMujer-300.png","width":300,"height":141,"caption":"Grupo de estudios sobre la mujer Rosario Castellanos ac"},"image":{"@id":"https:\/\/www.gesmujer.org\/sitio\/#\/schema\/logo\/image\/"},"sameAs":["https:\/\/www.facebook.com\/gesmujer.rosario.castellanos.ac","https:\/\/x.com\/GES_Mujer","https:\/\/www.instagram.com\/ges_mujer\/?hl=es","https:\/\/www.youtube.com\/c\/GESMujerRosarioCastellanos\/videos","https:\/\/soundcloud.com\/gesmujerac","https:\/\/www.tiktok.com\/@gesmujer"]},{"@type":"Person","@id":"https:\/\/www.gesmujer.org\/sitio\/#\/schema\/person\/50e03387f883646c2714c51783a7e288","name":"cendoc","image":{"@type":"ImageObject","inLanguage":"es","@id":"https:\/\/secure.gravatar.com\/avatar\/2f187338ccb33c33bc1b08e92e2247a6891db221398e12bbc0f5ff0cfc462495?s=96&d=mm&r=g","url":"https:\/\/secure.gravatar.com\/avatar\/2f187338ccb33c33bc1b08e92e2247a6891db221398e12bbc0f5ff0cfc462495?s=96&d=mm&r=g","contentUrl":"https:\/\/secure.gravatar.com\/avatar\/2f187338ccb33c33bc1b08e92e2247a6891db221398e12bbc0f5ff0cfc462495?s=96&d=mm&r=g","caption":"cendoc"},"sameAs":["http:\/\/gesmujer.org"],"url":"https:\/\/www.gesmujer.org\/sitio\/author\/cendoc\/"}]}},"_links":{"self":[{"href":"https:\/\/www.gesmujer.org\/sitio\/wp-json\/wp\/v2\/posts\/2985","targetHints":{"allow":["GET"]}}],"collection":[{"href":"https:\/\/www.gesmujer.org\/sitio\/wp-json\/wp\/v2\/posts"}],"about":[{"href":"https:\/\/www.gesmujer.org\/sitio\/wp-json\/wp\/v2\/types\/post"}],"author":[{"embeddable":true,"href":"https:\/\/www.gesmujer.org\/sitio\/wp-json\/wp\/v2\/users\/4"}],"replies":[{"embeddable":true,"href":"https:\/\/www.gesmujer.org\/sitio\/wp-json\/wp\/v2\/comments?post=2985"}],"version-history":[{"count":3,"href":"https:\/\/www.gesmujer.org\/sitio\/wp-json\/wp\/v2\/posts\/2985\/revisions"}],"predecessor-version":[{"id":58653,"href":"https:\/\/www.gesmujer.org\/sitio\/wp-json\/wp\/v2\/posts\/2985\/revisions\/58653"}],"wp:featuredmedia":[{"embeddable":true,"href":"https:\/\/www.gesmujer.org\/sitio\/wp-json\/wp\/v2\/media\/2986"}],"wp:attachment":[{"href":"https:\/\/www.gesmujer.org\/sitio\/wp-json\/wp\/v2\/media?parent=2985"}],"wp:term":[{"taxonomy":"category","embeddable":true,"href":"https:\/\/www.gesmujer.org\/sitio\/wp-json\/wp\/v2\/categories?post=2985"},{"taxonomy":"post_tag","embeddable":true,"href":"https:\/\/www.gesmujer.org\/sitio\/wp-json\/wp\/v2\/tags?post=2985"}],"curies":[{"name":"wp","href":"https:\/\/api.w.org\/{rel}","templated":true}]}}