{"id":3143,"date":"2018-07-20T10:17:38","date_gmt":"2018-07-20T16:17:38","guid":{"rendered":"http:\/\/www.gesmujer.org\/sitio\/?p=3143"},"modified":"2024-04-05T15:00:42","modified_gmt":"2024-04-05T21:00:42","slug":"presenta-gesmujer-la-campana-y-si-mejor-lo-hablamos","status":"publish","type":"post","link":"https:\/\/www.gesmujer.org\/sitio\/presenta-gesmujer-la-campana-y-si-mejor-lo-hablamos\/","title":{"rendered":"Presenta GESMujer la campa\u00f1a \u201c\u00bfY si mejor lo hablamos?"},"content":{"rendered":"<p>Por Diana Mendez:<\/p>\n<p>El Grupo de estudios sobre la mujer Rosario Castellanos present\u00f3, la campa\u00f1a \u201c\u00bfY si mejor lo hablamos?, para ejercer mi sexualidad me informo y decido\u201d, a la vez que firm\u00f3 un convenio de colaboraci\u00f3n con la Corporaci\u00f3n Oaxaque\u00f1a de Radio y Televisi\u00f3n (CORTV).<\/p>\n<p>Al respecto, la presidenta del GESMujer, Ximena Avellaneda D\u00edaz, indic\u00f3 que esto se hace con el objetivo de disminuir los embarazos no planeados entre adolescentes.<\/p>\n<p>Toda vez de que indic\u00f3, que esto se ha convertido en un problema de salud p\u00fablica y -dentro de los 35 pa\u00edses que conforman la Organizaci\u00f3n para la Cooperaci\u00f3n y el Desarrollo Econ\u00f3micos (OCDE)-,\u00a0 M\u00e9xico ocupa el primer lugar por el n\u00famero de embarazos adolescentes y Oaxaca, seg\u00fan la Secretar\u00eda de Salud, aport\u00f3 alrededor de 350 embarazos por mes durante el 2017.<\/p>\n<p>Refiri\u00f3, que han estado realizando muy interesantes y novedosos programas de este tema en varios centros educativos como la Universidad Aut\u00f3noma Benito Ju\u00e1rez de Oaxaca (UABJO) y la Universidad de los Valles Centrales de Oaxaca, as\u00ed como la Universidad de California.<\/p>\n<p>Sin embargo precis\u00f3, qu\u00e9 hay varias intuiciones y\u00a0 los servicios de Salud de Oaxaca, que no tienen inter\u00e9s en esta campa\u00f1a que realiza la sociedad civil.<\/p>\n<p>Finalmente Avellaneda D\u00edaz coment\u00f3, que la campa\u00f1a est\u00e1 dirigida a la poblaci\u00f3n adolescente que vive en el municipio de Oaxaca de Ju\u00e1rez, por ser el que reporta el mayor n\u00famero de casos de embarazos adolescentes, impuestos o no planeados.<\/p>\n<p>Publicaci\u00f3n tomada de :\u00a0https:\/\/libertad-oaxaca.info\/presenta-gesmujer-la-campana-y-si-mejor-lo-hablamos\/  <!--codes_iframe--><!--\/codes_iframe--><\/p>\n","protected":false},"excerpt":{"rendered":"<p>Por Diana Mendez: El Grupo de estudios sobre la mujer Rosario Castellanos present\u00f3, la campa\u00f1a \u201c\u00bfY si mejor lo hablamos?, para ejercer mi sexualidad me informo y decido\u201d, a la vez que firm\u00f3 un convenio de colaboraci\u00f3n con la Corporaci\u00f3n Oaxaque\u00f1a de Radio y Televisi\u00f3n (CORTV). Al respecto, la presidenta del GESMujer, Ximena Avellaneda D\u00edaz, [&hellip;]<\/p>\n","protected":false},"author":4,"featured_media":3144,"comment_status":"closed","ping_status":"open","sticky":false,"template":"","format":"standard","meta":{"give_campaign_id":0,"footnotes":""},"categories":[90,36,31],"tags":[],"class_list":["post-3143","post","type-post","status-publish","format-standard","has-post-thumbnail","hentry","category-articulos","category-comunicados","category-investigacion-accion"],"yoast_head":"<!-- This site is optimized with the Yoast SEO plugin v27.4 - https:\/\/yoast.com\/product\/yoast-seo-wordpress\/ -->\n<title>Presenta GESMujer la campa\u00f1a \u201c\u00bfY si mejor lo hablamos? - GESMujer &quot;Rosario Castellanos&quot;<\/title>\n<meta name=\"robots\" content=\"index, follow, max-snippet:-1, max-image-preview:large, max-video-preview:-1\" \/>\n<link rel=\"canonical\" href=\"https:\/\/www.gesmujer.org\/sitio\/presenta-gesmujer-la-campana-y-si-mejor-lo-hablamos\/\" \/>\n<meta property=\"og:locale\" content=\"es_MX\" \/>\n<meta property=\"og:type\" content=\"article\" \/>\n<meta property=\"og:title\" content=\"Presenta GESMujer la campa\u00f1a \u201c\u00bfY si mejor lo hablamos? - GESMujer &quot;Rosario Castellanos&quot;\" \/>\n<meta property=\"og:description\" content=\"Por Diana Mendez: El Grupo de estudios sobre la mujer Rosario Castellanos present\u00f3, la campa\u00f1a \u201c\u00bfY si mejor lo hablamos?, para ejercer mi sexualidad me informo y decido\u201d, a la vez que firm\u00f3 un convenio de colaboraci\u00f3n con la Corporaci\u00f3n Oaxaque\u00f1a de Radio y Televisi\u00f3n (CORTV). Al respecto, la presidenta del GESMujer, Ximena Avellaneda D\u00edaz, [&hellip;]\" \/>\n<meta property=\"og:url\" content=\"https:\/\/www.gesmujer.org\/sitio\/presenta-gesmujer-la-campana-y-si-mejor-lo-hablamos\/\" \/>\n<meta property=\"og:site_name\" content=\"GESMujer &quot;Rosario Castellanos&quot;\" \/>\n<meta property=\"article:publisher\" content=\"https:\/\/www.facebook.com\/gesmujer.rosario.castellanos.ac\" \/>\n<meta property=\"article:published_time\" content=\"2018-07-20T16:17:38+00:00\" \/>\n<meta property=\"article:modified_time\" content=\"2024-04-05T21:00:42+00:00\" \/>\n<meta property=\"og:image\" content=\"https:\/\/www.gesmujer.org\/sitio\/wp-content\/uploads\/2018\/09\/ysimejorlohablamos.jpeg\" \/>\n\t<meta property=\"og:image:width\" content=\"627\" \/>\n\t<meta property=\"og:image:height\" content=\"377\" \/>\n\t<meta property=\"og:image:type\" content=\"image\/jpeg\" \/>\n<meta name=\"author\" content=\"cendoc\" \/>\n<meta name=\"twitter:card\" content=\"summary_large_image\" \/>\n<meta name=\"twitter:creator\" content=\"@GES_Mujer\" \/>\n<meta name=\"twitter:site\" content=\"@GES_Mujer\" \/>\n<meta name=\"twitter:label1\" content=\"Escrito por\" \/>\n\t<meta name=\"twitter:data1\" content=\"cendoc\" \/>\n\t<meta name=\"twitter:label2\" content=\"Tiempo de lectura\" \/>\n\t<meta name=\"twitter:data2\" content=\"1 minuto\" \/>\n<script type=\"application\/ld+json\" class=\"yoast-schema-graph\">{\"@context\":\"https:\\\/\\\/schema.org\",\"@graph\":[{\"@type\":\"Article\",\"@id\":\"https:\\\/\\\/www.gesmujer.org\\\/sitio\\\/presenta-gesmujer-la-campana-y-si-mejor-lo-hablamos\\\/#article\",\"isPartOf\":{\"@id\":\"https:\\\/\\\/www.gesmujer.org\\\/sitio\\\/presenta-gesmujer-la-campana-y-si-mejor-lo-hablamos\\\/\"},\"author\":{\"name\":\"cendoc\",\"@id\":\"https:\\\/\\\/www.gesmujer.org\\\/sitio\\\/#\\\/schema\\\/person\\\/50e03387f883646c2714c51783a7e288\"},\"headline\":\"Presenta GESMujer la campa\u00f1a \u201c\u00bfY si mejor lo hablamos?\",\"datePublished\":\"2018-07-20T16:17:38+00:00\",\"dateModified\":\"2024-04-05T21:00:42+00:00\",\"mainEntityOfPage\":{\"@id\":\"https:\\\/\\\/www.gesmujer.org\\\/sitio\\\/presenta-gesmujer-la-campana-y-si-mejor-lo-hablamos\\\/\"},\"wordCount\":279,\"publisher\":{\"@id\":\"https:\\\/\\\/www.gesmujer.org\\\/sitio\\\/#organization\"},\"image\":{\"@id\":\"https:\\\/\\\/www.gesmujer.org\\\/sitio\\\/presenta-gesmujer-la-campana-y-si-mejor-lo-hablamos\\\/#primaryimage\"},\"thumbnailUrl\":\"https:\\\/\\\/www.gesmujer.org\\\/sitio\\\/wp-content\\\/uploads\\\/2018\\\/09\\\/ysimejorlohablamos.jpeg\",\"articleSection\":[\"ARTICULOS\",\"COMUNICADOS\",\"INVESTIGACI\u00d3N ACCI\u00d3N\"],\"inLanguage\":\"es\"},{\"@type\":\"WebPage\",\"@id\":\"https:\\\/\\\/www.gesmujer.org\\\/sitio\\\/presenta-gesmujer-la-campana-y-si-mejor-lo-hablamos\\\/\",\"url\":\"https:\\\/\\\/www.gesmujer.org\\\/sitio\\\/presenta-gesmujer-la-campana-y-si-mejor-lo-hablamos\\\/\",\"name\":\"Presenta GESMujer la campa\u00f1a \u201c\u00bfY si mejor lo hablamos? - GESMujer &quot;Rosario Castellanos&quot;\",\"isPartOf\":{\"@id\":\"https:\\\/\\\/www.gesmujer.org\\\/sitio\\\/#website\"},\"primaryImageOfPage\":{\"@id\":\"https:\\\/\\\/www.gesmujer.org\\\/sitio\\\/presenta-gesmujer-la-campana-y-si-mejor-lo-hablamos\\\/#primaryimage\"},\"image\":{\"@id\":\"https:\\\/\\\/www.gesmujer.org\\\/sitio\\\/presenta-gesmujer-la-campana-y-si-mejor-lo-hablamos\\\/#primaryimage\"},\"thumbnailUrl\":\"https:\\\/\\\/www.gesmujer.org\\\/sitio\\\/wp-content\\\/uploads\\\/2018\\\/09\\\/ysimejorlohablamos.jpeg\",\"datePublished\":\"2018-07-20T16:17:38+00:00\",\"dateModified\":\"2024-04-05T21:00:42+00:00\",\"breadcrumb\":{\"@id\":\"https:\\\/\\\/www.gesmujer.org\\\/sitio\\\/presenta-gesmujer-la-campana-y-si-mejor-lo-hablamos\\\/#breadcrumb\"},\"inLanguage\":\"es\",\"potentialAction\":[{\"@type\":\"ReadAction\",\"target\":[\"https:\\\/\\\/www.gesmujer.org\\\/sitio\\\/presenta-gesmujer-la-campana-y-si-mejor-lo-hablamos\\\/\"]}]},{\"@type\":\"ImageObject\",\"inLanguage\":\"es\",\"@id\":\"https:\\\/\\\/www.gesmujer.org\\\/sitio\\\/presenta-gesmujer-la-campana-y-si-mejor-lo-hablamos\\\/#primaryimage\",\"url\":\"https:\\\/\\\/www.gesmujer.org\\\/sitio\\\/wp-content\\\/uploads\\\/2018\\\/09\\\/ysimejorlohablamos.jpeg\",\"contentUrl\":\"https:\\\/\\\/www.gesmujer.org\\\/sitio\\\/wp-content\\\/uploads\\\/2018\\\/09\\\/ysimejorlohablamos.jpeg\",\"width\":627,\"height\":377},{\"@type\":\"BreadcrumbList\",\"@id\":\"https:\\\/\\\/www.gesmujer.org\\\/sitio\\\/presenta-gesmujer-la-campana-y-si-mejor-lo-hablamos\\\/#breadcrumb\",\"itemListElement\":[{\"@type\":\"ListItem\",\"position\":1,\"name\":\"Home\",\"item\":\"https:\\\/\\\/www.gesmujer.org\\\/sitio\\\/\"},{\"@type\":\"ListItem\",\"position\":2,\"name\":\"Presenta GESMujer la campa\u00f1a \u201c\u00bfY si mejor lo hablamos?\"}]},{\"@type\":\"WebSite\",\"@id\":\"https:\\\/\\\/www.gesmujer.org\\\/sitio\\\/#website\",\"url\":\"https:\\\/\\\/www.gesmujer.org\\\/sitio\\\/\",\"name\":\"GESMujer \\\"Rosario Castellanos\\\"\",\"description\":\"M\u00e1s de 45 a\u00f1os ha llevado a cabo acciones para erradicar la violencia de g\u00e9nero y construir entornos donde las mujeres encuentren su resiliencia, incrementen su agencia y autonom\u00eda que les permita lograr su empoderamiento a trav\u00e9s de cinco l\u00edneas de acci\u00f3n.\",\"publisher\":{\"@id\":\"https:\\\/\\\/www.gesmujer.org\\\/sitio\\\/#organization\"},\"alternateName\":\"GESMujer\",\"potentialAction\":[{\"@type\":\"SearchAction\",\"target\":{\"@type\":\"EntryPoint\",\"urlTemplate\":\"https:\\\/\\\/www.gesmujer.org\\\/sitio\\\/?s={search_term_string}\"},\"query-input\":{\"@type\":\"PropertyValueSpecification\",\"valueRequired\":true,\"valueName\":\"search_term_string\"}}],\"inLanguage\":\"es\"},{\"@type\":\"Organization\",\"@id\":\"https:\\\/\\\/www.gesmujer.org\\\/sitio\\\/#organization\",\"name\":\"Grupo de estudios sobre la mujer Rosario Castellanos ac\",\"alternateName\":\"GESMujer\",\"url\":\"https:\\\/\\\/www.gesmujer.org\\\/sitio\\\/\",\"logo\":{\"@type\":\"ImageObject\",\"inLanguage\":\"es\",\"@id\":\"https:\\\/\\\/www.gesmujer.org\\\/sitio\\\/#\\\/schema\\\/logo\\\/image\\\/\",\"url\":\"https:\\\/\\\/www.gesmujer.org\\\/sitio\\\/wp-content\\\/uploads\\\/2026\\\/03\\\/Logo-GESMujer-300.png\",\"contentUrl\":\"https:\\\/\\\/www.gesmujer.org\\\/sitio\\\/wp-content\\\/uploads\\\/2026\\\/03\\\/Logo-GESMujer-300.png\",\"width\":300,\"height\":141,\"caption\":\"Grupo de estudios sobre la mujer Rosario Castellanos ac\"},\"image\":{\"@id\":\"https:\\\/\\\/www.gesmujer.org\\\/sitio\\\/#\\\/schema\\\/logo\\\/image\\\/\"},\"sameAs\":[\"https:\\\/\\\/www.facebook.com\\\/gesmujer.rosario.castellanos.ac\",\"https:\\\/\\\/x.com\\\/GES_Mujer\",\"https:\\\/\\\/www.instagram.com\\\/ges_mujer\\\/?hl=es\",\"https:\\\/\\\/www.youtube.com\\\/c\\\/GESMujerRosarioCastellanos\\\/videos\",\"https:\\\/\\\/soundcloud.com\\\/gesmujerac\",\"https:\\\/\\\/www.tiktok.com\\\/@gesmujer\"]},{\"@type\":\"Person\",\"@id\":\"https:\\\/\\\/www.gesmujer.org\\\/sitio\\\/#\\\/schema\\\/person\\\/50e03387f883646c2714c51783a7e288\",\"name\":\"cendoc\",\"image\":{\"@type\":\"ImageObject\",\"inLanguage\":\"es\",\"@id\":\"https:\\\/\\\/secure.gravatar.com\\\/avatar\\\/2f187338ccb33c33bc1b08e92e2247a6891db221398e12bbc0f5ff0cfc462495?s=96&d=mm&r=g\",\"url\":\"https:\\\/\\\/secure.gravatar.com\\\/avatar\\\/2f187338ccb33c33bc1b08e92e2247a6891db221398e12bbc0f5ff0cfc462495?s=96&d=mm&r=g\",\"contentUrl\":\"https:\\\/\\\/secure.gravatar.com\\\/avatar\\\/2f187338ccb33c33bc1b08e92e2247a6891db221398e12bbc0f5ff0cfc462495?s=96&d=mm&r=g\",\"caption\":\"cendoc\"},\"sameAs\":[\"http:\\\/\\\/gesmujer.org\"],\"url\":\"https:\\\/\\\/www.gesmujer.org\\\/sitio\\\/author\\\/cendoc\\\/\"}]}<\/script>\n<!-- \/ Yoast SEO plugin. -->","yoast_head_json":{"title":"Presenta GESMujer la campa\u00f1a \u201c\u00bfY si mejor lo hablamos? - GESMujer &quot;Rosario Castellanos&quot;","robots":{"index":"index","follow":"follow","max-snippet":"max-snippet:-1","max-image-preview":"max-image-preview:large","max-video-preview":"max-video-preview:-1"},"canonical":"https:\/\/www.gesmujer.org\/sitio\/presenta-gesmujer-la-campana-y-si-mejor-lo-hablamos\/","og_locale":"es_MX","og_type":"article","og_title":"Presenta GESMujer la campa\u00f1a \u201c\u00bfY si mejor lo hablamos? - GESMujer &quot;Rosario Castellanos&quot;","og_description":"Por Diana Mendez: El Grupo de estudios sobre la mujer Rosario Castellanos present\u00f3, la campa\u00f1a \u201c\u00bfY si mejor lo hablamos?, para ejercer mi sexualidad me informo y decido\u201d, a la vez que firm\u00f3 un convenio de colaboraci\u00f3n con la Corporaci\u00f3n Oaxaque\u00f1a de Radio y Televisi\u00f3n (CORTV). Al respecto, la presidenta del GESMujer, Ximena Avellaneda D\u00edaz, [&hellip;]","og_url":"https:\/\/www.gesmujer.org\/sitio\/presenta-gesmujer-la-campana-y-si-mejor-lo-hablamos\/","og_site_name":"GESMujer &quot;Rosario Castellanos&quot;","article_publisher":"https:\/\/www.facebook.com\/gesmujer.rosario.castellanos.ac","article_published_time":"2018-07-20T16:17:38+00:00","article_modified_time":"2024-04-05T21:00:42+00:00","og_image":[{"width":627,"height":377,"url":"https:\/\/www.gesmujer.org\/sitio\/wp-content\/uploads\/2018\/09\/ysimejorlohablamos.jpeg","type":"image\/jpeg"}],"author":"cendoc","twitter_card":"summary_large_image","twitter_creator":"@GES_Mujer","twitter_site":"@GES_Mujer","twitter_misc":{"Escrito por":"cendoc","Tiempo de lectura":"1 minuto"},"schema":{"@context":"https:\/\/schema.org","@graph":[{"@type":"Article","@id":"https:\/\/www.gesmujer.org\/sitio\/presenta-gesmujer-la-campana-y-si-mejor-lo-hablamos\/#article","isPartOf":{"@id":"https:\/\/www.gesmujer.org\/sitio\/presenta-gesmujer-la-campana-y-si-mejor-lo-hablamos\/"},"author":{"name":"cendoc","@id":"https:\/\/www.gesmujer.org\/sitio\/#\/schema\/person\/50e03387f883646c2714c51783a7e288"},"headline":"Presenta GESMujer la campa\u00f1a \u201c\u00bfY si mejor lo hablamos?","datePublished":"2018-07-20T16:17:38+00:00","dateModified":"2024-04-05T21:00:42+00:00","mainEntityOfPage":{"@id":"https:\/\/www.gesmujer.org\/sitio\/presenta-gesmujer-la-campana-y-si-mejor-lo-hablamos\/"},"wordCount":279,"publisher":{"@id":"https:\/\/www.gesmujer.org\/sitio\/#organization"},"image":{"@id":"https:\/\/www.gesmujer.org\/sitio\/presenta-gesmujer-la-campana-y-si-mejor-lo-hablamos\/#primaryimage"},"thumbnailUrl":"https:\/\/www.gesmujer.org\/sitio\/wp-content\/uploads\/2018\/09\/ysimejorlohablamos.jpeg","articleSection":["ARTICULOS","COMUNICADOS","INVESTIGACI\u00d3N ACCI\u00d3N"],"inLanguage":"es"},{"@type":"WebPage","@id":"https:\/\/www.gesmujer.org\/sitio\/presenta-gesmujer-la-campana-y-si-mejor-lo-hablamos\/","url":"https:\/\/www.gesmujer.org\/sitio\/presenta-gesmujer-la-campana-y-si-mejor-lo-hablamos\/","name":"Presenta GESMujer la campa\u00f1a \u201c\u00bfY si mejor lo hablamos? - GESMujer &quot;Rosario Castellanos&quot;","isPartOf":{"@id":"https:\/\/www.gesmujer.org\/sitio\/#website"},"primaryImageOfPage":{"@id":"https:\/\/www.gesmujer.org\/sitio\/presenta-gesmujer-la-campana-y-si-mejor-lo-hablamos\/#primaryimage"},"image":{"@id":"https:\/\/www.gesmujer.org\/sitio\/presenta-gesmujer-la-campana-y-si-mejor-lo-hablamos\/#primaryimage"},"thumbnailUrl":"https:\/\/www.gesmujer.org\/sitio\/wp-content\/uploads\/2018\/09\/ysimejorlohablamos.jpeg","datePublished":"2018-07-20T16:17:38+00:00","dateModified":"2024-04-05T21:00:42+00:00","breadcrumb":{"@id":"https:\/\/www.gesmujer.org\/sitio\/presenta-gesmujer-la-campana-y-si-mejor-lo-hablamos\/#breadcrumb"},"inLanguage":"es","potentialAction":[{"@type":"ReadAction","target":["https:\/\/www.gesmujer.org\/sitio\/presenta-gesmujer-la-campana-y-si-mejor-lo-hablamos\/"]}]},{"@type":"ImageObject","inLanguage":"es","@id":"https:\/\/www.gesmujer.org\/sitio\/presenta-gesmujer-la-campana-y-si-mejor-lo-hablamos\/#primaryimage","url":"https:\/\/www.gesmujer.org\/sitio\/wp-content\/uploads\/2018\/09\/ysimejorlohablamos.jpeg","contentUrl":"https:\/\/www.gesmujer.org\/sitio\/wp-content\/uploads\/2018\/09\/ysimejorlohablamos.jpeg","width":627,"height":377},{"@type":"BreadcrumbList","@id":"https:\/\/www.gesmujer.org\/sitio\/presenta-gesmujer-la-campana-y-si-mejor-lo-hablamos\/#breadcrumb","itemListElement":[{"@type":"ListItem","position":1,"name":"Home","item":"https:\/\/www.gesmujer.org\/sitio\/"},{"@type":"ListItem","position":2,"name":"Presenta GESMujer la campa\u00f1a \u201c\u00bfY si mejor lo hablamos?"}]},{"@type":"WebSite","@id":"https:\/\/www.gesmujer.org\/sitio\/#website","url":"https:\/\/www.gesmujer.org\/sitio\/","name":"GESMujer \"Rosario Castellanos\"","description":"M\u00e1s de 45 a\u00f1os ha llevado a cabo acciones para erradicar la violencia de g\u00e9nero y construir entornos donde las mujeres encuentren su resiliencia, incrementen su agencia y autonom\u00eda que les permita lograr su empoderamiento a trav\u00e9s de cinco l\u00edneas de acci\u00f3n.","publisher":{"@id":"https:\/\/www.gesmujer.org\/sitio\/#organization"},"alternateName":"GESMujer","potentialAction":[{"@type":"SearchAction","target":{"@type":"EntryPoint","urlTemplate":"https:\/\/www.gesmujer.org\/sitio\/?s={search_term_string}"},"query-input":{"@type":"PropertyValueSpecification","valueRequired":true,"valueName":"search_term_string"}}],"inLanguage":"es"},{"@type":"Organization","@id":"https:\/\/www.gesmujer.org\/sitio\/#organization","name":"Grupo de estudios sobre la mujer Rosario Castellanos ac","alternateName":"GESMujer","url":"https:\/\/www.gesmujer.org\/sitio\/","logo":{"@type":"ImageObject","inLanguage":"es","@id":"https:\/\/www.gesmujer.org\/sitio\/#\/schema\/logo\/image\/","url":"https:\/\/www.gesmujer.org\/sitio\/wp-content\/uploads\/2026\/03\/Logo-GESMujer-300.png","contentUrl":"https:\/\/www.gesmujer.org\/sitio\/wp-content\/uploads\/2026\/03\/Logo-GESMujer-300.png","width":300,"height":141,"caption":"Grupo de estudios sobre la mujer Rosario Castellanos ac"},"image":{"@id":"https:\/\/www.gesmujer.org\/sitio\/#\/schema\/logo\/image\/"},"sameAs":["https:\/\/www.facebook.com\/gesmujer.rosario.castellanos.ac","https:\/\/x.com\/GES_Mujer","https:\/\/www.instagram.com\/ges_mujer\/?hl=es","https:\/\/www.youtube.com\/c\/GESMujerRosarioCastellanos\/videos","https:\/\/soundcloud.com\/gesmujerac","https:\/\/www.tiktok.com\/@gesmujer"]},{"@type":"Person","@id":"https:\/\/www.gesmujer.org\/sitio\/#\/schema\/person\/50e03387f883646c2714c51783a7e288","name":"cendoc","image":{"@type":"ImageObject","inLanguage":"es","@id":"https:\/\/secure.gravatar.com\/avatar\/2f187338ccb33c33bc1b08e92e2247a6891db221398e12bbc0f5ff0cfc462495?s=96&d=mm&r=g","url":"https:\/\/secure.gravatar.com\/avatar\/2f187338ccb33c33bc1b08e92e2247a6891db221398e12bbc0f5ff0cfc462495?s=96&d=mm&r=g","contentUrl":"https:\/\/secure.gravatar.com\/avatar\/2f187338ccb33c33bc1b08e92e2247a6891db221398e12bbc0f5ff0cfc462495?s=96&d=mm&r=g","caption":"cendoc"},"sameAs":["http:\/\/gesmujer.org"],"url":"https:\/\/www.gesmujer.org\/sitio\/author\/cendoc\/"}]}},"_links":{"self":[{"href":"https:\/\/www.gesmujer.org\/sitio\/wp-json\/wp\/v2\/posts\/3143","targetHints":{"allow":["GET"]}}],"collection":[{"href":"https:\/\/www.gesmujer.org\/sitio\/wp-json\/wp\/v2\/posts"}],"about":[{"href":"https:\/\/www.gesmujer.org\/sitio\/wp-json\/wp\/v2\/types\/post"}],"author":[{"embeddable":true,"href":"https:\/\/www.gesmujer.org\/sitio\/wp-json\/wp\/v2\/users\/4"}],"replies":[{"embeddable":true,"href":"https:\/\/www.gesmujer.org\/sitio\/wp-json\/wp\/v2\/comments?post=3143"}],"version-history":[{"count":3,"href":"https:\/\/www.gesmujer.org\/sitio\/wp-json\/wp\/v2\/posts\/3143\/revisions"}],"predecessor-version":[{"id":58681,"href":"https:\/\/www.gesmujer.org\/sitio\/wp-json\/wp\/v2\/posts\/3143\/revisions\/58681"}],"wp:featuredmedia":[{"embeddable":true,"href":"https:\/\/www.gesmujer.org\/sitio\/wp-json\/wp\/v2\/media\/3144"}],"wp:attachment":[{"href":"https:\/\/www.gesmujer.org\/sitio\/wp-json\/wp\/v2\/media?parent=3143"}],"wp:term":[{"taxonomy":"category","embeddable":true,"href":"https:\/\/www.gesmujer.org\/sitio\/wp-json\/wp\/v2\/categories?post=3143"},{"taxonomy":"post_tag","embeddable":true,"href":"https:\/\/www.gesmujer.org\/sitio\/wp-json\/wp\/v2\/tags?post=3143"}],"curies":[{"name":"wp","href":"https:\/\/api.w.org\/{rel}","templated":true}]}}