{"id":3236,"date":"2019-01-30T13:09:08","date_gmt":"2019-01-30T19:09:08","guid":{"rendered":"https:\/\/www.gesmujer.org\/web\/?p=3236"},"modified":"2024-04-05T15:00:59","modified_gmt":"2024-04-05T21:00:59","slug":"piden-al-gobierno-contener-crimenes-contra-mujeres-en-oaxaca","status":"publish","type":"post","link":"https:\/\/www.gesmujer.org\/sitio\/piden-al-gobierno-contener-crimenes-contra-mujeres-en-oaxaca\/","title":{"rendered":"Piden al gobierno contener cr\u00edmenes contra mujeres en Oaxaca"},"content":{"rendered":"<p>Por Yadira Sosa:<\/p>\n<p>Entre el 1 y 29 de enero han sido asesinadas 15 mujeres, la cifra ha aumentado 300% respecto al a\u00f1o pasado.<\/p>\n<p>El titular de la Comisi\u00f3n Iberoamericana de Derechos Humanos para el Desarrollo de las Am\u00e9ricas del Estado y Soberano de Oaxaca, Manuel Guzm\u00e1n Garc\u00eda, pidi\u00f3 a las autoridades asumir su responsabilidad constitucional ante los altos \u00edndices de violencia y los asesinatos de mujeres en lo que va del a\u00f1o en la entidad.<\/p>\n<p>Al considerar alarmante y preocupante que 15 mujeres fueran asesinadas en el primer mes de este a\u00f1o y que en 2018 la violencia tuviera un ascenso en el Estado, el comisionado presidente destac\u00f3 la necesidad de dise\u00f1ar pol\u00edticas p\u00fablicas suficientes para contener esa oleada delictiva que est\u00e1 en crecimiento, a fin de disuadir y prevenir todo tipo de posibilidades de asesinatos contra mujeres.<\/p>\n<p>Guzm\u00e1n Garc\u00eda reconoci\u00f3 que en Oaxaca han aumentado los feminicidios y de otro tipo de delitos graves. Por tal motivo, dijo, \u201ces necesario que las autoridades asuman de inmediato su responsabilidad constitucional, porque la seguridad es un servicio que mandata la propia constituci\u00f3n y no es un favor\u201d.<\/p>\n<p>El representante de los Derechos Humanos insisti\u00f3 en que las autoridades deben actuar de inmediato y propuso dos formas de hacerlo: a trav\u00e9s de una decidida participaci\u00f3n ciudadana en donde se pueda reconstruir el tejido social y una determinante y contundente acci\u00f3n gubernamental para poder reducir la incidencia delictiva a su m\u00e1xima expresi\u00f3n.<\/p>\n<p>Confi\u00f3 en que el Gobierno recurra a sus instancias de seguridad y procuraci\u00f3n para poder dise\u00f1ar los esquemas operativos que m\u00e1s convengan en materia de efectividad, porque no se puede tener a la sociedad en una situaci\u00f3n de zozobra, ni en una condici\u00f3n de violencia permanente donde no solo resulten lesionados, sino hasta muertos o muertas.<\/p>\n<p>\u201cLa calificaci\u00f3n (a las autoridades) se dan solas y desde el momento en que se est\u00e1n manejando esas estad\u00edsticas de violencia, no es bueno\u201d, insisti\u00f3 el comisionado presidente, al mismo tiempo de pedir que no se reduzcan los efectos de la percepci\u00f3n ciudadana.<\/p>\n<p>\u201cNo son solo las redes sociales, porque estas son solo un veh\u00edculo de expresi\u00f3n ciudadana. Si nosotros calificamos la seguridad solo en los t\u00e9rminos estad\u00edsticos que proporciona la autoridad, estaremos haciendo de lado lo que la sociedad est\u00e1 sintiendo y sufriendo\u201d, enfatiz\u00f3.<\/p>\n<p>De esta manera, resalt\u00f3 que debe escucharse el clamor social para que pueda traducirse en un ejercicio responsable de la actividad policial en sus tres niveles de Gobierno, a fin de que pueda haber resultados.<\/p>\n<p>\u201cHa habido inversiones millonarias en el tema de seguridad, y a cambio de ello ha habido resultados mucho muy reducidos en lo que se refiere a la seguridad f\u00edsica y patrimonial de la gente\u201d recalc\u00f3 Guzm\u00e1n Garc\u00eda.<\/p>\n<p>Consider\u00f3 tambi\u00e9n que la procuraci\u00f3n de justicia est\u00e1 colapsada, debido a que act\u00faa o tiene conocimiento ante hechos consumados, y cuyo almacenamiento la rebasan.<\/p>\n<p>\u201cLas autoridades competentes no est\u00e1n haciendo la tarea en la prevenci\u00f3n del delito y los hechos consumados rebasan la procuraci\u00f3n. Se necesita ofrecer resultados de prevenci\u00f3n y que los hechos delictivos no sucedan. La procuraci\u00f3n de justicia no va a tener la capacidad para dar respuestas a tantas carpetas de investigaci\u00f3n, aunado a las denuncias de otro tipo. Es un almacenamiento de denuncias y por eso est\u00e1n rebasados\u201d.<\/p>\n<p><strong>Han matado a 15 desde que inici\u00f3 el a\u00f1o<\/strong><br \/>\nLa mayor\u00eda de las muertes violentas de mujeres en Oaxaca en lo que va del a\u00f1o han sido con armas de fuego, cuyos agresores son desconocidos hasta la fecha, de acuerdo al seguimiento hemerogr\u00e1fico del Centro de Documentaci\u00f3n del Grupo de Estudios sobre la Mujer \u201cRosario Castellanos\u201d.<\/p>\n<p>De las 15 mujeres asesinadas, por las que a la fecha no hay detenidos, 12 murieron por impacto de arma de fuego, una por quemaduras, otra por apu\u00f1alamiento y una m\u00e1s fue calcinada.<\/p>\n<p>La regi\u00f3n que encabeza el mayor n\u00famero de asesinatos es el Istmo de Tehuantepec con cinco casos; le sigue Valles Centrales con cuatro, Papaloapan con tres, Mixteca con dos y Costa con una.<\/p>\n<p>La mayor\u00eda de las v\u00edctimas, con seis casos, ten\u00eda entre 30 y 44 a\u00f1os de edad; tres ten\u00edan entre 15 y 29 a\u00f1os, dos de 60; una de 45 a 59 a\u00f1os; una entre uno y 15 a\u00f1os y en dos casos se desconoce la edad.<\/p>\n<p>La cifra de mujeres asesinadas en lo que va de este a\u00f1o preocupa a las organizaciones sociales y feministas, no solo por la forma en la que han sido asesinadas, sino porque advierte un a\u00f1o que rebasar\u00eda en gran medida las cifras de a\u00f1os anteriores, si las autoridades no hacen algo al respecto.<\/p>\n<p>Y es que en enero de 2017 Oaxaca ten\u00eda un registro de siete asesinatos de mujeres, mientras que en enero de 2018 fue de cinco en el mismo periodo. En este a\u00f1o, con los \u00faltimos registros se estima que una mujer es asesinada cada dos d\u00edas.<\/p>\n<p>En redes sociales, diversos grupos de organizaciones y feministas han mostrado su preocupaci\u00f3n por el n\u00famero de asesinatos en la entidad, donde en los \u00faltimos d\u00edas una mujer fue asesinada y otra m\u00e1s calcinada.<\/p>\n<p>Demandaron atenci\u00f3n inmediata a esta situaci\u00f3n en la entidad, donde el Gobierno federal emiti\u00f3 el 31 de agosto la alerta de g\u00e9nero, enfocada en 40 municipios del Estado.<\/p>\n<p>&nbsp;<\/p>\n<p>Publicaci\u00f3n tomada de\u00a0http:\/\/imparcialoaxaca.mx\/oaxaca\/270921\/piden-al-gobierno-contener-crimenes-contra-mujeres-en-oaxaca\/ .  <!--codes_iframe--><!--\/codes_iframe--><\/p>\n","protected":false},"excerpt":{"rendered":"<p>Por Yadira Sosa: Entre el 1 y 29 de enero han sido asesinadas 15 mujeres, la cifra ha aumentado 300% respecto al a\u00f1o pasado. El titular de la Comisi\u00f3n Iberoamericana de Derechos Humanos para el Desarrollo de las Am\u00e9ricas del Estado y Soberano de Oaxaca, Manuel Guzm\u00e1n Garc\u00eda, pidi\u00f3 a las autoridades asumir su responsabilidad [&hellip;]<\/p>\n","protected":false},"author":4,"featured_media":3237,"comment_status":"closed","ping_status":"open","sticky":false,"template":"","format":"standard","meta":{"give_campaign_id":0,"footnotes":""},"categories":[36,32],"tags":[],"class_list":["post-3236","post","type-post","status-publish","format-standard","has-post-thumbnail","hentry","category-comunicados","category-novedades"],"yoast_head":"<!-- This site is optimized with the Yoast SEO plugin v27.4 - https:\/\/yoast.com\/product\/yoast-seo-wordpress\/ -->\n<title>Piden al gobierno contener cr\u00edmenes contra mujeres en Oaxaca - GESMujer &quot;Rosario Castellanos&quot;<\/title>\n<meta name=\"robots\" content=\"index, follow, max-snippet:-1, max-image-preview:large, max-video-preview:-1\" \/>\n<link rel=\"canonical\" href=\"https:\/\/www.gesmujer.org\/sitio\/piden-al-gobierno-contener-crimenes-contra-mujeres-en-oaxaca\/\" \/>\n<meta property=\"og:locale\" content=\"es_MX\" \/>\n<meta property=\"og:type\" content=\"article\" \/>\n<meta property=\"og:title\" content=\"Piden al gobierno contener cr\u00edmenes contra mujeres en Oaxaca - GESMujer &quot;Rosario Castellanos&quot;\" \/>\n<meta property=\"og:description\" content=\"Por Yadira Sosa: Entre el 1 y 29 de enero han sido asesinadas 15 mujeres, la cifra ha aumentado 300% respecto al a\u00f1o pasado. El titular de la Comisi\u00f3n Iberoamericana de Derechos Humanos para el Desarrollo de las Am\u00e9ricas del Estado y Soberano de Oaxaca, Manuel Guzm\u00e1n Garc\u00eda, pidi\u00f3 a las autoridades asumir su responsabilidad [&hellip;]\" \/>\n<meta property=\"og:url\" content=\"https:\/\/www.gesmujer.org\/sitio\/piden-al-gobierno-contener-crimenes-contra-mujeres-en-oaxaca\/\" \/>\n<meta property=\"og:site_name\" content=\"GESMujer &quot;Rosario Castellanos&quot;\" \/>\n<meta property=\"article:publisher\" content=\"https:\/\/www.facebook.com\/gesmujer.rosario.castellanos.ac\" \/>\n<meta property=\"article:published_time\" content=\"2019-01-30T19:09:08+00:00\" \/>\n<meta property=\"article:modified_time\" content=\"2024-04-05T21:00:59+00:00\" \/>\n<meta property=\"og:image\" content=\"https:\/\/www.gesmujer.org\/sitio\/wp-content\/uploads\/2019\/01\/FLOR-1.jpg\" \/>\n\t<meta property=\"og:image:width\" content=\"900\" \/>\n\t<meta property=\"og:image:height\" content=\"500\" \/>\n\t<meta property=\"og:image:type\" content=\"image\/jpeg\" \/>\n<meta name=\"author\" content=\"cendoc\" \/>\n<meta name=\"twitter:card\" content=\"summary_large_image\" \/>\n<meta name=\"twitter:creator\" content=\"@GES_Mujer\" \/>\n<meta name=\"twitter:site\" content=\"@GES_Mujer\" \/>\n<meta name=\"twitter:label1\" content=\"Escrito por\" \/>\n\t<meta name=\"twitter:data1\" content=\"cendoc\" \/>\n\t<meta name=\"twitter:label2\" content=\"Tiempo de lectura\" \/>\n\t<meta name=\"twitter:data2\" content=\"5 minutos\" \/>\n<script type=\"application\/ld+json\" class=\"yoast-schema-graph\">{\"@context\":\"https:\\\/\\\/schema.org\",\"@graph\":[{\"@type\":\"Article\",\"@id\":\"https:\\\/\\\/www.gesmujer.org\\\/sitio\\\/piden-al-gobierno-contener-crimenes-contra-mujeres-en-oaxaca\\\/#article\",\"isPartOf\":{\"@id\":\"https:\\\/\\\/www.gesmujer.org\\\/sitio\\\/piden-al-gobierno-contener-crimenes-contra-mujeres-en-oaxaca\\\/\"},\"author\":{\"name\":\"cendoc\",\"@id\":\"https:\\\/\\\/www.gesmujer.org\\\/sitio\\\/#\\\/schema\\\/person\\\/50e03387f883646c2714c51783a7e288\"},\"headline\":\"Piden al gobierno contener cr\u00edmenes contra mujeres en Oaxaca\",\"datePublished\":\"2019-01-30T19:09:08+00:00\",\"dateModified\":\"2024-04-05T21:00:59+00:00\",\"mainEntityOfPage\":{\"@id\":\"https:\\\/\\\/www.gesmujer.org\\\/sitio\\\/piden-al-gobierno-contener-crimenes-contra-mujeres-en-oaxaca\\\/\"},\"wordCount\":948,\"publisher\":{\"@id\":\"https:\\\/\\\/www.gesmujer.org\\\/sitio\\\/#organization\"},\"image\":{\"@id\":\"https:\\\/\\\/www.gesmujer.org\\\/sitio\\\/piden-al-gobierno-contener-crimenes-contra-mujeres-en-oaxaca\\\/#primaryimage\"},\"thumbnailUrl\":\"https:\\\/\\\/www.gesmujer.org\\\/sitio\\\/wp-content\\\/uploads\\\/2019\\\/01\\\/FLOR-1.jpg\",\"articleSection\":[\"COMUNICADOS\",\"NOTICIAS\"],\"inLanguage\":\"es\"},{\"@type\":\"WebPage\",\"@id\":\"https:\\\/\\\/www.gesmujer.org\\\/sitio\\\/piden-al-gobierno-contener-crimenes-contra-mujeres-en-oaxaca\\\/\",\"url\":\"https:\\\/\\\/www.gesmujer.org\\\/sitio\\\/piden-al-gobierno-contener-crimenes-contra-mujeres-en-oaxaca\\\/\",\"name\":\"Piden al gobierno contener cr\u00edmenes contra mujeres en Oaxaca - GESMujer &quot;Rosario Castellanos&quot;\",\"isPartOf\":{\"@id\":\"https:\\\/\\\/www.gesmujer.org\\\/sitio\\\/#website\"},\"primaryImageOfPage\":{\"@id\":\"https:\\\/\\\/www.gesmujer.org\\\/sitio\\\/piden-al-gobierno-contener-crimenes-contra-mujeres-en-oaxaca\\\/#primaryimage\"},\"image\":{\"@id\":\"https:\\\/\\\/www.gesmujer.org\\\/sitio\\\/piden-al-gobierno-contener-crimenes-contra-mujeres-en-oaxaca\\\/#primaryimage\"},\"thumbnailUrl\":\"https:\\\/\\\/www.gesmujer.org\\\/sitio\\\/wp-content\\\/uploads\\\/2019\\\/01\\\/FLOR-1.jpg\",\"datePublished\":\"2019-01-30T19:09:08+00:00\",\"dateModified\":\"2024-04-05T21:00:59+00:00\",\"breadcrumb\":{\"@id\":\"https:\\\/\\\/www.gesmujer.org\\\/sitio\\\/piden-al-gobierno-contener-crimenes-contra-mujeres-en-oaxaca\\\/#breadcrumb\"},\"inLanguage\":\"es\",\"potentialAction\":[{\"@type\":\"ReadAction\",\"target\":[\"https:\\\/\\\/www.gesmujer.org\\\/sitio\\\/piden-al-gobierno-contener-crimenes-contra-mujeres-en-oaxaca\\\/\"]}]},{\"@type\":\"ImageObject\",\"inLanguage\":\"es\",\"@id\":\"https:\\\/\\\/www.gesmujer.org\\\/sitio\\\/piden-al-gobierno-contener-crimenes-contra-mujeres-en-oaxaca\\\/#primaryimage\",\"url\":\"https:\\\/\\\/www.gesmujer.org\\\/sitio\\\/wp-content\\\/uploads\\\/2019\\\/01\\\/FLOR-1.jpg\",\"contentUrl\":\"https:\\\/\\\/www.gesmujer.org\\\/sitio\\\/wp-content\\\/uploads\\\/2019\\\/01\\\/FLOR-1.jpg\",\"width\":900,\"height\":500},{\"@type\":\"BreadcrumbList\",\"@id\":\"https:\\\/\\\/www.gesmujer.org\\\/sitio\\\/piden-al-gobierno-contener-crimenes-contra-mujeres-en-oaxaca\\\/#breadcrumb\",\"itemListElement\":[{\"@type\":\"ListItem\",\"position\":1,\"name\":\"Home\",\"item\":\"https:\\\/\\\/www.gesmujer.org\\\/sitio\\\/\"},{\"@type\":\"ListItem\",\"position\":2,\"name\":\"Piden al gobierno contener cr\u00edmenes contra mujeres en Oaxaca\"}]},{\"@type\":\"WebSite\",\"@id\":\"https:\\\/\\\/www.gesmujer.org\\\/sitio\\\/#website\",\"url\":\"https:\\\/\\\/www.gesmujer.org\\\/sitio\\\/\",\"name\":\"GESMujer \\\"Rosario Castellanos\\\"\",\"description\":\"M\u00e1s de 45 a\u00f1os ha llevado a cabo acciones para erradicar la violencia de g\u00e9nero y construir entornos donde las mujeres encuentren su resiliencia, incrementen su agencia y autonom\u00eda que les permita lograr su empoderamiento a trav\u00e9s de cinco l\u00edneas de acci\u00f3n.\",\"publisher\":{\"@id\":\"https:\\\/\\\/www.gesmujer.org\\\/sitio\\\/#organization\"},\"alternateName\":\"GESMujer\",\"potentialAction\":[{\"@type\":\"SearchAction\",\"target\":{\"@type\":\"EntryPoint\",\"urlTemplate\":\"https:\\\/\\\/www.gesmujer.org\\\/sitio\\\/?s={search_term_string}\"},\"query-input\":{\"@type\":\"PropertyValueSpecification\",\"valueRequired\":true,\"valueName\":\"search_term_string\"}}],\"inLanguage\":\"es\"},{\"@type\":\"Organization\",\"@id\":\"https:\\\/\\\/www.gesmujer.org\\\/sitio\\\/#organization\",\"name\":\"Grupo de estudios sobre la mujer Rosario Castellanos ac\",\"alternateName\":\"GESMujer\",\"url\":\"https:\\\/\\\/www.gesmujer.org\\\/sitio\\\/\",\"logo\":{\"@type\":\"ImageObject\",\"inLanguage\":\"es\",\"@id\":\"https:\\\/\\\/www.gesmujer.org\\\/sitio\\\/#\\\/schema\\\/logo\\\/image\\\/\",\"url\":\"https:\\\/\\\/www.gesmujer.org\\\/sitio\\\/wp-content\\\/uploads\\\/2026\\\/03\\\/Logo-GESMujer-300.png\",\"contentUrl\":\"https:\\\/\\\/www.gesmujer.org\\\/sitio\\\/wp-content\\\/uploads\\\/2026\\\/03\\\/Logo-GESMujer-300.png\",\"width\":300,\"height\":141,\"caption\":\"Grupo de estudios sobre la mujer Rosario Castellanos ac\"},\"image\":{\"@id\":\"https:\\\/\\\/www.gesmujer.org\\\/sitio\\\/#\\\/schema\\\/logo\\\/image\\\/\"},\"sameAs\":[\"https:\\\/\\\/www.facebook.com\\\/gesmujer.rosario.castellanos.ac\",\"https:\\\/\\\/x.com\\\/GES_Mujer\",\"https:\\\/\\\/www.instagram.com\\\/ges_mujer\\\/?hl=es\",\"https:\\\/\\\/www.youtube.com\\\/c\\\/GESMujerRosarioCastellanos\\\/videos\",\"https:\\\/\\\/soundcloud.com\\\/gesmujerac\",\"https:\\\/\\\/www.tiktok.com\\\/@gesmujer\"]},{\"@type\":\"Person\",\"@id\":\"https:\\\/\\\/www.gesmujer.org\\\/sitio\\\/#\\\/schema\\\/person\\\/50e03387f883646c2714c51783a7e288\",\"name\":\"cendoc\",\"image\":{\"@type\":\"ImageObject\",\"inLanguage\":\"es\",\"@id\":\"https:\\\/\\\/secure.gravatar.com\\\/avatar\\\/2f187338ccb33c33bc1b08e92e2247a6891db221398e12bbc0f5ff0cfc462495?s=96&d=mm&r=g\",\"url\":\"https:\\\/\\\/secure.gravatar.com\\\/avatar\\\/2f187338ccb33c33bc1b08e92e2247a6891db221398e12bbc0f5ff0cfc462495?s=96&d=mm&r=g\",\"contentUrl\":\"https:\\\/\\\/secure.gravatar.com\\\/avatar\\\/2f187338ccb33c33bc1b08e92e2247a6891db221398e12bbc0f5ff0cfc462495?s=96&d=mm&r=g\",\"caption\":\"cendoc\"},\"sameAs\":[\"http:\\\/\\\/gesmujer.org\"],\"url\":\"https:\\\/\\\/www.gesmujer.org\\\/sitio\\\/author\\\/cendoc\\\/\"}]}<\/script>\n<!-- \/ Yoast SEO plugin. -->","yoast_head_json":{"title":"Piden al gobierno contener cr\u00edmenes contra mujeres en Oaxaca - GESMujer &quot;Rosario Castellanos&quot;","robots":{"index":"index","follow":"follow","max-snippet":"max-snippet:-1","max-image-preview":"max-image-preview:large","max-video-preview":"max-video-preview:-1"},"canonical":"https:\/\/www.gesmujer.org\/sitio\/piden-al-gobierno-contener-crimenes-contra-mujeres-en-oaxaca\/","og_locale":"es_MX","og_type":"article","og_title":"Piden al gobierno contener cr\u00edmenes contra mujeres en Oaxaca - GESMujer &quot;Rosario Castellanos&quot;","og_description":"Por Yadira Sosa: Entre el 1 y 29 de enero han sido asesinadas 15 mujeres, la cifra ha aumentado 300% respecto al a\u00f1o pasado. El titular de la Comisi\u00f3n Iberoamericana de Derechos Humanos para el Desarrollo de las Am\u00e9ricas del Estado y Soberano de Oaxaca, Manuel Guzm\u00e1n Garc\u00eda, pidi\u00f3 a las autoridades asumir su responsabilidad [&hellip;]","og_url":"https:\/\/www.gesmujer.org\/sitio\/piden-al-gobierno-contener-crimenes-contra-mujeres-en-oaxaca\/","og_site_name":"GESMujer &quot;Rosario Castellanos&quot;","article_publisher":"https:\/\/www.facebook.com\/gesmujer.rosario.castellanos.ac","article_published_time":"2019-01-30T19:09:08+00:00","article_modified_time":"2024-04-05T21:00:59+00:00","og_image":[{"width":900,"height":500,"url":"https:\/\/www.gesmujer.org\/sitio\/wp-content\/uploads\/2019\/01\/FLOR-1.jpg","type":"image\/jpeg"}],"author":"cendoc","twitter_card":"summary_large_image","twitter_creator":"@GES_Mujer","twitter_site":"@GES_Mujer","twitter_misc":{"Escrito por":"cendoc","Tiempo de lectura":"5 minutos"},"schema":{"@context":"https:\/\/schema.org","@graph":[{"@type":"Article","@id":"https:\/\/www.gesmujer.org\/sitio\/piden-al-gobierno-contener-crimenes-contra-mujeres-en-oaxaca\/#article","isPartOf":{"@id":"https:\/\/www.gesmujer.org\/sitio\/piden-al-gobierno-contener-crimenes-contra-mujeres-en-oaxaca\/"},"author":{"name":"cendoc","@id":"https:\/\/www.gesmujer.org\/sitio\/#\/schema\/person\/50e03387f883646c2714c51783a7e288"},"headline":"Piden al gobierno contener cr\u00edmenes contra mujeres en Oaxaca","datePublished":"2019-01-30T19:09:08+00:00","dateModified":"2024-04-05T21:00:59+00:00","mainEntityOfPage":{"@id":"https:\/\/www.gesmujer.org\/sitio\/piden-al-gobierno-contener-crimenes-contra-mujeres-en-oaxaca\/"},"wordCount":948,"publisher":{"@id":"https:\/\/www.gesmujer.org\/sitio\/#organization"},"image":{"@id":"https:\/\/www.gesmujer.org\/sitio\/piden-al-gobierno-contener-crimenes-contra-mujeres-en-oaxaca\/#primaryimage"},"thumbnailUrl":"https:\/\/www.gesmujer.org\/sitio\/wp-content\/uploads\/2019\/01\/FLOR-1.jpg","articleSection":["COMUNICADOS","NOTICIAS"],"inLanguage":"es"},{"@type":"WebPage","@id":"https:\/\/www.gesmujer.org\/sitio\/piden-al-gobierno-contener-crimenes-contra-mujeres-en-oaxaca\/","url":"https:\/\/www.gesmujer.org\/sitio\/piden-al-gobierno-contener-crimenes-contra-mujeres-en-oaxaca\/","name":"Piden al gobierno contener cr\u00edmenes contra mujeres en Oaxaca - GESMujer &quot;Rosario Castellanos&quot;","isPartOf":{"@id":"https:\/\/www.gesmujer.org\/sitio\/#website"},"primaryImageOfPage":{"@id":"https:\/\/www.gesmujer.org\/sitio\/piden-al-gobierno-contener-crimenes-contra-mujeres-en-oaxaca\/#primaryimage"},"image":{"@id":"https:\/\/www.gesmujer.org\/sitio\/piden-al-gobierno-contener-crimenes-contra-mujeres-en-oaxaca\/#primaryimage"},"thumbnailUrl":"https:\/\/www.gesmujer.org\/sitio\/wp-content\/uploads\/2019\/01\/FLOR-1.jpg","datePublished":"2019-01-30T19:09:08+00:00","dateModified":"2024-04-05T21:00:59+00:00","breadcrumb":{"@id":"https:\/\/www.gesmujer.org\/sitio\/piden-al-gobierno-contener-crimenes-contra-mujeres-en-oaxaca\/#breadcrumb"},"inLanguage":"es","potentialAction":[{"@type":"ReadAction","target":["https:\/\/www.gesmujer.org\/sitio\/piden-al-gobierno-contener-crimenes-contra-mujeres-en-oaxaca\/"]}]},{"@type":"ImageObject","inLanguage":"es","@id":"https:\/\/www.gesmujer.org\/sitio\/piden-al-gobierno-contener-crimenes-contra-mujeres-en-oaxaca\/#primaryimage","url":"https:\/\/www.gesmujer.org\/sitio\/wp-content\/uploads\/2019\/01\/FLOR-1.jpg","contentUrl":"https:\/\/www.gesmujer.org\/sitio\/wp-content\/uploads\/2019\/01\/FLOR-1.jpg","width":900,"height":500},{"@type":"BreadcrumbList","@id":"https:\/\/www.gesmujer.org\/sitio\/piden-al-gobierno-contener-crimenes-contra-mujeres-en-oaxaca\/#breadcrumb","itemListElement":[{"@type":"ListItem","position":1,"name":"Home","item":"https:\/\/www.gesmujer.org\/sitio\/"},{"@type":"ListItem","position":2,"name":"Piden al gobierno contener cr\u00edmenes contra mujeres en Oaxaca"}]},{"@type":"WebSite","@id":"https:\/\/www.gesmujer.org\/sitio\/#website","url":"https:\/\/www.gesmujer.org\/sitio\/","name":"GESMujer \"Rosario Castellanos\"","description":"M\u00e1s de 45 a\u00f1os ha llevado a cabo acciones para erradicar la violencia de g\u00e9nero y construir entornos donde las mujeres encuentren su resiliencia, incrementen su agencia y autonom\u00eda que les permita lograr su empoderamiento a trav\u00e9s de cinco l\u00edneas de acci\u00f3n.","publisher":{"@id":"https:\/\/www.gesmujer.org\/sitio\/#organization"},"alternateName":"GESMujer","potentialAction":[{"@type":"SearchAction","target":{"@type":"EntryPoint","urlTemplate":"https:\/\/www.gesmujer.org\/sitio\/?s={search_term_string}"},"query-input":{"@type":"PropertyValueSpecification","valueRequired":true,"valueName":"search_term_string"}}],"inLanguage":"es"},{"@type":"Organization","@id":"https:\/\/www.gesmujer.org\/sitio\/#organization","name":"Grupo de estudios sobre la mujer Rosario Castellanos ac","alternateName":"GESMujer","url":"https:\/\/www.gesmujer.org\/sitio\/","logo":{"@type":"ImageObject","inLanguage":"es","@id":"https:\/\/www.gesmujer.org\/sitio\/#\/schema\/logo\/image\/","url":"https:\/\/www.gesmujer.org\/sitio\/wp-content\/uploads\/2026\/03\/Logo-GESMujer-300.png","contentUrl":"https:\/\/www.gesmujer.org\/sitio\/wp-content\/uploads\/2026\/03\/Logo-GESMujer-300.png","width":300,"height":141,"caption":"Grupo de estudios sobre la mujer Rosario Castellanos ac"},"image":{"@id":"https:\/\/www.gesmujer.org\/sitio\/#\/schema\/logo\/image\/"},"sameAs":["https:\/\/www.facebook.com\/gesmujer.rosario.castellanos.ac","https:\/\/x.com\/GES_Mujer","https:\/\/www.instagram.com\/ges_mujer\/?hl=es","https:\/\/www.youtube.com\/c\/GESMujerRosarioCastellanos\/videos","https:\/\/soundcloud.com\/gesmujerac","https:\/\/www.tiktok.com\/@gesmujer"]},{"@type":"Person","@id":"https:\/\/www.gesmujer.org\/sitio\/#\/schema\/person\/50e03387f883646c2714c51783a7e288","name":"cendoc","image":{"@type":"ImageObject","inLanguage":"es","@id":"https:\/\/secure.gravatar.com\/avatar\/2f187338ccb33c33bc1b08e92e2247a6891db221398e12bbc0f5ff0cfc462495?s=96&d=mm&r=g","url":"https:\/\/secure.gravatar.com\/avatar\/2f187338ccb33c33bc1b08e92e2247a6891db221398e12bbc0f5ff0cfc462495?s=96&d=mm&r=g","contentUrl":"https:\/\/secure.gravatar.com\/avatar\/2f187338ccb33c33bc1b08e92e2247a6891db221398e12bbc0f5ff0cfc462495?s=96&d=mm&r=g","caption":"cendoc"},"sameAs":["http:\/\/gesmujer.org"],"url":"https:\/\/www.gesmujer.org\/sitio\/author\/cendoc\/"}]}},"_links":{"self":[{"href":"https:\/\/www.gesmujer.org\/sitio\/wp-json\/wp\/v2\/posts\/3236","targetHints":{"allow":["GET"]}}],"collection":[{"href":"https:\/\/www.gesmujer.org\/sitio\/wp-json\/wp\/v2\/posts"}],"about":[{"href":"https:\/\/www.gesmujer.org\/sitio\/wp-json\/wp\/v2\/types\/post"}],"author":[{"embeddable":true,"href":"https:\/\/www.gesmujer.org\/sitio\/wp-json\/wp\/v2\/users\/4"}],"replies":[{"embeddable":true,"href":"https:\/\/www.gesmujer.org\/sitio\/wp-json\/wp\/v2\/comments?post=3236"}],"version-history":[{"count":5,"href":"https:\/\/www.gesmujer.org\/sitio\/wp-json\/wp\/v2\/posts\/3236\/revisions"}],"predecessor-version":[{"id":58709,"href":"https:\/\/www.gesmujer.org\/sitio\/wp-json\/wp\/v2\/posts\/3236\/revisions\/58709"}],"wp:featuredmedia":[{"embeddable":true,"href":"https:\/\/www.gesmujer.org\/sitio\/wp-json\/wp\/v2\/media\/3237"}],"wp:attachment":[{"href":"https:\/\/www.gesmujer.org\/sitio\/wp-json\/wp\/v2\/media?parent=3236"}],"wp:term":[{"taxonomy":"category","embeddable":true,"href":"https:\/\/www.gesmujer.org\/sitio\/wp-json\/wp\/v2\/categories?post=3236"},{"taxonomy":"post_tag","embeddable":true,"href":"https:\/\/www.gesmujer.org\/sitio\/wp-json\/wp\/v2\/tags?post=3236"}],"curies":[{"name":"wp","href":"https:\/\/api.w.org\/{rel}","templated":true}]}}