{"id":3327,"date":"2019-04-15T07:08:27","date_gmt":"2019-04-15T13:08:27","guid":{"rendered":"https:\/\/www.gesmujer.org\/web\/?p=3327"},"modified":"2024-04-05T15:01:19","modified_gmt":"2024-04-05T21:01:19","slug":"este-ano-mas-violento-que-los-dos-anteriores-gesmujer","status":"publish","type":"post","link":"https:\/\/www.gesmujer.org\/sitio\/este-ano-mas-violento-que-los-dos-anteriores-gesmujer\/","title":{"rendered":"Este a\u00f1o m\u00e1s violento que los dos anteriores: GesMujer"},"content":{"rendered":"<p>SemM\u00e9xico, Oaxaca, 15 abril 2019.- Treinta y cuatro mujeres han sido asesinadas en el transcurso del a\u00f1o, lo que eleva a 283 cr\u00edmenes por raz\u00f3n de g\u00e9nero en lo que va del gobierno de Alejandro Murat, que inici\u00f3 en diciembre de 2016, report\u00f3 el Centro de Documentaci\u00f3n del Grupo de Estudios sobre la Mujer \u201cRosario Castellanos\u201d (GesMujer).<\/p>\n<p>En su m\u00e1s reciente estad\u00edstica hemerogr\u00e1fica la asociaci\u00f3n civil precisa que las regiones de los Valles Centrales e Istmo de Tehuantepec se han registrado 62 y 50 homicidios. En la Costa 47, Cuenca del Papaloapan 45, Mixteca 40, Sierra Sur 20, Sierra Norte 11 y Ca\u00f1ada, ocho.<\/p>\n<p>De los 34 homicidios del a\u00f1o, el Papaloapan es la que presenta el mayor n\u00famero de asesinatos con ocho, seguido por Valles Centrales y el Istmo de Tehuantepec con siete cada uno, la Mixteca (seis), la Costa (cinco) y la Sierra Norte (uno).<\/p>\n<p>Por edad, el Centro de documentaci\u00f3n inform\u00f3 que 10 casos fueron en mujeres de 15 a 29 a\u00f1os de edad e igual n\u00famero en mujer de 30 a 44 a\u00f1os; en ocho se desconoce la edad de la v\u00edctima; cuatro feminicidios ocurrieron en mujeres de 60 y m\u00e1s a\u00f1os de edad, y un asesinato violento en el rango de uno a 15 a\u00f1os y otro m\u00e1s de 45 a 59.<\/p>\n<p>Mientras que las autoridades no precisaron en 31 de los casos quien hab\u00eda sido el agresor, en dos de los asesinatos ubicaron a la pareja de la mujer como el agresor y en uno al vecino.<\/p>\n<p>En relaci\u00f3n a las armas utilizadas: 27 mujeres fueron asesinadas con arma de fuego, una por quemaduras, una por calcinamiento y otra por pu\u00f1aladas, del resto se desconoce la forma en la que muri\u00f3.<\/p>\n<p>Al comparar los datos de 2019, con relaci\u00f3n a los dos a\u00f1os anteriores, GesMujer encontr\u00f3 que en enero de este a\u00f1o, por ejemplo, se han cometido m\u00e1s asesinatos violentos: 15, mientras que en el mismo mes, pero de 2017 y 2018, estos fueron siete y cuatro asesinatos, respectivamente.<\/p>\n<p>El 31 de agosto de 2018, la Secretar\u00eda de Gobernaci\u00f3n emiti\u00f3 la Alerta de Violencia de G\u00e9nero en 40 municipios de Oaxaca.  <!--codes_iframe--><!--\/codes_iframe--><\/p>\n","protected":false},"excerpt":{"rendered":"<p>SemM\u00e9xico, Oaxaca, 15 abril 2019.- Treinta y cuatro mujeres han sido asesinadas en el transcurso del a\u00f1o, lo que eleva a 283 cr\u00edmenes por raz\u00f3n de g\u00e9nero en lo que va del gobierno de Alejandro Murat, que inici\u00f3 en diciembre de 2016, report\u00f3 el Centro de Documentaci\u00f3n del Grupo de Estudios sobre la Mujer \u201cRosario [&hellip;]<\/p>\n","protected":false},"author":4,"featured_media":3328,"comment_status":"closed","ping_status":"open","sticky":false,"template":"","format":"standard","meta":{"give_campaign_id":0,"footnotes":""},"categories":[36,32],"tags":[],"class_list":["post-3327","post","type-post","status-publish","format-standard","has-post-thumbnail","hentry","category-comunicados","category-novedades"],"yoast_head":"<!-- This site is optimized with the Yoast SEO plugin v27.4 - https:\/\/yoast.com\/product\/yoast-seo-wordpress\/ -->\n<title>Este a\u00f1o m\u00e1s violento que los dos anteriores: GesMujer - GESMujer &quot;Rosario Castellanos&quot;<\/title>\n<meta name=\"robots\" content=\"index, follow, max-snippet:-1, max-image-preview:large, max-video-preview:-1\" \/>\n<link rel=\"canonical\" href=\"https:\/\/www.gesmujer.org\/sitio\/este-ano-mas-violento-que-los-dos-anteriores-gesmujer\/\" \/>\n<meta property=\"og:locale\" content=\"es_MX\" \/>\n<meta property=\"og:type\" content=\"article\" \/>\n<meta property=\"og:title\" content=\"Este a\u00f1o m\u00e1s violento que los dos anteriores: GesMujer - GESMujer &quot;Rosario Castellanos&quot;\" \/>\n<meta property=\"og:description\" content=\"SemM\u00e9xico, Oaxaca, 15 abril 2019.- Treinta y cuatro mujeres han sido asesinadas en el transcurso del a\u00f1o, lo que eleva a 283 cr\u00edmenes por raz\u00f3n de g\u00e9nero en lo que va del gobierno de Alejandro Murat, que inici\u00f3 en diciembre de 2016, report\u00f3 el Centro de Documentaci\u00f3n del Grupo de Estudios sobre la Mujer \u201cRosario [&hellip;]\" \/>\n<meta property=\"og:url\" content=\"https:\/\/www.gesmujer.org\/sitio\/este-ano-mas-violento-que-los-dos-anteriores-gesmujer\/\" \/>\n<meta property=\"og:site_name\" content=\"GESMujer &quot;Rosario Castellanos&quot;\" \/>\n<meta property=\"article:publisher\" content=\"https:\/\/www.facebook.com\/gesmujer.rosario.castellanos.ac\" \/>\n<meta property=\"article:published_time\" content=\"2019-04-15T13:08:27+00:00\" \/>\n<meta property=\"article:modified_time\" content=\"2024-04-05T21:01:19+00:00\" \/>\n<meta property=\"og:image\" content=\"https:\/\/www.gesmujer.org\/sitio\/wp-content\/uploads\/2019\/04\/violento.jpg\" \/>\n\t<meta property=\"og:image:width\" content=\"1080\" \/>\n\t<meta property=\"og:image:height\" content=\"566\" \/>\n\t<meta property=\"og:image:type\" content=\"image\/jpeg\" \/>\n<meta name=\"author\" content=\"cendoc\" \/>\n<meta name=\"twitter:card\" content=\"summary_large_image\" \/>\n<meta name=\"twitter:creator\" content=\"@GES_Mujer\" \/>\n<meta name=\"twitter:site\" content=\"@GES_Mujer\" \/>\n<meta name=\"twitter:label1\" content=\"Escrito por\" \/>\n\t<meta name=\"twitter:data1\" content=\"cendoc\" \/>\n\t<meta name=\"twitter:label2\" content=\"Tiempo de lectura\" \/>\n\t<meta name=\"twitter:data2\" content=\"2 minutos\" \/>\n<script type=\"application\/ld+json\" class=\"yoast-schema-graph\">{\"@context\":\"https:\\\/\\\/schema.org\",\"@graph\":[{\"@type\":\"Article\",\"@id\":\"https:\\\/\\\/www.gesmujer.org\\\/sitio\\\/este-ano-mas-violento-que-los-dos-anteriores-gesmujer\\\/#article\",\"isPartOf\":{\"@id\":\"https:\\\/\\\/www.gesmujer.org\\\/sitio\\\/este-ano-mas-violento-que-los-dos-anteriores-gesmujer\\\/\"},\"author\":{\"name\":\"cendoc\",\"@id\":\"https:\\\/\\\/www.gesmujer.org\\\/sitio\\\/#\\\/schema\\\/person\\\/50e03387f883646c2714c51783a7e288\"},\"headline\":\"Este a\u00f1o m\u00e1s violento que los dos anteriores: GesMujer\",\"datePublished\":\"2019-04-15T13:08:27+00:00\",\"dateModified\":\"2024-04-05T21:01:19+00:00\",\"mainEntityOfPage\":{\"@id\":\"https:\\\/\\\/www.gesmujer.org\\\/sitio\\\/este-ano-mas-violento-que-los-dos-anteriores-gesmujer\\\/\"},\"wordCount\":371,\"publisher\":{\"@id\":\"https:\\\/\\\/www.gesmujer.org\\\/sitio\\\/#organization\"},\"image\":{\"@id\":\"https:\\\/\\\/www.gesmujer.org\\\/sitio\\\/este-ano-mas-violento-que-los-dos-anteriores-gesmujer\\\/#primaryimage\"},\"thumbnailUrl\":\"https:\\\/\\\/www.gesmujer.org\\\/sitio\\\/wp-content\\\/uploads\\\/2019\\\/04\\\/violento.jpg\",\"articleSection\":[\"COMUNICADOS\",\"NOTICIAS\"],\"inLanguage\":\"es\"},{\"@type\":\"WebPage\",\"@id\":\"https:\\\/\\\/www.gesmujer.org\\\/sitio\\\/este-ano-mas-violento-que-los-dos-anteriores-gesmujer\\\/\",\"url\":\"https:\\\/\\\/www.gesmujer.org\\\/sitio\\\/este-ano-mas-violento-que-los-dos-anteriores-gesmujer\\\/\",\"name\":\"Este a\u00f1o m\u00e1s violento que los dos anteriores: GesMujer - GESMujer &quot;Rosario Castellanos&quot;\",\"isPartOf\":{\"@id\":\"https:\\\/\\\/www.gesmujer.org\\\/sitio\\\/#website\"},\"primaryImageOfPage\":{\"@id\":\"https:\\\/\\\/www.gesmujer.org\\\/sitio\\\/este-ano-mas-violento-que-los-dos-anteriores-gesmujer\\\/#primaryimage\"},\"image\":{\"@id\":\"https:\\\/\\\/www.gesmujer.org\\\/sitio\\\/este-ano-mas-violento-que-los-dos-anteriores-gesmujer\\\/#primaryimage\"},\"thumbnailUrl\":\"https:\\\/\\\/www.gesmujer.org\\\/sitio\\\/wp-content\\\/uploads\\\/2019\\\/04\\\/violento.jpg\",\"datePublished\":\"2019-04-15T13:08:27+00:00\",\"dateModified\":\"2024-04-05T21:01:19+00:00\",\"breadcrumb\":{\"@id\":\"https:\\\/\\\/www.gesmujer.org\\\/sitio\\\/este-ano-mas-violento-que-los-dos-anteriores-gesmujer\\\/#breadcrumb\"},\"inLanguage\":\"es\",\"potentialAction\":[{\"@type\":\"ReadAction\",\"target\":[\"https:\\\/\\\/www.gesmujer.org\\\/sitio\\\/este-ano-mas-violento-que-los-dos-anteriores-gesmujer\\\/\"]}]},{\"@type\":\"ImageObject\",\"inLanguage\":\"es\",\"@id\":\"https:\\\/\\\/www.gesmujer.org\\\/sitio\\\/este-ano-mas-violento-que-los-dos-anteriores-gesmujer\\\/#primaryimage\",\"url\":\"https:\\\/\\\/www.gesmujer.org\\\/sitio\\\/wp-content\\\/uploads\\\/2019\\\/04\\\/violento.jpg\",\"contentUrl\":\"https:\\\/\\\/www.gesmujer.org\\\/sitio\\\/wp-content\\\/uploads\\\/2019\\\/04\\\/violento.jpg\",\"width\":1080,\"height\":566},{\"@type\":\"BreadcrumbList\",\"@id\":\"https:\\\/\\\/www.gesmujer.org\\\/sitio\\\/este-ano-mas-violento-que-los-dos-anteriores-gesmujer\\\/#breadcrumb\",\"itemListElement\":[{\"@type\":\"ListItem\",\"position\":1,\"name\":\"Home\",\"item\":\"https:\\\/\\\/www.gesmujer.org\\\/sitio\\\/\"},{\"@type\":\"ListItem\",\"position\":2,\"name\":\"Este a\u00f1o m\u00e1s violento que los dos anteriores: GesMujer\"}]},{\"@type\":\"WebSite\",\"@id\":\"https:\\\/\\\/www.gesmujer.org\\\/sitio\\\/#website\",\"url\":\"https:\\\/\\\/www.gesmujer.org\\\/sitio\\\/\",\"name\":\"GESMujer \\\"Rosario Castellanos\\\"\",\"description\":\"M\u00e1s de 45 a\u00f1os ha llevado a cabo acciones para erradicar la violencia de g\u00e9nero y construir entornos donde las mujeres encuentren su resiliencia, incrementen su agencia y autonom\u00eda que les permita lograr su empoderamiento a trav\u00e9s de cinco l\u00edneas de acci\u00f3n.\",\"publisher\":{\"@id\":\"https:\\\/\\\/www.gesmujer.org\\\/sitio\\\/#organization\"},\"alternateName\":\"GESMujer\",\"potentialAction\":[{\"@type\":\"SearchAction\",\"target\":{\"@type\":\"EntryPoint\",\"urlTemplate\":\"https:\\\/\\\/www.gesmujer.org\\\/sitio\\\/?s={search_term_string}\"},\"query-input\":{\"@type\":\"PropertyValueSpecification\",\"valueRequired\":true,\"valueName\":\"search_term_string\"}}],\"inLanguage\":\"es\"},{\"@type\":\"Organization\",\"@id\":\"https:\\\/\\\/www.gesmujer.org\\\/sitio\\\/#organization\",\"name\":\"Grupo de estudios sobre la mujer Rosario Castellanos ac\",\"alternateName\":\"GESMujer\",\"url\":\"https:\\\/\\\/www.gesmujer.org\\\/sitio\\\/\",\"logo\":{\"@type\":\"ImageObject\",\"inLanguage\":\"es\",\"@id\":\"https:\\\/\\\/www.gesmujer.org\\\/sitio\\\/#\\\/schema\\\/logo\\\/image\\\/\",\"url\":\"https:\\\/\\\/www.gesmujer.org\\\/sitio\\\/wp-content\\\/uploads\\\/2026\\\/03\\\/Logo-GESMujer-300.png\",\"contentUrl\":\"https:\\\/\\\/www.gesmujer.org\\\/sitio\\\/wp-content\\\/uploads\\\/2026\\\/03\\\/Logo-GESMujer-300.png\",\"width\":300,\"height\":141,\"caption\":\"Grupo de estudios sobre la mujer Rosario Castellanos ac\"},\"image\":{\"@id\":\"https:\\\/\\\/www.gesmujer.org\\\/sitio\\\/#\\\/schema\\\/logo\\\/image\\\/\"},\"sameAs\":[\"https:\\\/\\\/www.facebook.com\\\/gesmujer.rosario.castellanos.ac\",\"https:\\\/\\\/x.com\\\/GES_Mujer\",\"https:\\\/\\\/www.instagram.com\\\/ges_mujer\\\/?hl=es\",\"https:\\\/\\\/www.youtube.com\\\/c\\\/GESMujerRosarioCastellanos\\\/videos\",\"https:\\\/\\\/soundcloud.com\\\/gesmujerac\",\"https:\\\/\\\/www.tiktok.com\\\/@gesmujer\"]},{\"@type\":\"Person\",\"@id\":\"https:\\\/\\\/www.gesmujer.org\\\/sitio\\\/#\\\/schema\\\/person\\\/50e03387f883646c2714c51783a7e288\",\"name\":\"cendoc\",\"image\":{\"@type\":\"ImageObject\",\"inLanguage\":\"es\",\"@id\":\"https:\\\/\\\/secure.gravatar.com\\\/avatar\\\/2f187338ccb33c33bc1b08e92e2247a6891db221398e12bbc0f5ff0cfc462495?s=96&d=mm&r=g\",\"url\":\"https:\\\/\\\/secure.gravatar.com\\\/avatar\\\/2f187338ccb33c33bc1b08e92e2247a6891db221398e12bbc0f5ff0cfc462495?s=96&d=mm&r=g\",\"contentUrl\":\"https:\\\/\\\/secure.gravatar.com\\\/avatar\\\/2f187338ccb33c33bc1b08e92e2247a6891db221398e12bbc0f5ff0cfc462495?s=96&d=mm&r=g\",\"caption\":\"cendoc\"},\"sameAs\":[\"http:\\\/\\\/gesmujer.org\"],\"url\":\"https:\\\/\\\/www.gesmujer.org\\\/sitio\\\/author\\\/cendoc\\\/\"}]}<\/script>\n<!-- \/ Yoast SEO plugin. -->","yoast_head_json":{"title":"Este a\u00f1o m\u00e1s violento que los dos anteriores: GesMujer - GESMujer &quot;Rosario Castellanos&quot;","robots":{"index":"index","follow":"follow","max-snippet":"max-snippet:-1","max-image-preview":"max-image-preview:large","max-video-preview":"max-video-preview:-1"},"canonical":"https:\/\/www.gesmujer.org\/sitio\/este-ano-mas-violento-que-los-dos-anteriores-gesmujer\/","og_locale":"es_MX","og_type":"article","og_title":"Este a\u00f1o m\u00e1s violento que los dos anteriores: GesMujer - GESMujer &quot;Rosario Castellanos&quot;","og_description":"SemM\u00e9xico, Oaxaca, 15 abril 2019.- Treinta y cuatro mujeres han sido asesinadas en el transcurso del a\u00f1o, lo que eleva a 283 cr\u00edmenes por raz\u00f3n de g\u00e9nero en lo que va del gobierno de Alejandro Murat, que inici\u00f3 en diciembre de 2016, report\u00f3 el Centro de Documentaci\u00f3n del Grupo de Estudios sobre la Mujer \u201cRosario [&hellip;]","og_url":"https:\/\/www.gesmujer.org\/sitio\/este-ano-mas-violento-que-los-dos-anteriores-gesmujer\/","og_site_name":"GESMujer &quot;Rosario Castellanos&quot;","article_publisher":"https:\/\/www.facebook.com\/gesmujer.rosario.castellanos.ac","article_published_time":"2019-04-15T13:08:27+00:00","article_modified_time":"2024-04-05T21:01:19+00:00","og_image":[{"width":1080,"height":566,"url":"https:\/\/www.gesmujer.org\/sitio\/wp-content\/uploads\/2019\/04\/violento.jpg","type":"image\/jpeg"}],"author":"cendoc","twitter_card":"summary_large_image","twitter_creator":"@GES_Mujer","twitter_site":"@GES_Mujer","twitter_misc":{"Escrito por":"cendoc","Tiempo de lectura":"2 minutos"},"schema":{"@context":"https:\/\/schema.org","@graph":[{"@type":"Article","@id":"https:\/\/www.gesmujer.org\/sitio\/este-ano-mas-violento-que-los-dos-anteriores-gesmujer\/#article","isPartOf":{"@id":"https:\/\/www.gesmujer.org\/sitio\/este-ano-mas-violento-que-los-dos-anteriores-gesmujer\/"},"author":{"name":"cendoc","@id":"https:\/\/www.gesmujer.org\/sitio\/#\/schema\/person\/50e03387f883646c2714c51783a7e288"},"headline":"Este a\u00f1o m\u00e1s violento que los dos anteriores: GesMujer","datePublished":"2019-04-15T13:08:27+00:00","dateModified":"2024-04-05T21:01:19+00:00","mainEntityOfPage":{"@id":"https:\/\/www.gesmujer.org\/sitio\/este-ano-mas-violento-que-los-dos-anteriores-gesmujer\/"},"wordCount":371,"publisher":{"@id":"https:\/\/www.gesmujer.org\/sitio\/#organization"},"image":{"@id":"https:\/\/www.gesmujer.org\/sitio\/este-ano-mas-violento-que-los-dos-anteriores-gesmujer\/#primaryimage"},"thumbnailUrl":"https:\/\/www.gesmujer.org\/sitio\/wp-content\/uploads\/2019\/04\/violento.jpg","articleSection":["COMUNICADOS","NOTICIAS"],"inLanguage":"es"},{"@type":"WebPage","@id":"https:\/\/www.gesmujer.org\/sitio\/este-ano-mas-violento-que-los-dos-anteriores-gesmujer\/","url":"https:\/\/www.gesmujer.org\/sitio\/este-ano-mas-violento-que-los-dos-anteriores-gesmujer\/","name":"Este a\u00f1o m\u00e1s violento que los dos anteriores: GesMujer - GESMujer &quot;Rosario Castellanos&quot;","isPartOf":{"@id":"https:\/\/www.gesmujer.org\/sitio\/#website"},"primaryImageOfPage":{"@id":"https:\/\/www.gesmujer.org\/sitio\/este-ano-mas-violento-que-los-dos-anteriores-gesmujer\/#primaryimage"},"image":{"@id":"https:\/\/www.gesmujer.org\/sitio\/este-ano-mas-violento-que-los-dos-anteriores-gesmujer\/#primaryimage"},"thumbnailUrl":"https:\/\/www.gesmujer.org\/sitio\/wp-content\/uploads\/2019\/04\/violento.jpg","datePublished":"2019-04-15T13:08:27+00:00","dateModified":"2024-04-05T21:01:19+00:00","breadcrumb":{"@id":"https:\/\/www.gesmujer.org\/sitio\/este-ano-mas-violento-que-los-dos-anteriores-gesmujer\/#breadcrumb"},"inLanguage":"es","potentialAction":[{"@type":"ReadAction","target":["https:\/\/www.gesmujer.org\/sitio\/este-ano-mas-violento-que-los-dos-anteriores-gesmujer\/"]}]},{"@type":"ImageObject","inLanguage":"es","@id":"https:\/\/www.gesmujer.org\/sitio\/este-ano-mas-violento-que-los-dos-anteriores-gesmujer\/#primaryimage","url":"https:\/\/www.gesmujer.org\/sitio\/wp-content\/uploads\/2019\/04\/violento.jpg","contentUrl":"https:\/\/www.gesmujer.org\/sitio\/wp-content\/uploads\/2019\/04\/violento.jpg","width":1080,"height":566},{"@type":"BreadcrumbList","@id":"https:\/\/www.gesmujer.org\/sitio\/este-ano-mas-violento-que-los-dos-anteriores-gesmujer\/#breadcrumb","itemListElement":[{"@type":"ListItem","position":1,"name":"Home","item":"https:\/\/www.gesmujer.org\/sitio\/"},{"@type":"ListItem","position":2,"name":"Este a\u00f1o m\u00e1s violento que los dos anteriores: GesMujer"}]},{"@type":"WebSite","@id":"https:\/\/www.gesmujer.org\/sitio\/#website","url":"https:\/\/www.gesmujer.org\/sitio\/","name":"GESMujer \"Rosario Castellanos\"","description":"M\u00e1s de 45 a\u00f1os ha llevado a cabo acciones para erradicar la violencia de g\u00e9nero y construir entornos donde las mujeres encuentren su resiliencia, incrementen su agencia y autonom\u00eda que les permita lograr su empoderamiento a trav\u00e9s de cinco l\u00edneas de acci\u00f3n.","publisher":{"@id":"https:\/\/www.gesmujer.org\/sitio\/#organization"},"alternateName":"GESMujer","potentialAction":[{"@type":"SearchAction","target":{"@type":"EntryPoint","urlTemplate":"https:\/\/www.gesmujer.org\/sitio\/?s={search_term_string}"},"query-input":{"@type":"PropertyValueSpecification","valueRequired":true,"valueName":"search_term_string"}}],"inLanguage":"es"},{"@type":"Organization","@id":"https:\/\/www.gesmujer.org\/sitio\/#organization","name":"Grupo de estudios sobre la mujer Rosario Castellanos ac","alternateName":"GESMujer","url":"https:\/\/www.gesmujer.org\/sitio\/","logo":{"@type":"ImageObject","inLanguage":"es","@id":"https:\/\/www.gesmujer.org\/sitio\/#\/schema\/logo\/image\/","url":"https:\/\/www.gesmujer.org\/sitio\/wp-content\/uploads\/2026\/03\/Logo-GESMujer-300.png","contentUrl":"https:\/\/www.gesmujer.org\/sitio\/wp-content\/uploads\/2026\/03\/Logo-GESMujer-300.png","width":300,"height":141,"caption":"Grupo de estudios sobre la mujer Rosario Castellanos ac"},"image":{"@id":"https:\/\/www.gesmujer.org\/sitio\/#\/schema\/logo\/image\/"},"sameAs":["https:\/\/www.facebook.com\/gesmujer.rosario.castellanos.ac","https:\/\/x.com\/GES_Mujer","https:\/\/www.instagram.com\/ges_mujer\/?hl=es","https:\/\/www.youtube.com\/c\/GESMujerRosarioCastellanos\/videos","https:\/\/soundcloud.com\/gesmujerac","https:\/\/www.tiktok.com\/@gesmujer"]},{"@type":"Person","@id":"https:\/\/www.gesmujer.org\/sitio\/#\/schema\/person\/50e03387f883646c2714c51783a7e288","name":"cendoc","image":{"@type":"ImageObject","inLanguage":"es","@id":"https:\/\/secure.gravatar.com\/avatar\/2f187338ccb33c33bc1b08e92e2247a6891db221398e12bbc0f5ff0cfc462495?s=96&d=mm&r=g","url":"https:\/\/secure.gravatar.com\/avatar\/2f187338ccb33c33bc1b08e92e2247a6891db221398e12bbc0f5ff0cfc462495?s=96&d=mm&r=g","contentUrl":"https:\/\/secure.gravatar.com\/avatar\/2f187338ccb33c33bc1b08e92e2247a6891db221398e12bbc0f5ff0cfc462495?s=96&d=mm&r=g","caption":"cendoc"},"sameAs":["http:\/\/gesmujer.org"],"url":"https:\/\/www.gesmujer.org\/sitio\/author\/cendoc\/"}]}},"_links":{"self":[{"href":"https:\/\/www.gesmujer.org\/sitio\/wp-json\/wp\/v2\/posts\/3327","targetHints":{"allow":["GET"]}}],"collection":[{"href":"https:\/\/www.gesmujer.org\/sitio\/wp-json\/wp\/v2\/posts"}],"about":[{"href":"https:\/\/www.gesmujer.org\/sitio\/wp-json\/wp\/v2\/types\/post"}],"author":[{"embeddable":true,"href":"https:\/\/www.gesmujer.org\/sitio\/wp-json\/wp\/v2\/users\/4"}],"replies":[{"embeddable":true,"href":"https:\/\/www.gesmujer.org\/sitio\/wp-json\/wp\/v2\/comments?post=3327"}],"version-history":[{"count":3,"href":"https:\/\/www.gesmujer.org\/sitio\/wp-json\/wp\/v2\/posts\/3327\/revisions"}],"predecessor-version":[{"id":58739,"href":"https:\/\/www.gesmujer.org\/sitio\/wp-json\/wp\/v2\/posts\/3327\/revisions\/58739"}],"wp:featuredmedia":[{"embeddable":true,"href":"https:\/\/www.gesmujer.org\/sitio\/wp-json\/wp\/v2\/media\/3328"}],"wp:attachment":[{"href":"https:\/\/www.gesmujer.org\/sitio\/wp-json\/wp\/v2\/media?parent=3327"}],"wp:term":[{"taxonomy":"category","embeddable":true,"href":"https:\/\/www.gesmujer.org\/sitio\/wp-json\/wp\/v2\/categories?post=3327"},{"taxonomy":"post_tag","embeddable":true,"href":"https:\/\/www.gesmujer.org\/sitio\/wp-json\/wp\/v2\/tags?post=3327"}],"curies":[{"name":"wp","href":"https:\/\/api.w.org\/{rel}","templated":true}]}}