{"id":3361,"date":"2019-05-04T06:46:05","date_gmt":"2019-05-04T12:46:05","guid":{"rendered":"https:\/\/www.gesmujer.org\/web\/?p=3361"},"modified":"2024-04-05T15:01:42","modified_gmt":"2024-04-05T21:01:42","slug":"abre-en-oaxaca-la-biblioteca-feminista","status":"publish","type":"post","link":"https:\/\/www.gesmujer.org\/sitio\/abre-en-oaxaca-la-biblioteca-feminista\/","title":{"rendered":"Abre en Oaxaca la Biblioteca Feminista"},"content":{"rendered":"<p>Sexualidad, violencia de g\u00e9nero, filosof\u00eda, son s\u00f3lo algunos temas que se re\u00fanen en el acervo literario de 600 libros y 300 revistas que conforman la primera biblioteca feminista p\u00fablica de Oaxaca, inaugurada este viernes en el Archivo Hist\u00f3rico Municipal.<\/p>\n<p>\u201cLa brecha que existe para el acceso al pensamiento feminista, especialmente en Oaxaca en donde la compra de libros todav\u00eda es privilegio de unos cuantos, es uno de los grandes retos y razones por las cuales nos apresuramos a abrir este espacio\u201d, declar\u00f3 Jaquelina Mariana Escamilla Villanueva, directora general del Instituto Municipal de las Mujeres, durante el acto inaugural.<br \/>\nEntre los libros que podr\u00e1n ser consultados se encuentra un ejemplar de 1851, que es una compilaci\u00f3n de publicaciones peri\u00f3dicas denominada La Semana de las Se\u00f1oritas, documento que a las nuevas generaciones les permitir\u00e1 comprender algunos procesos que se han dado a lo largo de m\u00e1s de 150 a\u00f1os. \u00c9ste fue donado por la regidora Mirna L\u00f3pez Torres.<\/p>\n<blockquote><p>Jaquelina Escamilla precis\u00f3 que la apertura de este espacio es fundamental para generar perspectivas nuevas y abrir el di\u00e1logo para el intercambio de ideas y de posturas cr\u00edticas, as\u00ed como para diseminar el pensamiento feminista.<\/p><\/blockquote>\n<p>\u201cLeer textos feministas ayudar a consolidar alianzas sororales, a redescubrir la genealog\u00eda como mujeres, pero sobre todo, la biblioteca feminista se nutre de la creencia de que la lectura nos entusiasma con el ideal de construir un mundo mejor para todas y todos\u201d, plante\u00f3 parafraseando a Lola Robles, activista y escritora de literatura fant\u00e1stica, cofundadora de una de las bibliotecas de mujeres m\u00e1s importantes del mundo.<\/p>\n<p>Los ejemplares en la Biblioteca Feminista, a cargo de Mar\u00eda Isabel Castellano D\u00edaz, fueron donados por del Grupo de Estudios Sobre la Mujer Rosario Castellanos, Luna del Sur, Cepiadet, CIESAS, as\u00ed como por la Regidur\u00eda de Cultura y de Derechos Humanos.<\/p>\n<p>Otro de los objetivos es visibilizar el trabajo de las mujeres en cualquier sociedad y \u00e9poca. El sue\u00f1o es crear un referente estatal.<\/p>\n<p>En su oportunidad, Ximena Avellaneda, a nombre del GESMujer, manifest\u00f3 que la biblioteca se establece como un red de espacios feminista para conjuntar esfuerzos.<\/p>\n<p>\u201cLo que queremos es sumar para el conocimiento, la reflexi\u00f3n en los temas que tienen que ver con la condici\u00f3n de la mujer, sobre todo en un contexto que nos preocupa de violencia\u201d, dijo.<br \/>\n  <!--codes_iframe--><!--\/codes_iframe--><\/p>\n","protected":false},"excerpt":{"rendered":"<p>Sexualidad, violencia de g\u00e9nero, filosof\u00eda, son s\u00f3lo algunos temas que se re\u00fanen en el acervo literario de 600 libros y 300 revistas que conforman la primera biblioteca feminista p\u00fablica de Oaxaca, inaugurada este viernes en el Archivo Hist\u00f3rico Municipal. \u201cLa brecha que existe para el acceso al pensamiento feminista, especialmente en Oaxaca en donde la [&hellip;]<\/p>\n","protected":false},"author":4,"featured_media":0,"comment_status":"closed","ping_status":"open","sticky":false,"template":"","format":"standard","meta":{"give_campaign_id":0,"footnotes":""},"categories":[3],"tags":[],"class_list":["post-3361","post","type-post","status-publish","format-standard","hentry","category-portada"],"yoast_head":"<!-- This site is optimized with the Yoast SEO plugin v27.4 - https:\/\/yoast.com\/product\/yoast-seo-wordpress\/ -->\n<title>Abre en Oaxaca la Biblioteca Feminista - GESMujer &quot;Rosario Castellanos&quot;<\/title>\n<meta name=\"robots\" content=\"index, follow, max-snippet:-1, max-image-preview:large, max-video-preview:-1\" \/>\n<link rel=\"canonical\" href=\"https:\/\/www.gesmujer.org\/sitio\/abre-en-oaxaca-la-biblioteca-feminista\/\" \/>\n<meta property=\"og:locale\" content=\"es_MX\" \/>\n<meta property=\"og:type\" content=\"article\" \/>\n<meta property=\"og:title\" content=\"Abre en Oaxaca la Biblioteca Feminista - GESMujer &quot;Rosario Castellanos&quot;\" \/>\n<meta property=\"og:description\" content=\"Sexualidad, violencia de g\u00e9nero, filosof\u00eda, son s\u00f3lo algunos temas que se re\u00fanen en el acervo literario de 600 libros y 300 revistas que conforman la primera biblioteca feminista p\u00fablica de Oaxaca, inaugurada este viernes en el Archivo Hist\u00f3rico Municipal. \u201cLa brecha que existe para el acceso al pensamiento feminista, especialmente en Oaxaca en donde la [&hellip;]\" \/>\n<meta property=\"og:url\" content=\"https:\/\/www.gesmujer.org\/sitio\/abre-en-oaxaca-la-biblioteca-feminista\/\" \/>\n<meta property=\"og:site_name\" content=\"GESMujer &quot;Rosario Castellanos&quot;\" \/>\n<meta property=\"article:publisher\" content=\"https:\/\/www.facebook.com\/gesmujer.rosario.castellanos.ac\" \/>\n<meta property=\"article:published_time\" content=\"2019-05-04T12:46:05+00:00\" \/>\n<meta property=\"article:modified_time\" content=\"2024-04-05T21:01:42+00:00\" \/>\n<meta property=\"og:image\" content=\"https:\/\/www.gesmujer.org\/sitio\/wp-content\/uploads\/2023\/07\/tecnologia.png\" \/>\n\t<meta property=\"og:image:width\" content=\"1624\" \/>\n\t<meta property=\"og:image:height\" content=\"1242\" \/>\n\t<meta property=\"og:image:type\" content=\"image\/png\" \/>\n<meta name=\"author\" content=\"cendoc\" \/>\n<meta name=\"twitter:card\" content=\"summary_large_image\" \/>\n<meta name=\"twitter:creator\" content=\"@GES_Mujer\" \/>\n<meta name=\"twitter:site\" content=\"@GES_Mujer\" \/>\n<meta name=\"twitter:label1\" content=\"Escrito por\" \/>\n\t<meta name=\"twitter:data1\" content=\"cendoc\" \/>\n\t<meta name=\"twitter:label2\" content=\"Tiempo de lectura\" \/>\n\t<meta name=\"twitter:data2\" content=\"2 minutos\" \/>\n<script type=\"application\/ld+json\" class=\"yoast-schema-graph\">{\"@context\":\"https:\\\/\\\/schema.org\",\"@graph\":[{\"@type\":\"Article\",\"@id\":\"https:\\\/\\\/www.gesmujer.org\\\/sitio\\\/abre-en-oaxaca-la-biblioteca-feminista\\\/#article\",\"isPartOf\":{\"@id\":\"https:\\\/\\\/www.gesmujer.org\\\/sitio\\\/abre-en-oaxaca-la-biblioteca-feminista\\\/\"},\"author\":{\"name\":\"cendoc\",\"@id\":\"https:\\\/\\\/www.gesmujer.org\\\/sitio\\\/#\\\/schema\\\/person\\\/50e03387f883646c2714c51783a7e288\"},\"headline\":\"Abre en Oaxaca la Biblioteca Feminista\",\"datePublished\":\"2019-05-04T12:46:05+00:00\",\"dateModified\":\"2024-04-05T21:01:42+00:00\",\"mainEntityOfPage\":{\"@id\":\"https:\\\/\\\/www.gesmujer.org\\\/sitio\\\/abre-en-oaxaca-la-biblioteca-feminista\\\/\"},\"wordCount\":406,\"publisher\":{\"@id\":\"https:\\\/\\\/www.gesmujer.org\\\/sitio\\\/#organization\"},\"articleSection\":[\"portada\"],\"inLanguage\":\"es\"},{\"@type\":\"WebPage\",\"@id\":\"https:\\\/\\\/www.gesmujer.org\\\/sitio\\\/abre-en-oaxaca-la-biblioteca-feminista\\\/\",\"url\":\"https:\\\/\\\/www.gesmujer.org\\\/sitio\\\/abre-en-oaxaca-la-biblioteca-feminista\\\/\",\"name\":\"Abre en Oaxaca la Biblioteca Feminista - GESMujer &quot;Rosario Castellanos&quot;\",\"isPartOf\":{\"@id\":\"https:\\\/\\\/www.gesmujer.org\\\/sitio\\\/#website\"},\"datePublished\":\"2019-05-04T12:46:05+00:00\",\"dateModified\":\"2024-04-05T21:01:42+00:00\",\"breadcrumb\":{\"@id\":\"https:\\\/\\\/www.gesmujer.org\\\/sitio\\\/abre-en-oaxaca-la-biblioteca-feminista\\\/#breadcrumb\"},\"inLanguage\":\"es\",\"potentialAction\":[{\"@type\":\"ReadAction\",\"target\":[\"https:\\\/\\\/www.gesmujer.org\\\/sitio\\\/abre-en-oaxaca-la-biblioteca-feminista\\\/\"]}]},{\"@type\":\"BreadcrumbList\",\"@id\":\"https:\\\/\\\/www.gesmujer.org\\\/sitio\\\/abre-en-oaxaca-la-biblioteca-feminista\\\/#breadcrumb\",\"itemListElement\":[{\"@type\":\"ListItem\",\"position\":1,\"name\":\"Home\",\"item\":\"https:\\\/\\\/www.gesmujer.org\\\/sitio\\\/\"},{\"@type\":\"ListItem\",\"position\":2,\"name\":\"Abre en Oaxaca la Biblioteca Feminista\"}]},{\"@type\":\"WebSite\",\"@id\":\"https:\\\/\\\/www.gesmujer.org\\\/sitio\\\/#website\",\"url\":\"https:\\\/\\\/www.gesmujer.org\\\/sitio\\\/\",\"name\":\"GESMujer \\\"Rosario Castellanos\\\"\",\"description\":\"M\u00e1s de 45 a\u00f1os ha llevado a cabo acciones para erradicar la violencia de g\u00e9nero y construir entornos donde las mujeres encuentren su resiliencia, incrementen su agencia y autonom\u00eda que les permita lograr su empoderamiento a trav\u00e9s de cinco l\u00edneas de acci\u00f3n.\",\"publisher\":{\"@id\":\"https:\\\/\\\/www.gesmujer.org\\\/sitio\\\/#organization\"},\"alternateName\":\"GESMujer\",\"potentialAction\":[{\"@type\":\"SearchAction\",\"target\":{\"@type\":\"EntryPoint\",\"urlTemplate\":\"https:\\\/\\\/www.gesmujer.org\\\/sitio\\\/?s={search_term_string}\"},\"query-input\":{\"@type\":\"PropertyValueSpecification\",\"valueRequired\":true,\"valueName\":\"search_term_string\"}}],\"inLanguage\":\"es\"},{\"@type\":\"Organization\",\"@id\":\"https:\\\/\\\/www.gesmujer.org\\\/sitio\\\/#organization\",\"name\":\"Grupo de estudios sobre la mujer Rosario Castellanos ac\",\"alternateName\":\"GESMujer\",\"url\":\"https:\\\/\\\/www.gesmujer.org\\\/sitio\\\/\",\"logo\":{\"@type\":\"ImageObject\",\"inLanguage\":\"es\",\"@id\":\"https:\\\/\\\/www.gesmujer.org\\\/sitio\\\/#\\\/schema\\\/logo\\\/image\\\/\",\"url\":\"https:\\\/\\\/www.gesmujer.org\\\/sitio\\\/wp-content\\\/uploads\\\/2026\\\/03\\\/Logo-GESMujer-300.png\",\"contentUrl\":\"https:\\\/\\\/www.gesmujer.org\\\/sitio\\\/wp-content\\\/uploads\\\/2026\\\/03\\\/Logo-GESMujer-300.png\",\"width\":300,\"height\":141,\"caption\":\"Grupo de estudios sobre la mujer Rosario Castellanos ac\"},\"image\":{\"@id\":\"https:\\\/\\\/www.gesmujer.org\\\/sitio\\\/#\\\/schema\\\/logo\\\/image\\\/\"},\"sameAs\":[\"https:\\\/\\\/www.facebook.com\\\/gesmujer.rosario.castellanos.ac\",\"https:\\\/\\\/x.com\\\/GES_Mujer\",\"https:\\\/\\\/www.instagram.com\\\/ges_mujer\\\/?hl=es\",\"https:\\\/\\\/www.youtube.com\\\/c\\\/GESMujerRosarioCastellanos\\\/videos\",\"https:\\\/\\\/soundcloud.com\\\/gesmujerac\",\"https:\\\/\\\/www.tiktok.com\\\/@gesmujer\"]},{\"@type\":\"Person\",\"@id\":\"https:\\\/\\\/www.gesmujer.org\\\/sitio\\\/#\\\/schema\\\/person\\\/50e03387f883646c2714c51783a7e288\",\"name\":\"cendoc\",\"image\":{\"@type\":\"ImageObject\",\"inLanguage\":\"es\",\"@id\":\"https:\\\/\\\/secure.gravatar.com\\\/avatar\\\/2f187338ccb33c33bc1b08e92e2247a6891db221398e12bbc0f5ff0cfc462495?s=96&d=mm&r=g\",\"url\":\"https:\\\/\\\/secure.gravatar.com\\\/avatar\\\/2f187338ccb33c33bc1b08e92e2247a6891db221398e12bbc0f5ff0cfc462495?s=96&d=mm&r=g\",\"contentUrl\":\"https:\\\/\\\/secure.gravatar.com\\\/avatar\\\/2f187338ccb33c33bc1b08e92e2247a6891db221398e12bbc0f5ff0cfc462495?s=96&d=mm&r=g\",\"caption\":\"cendoc\"},\"sameAs\":[\"http:\\\/\\\/gesmujer.org\"],\"url\":\"https:\\\/\\\/www.gesmujer.org\\\/sitio\\\/author\\\/cendoc\\\/\"}]}<\/script>\n<!-- \/ Yoast SEO plugin. -->","yoast_head_json":{"title":"Abre en Oaxaca la Biblioteca Feminista - GESMujer &quot;Rosario Castellanos&quot;","robots":{"index":"index","follow":"follow","max-snippet":"max-snippet:-1","max-image-preview":"max-image-preview:large","max-video-preview":"max-video-preview:-1"},"canonical":"https:\/\/www.gesmujer.org\/sitio\/abre-en-oaxaca-la-biblioteca-feminista\/","og_locale":"es_MX","og_type":"article","og_title":"Abre en Oaxaca la Biblioteca Feminista - GESMujer &quot;Rosario Castellanos&quot;","og_description":"Sexualidad, violencia de g\u00e9nero, filosof\u00eda, son s\u00f3lo algunos temas que se re\u00fanen en el acervo literario de 600 libros y 300 revistas que conforman la primera biblioteca feminista p\u00fablica de Oaxaca, inaugurada este viernes en el Archivo Hist\u00f3rico Municipal. \u201cLa brecha que existe para el acceso al pensamiento feminista, especialmente en Oaxaca en donde la [&hellip;]","og_url":"https:\/\/www.gesmujer.org\/sitio\/abre-en-oaxaca-la-biblioteca-feminista\/","og_site_name":"GESMujer &quot;Rosario Castellanos&quot;","article_publisher":"https:\/\/www.facebook.com\/gesmujer.rosario.castellanos.ac","article_published_time":"2019-05-04T12:46:05+00:00","article_modified_time":"2024-04-05T21:01:42+00:00","og_image":[{"width":1624,"height":1242,"url":"https:\/\/www.gesmujer.org\/sitio\/wp-content\/uploads\/2023\/07\/tecnologia.png","type":"image\/png"}],"author":"cendoc","twitter_card":"summary_large_image","twitter_creator":"@GES_Mujer","twitter_site":"@GES_Mujer","twitter_misc":{"Escrito por":"cendoc","Tiempo de lectura":"2 minutos"},"schema":{"@context":"https:\/\/schema.org","@graph":[{"@type":"Article","@id":"https:\/\/www.gesmujer.org\/sitio\/abre-en-oaxaca-la-biblioteca-feminista\/#article","isPartOf":{"@id":"https:\/\/www.gesmujer.org\/sitio\/abre-en-oaxaca-la-biblioteca-feminista\/"},"author":{"name":"cendoc","@id":"https:\/\/www.gesmujer.org\/sitio\/#\/schema\/person\/50e03387f883646c2714c51783a7e288"},"headline":"Abre en Oaxaca la Biblioteca Feminista","datePublished":"2019-05-04T12:46:05+00:00","dateModified":"2024-04-05T21:01:42+00:00","mainEntityOfPage":{"@id":"https:\/\/www.gesmujer.org\/sitio\/abre-en-oaxaca-la-biblioteca-feminista\/"},"wordCount":406,"publisher":{"@id":"https:\/\/www.gesmujer.org\/sitio\/#organization"},"articleSection":["portada"],"inLanguage":"es"},{"@type":"WebPage","@id":"https:\/\/www.gesmujer.org\/sitio\/abre-en-oaxaca-la-biblioteca-feminista\/","url":"https:\/\/www.gesmujer.org\/sitio\/abre-en-oaxaca-la-biblioteca-feminista\/","name":"Abre en Oaxaca la Biblioteca Feminista - GESMujer &quot;Rosario Castellanos&quot;","isPartOf":{"@id":"https:\/\/www.gesmujer.org\/sitio\/#website"},"datePublished":"2019-05-04T12:46:05+00:00","dateModified":"2024-04-05T21:01:42+00:00","breadcrumb":{"@id":"https:\/\/www.gesmujer.org\/sitio\/abre-en-oaxaca-la-biblioteca-feminista\/#breadcrumb"},"inLanguage":"es","potentialAction":[{"@type":"ReadAction","target":["https:\/\/www.gesmujer.org\/sitio\/abre-en-oaxaca-la-biblioteca-feminista\/"]}]},{"@type":"BreadcrumbList","@id":"https:\/\/www.gesmujer.org\/sitio\/abre-en-oaxaca-la-biblioteca-feminista\/#breadcrumb","itemListElement":[{"@type":"ListItem","position":1,"name":"Home","item":"https:\/\/www.gesmujer.org\/sitio\/"},{"@type":"ListItem","position":2,"name":"Abre en Oaxaca la Biblioteca Feminista"}]},{"@type":"WebSite","@id":"https:\/\/www.gesmujer.org\/sitio\/#website","url":"https:\/\/www.gesmujer.org\/sitio\/","name":"GESMujer \"Rosario Castellanos\"","description":"M\u00e1s de 45 a\u00f1os ha llevado a cabo acciones para erradicar la violencia de g\u00e9nero y construir entornos donde las mujeres encuentren su resiliencia, incrementen su agencia y autonom\u00eda que les permita lograr su empoderamiento a trav\u00e9s de cinco l\u00edneas de acci\u00f3n.","publisher":{"@id":"https:\/\/www.gesmujer.org\/sitio\/#organization"},"alternateName":"GESMujer","potentialAction":[{"@type":"SearchAction","target":{"@type":"EntryPoint","urlTemplate":"https:\/\/www.gesmujer.org\/sitio\/?s={search_term_string}"},"query-input":{"@type":"PropertyValueSpecification","valueRequired":true,"valueName":"search_term_string"}}],"inLanguage":"es"},{"@type":"Organization","@id":"https:\/\/www.gesmujer.org\/sitio\/#organization","name":"Grupo de estudios sobre la mujer Rosario Castellanos ac","alternateName":"GESMujer","url":"https:\/\/www.gesmujer.org\/sitio\/","logo":{"@type":"ImageObject","inLanguage":"es","@id":"https:\/\/www.gesmujer.org\/sitio\/#\/schema\/logo\/image\/","url":"https:\/\/www.gesmujer.org\/sitio\/wp-content\/uploads\/2026\/03\/Logo-GESMujer-300.png","contentUrl":"https:\/\/www.gesmujer.org\/sitio\/wp-content\/uploads\/2026\/03\/Logo-GESMujer-300.png","width":300,"height":141,"caption":"Grupo de estudios sobre la mujer Rosario Castellanos ac"},"image":{"@id":"https:\/\/www.gesmujer.org\/sitio\/#\/schema\/logo\/image\/"},"sameAs":["https:\/\/www.facebook.com\/gesmujer.rosario.castellanos.ac","https:\/\/x.com\/GES_Mujer","https:\/\/www.instagram.com\/ges_mujer\/?hl=es","https:\/\/www.youtube.com\/c\/GESMujerRosarioCastellanos\/videos","https:\/\/soundcloud.com\/gesmujerac","https:\/\/www.tiktok.com\/@gesmujer"]},{"@type":"Person","@id":"https:\/\/www.gesmujer.org\/sitio\/#\/schema\/person\/50e03387f883646c2714c51783a7e288","name":"cendoc","image":{"@type":"ImageObject","inLanguage":"es","@id":"https:\/\/secure.gravatar.com\/avatar\/2f187338ccb33c33bc1b08e92e2247a6891db221398e12bbc0f5ff0cfc462495?s=96&d=mm&r=g","url":"https:\/\/secure.gravatar.com\/avatar\/2f187338ccb33c33bc1b08e92e2247a6891db221398e12bbc0f5ff0cfc462495?s=96&d=mm&r=g","contentUrl":"https:\/\/secure.gravatar.com\/avatar\/2f187338ccb33c33bc1b08e92e2247a6891db221398e12bbc0f5ff0cfc462495?s=96&d=mm&r=g","caption":"cendoc"},"sameAs":["http:\/\/gesmujer.org"],"url":"https:\/\/www.gesmujer.org\/sitio\/author\/cendoc\/"}]}},"_links":{"self":[{"href":"https:\/\/www.gesmujer.org\/sitio\/wp-json\/wp\/v2\/posts\/3361","targetHints":{"allow":["GET"]}}],"collection":[{"href":"https:\/\/www.gesmujer.org\/sitio\/wp-json\/wp\/v2\/posts"}],"about":[{"href":"https:\/\/www.gesmujer.org\/sitio\/wp-json\/wp\/v2\/types\/post"}],"author":[{"embeddable":true,"href":"https:\/\/www.gesmujer.org\/sitio\/wp-json\/wp\/v2\/users\/4"}],"replies":[{"embeddable":true,"href":"https:\/\/www.gesmujer.org\/sitio\/wp-json\/wp\/v2\/comments?post=3361"}],"version-history":[{"count":3,"href":"https:\/\/www.gesmujer.org\/sitio\/wp-json\/wp\/v2\/posts\/3361\/revisions"}],"predecessor-version":[{"id":58777,"href":"https:\/\/www.gesmujer.org\/sitio\/wp-json\/wp\/v2\/posts\/3361\/revisions\/58777"}],"wp:attachment":[{"href":"https:\/\/www.gesmujer.org\/sitio\/wp-json\/wp\/v2\/media?parent=3361"}],"wp:term":[{"taxonomy":"category","embeddable":true,"href":"https:\/\/www.gesmujer.org\/sitio\/wp-json\/wp\/v2\/categories?post=3361"},{"taxonomy":"post_tag","embeddable":true,"href":"https:\/\/www.gesmujer.org\/sitio\/wp-json\/wp\/v2\/tags?post=3361"}],"curies":[{"name":"wp","href":"https:\/\/api.w.org\/{rel}","templated":true}]}}