{"id":3750,"date":"2019-10-29T18:40:56","date_gmt":"2019-10-30T00:40:56","guid":{"rendered":"https:\/\/www.gesmujer.org\/web\/?p=3750"},"modified":"2024-04-05T15:02:52","modified_gmt":"2024-04-05T21:02:52","slug":"exigen-feministas-publicar-despenalizacion-del-aborto","status":"publish","type":"post","link":"https:\/\/www.gesmujer.org\/sitio\/exigen-feministas-publicar-despenalizacion-del-aborto\/","title":{"rendered":"Exigen feministas, publicar despenalizaci\u00f3n del aborto"},"content":{"rendered":"\np>El Grupo de Estudios sobre la Mujer \u201cRosario Castellanos\u201d (GESMujer) exhort\u00f3 al gobernador del Estado, Alejandro Murat Hinojosa, a ordenar la publicaci\u00f3n inmediata de la reforma al C\u00f3digo penal para la despenalizaci\u00f3n del aborto, en el peri\u00f3dico oficial del Estado.<\/p>\n<p>Consideraron que se debe obedecer la ley, sobre todo en el tema del aborto, porque ha formado parte de la agenda feminista como un derecho fundamental de libertad a decidir sobre el propio cuerpo. <\/p>\n<p>\u201cPor ello celebramos que el Congreso local haya aprobado la despenalizaci\u00f3n el 24 de septiembre, porque con ello se reconoci\u00f3 que adem\u00e1s de ser un tema de libertades, representa un avance fundamental para salvar la vida de las mujeres\u201d, expuso la presidenta de la asociaci\u00f3n civil, Ang\u00e9lica Ayala Ortiz.<\/p>\n<blockquote><p>\u201cResulta preocupante que el Ejecutivo se muestre insensible ante una problem\u00e1tica que est\u00e1 en sus manos resolver.\u201d<\/p><\/blockquote>\n<p>\u201cEl gobernador de Oaxacatiene la oportunidad de contribuir a salvar la vida de las oaxaque\u00f1as y evitar que por una ineficaz pol\u00edtica p\u00fablica, sigan pagando con su vida la falta de acciones contundentes para proteger el derecho a la vida de las ni\u00f1as y las mujeres\u201d.<\/p>\n\n\n\n<p>Fuente:  <a href=\"http:\/\/imparcialoaxaca.mx\/la-capital\/368787\/exigen-feministas-publicar-despenalizacion-del-aborto\/\">http:\/\/imparcialoaxaca.mx\/la-capital\/368787\/exigen-feministas-publicar-despenalizacion-del-aborto\/<\/a> <\/p>\n  <!--codes_iframe--><!--\/codes_iframe-->","protected":false},"excerpt":{"rendered":"<p>p>El Grupo de Estudios sobre la Mujer \u201cRosario Castellanos\u201d (GESMujer) exhort\u00f3 al gobernador del Estado, Alejandro Murat Hinojosa, a ordenar la publicaci\u00f3n inmediata de la reforma al C\u00f3digo penal para la despenalizaci\u00f3n del aborto, en el peri\u00f3dico oficial del Estado. Consideraron que se debe obedecer la ley, sobre todo en el tema del aborto, porque [&hellip;]<\/p>\n","protected":false},"author":4,"featured_media":3752,"comment_status":"closed","ping_status":"open","sticky":false,"template":"","format":"standard","meta":{"give_campaign_id":0,"footnotes":""},"categories":[90,36,91,32,3],"tags":[],"class_list":["post-3750","post","type-post","status-publish","format-standard","has-post-thumbnail","hentry","category-articulos","category-comunicados","category-notas","category-novedades","category-portada"],"yoast_head":"<!-- This site is optimized with the Yoast SEO plugin v27.4 - https:\/\/yoast.com\/product\/yoast-seo-wordpress\/ -->\n<title>Exigen feministas, publicar despenalizaci\u00f3n del aborto - GESMujer &quot;Rosario Castellanos&quot;<\/title>\n<meta name=\"robots\" content=\"index, follow, max-snippet:-1, max-image-preview:large, max-video-preview:-1\" \/>\n<link rel=\"canonical\" href=\"https:\/\/www.gesmujer.org\/sitio\/exigen-feministas-publicar-despenalizacion-del-aborto\/\" \/>\n<meta property=\"og:locale\" content=\"es_MX\" \/>\n<meta property=\"og:type\" content=\"article\" \/>\n<meta property=\"og:title\" content=\"Exigen feministas, publicar despenalizaci\u00f3n del aborto - GESMujer &quot;Rosario Castellanos&quot;\" \/>\n<meta property=\"og:description\" content=\"p&gt;El Grupo de Estudios sobre la Mujer \u201cRosario Castellanos\u201d (GESMujer) exhort\u00f3 al gobernador del Estado, Alejandro Murat Hinojosa, a ordenar la publicaci\u00f3n inmediata de la reforma al C\u00f3digo penal para la despenalizaci\u00f3n del aborto, en el peri\u00f3dico oficial del Estado. Consideraron que se debe obedecer la ley, sobre todo en el tema del aborto, porque [&hellip;]\" \/>\n<meta property=\"og:url\" content=\"https:\/\/www.gesmujer.org\/sitio\/exigen-feministas-publicar-despenalizacion-del-aborto\/\" \/>\n<meta property=\"og:site_name\" content=\"GESMujer &quot;Rosario Castellanos&quot;\" \/>\n<meta property=\"article:publisher\" content=\"https:\/\/www.facebook.com\/gesmujer.rosario.castellanos.ac\" \/>\n<meta property=\"article:published_time\" content=\"2019-10-30T00:40:56+00:00\" \/>\n<meta property=\"article:modified_time\" content=\"2024-04-05T21:02:52+00:00\" \/>\n<meta property=\"og:image\" content=\"https:\/\/www.gesmujer.org\/sitio\/wp-content\/uploads\/2019\/10\/abortolegal.jpg\" \/>\n\t<meta property=\"og:image:width\" content=\"562\" \/>\n\t<meta property=\"og:image:height\" content=\"350\" \/>\n\t<meta property=\"og:image:type\" content=\"image\/jpeg\" \/>\n<meta name=\"author\" content=\"cendoc\" \/>\n<meta name=\"twitter:card\" content=\"summary_large_image\" \/>\n<meta name=\"twitter:creator\" content=\"@GES_Mujer\" \/>\n<meta name=\"twitter:site\" content=\"@GES_Mujer\" \/>\n<meta name=\"twitter:label1\" content=\"Escrito por\" \/>\n\t<meta name=\"twitter:data1\" content=\"cendoc\" \/>\n\t<meta name=\"twitter:label2\" content=\"Tiempo de lectura\" \/>\n\t<meta name=\"twitter:data2\" content=\"1 minuto\" \/>\n<script type=\"application\/ld+json\" class=\"yoast-schema-graph\">{\"@context\":\"https:\\\/\\\/schema.org\",\"@graph\":[{\"@type\":\"Article\",\"@id\":\"https:\\\/\\\/www.gesmujer.org\\\/sitio\\\/exigen-feministas-publicar-despenalizacion-del-aborto\\\/#article\",\"isPartOf\":{\"@id\":\"https:\\\/\\\/www.gesmujer.org\\\/sitio\\\/exigen-feministas-publicar-despenalizacion-del-aborto\\\/\"},\"author\":{\"name\":\"cendoc\",\"@id\":\"https:\\\/\\\/www.gesmujer.org\\\/sitio\\\/#\\\/schema\\\/person\\\/50e03387f883646c2714c51783a7e288\"},\"headline\":\"Exigen feministas, publicar despenalizaci\u00f3n del aborto\",\"datePublished\":\"2019-10-30T00:40:56+00:00\",\"dateModified\":\"2024-04-05T21:02:52+00:00\",\"mainEntityOfPage\":{\"@id\":\"https:\\\/\\\/www.gesmujer.org\\\/sitio\\\/exigen-feministas-publicar-despenalizacion-del-aborto\\\/\"},\"wordCount\":212,\"publisher\":{\"@id\":\"https:\\\/\\\/www.gesmujer.org\\\/sitio\\\/#organization\"},\"image\":{\"@id\":\"https:\\\/\\\/www.gesmujer.org\\\/sitio\\\/exigen-feministas-publicar-despenalizacion-del-aborto\\\/#primaryimage\"},\"thumbnailUrl\":\"https:\\\/\\\/www.gesmujer.org\\\/sitio\\\/wp-content\\\/uploads\\\/2019\\\/10\\\/abortolegal.jpg\",\"articleSection\":[\"ARTICULOS\",\"COMUNICADOS\",\"NOTAS\",\"NOTICIAS\",\"portada\"],\"inLanguage\":\"es\"},{\"@type\":\"WebPage\",\"@id\":\"https:\\\/\\\/www.gesmujer.org\\\/sitio\\\/exigen-feministas-publicar-despenalizacion-del-aborto\\\/\",\"url\":\"https:\\\/\\\/www.gesmujer.org\\\/sitio\\\/exigen-feministas-publicar-despenalizacion-del-aborto\\\/\",\"name\":\"Exigen feministas, publicar despenalizaci\u00f3n del aborto - GESMujer &quot;Rosario Castellanos&quot;\",\"isPartOf\":{\"@id\":\"https:\\\/\\\/www.gesmujer.org\\\/sitio\\\/#website\"},\"primaryImageOfPage\":{\"@id\":\"https:\\\/\\\/www.gesmujer.org\\\/sitio\\\/exigen-feministas-publicar-despenalizacion-del-aborto\\\/#primaryimage\"},\"image\":{\"@id\":\"https:\\\/\\\/www.gesmujer.org\\\/sitio\\\/exigen-feministas-publicar-despenalizacion-del-aborto\\\/#primaryimage\"},\"thumbnailUrl\":\"https:\\\/\\\/www.gesmujer.org\\\/sitio\\\/wp-content\\\/uploads\\\/2019\\\/10\\\/abortolegal.jpg\",\"datePublished\":\"2019-10-30T00:40:56+00:00\",\"dateModified\":\"2024-04-05T21:02:52+00:00\",\"breadcrumb\":{\"@id\":\"https:\\\/\\\/www.gesmujer.org\\\/sitio\\\/exigen-feministas-publicar-despenalizacion-del-aborto\\\/#breadcrumb\"},\"inLanguage\":\"es\",\"potentialAction\":[{\"@type\":\"ReadAction\",\"target\":[\"https:\\\/\\\/www.gesmujer.org\\\/sitio\\\/exigen-feministas-publicar-despenalizacion-del-aborto\\\/\"]}]},{\"@type\":\"ImageObject\",\"inLanguage\":\"es\",\"@id\":\"https:\\\/\\\/www.gesmujer.org\\\/sitio\\\/exigen-feministas-publicar-despenalizacion-del-aborto\\\/#primaryimage\",\"url\":\"https:\\\/\\\/www.gesmujer.org\\\/sitio\\\/wp-content\\\/uploads\\\/2019\\\/10\\\/abortolegal.jpg\",\"contentUrl\":\"https:\\\/\\\/www.gesmujer.org\\\/sitio\\\/wp-content\\\/uploads\\\/2019\\\/10\\\/abortolegal.jpg\",\"width\":562,\"height\":350},{\"@type\":\"BreadcrumbList\",\"@id\":\"https:\\\/\\\/www.gesmujer.org\\\/sitio\\\/exigen-feministas-publicar-despenalizacion-del-aborto\\\/#breadcrumb\",\"itemListElement\":[{\"@type\":\"ListItem\",\"position\":1,\"name\":\"Home\",\"item\":\"https:\\\/\\\/www.gesmujer.org\\\/sitio\\\/\"},{\"@type\":\"ListItem\",\"position\":2,\"name\":\"Exigen feministas, publicar despenalizaci\u00f3n del aborto\"}]},{\"@type\":\"WebSite\",\"@id\":\"https:\\\/\\\/www.gesmujer.org\\\/sitio\\\/#website\",\"url\":\"https:\\\/\\\/www.gesmujer.org\\\/sitio\\\/\",\"name\":\"GESMujer \\\"Rosario Castellanos\\\"\",\"description\":\"M\u00e1s de 45 a\u00f1os ha llevado a cabo acciones para erradicar la violencia de g\u00e9nero y construir entornos donde las mujeres encuentren su resiliencia, incrementen su agencia y autonom\u00eda que les permita lograr su empoderamiento a trav\u00e9s de cinco l\u00edneas de acci\u00f3n.\",\"publisher\":{\"@id\":\"https:\\\/\\\/www.gesmujer.org\\\/sitio\\\/#organization\"},\"alternateName\":\"GESMujer\",\"potentialAction\":[{\"@type\":\"SearchAction\",\"target\":{\"@type\":\"EntryPoint\",\"urlTemplate\":\"https:\\\/\\\/www.gesmujer.org\\\/sitio\\\/?s={search_term_string}\"},\"query-input\":{\"@type\":\"PropertyValueSpecification\",\"valueRequired\":true,\"valueName\":\"search_term_string\"}}],\"inLanguage\":\"es\"},{\"@type\":\"Organization\",\"@id\":\"https:\\\/\\\/www.gesmujer.org\\\/sitio\\\/#organization\",\"name\":\"Grupo de estudios sobre la mujer Rosario Castellanos ac\",\"alternateName\":\"GESMujer\",\"url\":\"https:\\\/\\\/www.gesmujer.org\\\/sitio\\\/\",\"logo\":{\"@type\":\"ImageObject\",\"inLanguage\":\"es\",\"@id\":\"https:\\\/\\\/www.gesmujer.org\\\/sitio\\\/#\\\/schema\\\/logo\\\/image\\\/\",\"url\":\"https:\\\/\\\/www.gesmujer.org\\\/sitio\\\/wp-content\\\/uploads\\\/2026\\\/03\\\/Logo-GESMujer-300.png\",\"contentUrl\":\"https:\\\/\\\/www.gesmujer.org\\\/sitio\\\/wp-content\\\/uploads\\\/2026\\\/03\\\/Logo-GESMujer-300.png\",\"width\":300,\"height\":141,\"caption\":\"Grupo de estudios sobre la mujer Rosario Castellanos ac\"},\"image\":{\"@id\":\"https:\\\/\\\/www.gesmujer.org\\\/sitio\\\/#\\\/schema\\\/logo\\\/image\\\/\"},\"sameAs\":[\"https:\\\/\\\/www.facebook.com\\\/gesmujer.rosario.castellanos.ac\",\"https:\\\/\\\/x.com\\\/GES_Mujer\",\"https:\\\/\\\/www.instagram.com\\\/ges_mujer\\\/?hl=es\",\"https:\\\/\\\/www.youtube.com\\\/c\\\/GESMujerRosarioCastellanos\\\/videos\",\"https:\\\/\\\/soundcloud.com\\\/gesmujerac\",\"https:\\\/\\\/www.tiktok.com\\\/@gesmujer\"]},{\"@type\":\"Person\",\"@id\":\"https:\\\/\\\/www.gesmujer.org\\\/sitio\\\/#\\\/schema\\\/person\\\/50e03387f883646c2714c51783a7e288\",\"name\":\"cendoc\",\"image\":{\"@type\":\"ImageObject\",\"inLanguage\":\"es\",\"@id\":\"https:\\\/\\\/secure.gravatar.com\\\/avatar\\\/2f187338ccb33c33bc1b08e92e2247a6891db221398e12bbc0f5ff0cfc462495?s=96&d=mm&r=g\",\"url\":\"https:\\\/\\\/secure.gravatar.com\\\/avatar\\\/2f187338ccb33c33bc1b08e92e2247a6891db221398e12bbc0f5ff0cfc462495?s=96&d=mm&r=g\",\"contentUrl\":\"https:\\\/\\\/secure.gravatar.com\\\/avatar\\\/2f187338ccb33c33bc1b08e92e2247a6891db221398e12bbc0f5ff0cfc462495?s=96&d=mm&r=g\",\"caption\":\"cendoc\"},\"sameAs\":[\"http:\\\/\\\/gesmujer.org\"],\"url\":\"https:\\\/\\\/www.gesmujer.org\\\/sitio\\\/author\\\/cendoc\\\/\"}]}<\/script>\n<!-- \/ Yoast SEO plugin. -->","yoast_head_json":{"title":"Exigen feministas, publicar despenalizaci\u00f3n del aborto - GESMujer &quot;Rosario Castellanos&quot;","robots":{"index":"index","follow":"follow","max-snippet":"max-snippet:-1","max-image-preview":"max-image-preview:large","max-video-preview":"max-video-preview:-1"},"canonical":"https:\/\/www.gesmujer.org\/sitio\/exigen-feministas-publicar-despenalizacion-del-aborto\/","og_locale":"es_MX","og_type":"article","og_title":"Exigen feministas, publicar despenalizaci\u00f3n del aborto - GESMujer &quot;Rosario Castellanos&quot;","og_description":"p>El Grupo de Estudios sobre la Mujer \u201cRosario Castellanos\u201d (GESMujer) exhort\u00f3 al gobernador del Estado, Alejandro Murat Hinojosa, a ordenar la publicaci\u00f3n inmediata de la reforma al C\u00f3digo penal para la despenalizaci\u00f3n del aborto, en el peri\u00f3dico oficial del Estado. Consideraron que se debe obedecer la ley, sobre todo en el tema del aborto, porque [&hellip;]","og_url":"https:\/\/www.gesmujer.org\/sitio\/exigen-feministas-publicar-despenalizacion-del-aborto\/","og_site_name":"GESMujer &quot;Rosario Castellanos&quot;","article_publisher":"https:\/\/www.facebook.com\/gesmujer.rosario.castellanos.ac","article_published_time":"2019-10-30T00:40:56+00:00","article_modified_time":"2024-04-05T21:02:52+00:00","og_image":[{"width":562,"height":350,"url":"https:\/\/www.gesmujer.org\/sitio\/wp-content\/uploads\/2019\/10\/abortolegal.jpg","type":"image\/jpeg"}],"author":"cendoc","twitter_card":"summary_large_image","twitter_creator":"@GES_Mujer","twitter_site":"@GES_Mujer","twitter_misc":{"Escrito por":"cendoc","Tiempo de lectura":"1 minuto"},"schema":{"@context":"https:\/\/schema.org","@graph":[{"@type":"Article","@id":"https:\/\/www.gesmujer.org\/sitio\/exigen-feministas-publicar-despenalizacion-del-aborto\/#article","isPartOf":{"@id":"https:\/\/www.gesmujer.org\/sitio\/exigen-feministas-publicar-despenalizacion-del-aborto\/"},"author":{"name":"cendoc","@id":"https:\/\/www.gesmujer.org\/sitio\/#\/schema\/person\/50e03387f883646c2714c51783a7e288"},"headline":"Exigen feministas, publicar despenalizaci\u00f3n del aborto","datePublished":"2019-10-30T00:40:56+00:00","dateModified":"2024-04-05T21:02:52+00:00","mainEntityOfPage":{"@id":"https:\/\/www.gesmujer.org\/sitio\/exigen-feministas-publicar-despenalizacion-del-aborto\/"},"wordCount":212,"publisher":{"@id":"https:\/\/www.gesmujer.org\/sitio\/#organization"},"image":{"@id":"https:\/\/www.gesmujer.org\/sitio\/exigen-feministas-publicar-despenalizacion-del-aborto\/#primaryimage"},"thumbnailUrl":"https:\/\/www.gesmujer.org\/sitio\/wp-content\/uploads\/2019\/10\/abortolegal.jpg","articleSection":["ARTICULOS","COMUNICADOS","NOTAS","NOTICIAS","portada"],"inLanguage":"es"},{"@type":"WebPage","@id":"https:\/\/www.gesmujer.org\/sitio\/exigen-feministas-publicar-despenalizacion-del-aborto\/","url":"https:\/\/www.gesmujer.org\/sitio\/exigen-feministas-publicar-despenalizacion-del-aborto\/","name":"Exigen feministas, publicar despenalizaci\u00f3n del aborto - GESMujer &quot;Rosario Castellanos&quot;","isPartOf":{"@id":"https:\/\/www.gesmujer.org\/sitio\/#website"},"primaryImageOfPage":{"@id":"https:\/\/www.gesmujer.org\/sitio\/exigen-feministas-publicar-despenalizacion-del-aborto\/#primaryimage"},"image":{"@id":"https:\/\/www.gesmujer.org\/sitio\/exigen-feministas-publicar-despenalizacion-del-aborto\/#primaryimage"},"thumbnailUrl":"https:\/\/www.gesmujer.org\/sitio\/wp-content\/uploads\/2019\/10\/abortolegal.jpg","datePublished":"2019-10-30T00:40:56+00:00","dateModified":"2024-04-05T21:02:52+00:00","breadcrumb":{"@id":"https:\/\/www.gesmujer.org\/sitio\/exigen-feministas-publicar-despenalizacion-del-aborto\/#breadcrumb"},"inLanguage":"es","potentialAction":[{"@type":"ReadAction","target":["https:\/\/www.gesmujer.org\/sitio\/exigen-feministas-publicar-despenalizacion-del-aborto\/"]}]},{"@type":"ImageObject","inLanguage":"es","@id":"https:\/\/www.gesmujer.org\/sitio\/exigen-feministas-publicar-despenalizacion-del-aborto\/#primaryimage","url":"https:\/\/www.gesmujer.org\/sitio\/wp-content\/uploads\/2019\/10\/abortolegal.jpg","contentUrl":"https:\/\/www.gesmujer.org\/sitio\/wp-content\/uploads\/2019\/10\/abortolegal.jpg","width":562,"height":350},{"@type":"BreadcrumbList","@id":"https:\/\/www.gesmujer.org\/sitio\/exigen-feministas-publicar-despenalizacion-del-aborto\/#breadcrumb","itemListElement":[{"@type":"ListItem","position":1,"name":"Home","item":"https:\/\/www.gesmujer.org\/sitio\/"},{"@type":"ListItem","position":2,"name":"Exigen feministas, publicar despenalizaci\u00f3n del aborto"}]},{"@type":"WebSite","@id":"https:\/\/www.gesmujer.org\/sitio\/#website","url":"https:\/\/www.gesmujer.org\/sitio\/","name":"GESMujer \"Rosario Castellanos\"","description":"M\u00e1s de 45 a\u00f1os ha llevado a cabo acciones para erradicar la violencia de g\u00e9nero y construir entornos donde las mujeres encuentren su resiliencia, incrementen su agencia y autonom\u00eda que les permita lograr su empoderamiento a trav\u00e9s de cinco l\u00edneas de acci\u00f3n.","publisher":{"@id":"https:\/\/www.gesmujer.org\/sitio\/#organization"},"alternateName":"GESMujer","potentialAction":[{"@type":"SearchAction","target":{"@type":"EntryPoint","urlTemplate":"https:\/\/www.gesmujer.org\/sitio\/?s={search_term_string}"},"query-input":{"@type":"PropertyValueSpecification","valueRequired":true,"valueName":"search_term_string"}}],"inLanguage":"es"},{"@type":"Organization","@id":"https:\/\/www.gesmujer.org\/sitio\/#organization","name":"Grupo de estudios sobre la mujer Rosario Castellanos ac","alternateName":"GESMujer","url":"https:\/\/www.gesmujer.org\/sitio\/","logo":{"@type":"ImageObject","inLanguage":"es","@id":"https:\/\/www.gesmujer.org\/sitio\/#\/schema\/logo\/image\/","url":"https:\/\/www.gesmujer.org\/sitio\/wp-content\/uploads\/2026\/03\/Logo-GESMujer-300.png","contentUrl":"https:\/\/www.gesmujer.org\/sitio\/wp-content\/uploads\/2026\/03\/Logo-GESMujer-300.png","width":300,"height":141,"caption":"Grupo de estudios sobre la mujer Rosario Castellanos ac"},"image":{"@id":"https:\/\/www.gesmujer.org\/sitio\/#\/schema\/logo\/image\/"},"sameAs":["https:\/\/www.facebook.com\/gesmujer.rosario.castellanos.ac","https:\/\/x.com\/GES_Mujer","https:\/\/www.instagram.com\/ges_mujer\/?hl=es","https:\/\/www.youtube.com\/c\/GESMujerRosarioCastellanos\/videos","https:\/\/soundcloud.com\/gesmujerac","https:\/\/www.tiktok.com\/@gesmujer"]},{"@type":"Person","@id":"https:\/\/www.gesmujer.org\/sitio\/#\/schema\/person\/50e03387f883646c2714c51783a7e288","name":"cendoc","image":{"@type":"ImageObject","inLanguage":"es","@id":"https:\/\/secure.gravatar.com\/avatar\/2f187338ccb33c33bc1b08e92e2247a6891db221398e12bbc0f5ff0cfc462495?s=96&d=mm&r=g","url":"https:\/\/secure.gravatar.com\/avatar\/2f187338ccb33c33bc1b08e92e2247a6891db221398e12bbc0f5ff0cfc462495?s=96&d=mm&r=g","contentUrl":"https:\/\/secure.gravatar.com\/avatar\/2f187338ccb33c33bc1b08e92e2247a6891db221398e12bbc0f5ff0cfc462495?s=96&d=mm&r=g","caption":"cendoc"},"sameAs":["http:\/\/gesmujer.org"],"url":"https:\/\/www.gesmujer.org\/sitio\/author\/cendoc\/"}]}},"_links":{"self":[{"href":"https:\/\/www.gesmujer.org\/sitio\/wp-json\/wp\/v2\/posts\/3750","targetHints":{"allow":["GET"]}}],"collection":[{"href":"https:\/\/www.gesmujer.org\/sitio\/wp-json\/wp\/v2\/posts"}],"about":[{"href":"https:\/\/www.gesmujer.org\/sitio\/wp-json\/wp\/v2\/types\/post"}],"author":[{"embeddable":true,"href":"https:\/\/www.gesmujer.org\/sitio\/wp-json\/wp\/v2\/users\/4"}],"replies":[{"embeddable":true,"href":"https:\/\/www.gesmujer.org\/sitio\/wp-json\/wp\/v2\/comments?post=3750"}],"version-history":[{"count":3,"href":"https:\/\/www.gesmujer.org\/sitio\/wp-json\/wp\/v2\/posts\/3750\/revisions"}],"predecessor-version":[{"id":58869,"href":"https:\/\/www.gesmujer.org\/sitio\/wp-json\/wp\/v2\/posts\/3750\/revisions\/58869"}],"wp:featuredmedia":[{"embeddable":true,"href":"https:\/\/www.gesmujer.org\/sitio\/wp-json\/wp\/v2\/media\/3752"}],"wp:attachment":[{"href":"https:\/\/www.gesmujer.org\/sitio\/wp-json\/wp\/v2\/media?parent=3750"}],"wp:term":[{"taxonomy":"category","embeddable":true,"href":"https:\/\/www.gesmujer.org\/sitio\/wp-json\/wp\/v2\/categories?post=3750"},{"taxonomy":"post_tag","embeddable":true,"href":"https:\/\/www.gesmujer.org\/sitio\/wp-json\/wp\/v2\/tags?post=3750"}],"curies":[{"name":"wp","href":"https:\/\/api.w.org\/{rel}","templated":true}]}}