{"id":3762,"date":"2019-11-14T21:14:37","date_gmt":"2019-11-15T03:14:37","guid":{"rendered":"https:\/\/www.gesmujer.org\/web\/?p=3762"},"modified":"2024-04-05T15:02:54","modified_gmt":"2024-04-05T21:02:54","slug":"embarazo-infantil-y-adolescente-violencia-sexual","status":"publish","type":"post","link":"https:\/\/www.gesmujer.org\/sitio\/embarazo-infantil-y-adolescente-violencia-sexual\/","title":{"rendered":"Embarazo infantil y adolescente, violencia sexual"},"content":{"rendered":"\n<p style=\"text-align:right\">Jueves 14 de noviembre de 2019<\/p>\n\n\n\n<p><strong>Embarazo infantil y adolescente, violencia sexual<\/strong><\/p>\n\n\n\n<p>Todo embarazo en una ni\u00f1a o adolescente debe verse como violencia sexual y las autoridades asumir su responsabilidad de garantizar la interrupci\u00f3n legal en vez de revictimizar y naturalizar una maternidad temprana que vulnera una gama de derechos.<\/p>\n\n\n\n<p>Esa fue una de las ideas centrales que expusieron las y los participantes del Foro &#8220;Promoviendo los derechos sexuales y reproductivos de ni\u00f1as, ni\u00f1os y adolescentes&#8221; que como parte del proyecto \u201cFortalecimiento del Desarrollo Humano, Proyecto de Vida y Prevenci\u00f3n del embarazo entre personas de 10 a 19 a\u00f1os\u201d que financia Proequidad, realiz\u00f3 este jueves el Grupo de estudios sobre la mujer Rosario Castellanos.<\/p>\n\n\n\n<p>En el acto inaugural, estuvieron presentes la titular de la Secretar\u00eda de las Mujeres de Oaxaca, Ana V\u00e1squez Colmenares, y de la Defensor\u00eda de Derechos Humanos de los Pueblos de Oaxaca, Jos\u00e9 Bernardo Rodr\u00edguez Alamilla, quienes coincidieron&nbsp; en la importancia de abordar el tema de los derechos sexuales y reproductivos en la poblaci\u00f3n infantil y adolescente, promoviendo la apropiaci\u00f3n de los derechos desde un enfoque de ciudadan\u00eda, de perspectiva de g\u00e9nero e interculturalidad.<\/p>\n\n\n\n<p>Durante el foro, que estuvo moderado por Ximena Avellaneda D\u00edaz, coordinadora del \u00e1rea de Investigaci\u00f3n Acci\u00f3n del Grupo de estudios, la presidenta de la organizaci\u00f3n, Ang\u00e9lica Ayala Ortiz, hizo saber la importancia de invertir en la prevenci\u00f3n de embarazos en la infancia o adolescencia, una inversi\u00f3n estrat\u00e9gica que deber\u00eda estar orientada al desarrollo de las capacidades de esta poblaci\u00f3n a fin de que contribuyan a la consolidaci\u00f3n de una sociedad en la que tienen derecho de participar en igualdad de condiciones.<\/p>\n\n\n\n<figure class=\"wp-block-image\"><img fetchpriority=\"high\" decoding=\"async\" width=\"1024\" height=\"682\" src=\"https:\/\/www.gesmujer.org\/web\/wp-content\/uploads\/2019\/11\/WhatsApp-Image-2019-11-16-at-10.52.29-AM-1024x682.jpeg\" alt=\"\" class=\"wp-image-3786\" srcset=\"https:\/\/www.gesmujer.org\/sitio\/wp-content\/uploads\/2019\/11\/WhatsApp-Image-2019-11-16-at-10.52.29-AM-1024x682.jpeg 1024w, https:\/\/www.gesmujer.org\/sitio\/wp-content\/uploads\/2019\/11\/WhatsApp-Image-2019-11-16-at-10.52.29-AM-1080x720.jpeg 1080w, https:\/\/www.gesmujer.org\/sitio\/wp-content\/uploads\/2019\/11\/WhatsApp-Image-2019-11-16-at-10.52.29-AM-300x200.jpeg 300w, https:\/\/www.gesmujer.org\/sitio\/wp-content\/uploads\/2019\/11\/WhatsApp-Image-2019-11-16-at-10.52.29-AM-768x512.jpeg 768w, https:\/\/www.gesmujer.org\/sitio\/wp-content\/uploads\/2019\/11\/WhatsApp-Image-2019-11-16-at-10.52.29-AM.jpeg 1280w\" sizes=\"(max-width: 1024px) 100vw, 1024px\" \/><\/figure>\n\n\n\n<p>Mencion\u00f3 que medidas como la entrega de becas para que adolescentes embarazadas o madres j\u00f3venes concluyan su educaci\u00f3n b\u00e1sica, son acciones pr\u00e1cticas, sin embargo se requieren unas que sean estrat\u00e9gicas e integrales para que incidan en la transformaci\u00f3n de las condiciones de desigualdad y pobreza, donde la maternidad es el \u00fanico rol de una mujer, sobre todo en comunidades donde se valora y se alientan las uniones y maternidades tempranas cuando es una grave violaci\u00f3n a los derechos de las ni\u00f1as y adolescentes.<\/p>\n\n\n\n<p>La profesora investigadora Lina Rosa Berrio reflexion\u00f3 que diversidad no es sin\u00f3nimo de desigualdad, adem\u00e1s de que urgi\u00f3 a fortalecer el espacio de lo comunitario porque ah\u00ed hay mujeres que luchan por los derechos de otras mujeres y para que puedan tomar sus propias decisiones, \u201cese trabajo necesita respaldo\u201d.<\/p>\n\n\n\n<div class=\"wp-block-image\"><figure class=\"aligncenter\"><img decoding=\"async\" width=\"1024\" height=\"682\" src=\"https:\/\/www.gesmujer.org\/web\/wp-content\/uploads\/2019\/11\/WhatsApp-Image-2019-11-16-at-10.52.13-AM-1024x682.jpeg\" alt=\"\" class=\"wp-image-3765\" srcset=\"https:\/\/www.gesmujer.org\/sitio\/wp-content\/uploads\/2019\/11\/WhatsApp-Image-2019-11-16-at-10.52.13-AM-1024x682.jpeg 1024w, https:\/\/www.gesmujer.org\/sitio\/wp-content\/uploads\/2019\/11\/WhatsApp-Image-2019-11-16-at-10.52.13-AM-1080x720.jpeg 1080w, https:\/\/www.gesmujer.org\/sitio\/wp-content\/uploads\/2019\/11\/WhatsApp-Image-2019-11-16-at-10.52.13-AM-300x200.jpeg 300w, https:\/\/www.gesmujer.org\/sitio\/wp-content\/uploads\/2019\/11\/WhatsApp-Image-2019-11-16-at-10.52.13-AM-768x512.jpeg 768w, https:\/\/www.gesmujer.org\/sitio\/wp-content\/uploads\/2019\/11\/WhatsApp-Image-2019-11-16-at-10.52.13-AM.jpeg 1280w\" sizes=\"(max-width: 1024px) 100vw, 1024px\" \/><figcaption>A la derecha de la foto  nuestra  coordinadora del \u00e1rea de Investigaci\u00f3n Acci\u00f3n,  Ximena Avellaneda D\u00edaz,  con los participantes en el foro.   <\/figcaption><\/figure><\/div>\n\n\n\n<p>Pidi\u00f3 dejar de considerar que por ser ind\u00edgenas las personas son pobres y advirti\u00f3 que cada que una ni\u00f1a o adolescente llega con su madre a una unidad de salud con un embarazo en curso, el personal m\u00e9dico deben informarle que tiene derecho a la interrupci\u00f3n legal porque seguramente no saben que es una situaci\u00f3n de violencia.<\/p>\n\n\n\n<p>\u201cHay responsabilidades institucionales, si no se les oferta &nbsp;la interrupci\u00f3n legal del embarazo estamos violando derechos por omisi\u00f3n\u201d, insisti\u00f3.<\/p>\n\n\n\n<p>En ese sentido la psic\u00f3loga social y maestra en educaci\u00f3n sexual Aurea Ceja Albanes expuso que cuando hay una diferencia importante de edad entre el padre de la hija o hijo de una ni\u00f1a o adolescente est\u00e1 clara la presunci\u00f3n de violencia.<\/p>\n\n\n\n<p>\u201cTodo embarazo en la adolescencia y la infancia tendr\u00eda que estar acompa\u00f1ada de la presunci\u00f3n de violencia sexual porque el planteamiento fundamental es s\u00ed las ni\u00f1as menores de 14 a\u00f1os pueden dar su consentimiento pleno para tener relaciones sexuales\u201d, ya que las cifras indican que seis de cada diez madres menores de 14 a\u00f1os fueron embarazadas por hombres adultos, de entre 19 hasta 78 a\u00f1os.<\/p>\n\n\n\n<p>Sobre la implementaci\u00f3n de la interrupci\u00f3n legal del embarazo a ra\u00edz de la reforma aprobada el pasado 25 de septiembre, el director de Prevenci\u00f3n y Promoci\u00f3n de la Salud de los Servicios de Salud de Oaxaca, Jos\u00e9 Ram\u00f3n Pintor Sill, admiti\u00f3 que se debe seguir capacitando y sensibilizando al personal para que sepan que no se deben poner barreras.<\/p>\n\n\n\n<p>\u201cSe est\u00e1 trabajando sobre la posibilidad de crear una unidad m\u00e9dica especializada para la atenci\u00f3n legal del embarazo\u201d, adelant\u00f3.<\/p>\n\n\n\n<div class=\"wp-block-image\"><figure class=\"aligncenter\"><img decoding=\"async\" width=\"1024\" height=\"682\" src=\"https:\/\/www.gesmujer.org\/web\/wp-content\/uploads\/2019\/11\/WhatsApp-Image-2019-11-14-at-3.06.12-PM-1024x682.jpeg\" alt=\"\" class=\"wp-image-3785\" srcset=\"https:\/\/www.gesmujer.org\/sitio\/wp-content\/uploads\/2019\/11\/WhatsApp-Image-2019-11-14-at-3.06.12-PM-1024x682.jpeg 1024w, https:\/\/www.gesmujer.org\/sitio\/wp-content\/uploads\/2019\/11\/WhatsApp-Image-2019-11-14-at-3.06.12-PM-1080x720.jpeg 1080w, https:\/\/www.gesmujer.org\/sitio\/wp-content\/uploads\/2019\/11\/WhatsApp-Image-2019-11-14-at-3.06.12-PM-300x200.jpeg 300w, https:\/\/www.gesmujer.org\/sitio\/wp-content\/uploads\/2019\/11\/WhatsApp-Image-2019-11-14-at-3.06.12-PM-768x512.jpeg 768w, https:\/\/www.gesmujer.org\/sitio\/wp-content\/uploads\/2019\/11\/WhatsApp-Image-2019-11-14-at-3.06.12-PM.jpeg 1280w\" sizes=\"(max-width: 1024px) 100vw, 1024px\" \/><\/figure><\/div>\n\n\n\n<p>El psic\u00f3logo y psicodramatista Esteb\u00e1n Schmith Bello expuso que muchos de los embarazos adolescentes tienen que ver con relaciones de poder y de c\u00f3mo construyen la sexualidad \u201cincontrolable\u201d los hombres.<\/p>\n\n\n\n<p>Lament\u00f3 que para las autoridades no sea prioridad trabajar con ellos, a pesar de que son los responsables de la violencia y pueden ser tambi\u00e9n quienes la frenen, dadas las implicaciones que tienen para los embarazos forzados en la etapa de la adolescencia.<\/p>\n\n\n\n<p>En la medida de que las ni\u00f1as, ni\u00f1os y adolescentes conozcan sus derechos sexuales y reproductivos, el ejercicio de su sexualidad ser\u00e1 m\u00e1s libre, responsable e informada para retrasar la maternidad y la paternidad, pero sobre todo para consolidar un proyecto de vida en el que pongan en el centro su realizaci\u00f3n como personas.<br><\/p>\n\n\n\n<div class=\"wp-block-image\"><figure class=\"aligncenter\"><img loading=\"lazy\" decoding=\"async\" width=\"1024\" height=\"682\" src=\"https:\/\/www.gesmujer.org\/web\/wp-content\/uploads\/2019\/11\/WhatsApp-Image-2019-11-14-at-3.06.36-PM-1-1024x682.jpeg\" alt=\"\" class=\"wp-image-3784\" srcset=\"https:\/\/www.gesmujer.org\/sitio\/wp-content\/uploads\/2019\/11\/WhatsApp-Image-2019-11-14-at-3.06.36-PM-1-1024x682.jpeg 1024w, https:\/\/www.gesmujer.org\/sitio\/wp-content\/uploads\/2019\/11\/WhatsApp-Image-2019-11-14-at-3.06.36-PM-1-1080x720.jpeg 1080w, https:\/\/www.gesmujer.org\/sitio\/wp-content\/uploads\/2019\/11\/WhatsApp-Image-2019-11-14-at-3.06.36-PM-1-300x200.jpeg 300w, https:\/\/www.gesmujer.org\/sitio\/wp-content\/uploads\/2019\/11\/WhatsApp-Image-2019-11-14-at-3.06.36-PM-1-768x512.jpeg 768w, https:\/\/www.gesmujer.org\/sitio\/wp-content\/uploads\/2019\/11\/WhatsApp-Image-2019-11-14-at-3.06.36-PM-1.jpeg 1280w\" sizes=\"(max-width: 1024px) 100vw, 1024px\" \/><\/figure><\/div>\n  <!--codes_iframe--><!--\/codes_iframe-->","protected":false},"excerpt":{"rendered":"<p>Jueves 14 de noviembre de 2019 Embarazo infantil y adolescente, violencia sexual Todo embarazo en una ni\u00f1a o adolescente debe verse como violencia sexual y las autoridades asumir su responsabilidad de garantizar la interrupci\u00f3n legal en vez de revictimizar y naturalizar una maternidad temprana que vulnera una gama de derechos. Esa fue una de las [&hellip;]<\/p>\n","protected":false},"author":4,"featured_media":3764,"comment_status":"closed","ping_status":"open","sticky":false,"template":"","format":"standard","meta":{"give_campaign_id":0,"footnotes":""},"categories":[90,36,91,32],"tags":[],"class_list":["post-3762","post","type-post","status-publish","format-standard","has-post-thumbnail","hentry","category-articulos","category-comunicados","category-notas","category-novedades"],"yoast_head":"<!-- This site is optimized with the Yoast SEO plugin v27.4 - https:\/\/yoast.com\/product\/yoast-seo-wordpress\/ -->\n<title>Embarazo infantil y adolescente, violencia sexual - GESMujer &quot;Rosario Castellanos&quot;<\/title>\n<meta name=\"robots\" content=\"index, follow, max-snippet:-1, max-image-preview:large, max-video-preview:-1\" \/>\n<link rel=\"canonical\" href=\"https:\/\/www.gesmujer.org\/sitio\/embarazo-infantil-y-adolescente-violencia-sexual\/\" \/>\n<meta property=\"og:locale\" content=\"es_MX\" \/>\n<meta property=\"og:type\" content=\"article\" \/>\n<meta property=\"og:title\" content=\"Embarazo infantil y adolescente, violencia sexual - GESMujer &quot;Rosario Castellanos&quot;\" \/>\n<meta property=\"og:description\" content=\"Jueves 14 de noviembre de 2019 Embarazo infantil y adolescente, violencia sexual Todo embarazo en una ni\u00f1a o adolescente debe verse como violencia sexual y las autoridades asumir su responsabilidad de garantizar la interrupci\u00f3n legal en vez de revictimizar y naturalizar una maternidad temprana que vulnera una gama de derechos. Esa fue una de las [&hellip;]\" \/>\n<meta property=\"og:url\" content=\"https:\/\/www.gesmujer.org\/sitio\/embarazo-infantil-y-adolescente-violencia-sexual\/\" \/>\n<meta property=\"og:site_name\" content=\"GESMujer &quot;Rosario Castellanos&quot;\" \/>\n<meta property=\"article:publisher\" content=\"https:\/\/www.facebook.com\/gesmujer.rosario.castellanos.ac\" \/>\n<meta property=\"article:published_time\" content=\"2019-11-15T03:14:37+00:00\" \/>\n<meta property=\"article:modified_time\" content=\"2024-04-05T21:02:54+00:00\" \/>\n<meta property=\"og:image\" content=\"https:\/\/www.gesmujer.org\/sitio\/wp-content\/uploads\/2019\/11\/WhatsApp-Image-2019-11-14-at-3.20.06-PM.jpeg\" \/>\n\t<meta property=\"og:image:width\" content=\"1280\" \/>\n\t<meta property=\"og:image:height\" content=\"853\" \/>\n\t<meta property=\"og:image:type\" content=\"image\/jpeg\" \/>\n<meta name=\"author\" content=\"cendoc\" \/>\n<meta name=\"twitter:card\" content=\"summary_large_image\" \/>\n<meta name=\"twitter:creator\" content=\"@GES_Mujer\" \/>\n<meta name=\"twitter:site\" content=\"@GES_Mujer\" \/>\n<meta name=\"twitter:label1\" content=\"Escrito por\" \/>\n\t<meta name=\"twitter:data1\" content=\"cendoc\" \/>\n\t<meta name=\"twitter:label2\" content=\"Tiempo de lectura\" \/>\n\t<meta name=\"twitter:data2\" content=\"4 minutos\" \/>\n<script type=\"application\/ld+json\" class=\"yoast-schema-graph\">{\"@context\":\"https:\\\/\\\/schema.org\",\"@graph\":[{\"@type\":\"Article\",\"@id\":\"https:\\\/\\\/www.gesmujer.org\\\/sitio\\\/embarazo-infantil-y-adolescente-violencia-sexual\\\/#article\",\"isPartOf\":{\"@id\":\"https:\\\/\\\/www.gesmujer.org\\\/sitio\\\/embarazo-infantil-y-adolescente-violencia-sexual\\\/\"},\"author\":{\"name\":\"cendoc\",\"@id\":\"https:\\\/\\\/www.gesmujer.org\\\/sitio\\\/#\\\/schema\\\/person\\\/50e03387f883646c2714c51783a7e288\"},\"headline\":\"Embarazo infantil y adolescente, violencia sexual\",\"datePublished\":\"2019-11-15T03:14:37+00:00\",\"dateModified\":\"2024-04-05T21:02:54+00:00\",\"mainEntityOfPage\":{\"@id\":\"https:\\\/\\\/www.gesmujer.org\\\/sitio\\\/embarazo-infantil-y-adolescente-violencia-sexual\\\/\"},\"wordCount\":881,\"publisher\":{\"@id\":\"https:\\\/\\\/www.gesmujer.org\\\/sitio\\\/#organization\"},\"image\":{\"@id\":\"https:\\\/\\\/www.gesmujer.org\\\/sitio\\\/embarazo-infantil-y-adolescente-violencia-sexual\\\/#primaryimage\"},\"thumbnailUrl\":\"https:\\\/\\\/www.gesmujer.org\\\/sitio\\\/wp-content\\\/uploads\\\/2019\\\/11\\\/WhatsApp-Image-2019-11-14-at-3.20.06-PM.jpeg\",\"articleSection\":[\"ARTICULOS\",\"COMUNICADOS\",\"NOTAS\",\"NOTICIAS\"],\"inLanguage\":\"es\"},{\"@type\":\"WebPage\",\"@id\":\"https:\\\/\\\/www.gesmujer.org\\\/sitio\\\/embarazo-infantil-y-adolescente-violencia-sexual\\\/\",\"url\":\"https:\\\/\\\/www.gesmujer.org\\\/sitio\\\/embarazo-infantil-y-adolescente-violencia-sexual\\\/\",\"name\":\"Embarazo infantil y adolescente, violencia sexual - GESMujer &quot;Rosario Castellanos&quot;\",\"isPartOf\":{\"@id\":\"https:\\\/\\\/www.gesmujer.org\\\/sitio\\\/#website\"},\"primaryImageOfPage\":{\"@id\":\"https:\\\/\\\/www.gesmujer.org\\\/sitio\\\/embarazo-infantil-y-adolescente-violencia-sexual\\\/#primaryimage\"},\"image\":{\"@id\":\"https:\\\/\\\/www.gesmujer.org\\\/sitio\\\/embarazo-infantil-y-adolescente-violencia-sexual\\\/#primaryimage\"},\"thumbnailUrl\":\"https:\\\/\\\/www.gesmujer.org\\\/sitio\\\/wp-content\\\/uploads\\\/2019\\\/11\\\/WhatsApp-Image-2019-11-14-at-3.20.06-PM.jpeg\",\"datePublished\":\"2019-11-15T03:14:37+00:00\",\"dateModified\":\"2024-04-05T21:02:54+00:00\",\"breadcrumb\":{\"@id\":\"https:\\\/\\\/www.gesmujer.org\\\/sitio\\\/embarazo-infantil-y-adolescente-violencia-sexual\\\/#breadcrumb\"},\"inLanguage\":\"es\",\"potentialAction\":[{\"@type\":\"ReadAction\",\"target\":[\"https:\\\/\\\/www.gesmujer.org\\\/sitio\\\/embarazo-infantil-y-adolescente-violencia-sexual\\\/\"]}]},{\"@type\":\"ImageObject\",\"inLanguage\":\"es\",\"@id\":\"https:\\\/\\\/www.gesmujer.org\\\/sitio\\\/embarazo-infantil-y-adolescente-violencia-sexual\\\/#primaryimage\",\"url\":\"https:\\\/\\\/www.gesmujer.org\\\/sitio\\\/wp-content\\\/uploads\\\/2019\\\/11\\\/WhatsApp-Image-2019-11-14-at-3.20.06-PM.jpeg\",\"contentUrl\":\"https:\\\/\\\/www.gesmujer.org\\\/sitio\\\/wp-content\\\/uploads\\\/2019\\\/11\\\/WhatsApp-Image-2019-11-14-at-3.20.06-PM.jpeg\",\"width\":1280,\"height\":853},{\"@type\":\"BreadcrumbList\",\"@id\":\"https:\\\/\\\/www.gesmujer.org\\\/sitio\\\/embarazo-infantil-y-adolescente-violencia-sexual\\\/#breadcrumb\",\"itemListElement\":[{\"@type\":\"ListItem\",\"position\":1,\"name\":\"Home\",\"item\":\"https:\\\/\\\/www.gesmujer.org\\\/sitio\\\/\"},{\"@type\":\"ListItem\",\"position\":2,\"name\":\"Embarazo infantil y adolescente, violencia sexual\"}]},{\"@type\":\"WebSite\",\"@id\":\"https:\\\/\\\/www.gesmujer.org\\\/sitio\\\/#website\",\"url\":\"https:\\\/\\\/www.gesmujer.org\\\/sitio\\\/\",\"name\":\"GESMujer \\\"Rosario Castellanos\\\"\",\"description\":\"M\u00e1s de 45 a\u00f1os ha llevado a cabo acciones para erradicar la violencia de g\u00e9nero y construir entornos donde las mujeres encuentren su resiliencia, incrementen su agencia y autonom\u00eda que les permita lograr su empoderamiento a trav\u00e9s de cinco l\u00edneas de acci\u00f3n.\",\"publisher\":{\"@id\":\"https:\\\/\\\/www.gesmujer.org\\\/sitio\\\/#organization\"},\"alternateName\":\"GESMujer\",\"potentialAction\":[{\"@type\":\"SearchAction\",\"target\":{\"@type\":\"EntryPoint\",\"urlTemplate\":\"https:\\\/\\\/www.gesmujer.org\\\/sitio\\\/?s={search_term_string}\"},\"query-input\":{\"@type\":\"PropertyValueSpecification\",\"valueRequired\":true,\"valueName\":\"search_term_string\"}}],\"inLanguage\":\"es\"},{\"@type\":\"Organization\",\"@id\":\"https:\\\/\\\/www.gesmujer.org\\\/sitio\\\/#organization\",\"name\":\"Grupo de estudios sobre la mujer Rosario Castellanos ac\",\"alternateName\":\"GESMujer\",\"url\":\"https:\\\/\\\/www.gesmujer.org\\\/sitio\\\/\",\"logo\":{\"@type\":\"ImageObject\",\"inLanguage\":\"es\",\"@id\":\"https:\\\/\\\/www.gesmujer.org\\\/sitio\\\/#\\\/schema\\\/logo\\\/image\\\/\",\"url\":\"https:\\\/\\\/www.gesmujer.org\\\/sitio\\\/wp-content\\\/uploads\\\/2026\\\/03\\\/Logo-GESMujer-300.png\",\"contentUrl\":\"https:\\\/\\\/www.gesmujer.org\\\/sitio\\\/wp-content\\\/uploads\\\/2026\\\/03\\\/Logo-GESMujer-300.png\",\"width\":300,\"height\":141,\"caption\":\"Grupo de estudios sobre la mujer Rosario Castellanos ac\"},\"image\":{\"@id\":\"https:\\\/\\\/www.gesmujer.org\\\/sitio\\\/#\\\/schema\\\/logo\\\/image\\\/\"},\"sameAs\":[\"https:\\\/\\\/www.facebook.com\\\/gesmujer.rosario.castellanos.ac\",\"https:\\\/\\\/x.com\\\/GES_Mujer\",\"https:\\\/\\\/www.instagram.com\\\/ges_mujer\\\/?hl=es\",\"https:\\\/\\\/www.youtube.com\\\/c\\\/GESMujerRosarioCastellanos\\\/videos\",\"https:\\\/\\\/soundcloud.com\\\/gesmujerac\",\"https:\\\/\\\/www.tiktok.com\\\/@gesmujer\"]},{\"@type\":\"Person\",\"@id\":\"https:\\\/\\\/www.gesmujer.org\\\/sitio\\\/#\\\/schema\\\/person\\\/50e03387f883646c2714c51783a7e288\",\"name\":\"cendoc\",\"image\":{\"@type\":\"ImageObject\",\"inLanguage\":\"es\",\"@id\":\"https:\\\/\\\/secure.gravatar.com\\\/avatar\\\/2f187338ccb33c33bc1b08e92e2247a6891db221398e12bbc0f5ff0cfc462495?s=96&d=mm&r=g\",\"url\":\"https:\\\/\\\/secure.gravatar.com\\\/avatar\\\/2f187338ccb33c33bc1b08e92e2247a6891db221398e12bbc0f5ff0cfc462495?s=96&d=mm&r=g\",\"contentUrl\":\"https:\\\/\\\/secure.gravatar.com\\\/avatar\\\/2f187338ccb33c33bc1b08e92e2247a6891db221398e12bbc0f5ff0cfc462495?s=96&d=mm&r=g\",\"caption\":\"cendoc\"},\"sameAs\":[\"http:\\\/\\\/gesmujer.org\"],\"url\":\"https:\\\/\\\/www.gesmujer.org\\\/sitio\\\/author\\\/cendoc\\\/\"}]}<\/script>\n<!-- \/ Yoast SEO plugin. -->","yoast_head_json":{"title":"Embarazo infantil y adolescente, violencia sexual - GESMujer &quot;Rosario Castellanos&quot;","robots":{"index":"index","follow":"follow","max-snippet":"max-snippet:-1","max-image-preview":"max-image-preview:large","max-video-preview":"max-video-preview:-1"},"canonical":"https:\/\/www.gesmujer.org\/sitio\/embarazo-infantil-y-adolescente-violencia-sexual\/","og_locale":"es_MX","og_type":"article","og_title":"Embarazo infantil y adolescente, violencia sexual - GESMujer &quot;Rosario Castellanos&quot;","og_description":"Jueves 14 de noviembre de 2019 Embarazo infantil y adolescente, violencia sexual Todo embarazo en una ni\u00f1a o adolescente debe verse como violencia sexual y las autoridades asumir su responsabilidad de garantizar la interrupci\u00f3n legal en vez de revictimizar y naturalizar una maternidad temprana que vulnera una gama de derechos. Esa fue una de las [&hellip;]","og_url":"https:\/\/www.gesmujer.org\/sitio\/embarazo-infantil-y-adolescente-violencia-sexual\/","og_site_name":"GESMujer &quot;Rosario Castellanos&quot;","article_publisher":"https:\/\/www.facebook.com\/gesmujer.rosario.castellanos.ac","article_published_time":"2019-11-15T03:14:37+00:00","article_modified_time":"2024-04-05T21:02:54+00:00","og_image":[{"width":1280,"height":853,"url":"https:\/\/www.gesmujer.org\/sitio\/wp-content\/uploads\/2019\/11\/WhatsApp-Image-2019-11-14-at-3.20.06-PM.jpeg","type":"image\/jpeg"}],"author":"cendoc","twitter_card":"summary_large_image","twitter_creator":"@GES_Mujer","twitter_site":"@GES_Mujer","twitter_misc":{"Escrito por":"cendoc","Tiempo de lectura":"4 minutos"},"schema":{"@context":"https:\/\/schema.org","@graph":[{"@type":"Article","@id":"https:\/\/www.gesmujer.org\/sitio\/embarazo-infantil-y-adolescente-violencia-sexual\/#article","isPartOf":{"@id":"https:\/\/www.gesmujer.org\/sitio\/embarazo-infantil-y-adolescente-violencia-sexual\/"},"author":{"name":"cendoc","@id":"https:\/\/www.gesmujer.org\/sitio\/#\/schema\/person\/50e03387f883646c2714c51783a7e288"},"headline":"Embarazo infantil y adolescente, violencia sexual","datePublished":"2019-11-15T03:14:37+00:00","dateModified":"2024-04-05T21:02:54+00:00","mainEntityOfPage":{"@id":"https:\/\/www.gesmujer.org\/sitio\/embarazo-infantil-y-adolescente-violencia-sexual\/"},"wordCount":881,"publisher":{"@id":"https:\/\/www.gesmujer.org\/sitio\/#organization"},"image":{"@id":"https:\/\/www.gesmujer.org\/sitio\/embarazo-infantil-y-adolescente-violencia-sexual\/#primaryimage"},"thumbnailUrl":"https:\/\/www.gesmujer.org\/sitio\/wp-content\/uploads\/2019\/11\/WhatsApp-Image-2019-11-14-at-3.20.06-PM.jpeg","articleSection":["ARTICULOS","COMUNICADOS","NOTAS","NOTICIAS"],"inLanguage":"es"},{"@type":"WebPage","@id":"https:\/\/www.gesmujer.org\/sitio\/embarazo-infantil-y-adolescente-violencia-sexual\/","url":"https:\/\/www.gesmujer.org\/sitio\/embarazo-infantil-y-adolescente-violencia-sexual\/","name":"Embarazo infantil y adolescente, violencia sexual - GESMujer &quot;Rosario Castellanos&quot;","isPartOf":{"@id":"https:\/\/www.gesmujer.org\/sitio\/#website"},"primaryImageOfPage":{"@id":"https:\/\/www.gesmujer.org\/sitio\/embarazo-infantil-y-adolescente-violencia-sexual\/#primaryimage"},"image":{"@id":"https:\/\/www.gesmujer.org\/sitio\/embarazo-infantil-y-adolescente-violencia-sexual\/#primaryimage"},"thumbnailUrl":"https:\/\/www.gesmujer.org\/sitio\/wp-content\/uploads\/2019\/11\/WhatsApp-Image-2019-11-14-at-3.20.06-PM.jpeg","datePublished":"2019-11-15T03:14:37+00:00","dateModified":"2024-04-05T21:02:54+00:00","breadcrumb":{"@id":"https:\/\/www.gesmujer.org\/sitio\/embarazo-infantil-y-adolescente-violencia-sexual\/#breadcrumb"},"inLanguage":"es","potentialAction":[{"@type":"ReadAction","target":["https:\/\/www.gesmujer.org\/sitio\/embarazo-infantil-y-adolescente-violencia-sexual\/"]}]},{"@type":"ImageObject","inLanguage":"es","@id":"https:\/\/www.gesmujer.org\/sitio\/embarazo-infantil-y-adolescente-violencia-sexual\/#primaryimage","url":"https:\/\/www.gesmujer.org\/sitio\/wp-content\/uploads\/2019\/11\/WhatsApp-Image-2019-11-14-at-3.20.06-PM.jpeg","contentUrl":"https:\/\/www.gesmujer.org\/sitio\/wp-content\/uploads\/2019\/11\/WhatsApp-Image-2019-11-14-at-3.20.06-PM.jpeg","width":1280,"height":853},{"@type":"BreadcrumbList","@id":"https:\/\/www.gesmujer.org\/sitio\/embarazo-infantil-y-adolescente-violencia-sexual\/#breadcrumb","itemListElement":[{"@type":"ListItem","position":1,"name":"Home","item":"https:\/\/www.gesmujer.org\/sitio\/"},{"@type":"ListItem","position":2,"name":"Embarazo infantil y adolescente, violencia sexual"}]},{"@type":"WebSite","@id":"https:\/\/www.gesmujer.org\/sitio\/#website","url":"https:\/\/www.gesmujer.org\/sitio\/","name":"GESMujer \"Rosario Castellanos\"","description":"M\u00e1s de 45 a\u00f1os ha llevado a cabo acciones para erradicar la violencia de g\u00e9nero y construir entornos donde las mujeres encuentren su resiliencia, incrementen su agencia y autonom\u00eda que les permita lograr su empoderamiento a trav\u00e9s de cinco l\u00edneas de acci\u00f3n.","publisher":{"@id":"https:\/\/www.gesmujer.org\/sitio\/#organization"},"alternateName":"GESMujer","potentialAction":[{"@type":"SearchAction","target":{"@type":"EntryPoint","urlTemplate":"https:\/\/www.gesmujer.org\/sitio\/?s={search_term_string}"},"query-input":{"@type":"PropertyValueSpecification","valueRequired":true,"valueName":"search_term_string"}}],"inLanguage":"es"},{"@type":"Organization","@id":"https:\/\/www.gesmujer.org\/sitio\/#organization","name":"Grupo de estudios sobre la mujer Rosario Castellanos ac","alternateName":"GESMujer","url":"https:\/\/www.gesmujer.org\/sitio\/","logo":{"@type":"ImageObject","inLanguage":"es","@id":"https:\/\/www.gesmujer.org\/sitio\/#\/schema\/logo\/image\/","url":"https:\/\/www.gesmujer.org\/sitio\/wp-content\/uploads\/2026\/03\/Logo-GESMujer-300.png","contentUrl":"https:\/\/www.gesmujer.org\/sitio\/wp-content\/uploads\/2026\/03\/Logo-GESMujer-300.png","width":300,"height":141,"caption":"Grupo de estudios sobre la mujer Rosario Castellanos ac"},"image":{"@id":"https:\/\/www.gesmujer.org\/sitio\/#\/schema\/logo\/image\/"},"sameAs":["https:\/\/www.facebook.com\/gesmujer.rosario.castellanos.ac","https:\/\/x.com\/GES_Mujer","https:\/\/www.instagram.com\/ges_mujer\/?hl=es","https:\/\/www.youtube.com\/c\/GESMujerRosarioCastellanos\/videos","https:\/\/soundcloud.com\/gesmujerac","https:\/\/www.tiktok.com\/@gesmujer"]},{"@type":"Person","@id":"https:\/\/www.gesmujer.org\/sitio\/#\/schema\/person\/50e03387f883646c2714c51783a7e288","name":"cendoc","image":{"@type":"ImageObject","inLanguage":"es","@id":"https:\/\/secure.gravatar.com\/avatar\/2f187338ccb33c33bc1b08e92e2247a6891db221398e12bbc0f5ff0cfc462495?s=96&d=mm&r=g","url":"https:\/\/secure.gravatar.com\/avatar\/2f187338ccb33c33bc1b08e92e2247a6891db221398e12bbc0f5ff0cfc462495?s=96&d=mm&r=g","contentUrl":"https:\/\/secure.gravatar.com\/avatar\/2f187338ccb33c33bc1b08e92e2247a6891db221398e12bbc0f5ff0cfc462495?s=96&d=mm&r=g","caption":"cendoc"},"sameAs":["http:\/\/gesmujer.org"],"url":"https:\/\/www.gesmujer.org\/sitio\/author\/cendoc\/"}]}},"_links":{"self":[{"href":"https:\/\/www.gesmujer.org\/sitio\/wp-json\/wp\/v2\/posts\/3762","targetHints":{"allow":["GET"]}}],"collection":[{"href":"https:\/\/www.gesmujer.org\/sitio\/wp-json\/wp\/v2\/posts"}],"about":[{"href":"https:\/\/www.gesmujer.org\/sitio\/wp-json\/wp\/v2\/types\/post"}],"author":[{"embeddable":true,"href":"https:\/\/www.gesmujer.org\/sitio\/wp-json\/wp\/v2\/users\/4"}],"replies":[{"embeddable":true,"href":"https:\/\/www.gesmujer.org\/sitio\/wp-json\/wp\/v2\/comments?post=3762"}],"version-history":[{"count":6,"href":"https:\/\/www.gesmujer.org\/sitio\/wp-json\/wp\/v2\/posts\/3762\/revisions"}],"predecessor-version":[{"id":58873,"href":"https:\/\/www.gesmujer.org\/sitio\/wp-json\/wp\/v2\/posts\/3762\/revisions\/58873"}],"wp:featuredmedia":[{"embeddable":true,"href":"https:\/\/www.gesmujer.org\/sitio\/wp-json\/wp\/v2\/media\/3764"}],"wp:attachment":[{"href":"https:\/\/www.gesmujer.org\/sitio\/wp-json\/wp\/v2\/media?parent=3762"}],"wp:term":[{"taxonomy":"category","embeddable":true,"href":"https:\/\/www.gesmujer.org\/sitio\/wp-json\/wp\/v2\/categories?post=3762"},{"taxonomy":"post_tag","embeddable":true,"href":"https:\/\/www.gesmujer.org\/sitio\/wp-json\/wp\/v2\/tags?post=3762"}],"curies":[{"name":"wp","href":"https:\/\/api.w.org\/{rel}","templated":true}]}}