{"id":5298,"date":"2020-03-07T12:05:57","date_gmt":"2020-03-07T18:05:57","guid":{"rendered":"https:\/\/www.gesmujer.org\/web\/?p=5298"},"modified":"2020-03-07T12:09:42","modified_gmt":"2020-03-07T18:09:42","slug":"que-es-ser-una-joven-empoderada","status":"publish","type":"post","link":"https:\/\/www.gesmujer.org\/sitio\/que-es-ser-una-joven-empoderada\/","title":{"rendered":"\u00bfQu\u00e9 es ser una joven empoderada?"},"content":{"rendered":"\n<p>Son tiempos de cambio. Hoy en d\u00eda las j\u00f3venes tienen frente a s\u00ed oportunidades y desaf\u00edos a los cuales dar respuesta.<\/p>\n\n\n\n<p>En una sociedad donde las mujeres est\u00e1n alzando la voz y salen a las calles a exigir respeto a sus derechos, hay temas sobre los cuales reflexionar: \u00bfQu\u00e9 es ser una joven empoderada? \u00bfC\u00f3mo ganar poder en el disfrute de la sexualidad?, la maternidad \u00bfdecisi\u00f3n o imposici\u00f3n?, en la elecci\u00f3n de profesi\u00f3n \u00bfc\u00f3mo influye las presiones del mercado laboral frente a la vocaci\u00f3n? Las j\u00f3venes y la participaci\u00f3n pol\u00edtica \u00bfCu\u00e1les son las prioridades en la agenda?<\/p>\n\n\n\n<p>Nuvia Mandarin y Yamille G\u00f3mez Hern\u00e1ndez del programa radiof\u00f3nico Feministas al aire estar\u00e1n en la pr\u00f3xima\u00a0<a href=\"https:\/\/www.facebook.com\/hashtag\/charladelosmi%C3%A9rcoles?source=feed_text&amp;epa=HASHTAG&amp;__xts__%5B0%5D=68.ARD7pgwob6XJZWu8OJldiHPcJqw_fCJ6J_o1TVMfZV0YElcmxlZ_5gvQ8pmfXD61aAdDkuJlGBz3959ll_E_qKJo0BuZbt_VIx_9IqGn9HVo-1pTRYAF9yksqY2wwUJlTEiqql1uzHZP97Nq7PICJyYwsYF0vTLK3iEv7RwbazAeLL2PgQXz3LXXV02Y_luS5Gi3Chlha48nAGXyn1ksz3I27gw_Sx8rwKf1lw6QXOTHglULFVDO0oP2hqc4AeH31KowybcuoeEkcMe6Nk7EeoRtmKZYrlL__dGTwTc6nNpYg-AE-S8v33__l1ldUglOPWAx0XnKT53bqXFL2_2MU8sDAQ&amp;__tn__=%2ANK-R\">#CharlaDeLosMi\u00e9rcoles<\/a>\u00a0para hablar de c\u00f3mo las nuevas generaciones de mujeres contin\u00faan la lucha a favor de su derecho a decidir sobre su cuerpo y su futuro.<\/p>\n\n\n\n<p>Si eres joven y te interesa reflexionar y compartir en torno a este tema, te esperamos este mi\u00e9rcoles 11 de marzo en nuestras instalaciones que se localizan en Tercera Privada de Guadalupe Victoria n\u00famero 107, en la Colonia Libertad, en la ciudad de Oaxaca. La entrada es gratuita e iniciamos a las 17:00 horas.<\/p>\n","protected":false},"excerpt":{"rendered":"<p>Son tiempos de cambio. Hoy en d\u00eda las j\u00f3venes tienen frente a s\u00ed oportunidades y desaf\u00edos a los cuales dar respuesta. En una sociedad donde las mujeres est\u00e1n alzando la voz y salen a las calles a exigir respeto a sus derechos, hay temas sobre los cuales reflexionar: \u00bfQu\u00e9 es ser una joven empoderada? \u00bfC\u00f3mo [&hellip;]<\/p>\n","protected":false},"author":4,"featured_media":5299,"comment_status":"closed","ping_status":"open","sticky":false,"template":"","format":"standard","meta":{"give_campaign_id":0,"footnotes":""},"categories":[90,36,91,32],"tags":[],"class_list":["post-5298","post","type-post","status-publish","format-standard","has-post-thumbnail","hentry","category-articulos","category-comunicados","category-notas","category-novedades"],"yoast_head":"<!-- This site is optimized with the Yoast SEO plugin v27.4 - https:\/\/yoast.com\/product\/yoast-seo-wordpress\/ -->\n<title>\u00bfQu\u00e9 es ser una joven empoderada? - GESMujer &quot;Rosario Castellanos&quot;<\/title>\n<meta name=\"robots\" content=\"index, follow, max-snippet:-1, max-image-preview:large, max-video-preview:-1\" \/>\n<link rel=\"canonical\" href=\"https:\/\/www.gesmujer.org\/sitio\/que-es-ser-una-joven-empoderada\/\" \/>\n<meta property=\"og:locale\" content=\"es_MX\" \/>\n<meta property=\"og:type\" content=\"article\" \/>\n<meta property=\"og:title\" content=\"\u00bfQu\u00e9 es ser una joven empoderada? - GESMujer &quot;Rosario Castellanos&quot;\" \/>\n<meta property=\"og:description\" content=\"Son tiempos de cambio. Hoy en d\u00eda las j\u00f3venes tienen frente a s\u00ed oportunidades y desaf\u00edos a los cuales dar respuesta. En una sociedad donde las mujeres est\u00e1n alzando la voz y salen a las calles a exigir respeto a sus derechos, hay temas sobre los cuales reflexionar: \u00bfQu\u00e9 es ser una joven empoderada? \u00bfC\u00f3mo [&hellip;]\" \/>\n<meta property=\"og:url\" content=\"https:\/\/www.gesmujer.org\/sitio\/que-es-ser-una-joven-empoderada\/\" \/>\n<meta property=\"og:site_name\" content=\"GESMujer &quot;Rosario Castellanos&quot;\" \/>\n<meta property=\"article:publisher\" content=\"https:\/\/www.facebook.com\/gesmujer.rosario.castellanos.ac\" \/>\n<meta property=\"article:published_time\" content=\"2020-03-07T18:05:57+00:00\" \/>\n<meta property=\"article:modified_time\" content=\"2020-03-07T18:09:42+00:00\" \/>\n<meta property=\"og:image\" content=\"https:\/\/www.gesmujer.org\/sitio\/wp-content\/uploads\/2020\/03\/joven.jpg\" \/>\n\t<meta property=\"og:image:width\" content=\"720\" \/>\n\t<meta property=\"og:image:height\" content=\"960\" \/>\n\t<meta property=\"og:image:type\" content=\"image\/jpeg\" \/>\n<meta name=\"author\" content=\"cendoc\" \/>\n<meta name=\"twitter:card\" content=\"summary_large_image\" \/>\n<meta name=\"twitter:creator\" content=\"@GES_Mujer\" \/>\n<meta name=\"twitter:site\" content=\"@GES_Mujer\" \/>\n<meta name=\"twitter:label1\" content=\"Escrito por\" \/>\n\t<meta name=\"twitter:data1\" content=\"cendoc\" \/>\n\t<meta name=\"twitter:label2\" content=\"Tiempo de lectura\" \/>\n\t<meta name=\"twitter:data2\" content=\"1 minuto\" \/>\n<script type=\"application\/ld+json\" class=\"yoast-schema-graph\">{\"@context\":\"https:\\\/\\\/schema.org\",\"@graph\":[{\"@type\":\"Article\",\"@id\":\"https:\\\/\\\/www.gesmujer.org\\\/sitio\\\/que-es-ser-una-joven-empoderada\\\/#article\",\"isPartOf\":{\"@id\":\"https:\\\/\\\/www.gesmujer.org\\\/sitio\\\/que-es-ser-una-joven-empoderada\\\/\"},\"author\":{\"name\":\"cendoc\",\"@id\":\"https:\\\/\\\/www.gesmujer.org\\\/sitio\\\/#\\\/schema\\\/person\\\/50e03387f883646c2714c51783a7e288\"},\"headline\":\"\u00bfQu\u00e9 es ser una joven empoderada?\",\"datePublished\":\"2020-03-07T18:05:57+00:00\",\"dateModified\":\"2020-03-07T18:09:42+00:00\",\"mainEntityOfPage\":{\"@id\":\"https:\\\/\\\/www.gesmujer.org\\\/sitio\\\/que-es-ser-una-joven-empoderada\\\/\"},\"wordCount\":221,\"publisher\":{\"@id\":\"https:\\\/\\\/www.gesmujer.org\\\/sitio\\\/#organization\"},\"image\":{\"@id\":\"https:\\\/\\\/www.gesmujer.org\\\/sitio\\\/que-es-ser-una-joven-empoderada\\\/#primaryimage\"},\"thumbnailUrl\":\"https:\\\/\\\/www.gesmujer.org\\\/sitio\\\/wp-content\\\/uploads\\\/2020\\\/03\\\/joven.jpg\",\"articleSection\":[\"ARTICULOS\",\"COMUNICADOS\",\"NOTAS\",\"NOTICIAS\"],\"inLanguage\":\"es\"},{\"@type\":\"WebPage\",\"@id\":\"https:\\\/\\\/www.gesmujer.org\\\/sitio\\\/que-es-ser-una-joven-empoderada\\\/\",\"url\":\"https:\\\/\\\/www.gesmujer.org\\\/sitio\\\/que-es-ser-una-joven-empoderada\\\/\",\"name\":\"\u00bfQu\u00e9 es ser una joven empoderada? - GESMujer &quot;Rosario Castellanos&quot;\",\"isPartOf\":{\"@id\":\"https:\\\/\\\/www.gesmujer.org\\\/sitio\\\/#website\"},\"primaryImageOfPage\":{\"@id\":\"https:\\\/\\\/www.gesmujer.org\\\/sitio\\\/que-es-ser-una-joven-empoderada\\\/#primaryimage\"},\"image\":{\"@id\":\"https:\\\/\\\/www.gesmujer.org\\\/sitio\\\/que-es-ser-una-joven-empoderada\\\/#primaryimage\"},\"thumbnailUrl\":\"https:\\\/\\\/www.gesmujer.org\\\/sitio\\\/wp-content\\\/uploads\\\/2020\\\/03\\\/joven.jpg\",\"datePublished\":\"2020-03-07T18:05:57+00:00\",\"dateModified\":\"2020-03-07T18:09:42+00:00\",\"breadcrumb\":{\"@id\":\"https:\\\/\\\/www.gesmujer.org\\\/sitio\\\/que-es-ser-una-joven-empoderada\\\/#breadcrumb\"},\"inLanguage\":\"es\",\"potentialAction\":[{\"@type\":\"ReadAction\",\"target\":[\"https:\\\/\\\/www.gesmujer.org\\\/sitio\\\/que-es-ser-una-joven-empoderada\\\/\"]}]},{\"@type\":\"ImageObject\",\"inLanguage\":\"es\",\"@id\":\"https:\\\/\\\/www.gesmujer.org\\\/sitio\\\/que-es-ser-una-joven-empoderada\\\/#primaryimage\",\"url\":\"https:\\\/\\\/www.gesmujer.org\\\/sitio\\\/wp-content\\\/uploads\\\/2020\\\/03\\\/joven.jpg\",\"contentUrl\":\"https:\\\/\\\/www.gesmujer.org\\\/sitio\\\/wp-content\\\/uploads\\\/2020\\\/03\\\/joven.jpg\",\"width\":720,\"height\":960},{\"@type\":\"BreadcrumbList\",\"@id\":\"https:\\\/\\\/www.gesmujer.org\\\/sitio\\\/que-es-ser-una-joven-empoderada\\\/#breadcrumb\",\"itemListElement\":[{\"@type\":\"ListItem\",\"position\":1,\"name\":\"Home\",\"item\":\"https:\\\/\\\/www.gesmujer.org\\\/sitio\\\/\"},{\"@type\":\"ListItem\",\"position\":2,\"name\":\"\u00bfQu\u00e9 es ser una joven empoderada?\"}]},{\"@type\":\"WebSite\",\"@id\":\"https:\\\/\\\/www.gesmujer.org\\\/sitio\\\/#website\",\"url\":\"https:\\\/\\\/www.gesmujer.org\\\/sitio\\\/\",\"name\":\"GESMujer \\\"Rosario Castellanos\\\"\",\"description\":\"M\u00e1s de 45 a\u00f1os ha llevado a cabo acciones para erradicar la violencia de g\u00e9nero y construir entornos donde las mujeres encuentren su resiliencia, incrementen su agencia y autonom\u00eda que les permita lograr su empoderamiento a trav\u00e9s de cinco l\u00edneas de acci\u00f3n.\",\"publisher\":{\"@id\":\"https:\\\/\\\/www.gesmujer.org\\\/sitio\\\/#organization\"},\"alternateName\":\"GESMujer\",\"potentialAction\":[{\"@type\":\"SearchAction\",\"target\":{\"@type\":\"EntryPoint\",\"urlTemplate\":\"https:\\\/\\\/www.gesmujer.org\\\/sitio\\\/?s={search_term_string}\"},\"query-input\":{\"@type\":\"PropertyValueSpecification\",\"valueRequired\":true,\"valueName\":\"search_term_string\"}}],\"inLanguage\":\"es\"},{\"@type\":\"Organization\",\"@id\":\"https:\\\/\\\/www.gesmujer.org\\\/sitio\\\/#organization\",\"name\":\"Grupo de estudios sobre la mujer Rosario Castellanos ac\",\"alternateName\":\"GESMujer\",\"url\":\"https:\\\/\\\/www.gesmujer.org\\\/sitio\\\/\",\"logo\":{\"@type\":\"ImageObject\",\"inLanguage\":\"es\",\"@id\":\"https:\\\/\\\/www.gesmujer.org\\\/sitio\\\/#\\\/schema\\\/logo\\\/image\\\/\",\"url\":\"https:\\\/\\\/www.gesmujer.org\\\/sitio\\\/wp-content\\\/uploads\\\/2026\\\/03\\\/Logo-GESMujer-300.png\",\"contentUrl\":\"https:\\\/\\\/www.gesmujer.org\\\/sitio\\\/wp-content\\\/uploads\\\/2026\\\/03\\\/Logo-GESMujer-300.png\",\"width\":300,\"height\":141,\"caption\":\"Grupo de estudios sobre la mujer Rosario Castellanos ac\"},\"image\":{\"@id\":\"https:\\\/\\\/www.gesmujer.org\\\/sitio\\\/#\\\/schema\\\/logo\\\/image\\\/\"},\"sameAs\":[\"https:\\\/\\\/www.facebook.com\\\/gesmujer.rosario.castellanos.ac\",\"https:\\\/\\\/x.com\\\/GES_Mujer\",\"https:\\\/\\\/www.instagram.com\\\/ges_mujer\\\/?hl=es\",\"https:\\\/\\\/www.youtube.com\\\/c\\\/GESMujerRosarioCastellanos\\\/videos\",\"https:\\\/\\\/soundcloud.com\\\/gesmujerac\",\"https:\\\/\\\/www.tiktok.com\\\/@gesmujer\"]},{\"@type\":\"Person\",\"@id\":\"https:\\\/\\\/www.gesmujer.org\\\/sitio\\\/#\\\/schema\\\/person\\\/50e03387f883646c2714c51783a7e288\",\"name\":\"cendoc\",\"image\":{\"@type\":\"ImageObject\",\"inLanguage\":\"es\",\"@id\":\"https:\\\/\\\/secure.gravatar.com\\\/avatar\\\/2f187338ccb33c33bc1b08e92e2247a6891db221398e12bbc0f5ff0cfc462495?s=96&d=mm&r=g\",\"url\":\"https:\\\/\\\/secure.gravatar.com\\\/avatar\\\/2f187338ccb33c33bc1b08e92e2247a6891db221398e12bbc0f5ff0cfc462495?s=96&d=mm&r=g\",\"contentUrl\":\"https:\\\/\\\/secure.gravatar.com\\\/avatar\\\/2f187338ccb33c33bc1b08e92e2247a6891db221398e12bbc0f5ff0cfc462495?s=96&d=mm&r=g\",\"caption\":\"cendoc\"},\"sameAs\":[\"http:\\\/\\\/gesmujer.org\"],\"url\":\"https:\\\/\\\/www.gesmujer.org\\\/sitio\\\/author\\\/cendoc\\\/\"}]}<\/script>\n<!-- \/ Yoast SEO plugin. -->","yoast_head_json":{"title":"\u00bfQu\u00e9 es ser una joven empoderada? - GESMujer &quot;Rosario Castellanos&quot;","robots":{"index":"index","follow":"follow","max-snippet":"max-snippet:-1","max-image-preview":"max-image-preview:large","max-video-preview":"max-video-preview:-1"},"canonical":"https:\/\/www.gesmujer.org\/sitio\/que-es-ser-una-joven-empoderada\/","og_locale":"es_MX","og_type":"article","og_title":"\u00bfQu\u00e9 es ser una joven empoderada? - GESMujer &quot;Rosario Castellanos&quot;","og_description":"Son tiempos de cambio. Hoy en d\u00eda las j\u00f3venes tienen frente a s\u00ed oportunidades y desaf\u00edos a los cuales dar respuesta. En una sociedad donde las mujeres est\u00e1n alzando la voz y salen a las calles a exigir respeto a sus derechos, hay temas sobre los cuales reflexionar: \u00bfQu\u00e9 es ser una joven empoderada? \u00bfC\u00f3mo [&hellip;]","og_url":"https:\/\/www.gesmujer.org\/sitio\/que-es-ser-una-joven-empoderada\/","og_site_name":"GESMujer &quot;Rosario Castellanos&quot;","article_publisher":"https:\/\/www.facebook.com\/gesmujer.rosario.castellanos.ac","article_published_time":"2020-03-07T18:05:57+00:00","article_modified_time":"2020-03-07T18:09:42+00:00","og_image":[{"width":720,"height":960,"url":"https:\/\/www.gesmujer.org\/sitio\/wp-content\/uploads\/2020\/03\/joven.jpg","type":"image\/jpeg"}],"author":"cendoc","twitter_card":"summary_large_image","twitter_creator":"@GES_Mujer","twitter_site":"@GES_Mujer","twitter_misc":{"Escrito por":"cendoc","Tiempo de lectura":"1 minuto"},"schema":{"@context":"https:\/\/schema.org","@graph":[{"@type":"Article","@id":"https:\/\/www.gesmujer.org\/sitio\/que-es-ser-una-joven-empoderada\/#article","isPartOf":{"@id":"https:\/\/www.gesmujer.org\/sitio\/que-es-ser-una-joven-empoderada\/"},"author":{"name":"cendoc","@id":"https:\/\/www.gesmujer.org\/sitio\/#\/schema\/person\/50e03387f883646c2714c51783a7e288"},"headline":"\u00bfQu\u00e9 es ser una joven empoderada?","datePublished":"2020-03-07T18:05:57+00:00","dateModified":"2020-03-07T18:09:42+00:00","mainEntityOfPage":{"@id":"https:\/\/www.gesmujer.org\/sitio\/que-es-ser-una-joven-empoderada\/"},"wordCount":221,"publisher":{"@id":"https:\/\/www.gesmujer.org\/sitio\/#organization"},"image":{"@id":"https:\/\/www.gesmujer.org\/sitio\/que-es-ser-una-joven-empoderada\/#primaryimage"},"thumbnailUrl":"https:\/\/www.gesmujer.org\/sitio\/wp-content\/uploads\/2020\/03\/joven.jpg","articleSection":["ARTICULOS","COMUNICADOS","NOTAS","NOTICIAS"],"inLanguage":"es"},{"@type":"WebPage","@id":"https:\/\/www.gesmujer.org\/sitio\/que-es-ser-una-joven-empoderada\/","url":"https:\/\/www.gesmujer.org\/sitio\/que-es-ser-una-joven-empoderada\/","name":"\u00bfQu\u00e9 es ser una joven empoderada? - GESMujer &quot;Rosario Castellanos&quot;","isPartOf":{"@id":"https:\/\/www.gesmujer.org\/sitio\/#website"},"primaryImageOfPage":{"@id":"https:\/\/www.gesmujer.org\/sitio\/que-es-ser-una-joven-empoderada\/#primaryimage"},"image":{"@id":"https:\/\/www.gesmujer.org\/sitio\/que-es-ser-una-joven-empoderada\/#primaryimage"},"thumbnailUrl":"https:\/\/www.gesmujer.org\/sitio\/wp-content\/uploads\/2020\/03\/joven.jpg","datePublished":"2020-03-07T18:05:57+00:00","dateModified":"2020-03-07T18:09:42+00:00","breadcrumb":{"@id":"https:\/\/www.gesmujer.org\/sitio\/que-es-ser-una-joven-empoderada\/#breadcrumb"},"inLanguage":"es","potentialAction":[{"@type":"ReadAction","target":["https:\/\/www.gesmujer.org\/sitio\/que-es-ser-una-joven-empoderada\/"]}]},{"@type":"ImageObject","inLanguage":"es","@id":"https:\/\/www.gesmujer.org\/sitio\/que-es-ser-una-joven-empoderada\/#primaryimage","url":"https:\/\/www.gesmujer.org\/sitio\/wp-content\/uploads\/2020\/03\/joven.jpg","contentUrl":"https:\/\/www.gesmujer.org\/sitio\/wp-content\/uploads\/2020\/03\/joven.jpg","width":720,"height":960},{"@type":"BreadcrumbList","@id":"https:\/\/www.gesmujer.org\/sitio\/que-es-ser-una-joven-empoderada\/#breadcrumb","itemListElement":[{"@type":"ListItem","position":1,"name":"Home","item":"https:\/\/www.gesmujer.org\/sitio\/"},{"@type":"ListItem","position":2,"name":"\u00bfQu\u00e9 es ser una joven empoderada?"}]},{"@type":"WebSite","@id":"https:\/\/www.gesmujer.org\/sitio\/#website","url":"https:\/\/www.gesmujer.org\/sitio\/","name":"GESMujer \"Rosario Castellanos\"","description":"M\u00e1s de 45 a\u00f1os ha llevado a cabo acciones para erradicar la violencia de g\u00e9nero y construir entornos donde las mujeres encuentren su resiliencia, incrementen su agencia y autonom\u00eda que les permita lograr su empoderamiento a trav\u00e9s de cinco l\u00edneas de acci\u00f3n.","publisher":{"@id":"https:\/\/www.gesmujer.org\/sitio\/#organization"},"alternateName":"GESMujer","potentialAction":[{"@type":"SearchAction","target":{"@type":"EntryPoint","urlTemplate":"https:\/\/www.gesmujer.org\/sitio\/?s={search_term_string}"},"query-input":{"@type":"PropertyValueSpecification","valueRequired":true,"valueName":"search_term_string"}}],"inLanguage":"es"},{"@type":"Organization","@id":"https:\/\/www.gesmujer.org\/sitio\/#organization","name":"Grupo de estudios sobre la mujer Rosario Castellanos ac","alternateName":"GESMujer","url":"https:\/\/www.gesmujer.org\/sitio\/","logo":{"@type":"ImageObject","inLanguage":"es","@id":"https:\/\/www.gesmujer.org\/sitio\/#\/schema\/logo\/image\/","url":"https:\/\/www.gesmujer.org\/sitio\/wp-content\/uploads\/2026\/03\/Logo-GESMujer-300.png","contentUrl":"https:\/\/www.gesmujer.org\/sitio\/wp-content\/uploads\/2026\/03\/Logo-GESMujer-300.png","width":300,"height":141,"caption":"Grupo de estudios sobre la mujer Rosario Castellanos ac"},"image":{"@id":"https:\/\/www.gesmujer.org\/sitio\/#\/schema\/logo\/image\/"},"sameAs":["https:\/\/www.facebook.com\/gesmujer.rosario.castellanos.ac","https:\/\/x.com\/GES_Mujer","https:\/\/www.instagram.com\/ges_mujer\/?hl=es","https:\/\/www.youtube.com\/c\/GESMujerRosarioCastellanos\/videos","https:\/\/soundcloud.com\/gesmujerac","https:\/\/www.tiktok.com\/@gesmujer"]},{"@type":"Person","@id":"https:\/\/www.gesmujer.org\/sitio\/#\/schema\/person\/50e03387f883646c2714c51783a7e288","name":"cendoc","image":{"@type":"ImageObject","inLanguage":"es","@id":"https:\/\/secure.gravatar.com\/avatar\/2f187338ccb33c33bc1b08e92e2247a6891db221398e12bbc0f5ff0cfc462495?s=96&d=mm&r=g","url":"https:\/\/secure.gravatar.com\/avatar\/2f187338ccb33c33bc1b08e92e2247a6891db221398e12bbc0f5ff0cfc462495?s=96&d=mm&r=g","contentUrl":"https:\/\/secure.gravatar.com\/avatar\/2f187338ccb33c33bc1b08e92e2247a6891db221398e12bbc0f5ff0cfc462495?s=96&d=mm&r=g","caption":"cendoc"},"sameAs":["http:\/\/gesmujer.org"],"url":"https:\/\/www.gesmujer.org\/sitio\/author\/cendoc\/"}]}},"_links":{"self":[{"href":"https:\/\/www.gesmujer.org\/sitio\/wp-json\/wp\/v2\/posts\/5298","targetHints":{"allow":["GET"]}}],"collection":[{"href":"https:\/\/www.gesmujer.org\/sitio\/wp-json\/wp\/v2\/posts"}],"about":[{"href":"https:\/\/www.gesmujer.org\/sitio\/wp-json\/wp\/v2\/types\/post"}],"author":[{"embeddable":true,"href":"https:\/\/www.gesmujer.org\/sitio\/wp-json\/wp\/v2\/users\/4"}],"replies":[{"embeddable":true,"href":"https:\/\/www.gesmujer.org\/sitio\/wp-json\/wp\/v2\/comments?post=5298"}],"version-history":[{"count":2,"href":"https:\/\/www.gesmujer.org\/sitio\/wp-json\/wp\/v2\/posts\/5298\/revisions"}],"predecessor-version":[{"id":5302,"href":"https:\/\/www.gesmujer.org\/sitio\/wp-json\/wp\/v2\/posts\/5298\/revisions\/5302"}],"wp:featuredmedia":[{"embeddable":true,"href":"https:\/\/www.gesmujer.org\/sitio\/wp-json\/wp\/v2\/media\/5299"}],"wp:attachment":[{"href":"https:\/\/www.gesmujer.org\/sitio\/wp-json\/wp\/v2\/media?parent=5298"}],"wp:term":[{"taxonomy":"category","embeddable":true,"href":"https:\/\/www.gesmujer.org\/sitio\/wp-json\/wp\/v2\/categories?post=5298"},{"taxonomy":"post_tag","embeddable":true,"href":"https:\/\/www.gesmujer.org\/sitio\/wp-json\/wp\/v2\/tags?post=5298"}],"curies":[{"name":"wp","href":"https:\/\/api.w.org\/{rel}","templated":true}]}}