{"id":5326,"date":"2020-03-12T13:08:00","date_gmt":"2020-03-12T19:08:00","guid":{"rendered":"https:\/\/www.gesmujer.org\/web\/?p=5326"},"modified":"2020-03-26T12:47:25","modified_gmt":"2020-03-26T18:47:25","slug":"las-jovenes-y-su-derecho-a-tomar-decisiones","status":"publish","type":"post","link":"https:\/\/www.gesmujer.org\/sitio\/las-jovenes-y-su-derecho-a-tomar-decisiones\/","title":{"rendered":"Las j\u00f3venes y su derecho a tomar decisiones"},"content":{"rendered":"\n<p>A pesar de que anteriores generaciones de mujeres lucharon para que las j\u00f3venes puedan decidir, en la actualidad todav\u00eda tienen que luchar para poder ejercer este derecho sobre su cuerpo y su futuro.<\/p>\n\n\n\n<p>En la charla de los micercoles de este 11 de marzo, Nuvia Mandarin y Yamille G\u00f3mez Hern\u00e1ndez del programa radiof\u00f3nico Feministas al aire, abrieron un di\u00e1logo reflexivo para crear entre todas las asistentes una agenda de acciones que atienda las principales demandas que implica ejercer todos los derechos en libertad.<\/p>\n\n\n\n<figure class=\"wp-block-gallery columns-3 is-cropped wp-block-gallery-1 is-layout-flex wp-block-gallery-is-layout-flex\"><ul class=\"blocks-gallery-grid\"><li class=\"blocks-gallery-item\"><figure><img fetchpriority=\"high\" decoding=\"async\" width=\"1024\" height=\"683\" src=\"https:\/\/www.gesmujer.org\/web\/wp-content\/uploads\/2020\/03\/Pl\u00e1tica-11-Marzo-Foto-03-1024x683.jpg\" alt=\"\" data-id=\"5329\" data-full-url=\"https:\/\/www.gesmujer.org\/web\/wp-content\/uploads\/2020\/03\/Pl\u00e1tica-11-Marzo-Foto-03.jpg\" data-link=\"https:\/\/www.gesmujer.org\/web\/?attachment_id=5329\" class=\"wp-image-5329\" srcset=\"https:\/\/www.gesmujer.org\/sitio\/wp-content\/uploads\/2020\/03\/Pl\u00e1tica-11-Marzo-Foto-03-1024x683.jpg 1024w, https:\/\/www.gesmujer.org\/sitio\/wp-content\/uploads\/2020\/03\/Pl\u00e1tica-11-Marzo-Foto-03-300x200.jpg 300w, https:\/\/www.gesmujer.org\/sitio\/wp-content\/uploads\/2020\/03\/Pl\u00e1tica-11-Marzo-Foto-03-768x512.jpg 768w, https:\/\/www.gesmujer.org\/sitio\/wp-content\/uploads\/2020\/03\/Pl\u00e1tica-11-Marzo-Foto-03-1536x1024.jpg 1536w, https:\/\/www.gesmujer.org\/sitio\/wp-content\/uploads\/2020\/03\/Pl\u00e1tica-11-Marzo-Foto-03-450x300.jpg 450w, https:\/\/www.gesmujer.org\/sitio\/wp-content\/uploads\/2020\/03\/Pl\u00e1tica-11-Marzo-Foto-03-90x60.jpg 90w, https:\/\/www.gesmujer.org\/sitio\/wp-content\/uploads\/2020\/03\/Pl\u00e1tica-11-Marzo-Foto-03.jpg 1800w\" sizes=\"(max-width: 1024px) 100vw, 1024px\" \/><\/figure><\/li><li class=\"blocks-gallery-item\"><figure><img decoding=\"async\" width=\"1024\" height=\"683\" src=\"https:\/\/www.gesmujer.org\/web\/wp-content\/uploads\/2020\/03\/Pl\u00e1tica-11-Marzo-Foto-04-1024x683.jpg\" alt=\"\" data-id=\"5330\" data-full-url=\"https:\/\/www.gesmujer.org\/web\/wp-content\/uploads\/2020\/03\/Pl\u00e1tica-11-Marzo-Foto-04.jpg\" data-link=\"https:\/\/www.gesmujer.org\/web\/?attachment_id=5330\" class=\"wp-image-5330\" srcset=\"https:\/\/www.gesmujer.org\/sitio\/wp-content\/uploads\/2020\/03\/Pl\u00e1tica-11-Marzo-Foto-04-1024x683.jpg 1024w, https:\/\/www.gesmujer.org\/sitio\/wp-content\/uploads\/2020\/03\/Pl\u00e1tica-11-Marzo-Foto-04-300x200.jpg 300w, https:\/\/www.gesmujer.org\/sitio\/wp-content\/uploads\/2020\/03\/Pl\u00e1tica-11-Marzo-Foto-04-768x512.jpg 768w, https:\/\/www.gesmujer.org\/sitio\/wp-content\/uploads\/2020\/03\/Pl\u00e1tica-11-Marzo-Foto-04-1536x1024.jpg 1536w, https:\/\/www.gesmujer.org\/sitio\/wp-content\/uploads\/2020\/03\/Pl\u00e1tica-11-Marzo-Foto-04-450x300.jpg 450w, https:\/\/www.gesmujer.org\/sitio\/wp-content\/uploads\/2020\/03\/Pl\u00e1tica-11-Marzo-Foto-04-90x60.jpg 90w, https:\/\/www.gesmujer.org\/sitio\/wp-content\/uploads\/2020\/03\/Pl\u00e1tica-11-Marzo-Foto-04.jpg 1800w\" sizes=\"(max-width: 1024px) 100vw, 1024px\" \/><\/figure><\/li><li class=\"blocks-gallery-item\"><figure><img decoding=\"async\" width=\"1024\" height=\"683\" src=\"https:\/\/www.gesmujer.org\/web\/wp-content\/uploads\/2020\/03\/Pl\u00e1tica-11-Marzo-Foto-05-1024x683.jpg\" alt=\"\" data-id=\"5331\" data-full-url=\"https:\/\/www.gesmujer.org\/web\/wp-content\/uploads\/2020\/03\/Pl\u00e1tica-11-Marzo-Foto-05.jpg\" data-link=\"https:\/\/www.gesmujer.org\/web\/?attachment_id=5331\" class=\"wp-image-5331\" srcset=\"https:\/\/www.gesmujer.org\/sitio\/wp-content\/uploads\/2020\/03\/Pl\u00e1tica-11-Marzo-Foto-05-1024x683.jpg 1024w, https:\/\/www.gesmujer.org\/sitio\/wp-content\/uploads\/2020\/03\/Pl\u00e1tica-11-Marzo-Foto-05-300x200.jpg 300w, https:\/\/www.gesmujer.org\/sitio\/wp-content\/uploads\/2020\/03\/Pl\u00e1tica-11-Marzo-Foto-05-768x512.jpg 768w, https:\/\/www.gesmujer.org\/sitio\/wp-content\/uploads\/2020\/03\/Pl\u00e1tica-11-Marzo-Foto-05-1536x1024.jpg 1536w, https:\/\/www.gesmujer.org\/sitio\/wp-content\/uploads\/2020\/03\/Pl\u00e1tica-11-Marzo-Foto-05-450x300.jpg 450w, https:\/\/www.gesmujer.org\/sitio\/wp-content\/uploads\/2020\/03\/Pl\u00e1tica-11-Marzo-Foto-05-90x60.jpg 90w, https:\/\/www.gesmujer.org\/sitio\/wp-content\/uploads\/2020\/03\/Pl\u00e1tica-11-Marzo-Foto-05.jpg 1800w\" sizes=\"(max-width: 1024px) 100vw, 1024px\" \/><\/figure><\/li><li class=\"blocks-gallery-item\"><figure><img loading=\"lazy\" decoding=\"async\" width=\"1024\" height=\"683\" src=\"https:\/\/www.gesmujer.org\/web\/wp-content\/uploads\/2020\/03\/Pl\u00e1tica-11-Marzo-Foto-06-1024x683.jpg\" alt=\"\" data-id=\"5332\" data-full-url=\"https:\/\/www.gesmujer.org\/web\/wp-content\/uploads\/2020\/03\/Pl\u00e1tica-11-Marzo-Foto-06.jpg\" data-link=\"https:\/\/www.gesmujer.org\/web\/?attachment_id=5332\" class=\"wp-image-5332\" srcset=\"https:\/\/www.gesmujer.org\/sitio\/wp-content\/uploads\/2020\/03\/Pl\u00e1tica-11-Marzo-Foto-06-1024x683.jpg 1024w, https:\/\/www.gesmujer.org\/sitio\/wp-content\/uploads\/2020\/03\/Pl\u00e1tica-11-Marzo-Foto-06-300x200.jpg 300w, https:\/\/www.gesmujer.org\/sitio\/wp-content\/uploads\/2020\/03\/Pl\u00e1tica-11-Marzo-Foto-06-768x512.jpg 768w, https:\/\/www.gesmujer.org\/sitio\/wp-content\/uploads\/2020\/03\/Pl\u00e1tica-11-Marzo-Foto-06-1536x1024.jpg 1536w, https:\/\/www.gesmujer.org\/sitio\/wp-content\/uploads\/2020\/03\/Pl\u00e1tica-11-Marzo-Foto-06-450x300.jpg 450w, https:\/\/www.gesmujer.org\/sitio\/wp-content\/uploads\/2020\/03\/Pl\u00e1tica-11-Marzo-Foto-06-90x60.jpg 90w, https:\/\/www.gesmujer.org\/sitio\/wp-content\/uploads\/2020\/03\/Pl\u00e1tica-11-Marzo-Foto-06.jpg 1800w\" sizes=\"(max-width: 1024px) 100vw, 1024px\" \/><\/figure><\/li><\/ul><\/figure>\n\n\n\n<p>Se abordaron temas como los derechos sexuales y reproductivos; la participaci\u00f3n pol\u00edtica de las mujeres; el acoso sexual en las escuelas y centros de trabajo; el derecho de las mujeres a decidir sobre su cuerpo, entre muchos otros que coadyuvan a asegurar la integridad de todas las mujeres.La charla de los mi\u00e9rcoles es un espacio de reflexi\u00f3n en el que mujeres comparten temas e intereses diversos. La presidenta del Grupo de estudios sobre la mujer Rosario Castellanos, Ang\u00e9lica Ayala Ortiz, agradeci\u00f3 la participaci\u00f3n de Nuvia&nbsp;y Yamille al compartir su experiencia y visi\u00f3n con otras mujeres.&nbsp;&nbsp;\n\n<\/p>\n","protected":false},"excerpt":{"rendered":"<p>A pesar de que anteriores generaciones de mujeres lucharon para que las j\u00f3venes puedan decidir, en la actualidad todav\u00eda tienen que luchar para poder ejercer este derecho sobre su cuerpo y su futuro. En la charla de los micercoles de este 11 de marzo, Nuvia Mandarin y Yamille G\u00f3mez Hern\u00e1ndez del programa radiof\u00f3nico Feministas al [&hellip;]<\/p>\n","protected":false},"author":4,"featured_media":5330,"comment_status":"closed","ping_status":"open","sticky":false,"template":"","format":"standard","meta":{"give_campaign_id":0,"footnotes":""},"categories":[90,36,91,32],"tags":[],"class_list":["post-5326","post","type-post","status-publish","format-standard","has-post-thumbnail","hentry","category-articulos","category-comunicados","category-notas","category-novedades"],"yoast_head":"<!-- This site is optimized with the Yoast SEO plugin v27.4 - https:\/\/yoast.com\/product\/yoast-seo-wordpress\/ -->\n<title>Las j\u00f3venes y su derecho a tomar decisiones - GESMujer &quot;Rosario Castellanos&quot;<\/title>\n<meta name=\"robots\" content=\"index, follow, max-snippet:-1, max-image-preview:large, max-video-preview:-1\" \/>\n<link rel=\"canonical\" href=\"https:\/\/www.gesmujer.org\/sitio\/las-jovenes-y-su-derecho-a-tomar-decisiones\/\" \/>\n<meta property=\"og:locale\" content=\"es_MX\" \/>\n<meta property=\"og:type\" content=\"article\" \/>\n<meta property=\"og:title\" content=\"Las j\u00f3venes y su derecho a tomar decisiones - GESMujer &quot;Rosario Castellanos&quot;\" \/>\n<meta property=\"og:description\" content=\"A pesar de que anteriores generaciones de mujeres lucharon para que las j\u00f3venes puedan decidir, en la actualidad todav\u00eda tienen que luchar para poder ejercer este derecho sobre su cuerpo y su futuro. En la charla de los micercoles de este 11 de marzo, Nuvia Mandarin y Yamille G\u00f3mez Hern\u00e1ndez del programa radiof\u00f3nico Feministas al [&hellip;]\" \/>\n<meta property=\"og:url\" content=\"https:\/\/www.gesmujer.org\/sitio\/las-jovenes-y-su-derecho-a-tomar-decisiones\/\" \/>\n<meta property=\"og:site_name\" content=\"GESMujer &quot;Rosario Castellanos&quot;\" \/>\n<meta property=\"article:publisher\" content=\"https:\/\/www.facebook.com\/gesmujer.rosario.castellanos.ac\" \/>\n<meta property=\"article:published_time\" content=\"2020-03-12T19:08:00+00:00\" \/>\n<meta property=\"article:modified_time\" content=\"2020-03-26T18:47:25+00:00\" \/>\n<meta property=\"og:image\" content=\"https:\/\/www.gesmujer.org\/sitio\/wp-content\/uploads\/2020\/03\/Pl\u00e1tica-11-Marzo-Foto-04.jpg\" \/>\n\t<meta property=\"og:image:width\" content=\"1800\" \/>\n\t<meta property=\"og:image:height\" content=\"1200\" \/>\n\t<meta property=\"og:image:type\" content=\"image\/jpeg\" \/>\n<meta name=\"author\" content=\"cendoc\" \/>\n<meta name=\"twitter:card\" content=\"summary_large_image\" \/>\n<meta name=\"twitter:creator\" content=\"@GES_Mujer\" \/>\n<meta name=\"twitter:site\" content=\"@GES_Mujer\" \/>\n<meta name=\"twitter:label1\" content=\"Escrito por\" \/>\n\t<meta name=\"twitter:data1\" content=\"cendoc\" \/>\n\t<meta name=\"twitter:label2\" content=\"Tiempo de lectura\" \/>\n\t<meta name=\"twitter:data2\" content=\"1 minuto\" \/>\n<script type=\"application\/ld+json\" class=\"yoast-schema-graph\">{\"@context\":\"https:\\\/\\\/schema.org\",\"@graph\":[{\"@type\":\"Article\",\"@id\":\"https:\\\/\\\/www.gesmujer.org\\\/sitio\\\/las-jovenes-y-su-derecho-a-tomar-decisiones\\\/#article\",\"isPartOf\":{\"@id\":\"https:\\\/\\\/www.gesmujer.org\\\/sitio\\\/las-jovenes-y-su-derecho-a-tomar-decisiones\\\/\"},\"author\":{\"name\":\"cendoc\",\"@id\":\"https:\\\/\\\/www.gesmujer.org\\\/sitio\\\/#\\\/schema\\\/person\\\/50e03387f883646c2714c51783a7e288\"},\"headline\":\"Las j\u00f3venes y su derecho a tomar decisiones\",\"datePublished\":\"2020-03-12T19:08:00+00:00\",\"dateModified\":\"2020-03-26T18:47:25+00:00\",\"mainEntityOfPage\":{\"@id\":\"https:\\\/\\\/www.gesmujer.org\\\/sitio\\\/las-jovenes-y-su-derecho-a-tomar-decisiones\\\/\"},\"wordCount\":204,\"publisher\":{\"@id\":\"https:\\\/\\\/www.gesmujer.org\\\/sitio\\\/#organization\"},\"image\":{\"@id\":\"https:\\\/\\\/www.gesmujer.org\\\/sitio\\\/las-jovenes-y-su-derecho-a-tomar-decisiones\\\/#primaryimage\"},\"thumbnailUrl\":\"https:\\\/\\\/www.gesmujer.org\\\/sitio\\\/wp-content\\\/uploads\\\/2020\\\/03\\\/Pl\u00e1tica-11-Marzo-Foto-04.jpg\",\"articleSection\":[\"ARTICULOS\",\"COMUNICADOS\",\"NOTAS\",\"NOTICIAS\"],\"inLanguage\":\"es\"},{\"@type\":\"WebPage\",\"@id\":\"https:\\\/\\\/www.gesmujer.org\\\/sitio\\\/las-jovenes-y-su-derecho-a-tomar-decisiones\\\/\",\"url\":\"https:\\\/\\\/www.gesmujer.org\\\/sitio\\\/las-jovenes-y-su-derecho-a-tomar-decisiones\\\/\",\"name\":\"Las j\u00f3venes y su derecho a tomar decisiones - GESMujer &quot;Rosario Castellanos&quot;\",\"isPartOf\":{\"@id\":\"https:\\\/\\\/www.gesmujer.org\\\/sitio\\\/#website\"},\"primaryImageOfPage\":{\"@id\":\"https:\\\/\\\/www.gesmujer.org\\\/sitio\\\/las-jovenes-y-su-derecho-a-tomar-decisiones\\\/#primaryimage\"},\"image\":{\"@id\":\"https:\\\/\\\/www.gesmujer.org\\\/sitio\\\/las-jovenes-y-su-derecho-a-tomar-decisiones\\\/#primaryimage\"},\"thumbnailUrl\":\"https:\\\/\\\/www.gesmujer.org\\\/sitio\\\/wp-content\\\/uploads\\\/2020\\\/03\\\/Pl\u00e1tica-11-Marzo-Foto-04.jpg\",\"datePublished\":\"2020-03-12T19:08:00+00:00\",\"dateModified\":\"2020-03-26T18:47:25+00:00\",\"breadcrumb\":{\"@id\":\"https:\\\/\\\/www.gesmujer.org\\\/sitio\\\/las-jovenes-y-su-derecho-a-tomar-decisiones\\\/#breadcrumb\"},\"inLanguage\":\"es\",\"potentialAction\":[{\"@type\":\"ReadAction\",\"target\":[\"https:\\\/\\\/www.gesmujer.org\\\/sitio\\\/las-jovenes-y-su-derecho-a-tomar-decisiones\\\/\"]}]},{\"@type\":\"ImageObject\",\"inLanguage\":\"es\",\"@id\":\"https:\\\/\\\/www.gesmujer.org\\\/sitio\\\/las-jovenes-y-su-derecho-a-tomar-decisiones\\\/#primaryimage\",\"url\":\"https:\\\/\\\/www.gesmujer.org\\\/sitio\\\/wp-content\\\/uploads\\\/2020\\\/03\\\/Pl\u00e1tica-11-Marzo-Foto-04.jpg\",\"contentUrl\":\"https:\\\/\\\/www.gesmujer.org\\\/sitio\\\/wp-content\\\/uploads\\\/2020\\\/03\\\/Pl\u00e1tica-11-Marzo-Foto-04.jpg\",\"width\":1800,\"height\":1200},{\"@type\":\"BreadcrumbList\",\"@id\":\"https:\\\/\\\/www.gesmujer.org\\\/sitio\\\/las-jovenes-y-su-derecho-a-tomar-decisiones\\\/#breadcrumb\",\"itemListElement\":[{\"@type\":\"ListItem\",\"position\":1,\"name\":\"Home\",\"item\":\"https:\\\/\\\/www.gesmujer.org\\\/sitio\\\/\"},{\"@type\":\"ListItem\",\"position\":2,\"name\":\"Las j\u00f3venes y su derecho a tomar decisiones\"}]},{\"@type\":\"WebSite\",\"@id\":\"https:\\\/\\\/www.gesmujer.org\\\/sitio\\\/#website\",\"url\":\"https:\\\/\\\/www.gesmujer.org\\\/sitio\\\/\",\"name\":\"GESMujer \\\"Rosario Castellanos\\\"\",\"description\":\"M\u00e1s de 45 a\u00f1os ha llevado a cabo acciones para erradicar la violencia de g\u00e9nero y construir entornos donde las mujeres encuentren su resiliencia, incrementen su agencia y autonom\u00eda que les permita lograr su empoderamiento a trav\u00e9s de cinco l\u00edneas de acci\u00f3n.\",\"publisher\":{\"@id\":\"https:\\\/\\\/www.gesmujer.org\\\/sitio\\\/#organization\"},\"alternateName\":\"GESMujer\",\"potentialAction\":[{\"@type\":\"SearchAction\",\"target\":{\"@type\":\"EntryPoint\",\"urlTemplate\":\"https:\\\/\\\/www.gesmujer.org\\\/sitio\\\/?s={search_term_string}\"},\"query-input\":{\"@type\":\"PropertyValueSpecification\",\"valueRequired\":true,\"valueName\":\"search_term_string\"}}],\"inLanguage\":\"es\"},{\"@type\":\"Organization\",\"@id\":\"https:\\\/\\\/www.gesmujer.org\\\/sitio\\\/#organization\",\"name\":\"Grupo de estudios sobre la mujer Rosario Castellanos ac\",\"alternateName\":\"GESMujer\",\"url\":\"https:\\\/\\\/www.gesmujer.org\\\/sitio\\\/\",\"logo\":{\"@type\":\"ImageObject\",\"inLanguage\":\"es\",\"@id\":\"https:\\\/\\\/www.gesmujer.org\\\/sitio\\\/#\\\/schema\\\/logo\\\/image\\\/\",\"url\":\"https:\\\/\\\/www.gesmujer.org\\\/sitio\\\/wp-content\\\/uploads\\\/2026\\\/03\\\/Logo-GESMujer-300.png\",\"contentUrl\":\"https:\\\/\\\/www.gesmujer.org\\\/sitio\\\/wp-content\\\/uploads\\\/2026\\\/03\\\/Logo-GESMujer-300.png\",\"width\":300,\"height\":141,\"caption\":\"Grupo de estudios sobre la mujer Rosario Castellanos ac\"},\"image\":{\"@id\":\"https:\\\/\\\/www.gesmujer.org\\\/sitio\\\/#\\\/schema\\\/logo\\\/image\\\/\"},\"sameAs\":[\"https:\\\/\\\/www.facebook.com\\\/gesmujer.rosario.castellanos.ac\",\"https:\\\/\\\/x.com\\\/GES_Mujer\",\"https:\\\/\\\/www.instagram.com\\\/ges_mujer\\\/?hl=es\",\"https:\\\/\\\/www.youtube.com\\\/c\\\/GESMujerRosarioCastellanos\\\/videos\",\"https:\\\/\\\/soundcloud.com\\\/gesmujerac\",\"https:\\\/\\\/www.tiktok.com\\\/@gesmujer\"]},{\"@type\":\"Person\",\"@id\":\"https:\\\/\\\/www.gesmujer.org\\\/sitio\\\/#\\\/schema\\\/person\\\/50e03387f883646c2714c51783a7e288\",\"name\":\"cendoc\",\"image\":{\"@type\":\"ImageObject\",\"inLanguage\":\"es\",\"@id\":\"https:\\\/\\\/secure.gravatar.com\\\/avatar\\\/2f187338ccb33c33bc1b08e92e2247a6891db221398e12bbc0f5ff0cfc462495?s=96&d=mm&r=g\",\"url\":\"https:\\\/\\\/secure.gravatar.com\\\/avatar\\\/2f187338ccb33c33bc1b08e92e2247a6891db221398e12bbc0f5ff0cfc462495?s=96&d=mm&r=g\",\"contentUrl\":\"https:\\\/\\\/secure.gravatar.com\\\/avatar\\\/2f187338ccb33c33bc1b08e92e2247a6891db221398e12bbc0f5ff0cfc462495?s=96&d=mm&r=g\",\"caption\":\"cendoc\"},\"sameAs\":[\"http:\\\/\\\/gesmujer.org\"],\"url\":\"https:\\\/\\\/www.gesmujer.org\\\/sitio\\\/author\\\/cendoc\\\/\"}]}<\/script>\n<!-- \/ Yoast SEO plugin. -->","yoast_head_json":{"title":"Las j\u00f3venes y su derecho a tomar decisiones - GESMujer &quot;Rosario Castellanos&quot;","robots":{"index":"index","follow":"follow","max-snippet":"max-snippet:-1","max-image-preview":"max-image-preview:large","max-video-preview":"max-video-preview:-1"},"canonical":"https:\/\/www.gesmujer.org\/sitio\/las-jovenes-y-su-derecho-a-tomar-decisiones\/","og_locale":"es_MX","og_type":"article","og_title":"Las j\u00f3venes y su derecho a tomar decisiones - GESMujer &quot;Rosario Castellanos&quot;","og_description":"A pesar de que anteriores generaciones de mujeres lucharon para que las j\u00f3venes puedan decidir, en la actualidad todav\u00eda tienen que luchar para poder ejercer este derecho sobre su cuerpo y su futuro. En la charla de los micercoles de este 11 de marzo, Nuvia Mandarin y Yamille G\u00f3mez Hern\u00e1ndez del programa radiof\u00f3nico Feministas al [&hellip;]","og_url":"https:\/\/www.gesmujer.org\/sitio\/las-jovenes-y-su-derecho-a-tomar-decisiones\/","og_site_name":"GESMujer &quot;Rosario Castellanos&quot;","article_publisher":"https:\/\/www.facebook.com\/gesmujer.rosario.castellanos.ac","article_published_time":"2020-03-12T19:08:00+00:00","article_modified_time":"2020-03-26T18:47:25+00:00","og_image":[{"width":1800,"height":1200,"url":"https:\/\/www.gesmujer.org\/sitio\/wp-content\/uploads\/2020\/03\/Pl\u00e1tica-11-Marzo-Foto-04.jpg","type":"image\/jpeg"}],"author":"cendoc","twitter_card":"summary_large_image","twitter_creator":"@GES_Mujer","twitter_site":"@GES_Mujer","twitter_misc":{"Escrito por":"cendoc","Tiempo de lectura":"1 minuto"},"schema":{"@context":"https:\/\/schema.org","@graph":[{"@type":"Article","@id":"https:\/\/www.gesmujer.org\/sitio\/las-jovenes-y-su-derecho-a-tomar-decisiones\/#article","isPartOf":{"@id":"https:\/\/www.gesmujer.org\/sitio\/las-jovenes-y-su-derecho-a-tomar-decisiones\/"},"author":{"name":"cendoc","@id":"https:\/\/www.gesmujer.org\/sitio\/#\/schema\/person\/50e03387f883646c2714c51783a7e288"},"headline":"Las j\u00f3venes y su derecho a tomar decisiones","datePublished":"2020-03-12T19:08:00+00:00","dateModified":"2020-03-26T18:47:25+00:00","mainEntityOfPage":{"@id":"https:\/\/www.gesmujer.org\/sitio\/las-jovenes-y-su-derecho-a-tomar-decisiones\/"},"wordCount":204,"publisher":{"@id":"https:\/\/www.gesmujer.org\/sitio\/#organization"},"image":{"@id":"https:\/\/www.gesmujer.org\/sitio\/las-jovenes-y-su-derecho-a-tomar-decisiones\/#primaryimage"},"thumbnailUrl":"https:\/\/www.gesmujer.org\/sitio\/wp-content\/uploads\/2020\/03\/Pl\u00e1tica-11-Marzo-Foto-04.jpg","articleSection":["ARTICULOS","COMUNICADOS","NOTAS","NOTICIAS"],"inLanguage":"es"},{"@type":"WebPage","@id":"https:\/\/www.gesmujer.org\/sitio\/las-jovenes-y-su-derecho-a-tomar-decisiones\/","url":"https:\/\/www.gesmujer.org\/sitio\/las-jovenes-y-su-derecho-a-tomar-decisiones\/","name":"Las j\u00f3venes y su derecho a tomar decisiones - GESMujer &quot;Rosario Castellanos&quot;","isPartOf":{"@id":"https:\/\/www.gesmujer.org\/sitio\/#website"},"primaryImageOfPage":{"@id":"https:\/\/www.gesmujer.org\/sitio\/las-jovenes-y-su-derecho-a-tomar-decisiones\/#primaryimage"},"image":{"@id":"https:\/\/www.gesmujer.org\/sitio\/las-jovenes-y-su-derecho-a-tomar-decisiones\/#primaryimage"},"thumbnailUrl":"https:\/\/www.gesmujer.org\/sitio\/wp-content\/uploads\/2020\/03\/Pl\u00e1tica-11-Marzo-Foto-04.jpg","datePublished":"2020-03-12T19:08:00+00:00","dateModified":"2020-03-26T18:47:25+00:00","breadcrumb":{"@id":"https:\/\/www.gesmujer.org\/sitio\/las-jovenes-y-su-derecho-a-tomar-decisiones\/#breadcrumb"},"inLanguage":"es","potentialAction":[{"@type":"ReadAction","target":["https:\/\/www.gesmujer.org\/sitio\/las-jovenes-y-su-derecho-a-tomar-decisiones\/"]}]},{"@type":"ImageObject","inLanguage":"es","@id":"https:\/\/www.gesmujer.org\/sitio\/las-jovenes-y-su-derecho-a-tomar-decisiones\/#primaryimage","url":"https:\/\/www.gesmujer.org\/sitio\/wp-content\/uploads\/2020\/03\/Pl\u00e1tica-11-Marzo-Foto-04.jpg","contentUrl":"https:\/\/www.gesmujer.org\/sitio\/wp-content\/uploads\/2020\/03\/Pl\u00e1tica-11-Marzo-Foto-04.jpg","width":1800,"height":1200},{"@type":"BreadcrumbList","@id":"https:\/\/www.gesmujer.org\/sitio\/las-jovenes-y-su-derecho-a-tomar-decisiones\/#breadcrumb","itemListElement":[{"@type":"ListItem","position":1,"name":"Home","item":"https:\/\/www.gesmujer.org\/sitio\/"},{"@type":"ListItem","position":2,"name":"Las j\u00f3venes y su derecho a tomar decisiones"}]},{"@type":"WebSite","@id":"https:\/\/www.gesmujer.org\/sitio\/#website","url":"https:\/\/www.gesmujer.org\/sitio\/","name":"GESMujer \"Rosario Castellanos\"","description":"M\u00e1s de 45 a\u00f1os ha llevado a cabo acciones para erradicar la violencia de g\u00e9nero y construir entornos donde las mujeres encuentren su resiliencia, incrementen su agencia y autonom\u00eda que les permita lograr su empoderamiento a trav\u00e9s de cinco l\u00edneas de acci\u00f3n.","publisher":{"@id":"https:\/\/www.gesmujer.org\/sitio\/#organization"},"alternateName":"GESMujer","potentialAction":[{"@type":"SearchAction","target":{"@type":"EntryPoint","urlTemplate":"https:\/\/www.gesmujer.org\/sitio\/?s={search_term_string}"},"query-input":{"@type":"PropertyValueSpecification","valueRequired":true,"valueName":"search_term_string"}}],"inLanguage":"es"},{"@type":"Organization","@id":"https:\/\/www.gesmujer.org\/sitio\/#organization","name":"Grupo de estudios sobre la mujer Rosario Castellanos ac","alternateName":"GESMujer","url":"https:\/\/www.gesmujer.org\/sitio\/","logo":{"@type":"ImageObject","inLanguage":"es","@id":"https:\/\/www.gesmujer.org\/sitio\/#\/schema\/logo\/image\/","url":"https:\/\/www.gesmujer.org\/sitio\/wp-content\/uploads\/2026\/03\/Logo-GESMujer-300.png","contentUrl":"https:\/\/www.gesmujer.org\/sitio\/wp-content\/uploads\/2026\/03\/Logo-GESMujer-300.png","width":300,"height":141,"caption":"Grupo de estudios sobre la mujer Rosario Castellanos ac"},"image":{"@id":"https:\/\/www.gesmujer.org\/sitio\/#\/schema\/logo\/image\/"},"sameAs":["https:\/\/www.facebook.com\/gesmujer.rosario.castellanos.ac","https:\/\/x.com\/GES_Mujer","https:\/\/www.instagram.com\/ges_mujer\/?hl=es","https:\/\/www.youtube.com\/c\/GESMujerRosarioCastellanos\/videos","https:\/\/soundcloud.com\/gesmujerac","https:\/\/www.tiktok.com\/@gesmujer"]},{"@type":"Person","@id":"https:\/\/www.gesmujer.org\/sitio\/#\/schema\/person\/50e03387f883646c2714c51783a7e288","name":"cendoc","image":{"@type":"ImageObject","inLanguage":"es","@id":"https:\/\/secure.gravatar.com\/avatar\/2f187338ccb33c33bc1b08e92e2247a6891db221398e12bbc0f5ff0cfc462495?s=96&d=mm&r=g","url":"https:\/\/secure.gravatar.com\/avatar\/2f187338ccb33c33bc1b08e92e2247a6891db221398e12bbc0f5ff0cfc462495?s=96&d=mm&r=g","contentUrl":"https:\/\/secure.gravatar.com\/avatar\/2f187338ccb33c33bc1b08e92e2247a6891db221398e12bbc0f5ff0cfc462495?s=96&d=mm&r=g","caption":"cendoc"},"sameAs":["http:\/\/gesmujer.org"],"url":"https:\/\/www.gesmujer.org\/sitio\/author\/cendoc\/"}]}},"_links":{"self":[{"href":"https:\/\/www.gesmujer.org\/sitio\/wp-json\/wp\/v2\/posts\/5326","targetHints":{"allow":["GET"]}}],"collection":[{"href":"https:\/\/www.gesmujer.org\/sitio\/wp-json\/wp\/v2\/posts"}],"about":[{"href":"https:\/\/www.gesmujer.org\/sitio\/wp-json\/wp\/v2\/types\/post"}],"author":[{"embeddable":true,"href":"https:\/\/www.gesmujer.org\/sitio\/wp-json\/wp\/v2\/users\/4"}],"replies":[{"embeddable":true,"href":"https:\/\/www.gesmujer.org\/sitio\/wp-json\/wp\/v2\/comments?post=5326"}],"version-history":[{"count":3,"href":"https:\/\/www.gesmujer.org\/sitio\/wp-json\/wp\/v2\/posts\/5326\/revisions"}],"predecessor-version":[{"id":5357,"href":"https:\/\/www.gesmujer.org\/sitio\/wp-json\/wp\/v2\/posts\/5326\/revisions\/5357"}],"wp:featuredmedia":[{"embeddable":true,"href":"https:\/\/www.gesmujer.org\/sitio\/wp-json\/wp\/v2\/media\/5330"}],"wp:attachment":[{"href":"https:\/\/www.gesmujer.org\/sitio\/wp-json\/wp\/v2\/media?parent=5326"}],"wp:term":[{"taxonomy":"category","embeddable":true,"href":"https:\/\/www.gesmujer.org\/sitio\/wp-json\/wp\/v2\/categories?post=5326"},{"taxonomy":"post_tag","embeddable":true,"href":"https:\/\/www.gesmujer.org\/sitio\/wp-json\/wp\/v2\/tags?post=5326"}],"curies":[{"name":"wp","href":"https:\/\/api.w.org\/{rel}","templated":true}]}}