{"id":5413,"date":"2020-04-08T23:38:00","date_gmt":"2020-04-09T05:38:00","guid":{"rendered":"https:\/\/www.gesmujer.org\/web\/?p=5413"},"modified":"2020-04-10T23:44:11","modified_gmt":"2020-04-11T05:44:11","slug":"ven-26-mas-violencia-de-genero-en-hogares-por-cuarentena-de-covid-19","status":"publish","type":"post","link":"https:\/\/www.gesmujer.org\/sitio\/ven-26-mas-violencia-de-genero-en-hogares-por-cuarentena-de-covid-19\/","title":{"rendered":"Ven 26% m\u00e1s violencia de g\u00e9nero en hogares por cuarentena de Covid-19"},"content":{"rendered":"\n<p> GESMujer apunta que en marzo se incrementaron los servicios de atenci\u00f3n sicol\u00f3gica; el Centro de Reeducaci\u00f3n para Hombres que Ejercen Violencia Contra las Mujeres habilit\u00f3 una l\u00ednea de atenci\u00f3n de 24 horas <\/p>\n\n\n\n<p> Desde que inici\u00f3 la cuarentena o periodo de aislamiento recomendado por las autoridades estatales para evitar la propagaci\u00f3n del <strong><a rel=\"noreferrer noopener\" href=\"https:\/\/oaxaca.eluniversal.com.mx\/tags\/covid-19\" target=\"_blank\">Covid-19<\/a><\/strong>, en Oaxaca, la <strong>violencia de g\u00e9nero<\/strong> ha crecido\u00a0 26%, revelan los registros del Grupo de Estudios sobre la Mujer Rosario Castellanos (GESMujer).<\/p>\n\n\n\n<p> En entrevista con EL UNIVERSAL, la presidenta de GESMujer, Ang\u00e9lica Ayala Ortiz, se\u00f1ala que desde el primer d\u00eda de la <strong>cuarentena<\/strong>, la asociaci\u00f3n puso a disposici\u00f3n de las oaxaque\u00f1as un n\u00famero de asistencia remota, atendido por sic\u00f3logas y asesoras legales, en caso de que durante la estancia en sus hogares requirieran apoyo por situaciones violentas.<\/p>\n\n\n\n<p> \u201cTenemos evidencia de que cuando hay periodos de permanencia en los hogares, las mujeres viven m\u00e1s violencia. Estamos hablando de los fines de semana, periodos vacacionales y en este caso durante la cuarentena, en que la situaci\u00f3n se agrava por el nivel de estr\u00e9s y crisis\u201d, apunta.<\/p>\n\n\n\n<p> Enfrentar la cuarentena en hogares violentos, a las mujeres, ni\u00f1as y adolescentes las expone directamente a la violencia f\u00edsica, sicol\u00f3gica y sexual.\u00a0<\/p>\n\n\n\n<p> <strong>Lee: <a rel=\"noreferrer noopener\" href=\"https:\/\/oaxaca.eluniversal.com.mx\/sociedad\/07-04-2020\/asesinaron-32-mujeres-en-lo-que-va-del-ano-istmo-la-region-mas-violenta\" target=\"_blank\">Asesinaron a 32 mujeres en lo que va del a\u00f1o; Istmo, la regi\u00f3n m\u00e1s violenta<\/a><\/strong><\/p>\n\n\n\n<p> Ayala Ortiz apunta que en el mes de marzo se incrementaron los servicios de atenci\u00f3n sicol\u00f3gica. Aunque las oficinas de GESMujer cerraron ante la contingencia, las especialistas brindan asistencia remota a trav\u00e9s de la l\u00ednea de emergencia.<\/p>\n\n\n\n<p> A nivel nacional, las organizaciones dedicadas a la defensa de los derechos de las mujeres, as\u00ed como a la prevenci\u00f3n y detecci\u00f3n de la violencia, precisan que durante el periodo de emergencia por coronavirus \u00e9sta ha aumentado 30%. El estr\u00e9s, la falta de seguridad en la casa y factores econ\u00f3micos son parte de los motivos expuestos durante las 40 llamadas de auxilio recibidas en la cuarentena por este organismo.<\/p>\n\n\n\n<p> Las cifras indican que durante el mes de enero se recibieron 12 solicitudes de auxilio; en febrero, 21, y en marzo, 36, que sumadas con las cuatro recibidas en lo que va de abril, dan el total de 40 solicitudes de atenci\u00f3n por casos de violencia: \u201cHemos visto una tendencia al alta en lo que va del a\u00f1o, pero durante este periodo ha sido m\u00e1s evidente\u201d, apunta la defensora.<\/p>\n\n\n\n<p> No obstante, tambi\u00e9n se han canalizado casos de violencia sexual, atendidos a nivel legal y sicol\u00f3gico: \u201cCreemos que es necesario que en este periodo, todas las organizaciones y dependencias encargadas de vigilar la garant\u00eda de los derechos estemos vigilantes, pues la emergencia sanitaria es un periodo de riesgo para ellas\u201d, sostiene la titular.<\/p>\n\n\n\n<p> La atenci\u00f3n a los casos se dificulta, toda vez que las mujeres, por ejemplo, no pueden acudir a solicitar atenci\u00f3n m\u00e9dica luego de vivir una situaci\u00f3n violenta, ante el riesgo de contagio de coronavirus; por ello, se les pide que asistan s\u00f3lo si son canalizadas por un organismo defensor.<\/p>\n\n\n\n<p> Ayala Ortiz advierte que mientras m\u00e1s largo sea el periodo de cuarentena, el riesgo de mujeres, ni\u00f1as y adolescentes de vivir violencia es mayor. La situaci\u00f3n econ\u00f3mica agrava este panorama, dice, toda vez que la mayor\u00eda de las mujeres tienen trabajos de subsistencia.<\/p>\n\n\n\n<h2 class=\"wp-block-heading\"> Varios frentes\u00a0<\/h2>\n\n\n\n<p> Esta preocupaci\u00f3n es compartida por la Defensor\u00eda de los Derechos Humanos del Pueblo de Oaxaca (DDHPO), pues el pasado jueves 2 de abril emiti\u00f3 una Alerta Temprana para pedir a las autoridades mecanismos para proteger a las mujeres que est\u00e9n en riesgo de vivir violencia durante el aislamiento.\u00a0<\/p>\n\n\n\n<p> Mientras, el Centro de Reeducaci\u00f3n para Hombres que Ejercen Violencia Contra las Mujeres habilit\u00f3 una l\u00ednea de atenci\u00f3n de 24 horas, para apoyar a hombres que piden contenci\u00f3n sicol\u00f3gica para afrontar los estragos de la cuarentena.\u00a0<\/p>\n\n\n\n<p> La titular del centro, Lidia L\u00f3pez Andrade, precisa que en sus instalaciones reciben alrededor de 150 hombres que asisten a los talleres de manera voluntaria. No obstante, el inmueble tuvo que pausar la atenci\u00f3n a los grupos, ante las instrucciones de la Jornada de Sana Distancia. Ahora, el Centro de Reeducaci\u00f3n recibe llamadas de hombres de manera voluntaria, quienes piden asistencia sicol\u00f3gica para frenar conductas violentas. Por el momento, se contabilizan poco menos de 100.<\/p>\n\n\n\n<p> \u201cDurante la cuarentena, quienes ejercen la violencia contra las mujeres deben entender que el ejercicio de las violencias es su responsabilidad, pero tambi\u00e9n conocer las opciones que tienen para atender los problemas&#8230; si es su decisi\u00f3n ejercer la violencia, tambi\u00e9n lo es frenarla\u201d, apunta.<\/p>\n\n\n\n<p>Fuente:  <a href=\"https:\/\/oaxaca.eluniversal.com.mx\/sociedad\/08-04-2020\/ven-26-mas-violencia-de-genero-en-hogares-por-cuarentena-de-covid-19\">https:\/\/oaxaca.eluniversal.com.mx\/sociedad\/08-04-2020\/ven-26-mas-violencia-de-genero-en-hogares-por-cuarentena-de-covid-19<\/a> <\/p>\n","protected":false},"excerpt":{"rendered":"<p>GESMujer apunta que en marzo se incrementaron los servicios de atenci\u00f3n sicol\u00f3gica; el Centro de Reeducaci\u00f3n para Hombres que Ejercen Violencia Contra las Mujeres habilit\u00f3 una l\u00ednea de atenci\u00f3n de 24 horas Desde que inici\u00f3 la cuarentena o periodo de aislamiento recomendado por las autoridades estatales para evitar la propagaci\u00f3n del Covid-19, en Oaxaca, la [&hellip;]<\/p>\n","protected":false},"author":4,"featured_media":0,"comment_status":"closed","ping_status":"open","sticky":false,"template":"","format":"standard","meta":{"give_campaign_id":0,"footnotes":""},"categories":[3],"tags":[],"class_list":["post-5413","post","type-post","status-publish","format-standard","hentry","category-portada"],"yoast_head":"<!-- This site is optimized with the Yoast SEO plugin v27.4 - https:\/\/yoast.com\/product\/yoast-seo-wordpress\/ -->\n<title>Ven 26% m\u00e1s violencia de g\u00e9nero en hogares por cuarentena de Covid-19 - GESMujer &quot;Rosario Castellanos&quot;<\/title>\n<meta name=\"robots\" content=\"index, follow, max-snippet:-1, max-image-preview:large, max-video-preview:-1\" \/>\n<link rel=\"canonical\" href=\"https:\/\/www.gesmujer.org\/sitio\/ven-26-mas-violencia-de-genero-en-hogares-por-cuarentena-de-covid-19\/\" \/>\n<meta property=\"og:locale\" content=\"es_MX\" \/>\n<meta property=\"og:type\" content=\"article\" \/>\n<meta property=\"og:title\" content=\"Ven 26% m\u00e1s violencia de g\u00e9nero en hogares por cuarentena de Covid-19 - GESMujer &quot;Rosario Castellanos&quot;\" \/>\n<meta property=\"og:description\" content=\"GESMujer apunta que en marzo se incrementaron los servicios de atenci\u00f3n sicol\u00f3gica; el Centro de Reeducaci\u00f3n para Hombres que Ejercen Violencia Contra las Mujeres habilit\u00f3 una l\u00ednea de atenci\u00f3n de 24 horas Desde que inici\u00f3 la cuarentena o periodo de aislamiento recomendado por las autoridades estatales para evitar la propagaci\u00f3n del Covid-19, en Oaxaca, la [&hellip;]\" \/>\n<meta property=\"og:url\" content=\"https:\/\/www.gesmujer.org\/sitio\/ven-26-mas-violencia-de-genero-en-hogares-por-cuarentena-de-covid-19\/\" \/>\n<meta property=\"og:site_name\" content=\"GESMujer &quot;Rosario Castellanos&quot;\" \/>\n<meta property=\"article:publisher\" content=\"https:\/\/www.facebook.com\/gesmujer.rosario.castellanos.ac\" \/>\n<meta property=\"article:published_time\" content=\"2020-04-09T05:38:00+00:00\" \/>\n<meta property=\"article:modified_time\" content=\"2020-04-11T05:44:11+00:00\" \/>\n<meta property=\"og:image\" content=\"https:\/\/www.gesmujer.org\/sitio\/wp-content\/uploads\/2023\/07\/tecnologia.png\" \/>\n\t<meta property=\"og:image:width\" content=\"1624\" \/>\n\t<meta property=\"og:image:height\" content=\"1242\" \/>\n\t<meta property=\"og:image:type\" content=\"image\/png\" \/>\n<meta name=\"author\" content=\"cendoc\" \/>\n<meta name=\"twitter:card\" content=\"summary_large_image\" \/>\n<meta name=\"twitter:creator\" content=\"@GES_Mujer\" \/>\n<meta name=\"twitter:site\" content=\"@GES_Mujer\" \/>\n<meta name=\"twitter:label1\" content=\"Escrito por\" \/>\n\t<meta name=\"twitter:data1\" content=\"cendoc\" \/>\n\t<meta name=\"twitter:label2\" content=\"Tiempo de lectura\" \/>\n\t<meta name=\"twitter:data2\" content=\"4 minutos\" \/>\n<script type=\"application\/ld+json\" class=\"yoast-schema-graph\">{\"@context\":\"https:\\\/\\\/schema.org\",\"@graph\":[{\"@type\":\"Article\",\"@id\":\"https:\\\/\\\/www.gesmujer.org\\\/sitio\\\/ven-26-mas-violencia-de-genero-en-hogares-por-cuarentena-de-covid-19\\\/#article\",\"isPartOf\":{\"@id\":\"https:\\\/\\\/www.gesmujer.org\\\/sitio\\\/ven-26-mas-violencia-de-genero-en-hogares-por-cuarentena-de-covid-19\\\/\"},\"author\":{\"name\":\"cendoc\",\"@id\":\"https:\\\/\\\/www.gesmujer.org\\\/sitio\\\/#\\\/schema\\\/person\\\/50e03387f883646c2714c51783a7e288\"},\"headline\":\"Ven 26% m\u00e1s violencia de g\u00e9nero en hogares por cuarentena de Covid-19\",\"datePublished\":\"2020-04-09T05:38:00+00:00\",\"dateModified\":\"2020-04-11T05:44:11+00:00\",\"mainEntityOfPage\":{\"@id\":\"https:\\\/\\\/www.gesmujer.org\\\/sitio\\\/ven-26-mas-violencia-de-genero-en-hogares-por-cuarentena-de-covid-19\\\/\"},\"wordCount\":813,\"publisher\":{\"@id\":\"https:\\\/\\\/www.gesmujer.org\\\/sitio\\\/#organization\"},\"articleSection\":[\"portada\"],\"inLanguage\":\"es\"},{\"@type\":\"WebPage\",\"@id\":\"https:\\\/\\\/www.gesmujer.org\\\/sitio\\\/ven-26-mas-violencia-de-genero-en-hogares-por-cuarentena-de-covid-19\\\/\",\"url\":\"https:\\\/\\\/www.gesmujer.org\\\/sitio\\\/ven-26-mas-violencia-de-genero-en-hogares-por-cuarentena-de-covid-19\\\/\",\"name\":\"Ven 26% m\u00e1s violencia de g\u00e9nero en hogares por cuarentena de Covid-19 - GESMujer &quot;Rosario Castellanos&quot;\",\"isPartOf\":{\"@id\":\"https:\\\/\\\/www.gesmujer.org\\\/sitio\\\/#website\"},\"datePublished\":\"2020-04-09T05:38:00+00:00\",\"dateModified\":\"2020-04-11T05:44:11+00:00\",\"breadcrumb\":{\"@id\":\"https:\\\/\\\/www.gesmujer.org\\\/sitio\\\/ven-26-mas-violencia-de-genero-en-hogares-por-cuarentena-de-covid-19\\\/#breadcrumb\"},\"inLanguage\":\"es\",\"potentialAction\":[{\"@type\":\"ReadAction\",\"target\":[\"https:\\\/\\\/www.gesmujer.org\\\/sitio\\\/ven-26-mas-violencia-de-genero-en-hogares-por-cuarentena-de-covid-19\\\/\"]}]},{\"@type\":\"BreadcrumbList\",\"@id\":\"https:\\\/\\\/www.gesmujer.org\\\/sitio\\\/ven-26-mas-violencia-de-genero-en-hogares-por-cuarentena-de-covid-19\\\/#breadcrumb\",\"itemListElement\":[{\"@type\":\"ListItem\",\"position\":1,\"name\":\"Home\",\"item\":\"https:\\\/\\\/www.gesmujer.org\\\/sitio\\\/\"},{\"@type\":\"ListItem\",\"position\":2,\"name\":\"Ven 26% m\u00e1s violencia de g\u00e9nero en hogares por cuarentena de Covid-19\"}]},{\"@type\":\"WebSite\",\"@id\":\"https:\\\/\\\/www.gesmujer.org\\\/sitio\\\/#website\",\"url\":\"https:\\\/\\\/www.gesmujer.org\\\/sitio\\\/\",\"name\":\"GESMujer \\\"Rosario Castellanos\\\"\",\"description\":\"M\u00e1s de 45 a\u00f1os ha llevado a cabo acciones para erradicar la violencia de g\u00e9nero y construir entornos donde las mujeres encuentren su resiliencia, incrementen su agencia y autonom\u00eda que les permita lograr su empoderamiento a trav\u00e9s de cinco l\u00edneas de acci\u00f3n.\",\"publisher\":{\"@id\":\"https:\\\/\\\/www.gesmujer.org\\\/sitio\\\/#organization\"},\"alternateName\":\"GESMujer\",\"potentialAction\":[{\"@type\":\"SearchAction\",\"target\":{\"@type\":\"EntryPoint\",\"urlTemplate\":\"https:\\\/\\\/www.gesmujer.org\\\/sitio\\\/?s={search_term_string}\"},\"query-input\":{\"@type\":\"PropertyValueSpecification\",\"valueRequired\":true,\"valueName\":\"search_term_string\"}}],\"inLanguage\":\"es\"},{\"@type\":\"Organization\",\"@id\":\"https:\\\/\\\/www.gesmujer.org\\\/sitio\\\/#organization\",\"name\":\"Grupo de estudios sobre la mujer Rosario Castellanos ac\",\"alternateName\":\"GESMujer\",\"url\":\"https:\\\/\\\/www.gesmujer.org\\\/sitio\\\/\",\"logo\":{\"@type\":\"ImageObject\",\"inLanguage\":\"es\",\"@id\":\"https:\\\/\\\/www.gesmujer.org\\\/sitio\\\/#\\\/schema\\\/logo\\\/image\\\/\",\"url\":\"https:\\\/\\\/www.gesmujer.org\\\/sitio\\\/wp-content\\\/uploads\\\/2026\\\/03\\\/Logo-GESMujer-300.png\",\"contentUrl\":\"https:\\\/\\\/www.gesmujer.org\\\/sitio\\\/wp-content\\\/uploads\\\/2026\\\/03\\\/Logo-GESMujer-300.png\",\"width\":300,\"height\":141,\"caption\":\"Grupo de estudios sobre la mujer Rosario Castellanos ac\"},\"image\":{\"@id\":\"https:\\\/\\\/www.gesmujer.org\\\/sitio\\\/#\\\/schema\\\/logo\\\/image\\\/\"},\"sameAs\":[\"https:\\\/\\\/www.facebook.com\\\/gesmujer.rosario.castellanos.ac\",\"https:\\\/\\\/x.com\\\/GES_Mujer\",\"https:\\\/\\\/www.instagram.com\\\/ges_mujer\\\/?hl=es\",\"https:\\\/\\\/www.youtube.com\\\/c\\\/GESMujerRosarioCastellanos\\\/videos\",\"https:\\\/\\\/soundcloud.com\\\/gesmujerac\",\"https:\\\/\\\/www.tiktok.com\\\/@gesmujer\"]},{\"@type\":\"Person\",\"@id\":\"https:\\\/\\\/www.gesmujer.org\\\/sitio\\\/#\\\/schema\\\/person\\\/50e03387f883646c2714c51783a7e288\",\"name\":\"cendoc\",\"image\":{\"@type\":\"ImageObject\",\"inLanguage\":\"es\",\"@id\":\"https:\\\/\\\/secure.gravatar.com\\\/avatar\\\/2f187338ccb33c33bc1b08e92e2247a6891db221398e12bbc0f5ff0cfc462495?s=96&d=mm&r=g\",\"url\":\"https:\\\/\\\/secure.gravatar.com\\\/avatar\\\/2f187338ccb33c33bc1b08e92e2247a6891db221398e12bbc0f5ff0cfc462495?s=96&d=mm&r=g\",\"contentUrl\":\"https:\\\/\\\/secure.gravatar.com\\\/avatar\\\/2f187338ccb33c33bc1b08e92e2247a6891db221398e12bbc0f5ff0cfc462495?s=96&d=mm&r=g\",\"caption\":\"cendoc\"},\"sameAs\":[\"http:\\\/\\\/gesmujer.org\"],\"url\":\"https:\\\/\\\/www.gesmujer.org\\\/sitio\\\/author\\\/cendoc\\\/\"}]}<\/script>\n<!-- \/ Yoast SEO plugin. -->","yoast_head_json":{"title":"Ven 26% m\u00e1s violencia de g\u00e9nero en hogares por cuarentena de Covid-19 - GESMujer &quot;Rosario Castellanos&quot;","robots":{"index":"index","follow":"follow","max-snippet":"max-snippet:-1","max-image-preview":"max-image-preview:large","max-video-preview":"max-video-preview:-1"},"canonical":"https:\/\/www.gesmujer.org\/sitio\/ven-26-mas-violencia-de-genero-en-hogares-por-cuarentena-de-covid-19\/","og_locale":"es_MX","og_type":"article","og_title":"Ven 26% m\u00e1s violencia de g\u00e9nero en hogares por cuarentena de Covid-19 - GESMujer &quot;Rosario Castellanos&quot;","og_description":"GESMujer apunta que en marzo se incrementaron los servicios de atenci\u00f3n sicol\u00f3gica; el Centro de Reeducaci\u00f3n para Hombres que Ejercen Violencia Contra las Mujeres habilit\u00f3 una l\u00ednea de atenci\u00f3n de 24 horas Desde que inici\u00f3 la cuarentena o periodo de aislamiento recomendado por las autoridades estatales para evitar la propagaci\u00f3n del Covid-19, en Oaxaca, la [&hellip;]","og_url":"https:\/\/www.gesmujer.org\/sitio\/ven-26-mas-violencia-de-genero-en-hogares-por-cuarentena-de-covid-19\/","og_site_name":"GESMujer &quot;Rosario Castellanos&quot;","article_publisher":"https:\/\/www.facebook.com\/gesmujer.rosario.castellanos.ac","article_published_time":"2020-04-09T05:38:00+00:00","article_modified_time":"2020-04-11T05:44:11+00:00","og_image":[{"width":1624,"height":1242,"url":"https:\/\/www.gesmujer.org\/sitio\/wp-content\/uploads\/2023\/07\/tecnologia.png","type":"image\/png"}],"author":"cendoc","twitter_card":"summary_large_image","twitter_creator":"@GES_Mujer","twitter_site":"@GES_Mujer","twitter_misc":{"Escrito por":"cendoc","Tiempo de lectura":"4 minutos"},"schema":{"@context":"https:\/\/schema.org","@graph":[{"@type":"Article","@id":"https:\/\/www.gesmujer.org\/sitio\/ven-26-mas-violencia-de-genero-en-hogares-por-cuarentena-de-covid-19\/#article","isPartOf":{"@id":"https:\/\/www.gesmujer.org\/sitio\/ven-26-mas-violencia-de-genero-en-hogares-por-cuarentena-de-covid-19\/"},"author":{"name":"cendoc","@id":"https:\/\/www.gesmujer.org\/sitio\/#\/schema\/person\/50e03387f883646c2714c51783a7e288"},"headline":"Ven 26% m\u00e1s violencia de g\u00e9nero en hogares por cuarentena de Covid-19","datePublished":"2020-04-09T05:38:00+00:00","dateModified":"2020-04-11T05:44:11+00:00","mainEntityOfPage":{"@id":"https:\/\/www.gesmujer.org\/sitio\/ven-26-mas-violencia-de-genero-en-hogares-por-cuarentena-de-covid-19\/"},"wordCount":813,"publisher":{"@id":"https:\/\/www.gesmujer.org\/sitio\/#organization"},"articleSection":["portada"],"inLanguage":"es"},{"@type":"WebPage","@id":"https:\/\/www.gesmujer.org\/sitio\/ven-26-mas-violencia-de-genero-en-hogares-por-cuarentena-de-covid-19\/","url":"https:\/\/www.gesmujer.org\/sitio\/ven-26-mas-violencia-de-genero-en-hogares-por-cuarentena-de-covid-19\/","name":"Ven 26% m\u00e1s violencia de g\u00e9nero en hogares por cuarentena de Covid-19 - GESMujer &quot;Rosario Castellanos&quot;","isPartOf":{"@id":"https:\/\/www.gesmujer.org\/sitio\/#website"},"datePublished":"2020-04-09T05:38:00+00:00","dateModified":"2020-04-11T05:44:11+00:00","breadcrumb":{"@id":"https:\/\/www.gesmujer.org\/sitio\/ven-26-mas-violencia-de-genero-en-hogares-por-cuarentena-de-covid-19\/#breadcrumb"},"inLanguage":"es","potentialAction":[{"@type":"ReadAction","target":["https:\/\/www.gesmujer.org\/sitio\/ven-26-mas-violencia-de-genero-en-hogares-por-cuarentena-de-covid-19\/"]}]},{"@type":"BreadcrumbList","@id":"https:\/\/www.gesmujer.org\/sitio\/ven-26-mas-violencia-de-genero-en-hogares-por-cuarentena-de-covid-19\/#breadcrumb","itemListElement":[{"@type":"ListItem","position":1,"name":"Home","item":"https:\/\/www.gesmujer.org\/sitio\/"},{"@type":"ListItem","position":2,"name":"Ven 26% m\u00e1s violencia de g\u00e9nero en hogares por cuarentena de Covid-19"}]},{"@type":"WebSite","@id":"https:\/\/www.gesmujer.org\/sitio\/#website","url":"https:\/\/www.gesmujer.org\/sitio\/","name":"GESMujer \"Rosario Castellanos\"","description":"M\u00e1s de 45 a\u00f1os ha llevado a cabo acciones para erradicar la violencia de g\u00e9nero y construir entornos donde las mujeres encuentren su resiliencia, incrementen su agencia y autonom\u00eda que les permita lograr su empoderamiento a trav\u00e9s de cinco l\u00edneas de acci\u00f3n.","publisher":{"@id":"https:\/\/www.gesmujer.org\/sitio\/#organization"},"alternateName":"GESMujer","potentialAction":[{"@type":"SearchAction","target":{"@type":"EntryPoint","urlTemplate":"https:\/\/www.gesmujer.org\/sitio\/?s={search_term_string}"},"query-input":{"@type":"PropertyValueSpecification","valueRequired":true,"valueName":"search_term_string"}}],"inLanguage":"es"},{"@type":"Organization","@id":"https:\/\/www.gesmujer.org\/sitio\/#organization","name":"Grupo de estudios sobre la mujer Rosario Castellanos ac","alternateName":"GESMujer","url":"https:\/\/www.gesmujer.org\/sitio\/","logo":{"@type":"ImageObject","inLanguage":"es","@id":"https:\/\/www.gesmujer.org\/sitio\/#\/schema\/logo\/image\/","url":"https:\/\/www.gesmujer.org\/sitio\/wp-content\/uploads\/2026\/03\/Logo-GESMujer-300.png","contentUrl":"https:\/\/www.gesmujer.org\/sitio\/wp-content\/uploads\/2026\/03\/Logo-GESMujer-300.png","width":300,"height":141,"caption":"Grupo de estudios sobre la mujer Rosario Castellanos ac"},"image":{"@id":"https:\/\/www.gesmujer.org\/sitio\/#\/schema\/logo\/image\/"},"sameAs":["https:\/\/www.facebook.com\/gesmujer.rosario.castellanos.ac","https:\/\/x.com\/GES_Mujer","https:\/\/www.instagram.com\/ges_mujer\/?hl=es","https:\/\/www.youtube.com\/c\/GESMujerRosarioCastellanos\/videos","https:\/\/soundcloud.com\/gesmujerac","https:\/\/www.tiktok.com\/@gesmujer"]},{"@type":"Person","@id":"https:\/\/www.gesmujer.org\/sitio\/#\/schema\/person\/50e03387f883646c2714c51783a7e288","name":"cendoc","image":{"@type":"ImageObject","inLanguage":"es","@id":"https:\/\/secure.gravatar.com\/avatar\/2f187338ccb33c33bc1b08e92e2247a6891db221398e12bbc0f5ff0cfc462495?s=96&d=mm&r=g","url":"https:\/\/secure.gravatar.com\/avatar\/2f187338ccb33c33bc1b08e92e2247a6891db221398e12bbc0f5ff0cfc462495?s=96&d=mm&r=g","contentUrl":"https:\/\/secure.gravatar.com\/avatar\/2f187338ccb33c33bc1b08e92e2247a6891db221398e12bbc0f5ff0cfc462495?s=96&d=mm&r=g","caption":"cendoc"},"sameAs":["http:\/\/gesmujer.org"],"url":"https:\/\/www.gesmujer.org\/sitio\/author\/cendoc\/"}]}},"_links":{"self":[{"href":"https:\/\/www.gesmujer.org\/sitio\/wp-json\/wp\/v2\/posts\/5413","targetHints":{"allow":["GET"]}}],"collection":[{"href":"https:\/\/www.gesmujer.org\/sitio\/wp-json\/wp\/v2\/posts"}],"about":[{"href":"https:\/\/www.gesmujer.org\/sitio\/wp-json\/wp\/v2\/types\/post"}],"author":[{"embeddable":true,"href":"https:\/\/www.gesmujer.org\/sitio\/wp-json\/wp\/v2\/users\/4"}],"replies":[{"embeddable":true,"href":"https:\/\/www.gesmujer.org\/sitio\/wp-json\/wp\/v2\/comments?post=5413"}],"version-history":[{"count":1,"href":"https:\/\/www.gesmujer.org\/sitio\/wp-json\/wp\/v2\/posts\/5413\/revisions"}],"predecessor-version":[{"id":5414,"href":"https:\/\/www.gesmujer.org\/sitio\/wp-json\/wp\/v2\/posts\/5413\/revisions\/5414"}],"wp:attachment":[{"href":"https:\/\/www.gesmujer.org\/sitio\/wp-json\/wp\/v2\/media?parent=5413"}],"wp:term":[{"taxonomy":"category","embeddable":true,"href":"https:\/\/www.gesmujer.org\/sitio\/wp-json\/wp\/v2\/categories?post=5413"},{"taxonomy":"post_tag","embeddable":true,"href":"https:\/\/www.gesmujer.org\/sitio\/wp-json\/wp\/v2\/tags?post=5413"}],"curies":[{"name":"wp","href":"https:\/\/api.w.org\/{rel}","templated":true}]}}