{"id":5436,"date":"2020-04-06T23:45:00","date_gmt":"2020-04-07T05:45:00","guid":{"rendered":"https:\/\/www.gesmujer.org\/web\/?p=5436"},"modified":"2024-09-05T00:07:33","modified_gmt":"2024-09-05T06:07:33","slug":"indigna-asesinato-de-bebe-de-seis-meses-en-oaxaca","status":"publish","type":"post","link":"https:\/\/www.gesmujer.org\/sitio\/indigna-asesinato-de-bebe-de-seis-meses-en-oaxaca\/","title":{"rendered":"Indigna asesinato de beb\u00e9 de seis meses en Oaxaca"},"content":{"rendered":"\n<p><em>Juchit\u00e1n, Oax.<\/em>&nbsp;El asesinato de una beb\u00e9 de seis meses de edad en la localidad de San Francisco del Mar, caus\u00f3 indignaci\u00f3n entre los habitantes de esa regi\u00f3n del Istmo de Tehuantepec, y personal de la Fiscal\u00eda General del Estado detuvo al presunto culpable, identificado con las iniciales SEMM, quien est\u00e1 recluido en prisi\u00f3n preventiva.<\/p>\n\n\n\n<p>De acuerdo con las autoridades de justicia de Oaxaca, la peque\u00f1a fue ultimada en la vivienda de su padre el pasado 3 de abril; el agresor la golpe\u00f3 fuertemente hasta quitarle la vida.<\/p>\n\n\n\n<p>Lugare\u00f1os denunciaron que el presunto homicida era pareja sentimental de la madre de la menor, y que supuestamente estaba bajo los influjos de alguna droga, por lo que exigieron se le aplique todo el peso de la ley.<\/p>\n\n\n\n<p>Seg\u00fan la carpeta de investigaci\u00f3n 11810\/FIST\/FMUJ\/TEHUANTEPEC\/2020, se trat\u00f3 de un homicidio; sin embargo, colectivos feministas de la entidad se\u00f1alaron que la muerte de la peque\u00f1a debe ser tipificada como feminicidio infantil debido a la extrema violencia con el que se perpetr\u00f3.<\/p>\n\n\n\n<p>Seg\u00fan datos de la organizaci\u00f3n feminista GesMujer, en lo que va del a\u00f1o, 31 mujeres han sido asesinadas en la entidad, el 13 por ciento corresponde a menores de 12 a\u00f1os y el 23 por ciento de menores de 18 a\u00f1os.<\/p>\n\n\n\n<p>Ang\u00e9lica Ayala Ortiz, presidenta de ese grupo social, dijo que a pesar de la cuarentena por la pandemia de Covid-19, la &#8220;violencia feminicida&#8221; en el estado prevalece, a\u00fan cuando existe una declaratoria de alerta por violencia de g\u00e9nero. Precis\u00f3 que de enero diciembre de 2016 a la fecha suman 199 asesinatos violentos de mujeres y ni\u00f1as.<\/p>\n\n\n\n<p>\u201cLa violencia feminicida no solo se mantiene, sino que se extiende a municipios que no cuentan con el mecanismo de acci\u00f3n-reacci\u00f3n y a v\u00edctimas cada vez m\u00e1s peque\u00f1as; el m\u00e1s reciente, de una beb\u00e9 de apenas seis meses de edad ocurrida en San Francisco del Mar, lo cual causa profunda indignaci\u00f3n, pues muestra los niveles incontrolables de violencia hacia las mujeres y las ni\u00f1as\u201d, expuso.<\/p>\n\n\n\n<p>La activista demand\u00f3 que este \u201cindignante caso\u201d se investigue como feminicidio infantil, pues este tipo de violencia es la forma extrema de asesinar a una mujer, producto de la violaci\u00f3n a sus derechos humanos tanto en el \u00e1mbito privado como p\u00fablico y est\u00e1 conformada por conductas sociales y de Estado que pueden culminar en la muerte violenta de las mujeres y las ni\u00f1as.<\/p>\n\n\n\n<p>\u201cEl feminicidio infantil es la m\u00e1xima expresi\u00f3n de que est\u00e1 en riesgo la poblaci\u00f3n que por ley, debe ser protegida de manera prioritaria frente a todas las formas de violencia, no nos vamos a quedar calladas, por esta beb\u00e9 de seis meses y por todas las ni\u00f1as y mujeres que han sido asesinadas en Oaxaca\u201d, concluy\u00f3.<\/p>\n\n\n\n<p>Fuente:  <a href=\"https:\/\/www.jornada.com.mx\/ultimas\/estados\/2020\/04\/06\/indigna-asesinato-de-bebe-de-seis-meses-en-juchitan-3273.html\">https:\/\/www.jornada.com.mx\/ultimas\/estados\/2020\/04\/06\/indigna-asesinato-de-bebe-de-seis-meses-en-juchitan-3273.html<\/a> <\/p>\n","protected":false},"excerpt":{"rendered":"<p>Juchit\u00e1n, Oax.&nbsp;El asesinato de una beb\u00e9 de seis meses de edad en la localidad de San Francisco del Mar, caus\u00f3 indignaci\u00f3n entre los habitantes de esa regi\u00f3n del Istmo de Tehuantepec, y personal de la Fiscal\u00eda General del Estado detuvo al presunto culpable, identificado con las iniciales SEMM, quien est\u00e1 recluido en prisi\u00f3n preventiva. De [&hellip;]<\/p>\n","protected":false},"author":4,"featured_media":5437,"comment_status":"closed","ping_status":"open","sticky":false,"template":"","format":"standard","meta":{"give_campaign_id":0,"footnotes":""},"categories":[3],"tags":[],"class_list":["post-5436","post","type-post","status-publish","format-standard","has-post-thumbnail","hentry","category-portada"],"yoast_head":"<!-- This site is optimized with the Yoast SEO plugin v27.4 - https:\/\/yoast.com\/product\/yoast-seo-wordpress\/ -->\n<title>Indigna asesinato de beb\u00e9 de seis meses en Oaxaca - GESMujer &quot;Rosario Castellanos&quot;<\/title>\n<meta name=\"robots\" content=\"index, follow, max-snippet:-1, max-image-preview:large, max-video-preview:-1\" \/>\n<link rel=\"canonical\" href=\"https:\/\/www.gesmujer.org\/sitio\/indigna-asesinato-de-bebe-de-seis-meses-en-oaxaca\/\" \/>\n<meta property=\"og:locale\" content=\"es_MX\" \/>\n<meta property=\"og:type\" content=\"article\" \/>\n<meta property=\"og:title\" content=\"Indigna asesinato de beb\u00e9 de seis meses en Oaxaca - GESMujer &quot;Rosario Castellanos&quot;\" \/>\n<meta property=\"og:description\" content=\"Juchit\u00e1n, Oax.&nbsp;El asesinato de una beb\u00e9 de seis meses de edad en la localidad de San Francisco del Mar, caus\u00f3 indignaci\u00f3n entre los habitantes de esa regi\u00f3n del Istmo de Tehuantepec, y personal de la Fiscal\u00eda General del Estado detuvo al presunto culpable, identificado con las iniciales SEMM, quien est\u00e1 recluido en prisi\u00f3n preventiva. De [&hellip;]\" \/>\n<meta property=\"og:url\" content=\"https:\/\/www.gesmujer.org\/sitio\/indigna-asesinato-de-bebe-de-seis-meses-en-oaxaca\/\" \/>\n<meta property=\"og:site_name\" content=\"GESMujer &quot;Rosario Castellanos&quot;\" \/>\n<meta property=\"article:publisher\" content=\"https:\/\/www.facebook.com\/gesmujer.rosario.castellanos.ac\" \/>\n<meta property=\"article:published_time\" content=\"2020-04-07T05:45:00+00:00\" \/>\n<meta property=\"article:modified_time\" content=\"2024-09-05T06:07:33+00:00\" \/>\n<meta property=\"og:image\" content=\"https:\/\/www.gesmujer.org\/sitio\/wp-content\/uploads\/2020\/05\/character.png\" \/>\n\t<meta property=\"og:image:width\" content=\"900\" \/>\n\t<meta property=\"og:image:height\" content=\"506\" \/>\n\t<meta property=\"og:image:type\" content=\"image\/png\" \/>\n<meta name=\"author\" content=\"cendoc\" \/>\n<meta name=\"twitter:card\" content=\"summary_large_image\" \/>\n<meta name=\"twitter:creator\" content=\"@GES_Mujer\" \/>\n<meta name=\"twitter:site\" content=\"@GES_Mujer\" \/>\n<meta name=\"twitter:label1\" content=\"Escrito por\" \/>\n\t<meta name=\"twitter:data1\" content=\"cendoc\" \/>\n\t<meta name=\"twitter:label2\" content=\"Tiempo de lectura\" \/>\n\t<meta name=\"twitter:data2\" content=\"2 minutos\" \/>\n<script type=\"application\/ld+json\" class=\"yoast-schema-graph\">{\"@context\":\"https:\\\/\\\/schema.org\",\"@graph\":[{\"@type\":\"Article\",\"@id\":\"https:\\\/\\\/www.gesmujer.org\\\/sitio\\\/indigna-asesinato-de-bebe-de-seis-meses-en-oaxaca\\\/#article\",\"isPartOf\":{\"@id\":\"https:\\\/\\\/www.gesmujer.org\\\/sitio\\\/indigna-asesinato-de-bebe-de-seis-meses-en-oaxaca\\\/\"},\"author\":{\"name\":\"cendoc\",\"@id\":\"https:\\\/\\\/www.gesmujer.org\\\/sitio\\\/#\\\/schema\\\/person\\\/50e03387f883646c2714c51783a7e288\"},\"headline\":\"Indigna asesinato de beb\u00e9 de seis meses en Oaxaca\",\"datePublished\":\"2020-04-07T05:45:00+00:00\",\"dateModified\":\"2024-09-05T06:07:33+00:00\",\"mainEntityOfPage\":{\"@id\":\"https:\\\/\\\/www.gesmujer.org\\\/sitio\\\/indigna-asesinato-de-bebe-de-seis-meses-en-oaxaca\\\/\"},\"wordCount\":497,\"publisher\":{\"@id\":\"https:\\\/\\\/www.gesmujer.org\\\/sitio\\\/#organization\"},\"image\":{\"@id\":\"https:\\\/\\\/www.gesmujer.org\\\/sitio\\\/indigna-asesinato-de-bebe-de-seis-meses-en-oaxaca\\\/#primaryimage\"},\"thumbnailUrl\":\"https:\\\/\\\/www.gesmujer.org\\\/sitio\\\/wp-content\\\/uploads\\\/2020\\\/05\\\/character.png\",\"articleSection\":[\"portada\"],\"inLanguage\":\"es\"},{\"@type\":\"WebPage\",\"@id\":\"https:\\\/\\\/www.gesmujer.org\\\/sitio\\\/indigna-asesinato-de-bebe-de-seis-meses-en-oaxaca\\\/\",\"url\":\"https:\\\/\\\/www.gesmujer.org\\\/sitio\\\/indigna-asesinato-de-bebe-de-seis-meses-en-oaxaca\\\/\",\"name\":\"Indigna asesinato de beb\u00e9 de seis meses en Oaxaca - GESMujer &quot;Rosario Castellanos&quot;\",\"isPartOf\":{\"@id\":\"https:\\\/\\\/www.gesmujer.org\\\/sitio\\\/#website\"},\"primaryImageOfPage\":{\"@id\":\"https:\\\/\\\/www.gesmujer.org\\\/sitio\\\/indigna-asesinato-de-bebe-de-seis-meses-en-oaxaca\\\/#primaryimage\"},\"image\":{\"@id\":\"https:\\\/\\\/www.gesmujer.org\\\/sitio\\\/indigna-asesinato-de-bebe-de-seis-meses-en-oaxaca\\\/#primaryimage\"},\"thumbnailUrl\":\"https:\\\/\\\/www.gesmujer.org\\\/sitio\\\/wp-content\\\/uploads\\\/2020\\\/05\\\/character.png\",\"datePublished\":\"2020-04-07T05:45:00+00:00\",\"dateModified\":\"2024-09-05T06:07:33+00:00\",\"breadcrumb\":{\"@id\":\"https:\\\/\\\/www.gesmujer.org\\\/sitio\\\/indigna-asesinato-de-bebe-de-seis-meses-en-oaxaca\\\/#breadcrumb\"},\"inLanguage\":\"es\",\"potentialAction\":[{\"@type\":\"ReadAction\",\"target\":[\"https:\\\/\\\/www.gesmujer.org\\\/sitio\\\/indigna-asesinato-de-bebe-de-seis-meses-en-oaxaca\\\/\"]}]},{\"@type\":\"ImageObject\",\"inLanguage\":\"es\",\"@id\":\"https:\\\/\\\/www.gesmujer.org\\\/sitio\\\/indigna-asesinato-de-bebe-de-seis-meses-en-oaxaca\\\/#primaryimage\",\"url\":\"https:\\\/\\\/www.gesmujer.org\\\/sitio\\\/wp-content\\\/uploads\\\/2020\\\/05\\\/character.png\",\"contentUrl\":\"https:\\\/\\\/www.gesmujer.org\\\/sitio\\\/wp-content\\\/uploads\\\/2020\\\/05\\\/character.png\",\"width\":900,\"height\":506},{\"@type\":\"BreadcrumbList\",\"@id\":\"https:\\\/\\\/www.gesmujer.org\\\/sitio\\\/indigna-asesinato-de-bebe-de-seis-meses-en-oaxaca\\\/#breadcrumb\",\"itemListElement\":[{\"@type\":\"ListItem\",\"position\":1,\"name\":\"Home\",\"item\":\"https:\\\/\\\/www.gesmujer.org\\\/sitio\\\/\"},{\"@type\":\"ListItem\",\"position\":2,\"name\":\"Indigna asesinato de beb\u00e9 de seis meses en Oaxaca\"}]},{\"@type\":\"WebSite\",\"@id\":\"https:\\\/\\\/www.gesmujer.org\\\/sitio\\\/#website\",\"url\":\"https:\\\/\\\/www.gesmujer.org\\\/sitio\\\/\",\"name\":\"GESMujer \\\"Rosario Castellanos\\\"\",\"description\":\"M\u00e1s de 45 a\u00f1os ha llevado a cabo acciones para erradicar la violencia de g\u00e9nero y construir entornos donde las mujeres encuentren su resiliencia, incrementen su agencia y autonom\u00eda que les permita lograr su empoderamiento a trav\u00e9s de cinco l\u00edneas de acci\u00f3n.\",\"publisher\":{\"@id\":\"https:\\\/\\\/www.gesmujer.org\\\/sitio\\\/#organization\"},\"alternateName\":\"GESMujer\",\"potentialAction\":[{\"@type\":\"SearchAction\",\"target\":{\"@type\":\"EntryPoint\",\"urlTemplate\":\"https:\\\/\\\/www.gesmujer.org\\\/sitio\\\/?s={search_term_string}\"},\"query-input\":{\"@type\":\"PropertyValueSpecification\",\"valueRequired\":true,\"valueName\":\"search_term_string\"}}],\"inLanguage\":\"es\"},{\"@type\":\"Organization\",\"@id\":\"https:\\\/\\\/www.gesmujer.org\\\/sitio\\\/#organization\",\"name\":\"Grupo de estudios sobre la mujer Rosario Castellanos ac\",\"alternateName\":\"GESMujer\",\"url\":\"https:\\\/\\\/www.gesmujer.org\\\/sitio\\\/\",\"logo\":{\"@type\":\"ImageObject\",\"inLanguage\":\"es\",\"@id\":\"https:\\\/\\\/www.gesmujer.org\\\/sitio\\\/#\\\/schema\\\/logo\\\/image\\\/\",\"url\":\"https:\\\/\\\/www.gesmujer.org\\\/sitio\\\/wp-content\\\/uploads\\\/2026\\\/03\\\/Logo-GESMujer-300.png\",\"contentUrl\":\"https:\\\/\\\/www.gesmujer.org\\\/sitio\\\/wp-content\\\/uploads\\\/2026\\\/03\\\/Logo-GESMujer-300.png\",\"width\":300,\"height\":141,\"caption\":\"Grupo de estudios sobre la mujer Rosario Castellanos ac\"},\"image\":{\"@id\":\"https:\\\/\\\/www.gesmujer.org\\\/sitio\\\/#\\\/schema\\\/logo\\\/image\\\/\"},\"sameAs\":[\"https:\\\/\\\/www.facebook.com\\\/gesmujer.rosario.castellanos.ac\",\"https:\\\/\\\/x.com\\\/GES_Mujer\",\"https:\\\/\\\/www.instagram.com\\\/ges_mujer\\\/?hl=es\",\"https:\\\/\\\/www.youtube.com\\\/c\\\/GESMujerRosarioCastellanos\\\/videos\",\"https:\\\/\\\/soundcloud.com\\\/gesmujerac\",\"https:\\\/\\\/www.tiktok.com\\\/@gesmujer\"]},{\"@type\":\"Person\",\"@id\":\"https:\\\/\\\/www.gesmujer.org\\\/sitio\\\/#\\\/schema\\\/person\\\/50e03387f883646c2714c51783a7e288\",\"name\":\"cendoc\",\"image\":{\"@type\":\"ImageObject\",\"inLanguage\":\"es\",\"@id\":\"https:\\\/\\\/secure.gravatar.com\\\/avatar\\\/2f187338ccb33c33bc1b08e92e2247a6891db221398e12bbc0f5ff0cfc462495?s=96&d=mm&r=g\",\"url\":\"https:\\\/\\\/secure.gravatar.com\\\/avatar\\\/2f187338ccb33c33bc1b08e92e2247a6891db221398e12bbc0f5ff0cfc462495?s=96&d=mm&r=g\",\"contentUrl\":\"https:\\\/\\\/secure.gravatar.com\\\/avatar\\\/2f187338ccb33c33bc1b08e92e2247a6891db221398e12bbc0f5ff0cfc462495?s=96&d=mm&r=g\",\"caption\":\"cendoc\"},\"sameAs\":[\"http:\\\/\\\/gesmujer.org\"],\"url\":\"https:\\\/\\\/www.gesmujer.org\\\/sitio\\\/author\\\/cendoc\\\/\"}]}<\/script>\n<!-- \/ Yoast SEO plugin. -->","yoast_head_json":{"title":"Indigna asesinato de beb\u00e9 de seis meses en Oaxaca - GESMujer &quot;Rosario Castellanos&quot;","robots":{"index":"index","follow":"follow","max-snippet":"max-snippet:-1","max-image-preview":"max-image-preview:large","max-video-preview":"max-video-preview:-1"},"canonical":"https:\/\/www.gesmujer.org\/sitio\/indigna-asesinato-de-bebe-de-seis-meses-en-oaxaca\/","og_locale":"es_MX","og_type":"article","og_title":"Indigna asesinato de beb\u00e9 de seis meses en Oaxaca - GESMujer &quot;Rosario Castellanos&quot;","og_description":"Juchit\u00e1n, Oax.&nbsp;El asesinato de una beb\u00e9 de seis meses de edad en la localidad de San Francisco del Mar, caus\u00f3 indignaci\u00f3n entre los habitantes de esa regi\u00f3n del Istmo de Tehuantepec, y personal de la Fiscal\u00eda General del Estado detuvo al presunto culpable, identificado con las iniciales SEMM, quien est\u00e1 recluido en prisi\u00f3n preventiva. De [&hellip;]","og_url":"https:\/\/www.gesmujer.org\/sitio\/indigna-asesinato-de-bebe-de-seis-meses-en-oaxaca\/","og_site_name":"GESMujer &quot;Rosario Castellanos&quot;","article_publisher":"https:\/\/www.facebook.com\/gesmujer.rosario.castellanos.ac","article_published_time":"2020-04-07T05:45:00+00:00","article_modified_time":"2024-09-05T06:07:33+00:00","og_image":[{"width":900,"height":506,"url":"https:\/\/www.gesmujer.org\/sitio\/wp-content\/uploads\/2020\/05\/character.png","type":"image\/png"}],"author":"cendoc","twitter_card":"summary_large_image","twitter_creator":"@GES_Mujer","twitter_site":"@GES_Mujer","twitter_misc":{"Escrito por":"cendoc","Tiempo de lectura":"2 minutos"},"schema":{"@context":"https:\/\/schema.org","@graph":[{"@type":"Article","@id":"https:\/\/www.gesmujer.org\/sitio\/indigna-asesinato-de-bebe-de-seis-meses-en-oaxaca\/#article","isPartOf":{"@id":"https:\/\/www.gesmujer.org\/sitio\/indigna-asesinato-de-bebe-de-seis-meses-en-oaxaca\/"},"author":{"name":"cendoc","@id":"https:\/\/www.gesmujer.org\/sitio\/#\/schema\/person\/50e03387f883646c2714c51783a7e288"},"headline":"Indigna asesinato de beb\u00e9 de seis meses en Oaxaca","datePublished":"2020-04-07T05:45:00+00:00","dateModified":"2024-09-05T06:07:33+00:00","mainEntityOfPage":{"@id":"https:\/\/www.gesmujer.org\/sitio\/indigna-asesinato-de-bebe-de-seis-meses-en-oaxaca\/"},"wordCount":497,"publisher":{"@id":"https:\/\/www.gesmujer.org\/sitio\/#organization"},"image":{"@id":"https:\/\/www.gesmujer.org\/sitio\/indigna-asesinato-de-bebe-de-seis-meses-en-oaxaca\/#primaryimage"},"thumbnailUrl":"https:\/\/www.gesmujer.org\/sitio\/wp-content\/uploads\/2020\/05\/character.png","articleSection":["portada"],"inLanguage":"es"},{"@type":"WebPage","@id":"https:\/\/www.gesmujer.org\/sitio\/indigna-asesinato-de-bebe-de-seis-meses-en-oaxaca\/","url":"https:\/\/www.gesmujer.org\/sitio\/indigna-asesinato-de-bebe-de-seis-meses-en-oaxaca\/","name":"Indigna asesinato de beb\u00e9 de seis meses en Oaxaca - GESMujer &quot;Rosario Castellanos&quot;","isPartOf":{"@id":"https:\/\/www.gesmujer.org\/sitio\/#website"},"primaryImageOfPage":{"@id":"https:\/\/www.gesmujer.org\/sitio\/indigna-asesinato-de-bebe-de-seis-meses-en-oaxaca\/#primaryimage"},"image":{"@id":"https:\/\/www.gesmujer.org\/sitio\/indigna-asesinato-de-bebe-de-seis-meses-en-oaxaca\/#primaryimage"},"thumbnailUrl":"https:\/\/www.gesmujer.org\/sitio\/wp-content\/uploads\/2020\/05\/character.png","datePublished":"2020-04-07T05:45:00+00:00","dateModified":"2024-09-05T06:07:33+00:00","breadcrumb":{"@id":"https:\/\/www.gesmujer.org\/sitio\/indigna-asesinato-de-bebe-de-seis-meses-en-oaxaca\/#breadcrumb"},"inLanguage":"es","potentialAction":[{"@type":"ReadAction","target":["https:\/\/www.gesmujer.org\/sitio\/indigna-asesinato-de-bebe-de-seis-meses-en-oaxaca\/"]}]},{"@type":"ImageObject","inLanguage":"es","@id":"https:\/\/www.gesmujer.org\/sitio\/indigna-asesinato-de-bebe-de-seis-meses-en-oaxaca\/#primaryimage","url":"https:\/\/www.gesmujer.org\/sitio\/wp-content\/uploads\/2020\/05\/character.png","contentUrl":"https:\/\/www.gesmujer.org\/sitio\/wp-content\/uploads\/2020\/05\/character.png","width":900,"height":506},{"@type":"BreadcrumbList","@id":"https:\/\/www.gesmujer.org\/sitio\/indigna-asesinato-de-bebe-de-seis-meses-en-oaxaca\/#breadcrumb","itemListElement":[{"@type":"ListItem","position":1,"name":"Home","item":"https:\/\/www.gesmujer.org\/sitio\/"},{"@type":"ListItem","position":2,"name":"Indigna asesinato de beb\u00e9 de seis meses en Oaxaca"}]},{"@type":"WebSite","@id":"https:\/\/www.gesmujer.org\/sitio\/#website","url":"https:\/\/www.gesmujer.org\/sitio\/","name":"GESMujer \"Rosario Castellanos\"","description":"M\u00e1s de 45 a\u00f1os ha llevado a cabo acciones para erradicar la violencia de g\u00e9nero y construir entornos donde las mujeres encuentren su resiliencia, incrementen su agencia y autonom\u00eda que les permita lograr su empoderamiento a trav\u00e9s de cinco l\u00edneas de acci\u00f3n.","publisher":{"@id":"https:\/\/www.gesmujer.org\/sitio\/#organization"},"alternateName":"GESMujer","potentialAction":[{"@type":"SearchAction","target":{"@type":"EntryPoint","urlTemplate":"https:\/\/www.gesmujer.org\/sitio\/?s={search_term_string}"},"query-input":{"@type":"PropertyValueSpecification","valueRequired":true,"valueName":"search_term_string"}}],"inLanguage":"es"},{"@type":"Organization","@id":"https:\/\/www.gesmujer.org\/sitio\/#organization","name":"Grupo de estudios sobre la mujer Rosario Castellanos ac","alternateName":"GESMujer","url":"https:\/\/www.gesmujer.org\/sitio\/","logo":{"@type":"ImageObject","inLanguage":"es","@id":"https:\/\/www.gesmujer.org\/sitio\/#\/schema\/logo\/image\/","url":"https:\/\/www.gesmujer.org\/sitio\/wp-content\/uploads\/2026\/03\/Logo-GESMujer-300.png","contentUrl":"https:\/\/www.gesmujer.org\/sitio\/wp-content\/uploads\/2026\/03\/Logo-GESMujer-300.png","width":300,"height":141,"caption":"Grupo de estudios sobre la mujer Rosario Castellanos ac"},"image":{"@id":"https:\/\/www.gesmujer.org\/sitio\/#\/schema\/logo\/image\/"},"sameAs":["https:\/\/www.facebook.com\/gesmujer.rosario.castellanos.ac","https:\/\/x.com\/GES_Mujer","https:\/\/www.instagram.com\/ges_mujer\/?hl=es","https:\/\/www.youtube.com\/c\/GESMujerRosarioCastellanos\/videos","https:\/\/soundcloud.com\/gesmujerac","https:\/\/www.tiktok.com\/@gesmujer"]},{"@type":"Person","@id":"https:\/\/www.gesmujer.org\/sitio\/#\/schema\/person\/50e03387f883646c2714c51783a7e288","name":"cendoc","image":{"@type":"ImageObject","inLanguage":"es","@id":"https:\/\/secure.gravatar.com\/avatar\/2f187338ccb33c33bc1b08e92e2247a6891db221398e12bbc0f5ff0cfc462495?s=96&d=mm&r=g","url":"https:\/\/secure.gravatar.com\/avatar\/2f187338ccb33c33bc1b08e92e2247a6891db221398e12bbc0f5ff0cfc462495?s=96&d=mm&r=g","contentUrl":"https:\/\/secure.gravatar.com\/avatar\/2f187338ccb33c33bc1b08e92e2247a6891db221398e12bbc0f5ff0cfc462495?s=96&d=mm&r=g","caption":"cendoc"},"sameAs":["http:\/\/gesmujer.org"],"url":"https:\/\/www.gesmujer.org\/sitio\/author\/cendoc\/"}]}},"_links":{"self":[{"href":"https:\/\/www.gesmujer.org\/sitio\/wp-json\/wp\/v2\/posts\/5436","targetHints":{"allow":["GET"]}}],"collection":[{"href":"https:\/\/www.gesmujer.org\/sitio\/wp-json\/wp\/v2\/posts"}],"about":[{"href":"https:\/\/www.gesmujer.org\/sitio\/wp-json\/wp\/v2\/types\/post"}],"author":[{"embeddable":true,"href":"https:\/\/www.gesmujer.org\/sitio\/wp-json\/wp\/v2\/users\/4"}],"replies":[{"embeddable":true,"href":"https:\/\/www.gesmujer.org\/sitio\/wp-json\/wp\/v2\/comments?post=5436"}],"version-history":[{"count":2,"href":"https:\/\/www.gesmujer.org\/sitio\/wp-json\/wp\/v2\/posts\/5436\/revisions"}],"predecessor-version":[{"id":59422,"href":"https:\/\/www.gesmujer.org\/sitio\/wp-json\/wp\/v2\/posts\/5436\/revisions\/59422"}],"wp:featuredmedia":[{"embeddable":true,"href":"https:\/\/www.gesmujer.org\/sitio\/wp-json\/wp\/v2\/media\/5437"}],"wp:attachment":[{"href":"https:\/\/www.gesmujer.org\/sitio\/wp-json\/wp\/v2\/media?parent=5436"}],"wp:term":[{"taxonomy":"category","embeddable":true,"href":"https:\/\/www.gesmujer.org\/sitio\/wp-json\/wp\/v2\/categories?post=5436"},{"taxonomy":"post_tag","embeddable":true,"href":"https:\/\/www.gesmujer.org\/sitio\/wp-json\/wp\/v2\/tags?post=5436"}],"curies":[{"name":"wp","href":"https:\/\/api.w.org\/{rel}","templated":true}]}}