{"id":5439,"date":"2020-04-30T23:49:00","date_gmt":"2020-05-01T05:49:00","guid":{"rendered":"https:\/\/www.gesmujer.org\/web\/?p=5439"},"modified":"2020-05-19T23:51:05","modified_gmt":"2020-05-20T05:51:05","slug":"actuar-en-el-presente-urge-invertir-en-la-infancia","status":"publish","type":"post","link":"https:\/\/www.gesmujer.org\/sitio\/actuar-en-el-presente-urge-invertir-en-la-infancia\/","title":{"rendered":"Actuar en el presente: Urge invertir en la infancia"},"content":{"rendered":"\n<p>30 de abril de 2020, Comunicado.-La igualdad entre mujeres y hombres, la disminuci\u00f3n de la brecha de g\u00e9nero, solo ser\u00e1n una realidad en la medida que desde el presente se act\u00fae a favor de la infancia. <\/p>\n\n\n\n<p>Ni\u00f1as, ni\u00f1os y adolescentes, son sujetos de derecho, as\u00ed lo establecen Convenios Internacionales que nuestro pa\u00eds ha suscrito, as\u00ed como Leyes Nacionales y Estatales, sin embargo, la realidad confronta estos principios.<\/p>\n\n\n\n<p>De acuerdo a las estad\u00edsticas nacionales este sector representa el 30.8% del total de la poblaci\u00f3n, lo que significa que, de los casi 40 millones de ni\u00f1as, ni\u00f1os y adolescentes en M\u00e9xico, la mitad se encuentran en situaci\u00f3n de pobreza y 4 millones en pobreza extrema.<\/p>\n\n\n\n<p>Una investigaci\u00f3n de CIESAS-UNICEF se\u00f1ala que Oaxaca ocupa el segundo lugar en rezago social a nivel nacional y se\u00f1ala que la poblaci\u00f3n m\u00e1s vulnerable la constituyen ni\u00f1as, ni\u00f1os y adolescentes, ind\u00edgenas y que viven en zonas rurales.<\/p>\n\n\n\n<p>Mirar esta problem\u00e1tica, desde una perspectiva de g\u00e9nero, permite reconocer que la realidad de las ni\u00f1as y las adolescentes se agrava debido a las inequidades que enfrentan a nivel familiar, comunitario y social. Por ello es necesario visibilizar aquellos aspectos que requieren transformaciones profundas desde la infancia, orientadas a cambiar las pr\u00e1cticas culturales que otorgan mayor poder y oportunidades a los hombres y limitan el desarrollo pleno de las mujeres.<\/p>\n\n\n\n<p>En los hogares m\u00e1s pobres, las ni\u00f1as, las adolescentes y las mujeres, enfrentan mayores niveles de desnutrici\u00f3n, as\u00ed como riesgo de abandono escolar, lo que limitar\u00e1 sus oportunidades de aprendizaje y opciones laborales.<\/p>\n\n\n\n<p>Existe tambi\u00e9n una co relaci\u00f3n entre pobreza y uniones tempranas, ya sea como matrimonio infantil o uniones de hecho, embarazo infantil, embarazo en la adolescencia y embarazo forzado.<\/p>\n\n\n\n<p>Seg\u00fan las Estad\u00edsticas de Natalidad del INEGI, en Oaxaca durante el 2017, el 15.8% (12,468) de los nacimientos se presentaron en mujeres de 15 a 19 a\u00f1os y el 0.3% (250) en ni\u00f1as de 10 a 14 a\u00f1os, no obstante, los Servicios de Salud de Oaxaca registraron que entre el 2015 y el 2017 ocurrieron 2,066 embarazos en menores de 15 a\u00f1os.<\/p>\n\n\n\n<p>La violencia de g\u00e9nero, en todas sus manifestaciones, f\u00edsica, emocional, sexual e incluso feminicida, se presenta en los diferentes estratos sociales, sin distinguir nivel educativo, pertenencia o no a comunidades ind\u00edgenas y afromexicanas, la violencia hacia las ni\u00f1as, las adolescentes y las mujeres es una manifestaci\u00f3n clara de un sistema patriarcal que las discrimina y las excluye. <\/p>\n\n\n\n<p>La Fiscal\u00eda del Estado de Oaxaca, seg\u00fan datos oficiales, report\u00f3 que durante enero y febrero fueron denunciados 306 delitos sexuales, de los cuales 50 fueron cometidos contra ni\u00f1as y ni\u00f1os de 0 a 11 a\u00f1os y 113 contra ni\u00f1as, ni\u00f1os y adolescentes de 12 a 17 a\u00f1os de edad.<\/p>\n\n\n\n<p>Otro dato que refleja la gravedad del problema es que, de acuerdo al monitoreo de violencia feminicida del GESMujer, en lo que va del a\u00f1o, el 25% de los asesinatos violentos han sido cometidos en contra de ni\u00f1as y adolescentes menores de 18 a\u00f1os.<\/p>\n\n\n\n<p>Los Objetivos de Desarrollo del Milenio, en la Agenda 2030, plantean en el objetivo 5 de Igualdad, que es necesario invertir en las ni\u00f1as, las adolescentes y mujeres, bajo el lema \u201cno dejar a nadie atr\u00e1s\u201d, por ello, hacer un balance sobre la problem\u00e1tica permite identificar aquellas \u00e1reas que son estrat\u00e9gicas:<\/p>\n\n\n\n<p>La pobreza tiene un origen multifactorial, pero las pol\u00edticas p\u00fablicas deben contemplar estrategias inclusivas para que las ni\u00f1as y las adolescentes accedan a la alimentaci\u00f3n y la educaci\u00f3n, debido a que son insumos b\u00e1sicos para su desarrollo.<\/p>\n\n\n\n<p>Garantizar la salud y los derechos sexuales y reproductivos es fundamental para que las ni\u00f1as y adolescentes puedan decidir sobre su cuerpo, su sexualidad, su reproducci\u00f3n y su futuro. La inclusi\u00f3n de los ni\u00f1os y los adolescentes es estrat\u00e9gica, porque al ser sensibilizados en pr\u00e1cticas basadas en masculinidades positivas, libres de esterotipos de g\u00e9nero basado en el control sobre el cuerpo de las mujeres, puede hacer la diferencia en la prevenci\u00f3n del embarazo temprano, no deseado o forzado.<\/p>\n\n\n\n<p>La prevenci\u00f3n de la violencia basada en el g\u00e9nero, contempla una forma de educar a las ni\u00f1as y adolescentes con capacidad de reconocer sus derechos, de aprender nuevas formas de relacionarse con los hombres, identificando las se\u00f1ales de dominaci\u00f3n y control, incluyendo todas las formas del \u201camor rom\u00e1ntico\u201d. La violencia es un aprendizaje social, desafortunadamente durante la infancia y la adolescencia, las estad\u00edsticas muestran que tambi\u00e9n est\u00e1n expuestos a la violencia por parte de otros hombres, o son v\u00edctimas indirectas en su hogar, pues est\u00e1n presentes durante la violencia dom\u00e9stica, de manera que aprenden a obtener control y obediencia por medio de la violencia.<\/p>\n\n\n\n<p>Proteger a los ni\u00f1os y adolescentes de la violencia tendr\u00e1 efectos positivos en su desarrollo, as\u00ed como en sus relaciones con otros hombres y con las mujeres.<\/p>\n\n\n\n<p>Ahora es el momento de sentar las bases para construir un futuro de justicia y equidad entre mujeres y hombres. La inversi\u00f3n que se realice en ni\u00f1as, ni\u00f1os y adolescentes que favorezca el ejercicio pleno de sus derechos, tendr\u00e1 un impacto positivo en el desarrollo de nuestro estado.<\/p>\n","protected":false},"excerpt":{"rendered":"<p>30 de abril de 2020, Comunicado.-La igualdad entre mujeres y hombres, la disminuci\u00f3n de la brecha de g\u00e9nero, solo ser\u00e1n una realidad en la medida que desde el presente se act\u00fae a favor de la infancia. Ni\u00f1as, ni\u00f1os y adolescentes, son sujetos de derecho, as\u00ed lo establecen Convenios Internacionales que nuestro pa\u00eds ha suscrito, as\u00ed [&hellip;]<\/p>\n","protected":false},"author":4,"featured_media":5440,"comment_status":"closed","ping_status":"open","sticky":false,"template":"","format":"standard","meta":{"give_campaign_id":0,"footnotes":""},"categories":[3],"tags":[],"class_list":["post-5439","post","type-post","status-publish","format-standard","has-post-thumbnail","hentry","category-portada"],"yoast_head":"<!-- This site is optimized with the Yoast SEO plugin v27.4 - https:\/\/yoast.com\/product\/yoast-seo-wordpress\/ -->\n<title>Actuar en el presente: Urge invertir en la infancia - GESMujer &quot;Rosario Castellanos&quot;<\/title>\n<meta name=\"robots\" content=\"index, follow, max-snippet:-1, max-image-preview:large, max-video-preview:-1\" \/>\n<link rel=\"canonical\" href=\"https:\/\/www.gesmujer.org\/sitio\/actuar-en-el-presente-urge-invertir-en-la-infancia\/\" \/>\n<meta property=\"og:locale\" content=\"es_MX\" \/>\n<meta property=\"og:type\" content=\"article\" \/>\n<meta property=\"og:title\" content=\"Actuar en el presente: Urge invertir en la infancia - GESMujer &quot;Rosario Castellanos&quot;\" \/>\n<meta property=\"og:description\" content=\"30 de abril de 2020, Comunicado.-La igualdad entre mujeres y hombres, la disminuci\u00f3n de la brecha de g\u00e9nero, solo ser\u00e1n una realidad en la medida que desde el presente se act\u00fae a favor de la infancia. Ni\u00f1as, ni\u00f1os y adolescentes, son sujetos de derecho, as\u00ed lo establecen Convenios Internacionales que nuestro pa\u00eds ha suscrito, as\u00ed [&hellip;]\" \/>\n<meta property=\"og:url\" content=\"https:\/\/www.gesmujer.org\/sitio\/actuar-en-el-presente-urge-invertir-en-la-infancia\/\" \/>\n<meta property=\"og:site_name\" content=\"GESMujer &quot;Rosario Castellanos&quot;\" \/>\n<meta property=\"article:publisher\" content=\"https:\/\/www.facebook.com\/gesmujer.rosario.castellanos.ac\" \/>\n<meta property=\"article:published_time\" content=\"2020-05-01T05:49:00+00:00\" \/>\n<meta property=\"article:modified_time\" content=\"2020-05-20T05:51:05+00:00\" \/>\n<meta property=\"og:image\" content=\"https:\/\/www.gesmujer.org\/sitio\/wp-content\/uploads\/2020\/05\/infancia.jpeg\" \/>\n\t<meta property=\"og:image:width\" content=\"678\" \/>\n\t<meta property=\"og:image:height\" content=\"452\" \/>\n\t<meta property=\"og:image:type\" content=\"image\/jpeg\" \/>\n<meta name=\"author\" content=\"cendoc\" \/>\n<meta name=\"twitter:card\" content=\"summary_large_image\" \/>\n<meta name=\"twitter:creator\" content=\"@GES_Mujer\" \/>\n<meta name=\"twitter:site\" content=\"@GES_Mujer\" \/>\n<meta name=\"twitter:label1\" content=\"Escrito por\" \/>\n\t<meta name=\"twitter:data1\" content=\"cendoc\" \/>\n\t<meta name=\"twitter:label2\" content=\"Tiempo de lectura\" \/>\n\t<meta name=\"twitter:data2\" content=\"4 minutos\" \/>\n<script type=\"application\/ld+json\" class=\"yoast-schema-graph\">{\"@context\":\"https:\\\/\\\/schema.org\",\"@graph\":[{\"@type\":\"Article\",\"@id\":\"https:\\\/\\\/www.gesmujer.org\\\/sitio\\\/actuar-en-el-presente-urge-invertir-en-la-infancia\\\/#article\",\"isPartOf\":{\"@id\":\"https:\\\/\\\/www.gesmujer.org\\\/sitio\\\/actuar-en-el-presente-urge-invertir-en-la-infancia\\\/\"},\"author\":{\"name\":\"cendoc\",\"@id\":\"https:\\\/\\\/www.gesmujer.org\\\/sitio\\\/#\\\/schema\\\/person\\\/50e03387f883646c2714c51783a7e288\"},\"headline\":\"Actuar en el presente: Urge invertir en la infancia\",\"datePublished\":\"2020-05-01T05:49:00+00:00\",\"dateModified\":\"2020-05-20T05:51:05+00:00\",\"mainEntityOfPage\":{\"@id\":\"https:\\\/\\\/www.gesmujer.org\\\/sitio\\\/actuar-en-el-presente-urge-invertir-en-la-infancia\\\/\"},\"wordCount\":905,\"publisher\":{\"@id\":\"https:\\\/\\\/www.gesmujer.org\\\/sitio\\\/#organization\"},\"image\":{\"@id\":\"https:\\\/\\\/www.gesmujer.org\\\/sitio\\\/actuar-en-el-presente-urge-invertir-en-la-infancia\\\/#primaryimage\"},\"thumbnailUrl\":\"https:\\\/\\\/www.gesmujer.org\\\/sitio\\\/wp-content\\\/uploads\\\/2020\\\/05\\\/infancia.jpeg\",\"articleSection\":[\"portada\"],\"inLanguage\":\"es\"},{\"@type\":\"WebPage\",\"@id\":\"https:\\\/\\\/www.gesmujer.org\\\/sitio\\\/actuar-en-el-presente-urge-invertir-en-la-infancia\\\/\",\"url\":\"https:\\\/\\\/www.gesmujer.org\\\/sitio\\\/actuar-en-el-presente-urge-invertir-en-la-infancia\\\/\",\"name\":\"Actuar en el presente: Urge invertir en la infancia - GESMujer &quot;Rosario Castellanos&quot;\",\"isPartOf\":{\"@id\":\"https:\\\/\\\/www.gesmujer.org\\\/sitio\\\/#website\"},\"primaryImageOfPage\":{\"@id\":\"https:\\\/\\\/www.gesmujer.org\\\/sitio\\\/actuar-en-el-presente-urge-invertir-en-la-infancia\\\/#primaryimage\"},\"image\":{\"@id\":\"https:\\\/\\\/www.gesmujer.org\\\/sitio\\\/actuar-en-el-presente-urge-invertir-en-la-infancia\\\/#primaryimage\"},\"thumbnailUrl\":\"https:\\\/\\\/www.gesmujer.org\\\/sitio\\\/wp-content\\\/uploads\\\/2020\\\/05\\\/infancia.jpeg\",\"datePublished\":\"2020-05-01T05:49:00+00:00\",\"dateModified\":\"2020-05-20T05:51:05+00:00\",\"breadcrumb\":{\"@id\":\"https:\\\/\\\/www.gesmujer.org\\\/sitio\\\/actuar-en-el-presente-urge-invertir-en-la-infancia\\\/#breadcrumb\"},\"inLanguage\":\"es\",\"potentialAction\":[{\"@type\":\"ReadAction\",\"target\":[\"https:\\\/\\\/www.gesmujer.org\\\/sitio\\\/actuar-en-el-presente-urge-invertir-en-la-infancia\\\/\"]}]},{\"@type\":\"ImageObject\",\"inLanguage\":\"es\",\"@id\":\"https:\\\/\\\/www.gesmujer.org\\\/sitio\\\/actuar-en-el-presente-urge-invertir-en-la-infancia\\\/#primaryimage\",\"url\":\"https:\\\/\\\/www.gesmujer.org\\\/sitio\\\/wp-content\\\/uploads\\\/2020\\\/05\\\/infancia.jpeg\",\"contentUrl\":\"https:\\\/\\\/www.gesmujer.org\\\/sitio\\\/wp-content\\\/uploads\\\/2020\\\/05\\\/infancia.jpeg\",\"width\":678,\"height\":452},{\"@type\":\"BreadcrumbList\",\"@id\":\"https:\\\/\\\/www.gesmujer.org\\\/sitio\\\/actuar-en-el-presente-urge-invertir-en-la-infancia\\\/#breadcrumb\",\"itemListElement\":[{\"@type\":\"ListItem\",\"position\":1,\"name\":\"Home\",\"item\":\"https:\\\/\\\/www.gesmujer.org\\\/sitio\\\/\"},{\"@type\":\"ListItem\",\"position\":2,\"name\":\"Actuar en el presente: Urge invertir en la infancia\"}]},{\"@type\":\"WebSite\",\"@id\":\"https:\\\/\\\/www.gesmujer.org\\\/sitio\\\/#website\",\"url\":\"https:\\\/\\\/www.gesmujer.org\\\/sitio\\\/\",\"name\":\"GESMujer \\\"Rosario Castellanos\\\"\",\"description\":\"M\u00e1s de 45 a\u00f1os ha llevado a cabo acciones para erradicar la violencia de g\u00e9nero y construir entornos donde las mujeres encuentren su resiliencia, incrementen su agencia y autonom\u00eda que les permita lograr su empoderamiento a trav\u00e9s de cinco l\u00edneas de acci\u00f3n.\",\"publisher\":{\"@id\":\"https:\\\/\\\/www.gesmujer.org\\\/sitio\\\/#organization\"},\"alternateName\":\"GESMujer\",\"potentialAction\":[{\"@type\":\"SearchAction\",\"target\":{\"@type\":\"EntryPoint\",\"urlTemplate\":\"https:\\\/\\\/www.gesmujer.org\\\/sitio\\\/?s={search_term_string}\"},\"query-input\":{\"@type\":\"PropertyValueSpecification\",\"valueRequired\":true,\"valueName\":\"search_term_string\"}}],\"inLanguage\":\"es\"},{\"@type\":\"Organization\",\"@id\":\"https:\\\/\\\/www.gesmujer.org\\\/sitio\\\/#organization\",\"name\":\"Grupo de estudios sobre la mujer Rosario Castellanos ac\",\"alternateName\":\"GESMujer\",\"url\":\"https:\\\/\\\/www.gesmujer.org\\\/sitio\\\/\",\"logo\":{\"@type\":\"ImageObject\",\"inLanguage\":\"es\",\"@id\":\"https:\\\/\\\/www.gesmujer.org\\\/sitio\\\/#\\\/schema\\\/logo\\\/image\\\/\",\"url\":\"https:\\\/\\\/www.gesmujer.org\\\/sitio\\\/wp-content\\\/uploads\\\/2026\\\/03\\\/Logo-GESMujer-300.png\",\"contentUrl\":\"https:\\\/\\\/www.gesmujer.org\\\/sitio\\\/wp-content\\\/uploads\\\/2026\\\/03\\\/Logo-GESMujer-300.png\",\"width\":300,\"height\":141,\"caption\":\"Grupo de estudios sobre la mujer Rosario Castellanos ac\"},\"image\":{\"@id\":\"https:\\\/\\\/www.gesmujer.org\\\/sitio\\\/#\\\/schema\\\/logo\\\/image\\\/\"},\"sameAs\":[\"https:\\\/\\\/www.facebook.com\\\/gesmujer.rosario.castellanos.ac\",\"https:\\\/\\\/x.com\\\/GES_Mujer\",\"https:\\\/\\\/www.instagram.com\\\/ges_mujer\\\/?hl=es\",\"https:\\\/\\\/www.youtube.com\\\/c\\\/GESMujerRosarioCastellanos\\\/videos\",\"https:\\\/\\\/soundcloud.com\\\/gesmujerac\",\"https:\\\/\\\/www.tiktok.com\\\/@gesmujer\"]},{\"@type\":\"Person\",\"@id\":\"https:\\\/\\\/www.gesmujer.org\\\/sitio\\\/#\\\/schema\\\/person\\\/50e03387f883646c2714c51783a7e288\",\"name\":\"cendoc\",\"image\":{\"@type\":\"ImageObject\",\"inLanguage\":\"es\",\"@id\":\"https:\\\/\\\/secure.gravatar.com\\\/avatar\\\/2f187338ccb33c33bc1b08e92e2247a6891db221398e12bbc0f5ff0cfc462495?s=96&d=mm&r=g\",\"url\":\"https:\\\/\\\/secure.gravatar.com\\\/avatar\\\/2f187338ccb33c33bc1b08e92e2247a6891db221398e12bbc0f5ff0cfc462495?s=96&d=mm&r=g\",\"contentUrl\":\"https:\\\/\\\/secure.gravatar.com\\\/avatar\\\/2f187338ccb33c33bc1b08e92e2247a6891db221398e12bbc0f5ff0cfc462495?s=96&d=mm&r=g\",\"caption\":\"cendoc\"},\"sameAs\":[\"http:\\\/\\\/gesmujer.org\"],\"url\":\"https:\\\/\\\/www.gesmujer.org\\\/sitio\\\/author\\\/cendoc\\\/\"}]}<\/script>\n<!-- \/ Yoast SEO plugin. -->","yoast_head_json":{"title":"Actuar en el presente: Urge invertir en la infancia - GESMujer &quot;Rosario Castellanos&quot;","robots":{"index":"index","follow":"follow","max-snippet":"max-snippet:-1","max-image-preview":"max-image-preview:large","max-video-preview":"max-video-preview:-1"},"canonical":"https:\/\/www.gesmujer.org\/sitio\/actuar-en-el-presente-urge-invertir-en-la-infancia\/","og_locale":"es_MX","og_type":"article","og_title":"Actuar en el presente: Urge invertir en la infancia - GESMujer &quot;Rosario Castellanos&quot;","og_description":"30 de abril de 2020, Comunicado.-La igualdad entre mujeres y hombres, la disminuci\u00f3n de la brecha de g\u00e9nero, solo ser\u00e1n una realidad en la medida que desde el presente se act\u00fae a favor de la infancia. Ni\u00f1as, ni\u00f1os y adolescentes, son sujetos de derecho, as\u00ed lo establecen Convenios Internacionales que nuestro pa\u00eds ha suscrito, as\u00ed [&hellip;]","og_url":"https:\/\/www.gesmujer.org\/sitio\/actuar-en-el-presente-urge-invertir-en-la-infancia\/","og_site_name":"GESMujer &quot;Rosario Castellanos&quot;","article_publisher":"https:\/\/www.facebook.com\/gesmujer.rosario.castellanos.ac","article_published_time":"2020-05-01T05:49:00+00:00","article_modified_time":"2020-05-20T05:51:05+00:00","og_image":[{"width":678,"height":452,"url":"https:\/\/www.gesmujer.org\/sitio\/wp-content\/uploads\/2020\/05\/infancia.jpeg","type":"image\/jpeg"}],"author":"cendoc","twitter_card":"summary_large_image","twitter_creator":"@GES_Mujer","twitter_site":"@GES_Mujer","twitter_misc":{"Escrito por":"cendoc","Tiempo de lectura":"4 minutos"},"schema":{"@context":"https:\/\/schema.org","@graph":[{"@type":"Article","@id":"https:\/\/www.gesmujer.org\/sitio\/actuar-en-el-presente-urge-invertir-en-la-infancia\/#article","isPartOf":{"@id":"https:\/\/www.gesmujer.org\/sitio\/actuar-en-el-presente-urge-invertir-en-la-infancia\/"},"author":{"name":"cendoc","@id":"https:\/\/www.gesmujer.org\/sitio\/#\/schema\/person\/50e03387f883646c2714c51783a7e288"},"headline":"Actuar en el presente: Urge invertir en la infancia","datePublished":"2020-05-01T05:49:00+00:00","dateModified":"2020-05-20T05:51:05+00:00","mainEntityOfPage":{"@id":"https:\/\/www.gesmujer.org\/sitio\/actuar-en-el-presente-urge-invertir-en-la-infancia\/"},"wordCount":905,"publisher":{"@id":"https:\/\/www.gesmujer.org\/sitio\/#organization"},"image":{"@id":"https:\/\/www.gesmujer.org\/sitio\/actuar-en-el-presente-urge-invertir-en-la-infancia\/#primaryimage"},"thumbnailUrl":"https:\/\/www.gesmujer.org\/sitio\/wp-content\/uploads\/2020\/05\/infancia.jpeg","articleSection":["portada"],"inLanguage":"es"},{"@type":"WebPage","@id":"https:\/\/www.gesmujer.org\/sitio\/actuar-en-el-presente-urge-invertir-en-la-infancia\/","url":"https:\/\/www.gesmujer.org\/sitio\/actuar-en-el-presente-urge-invertir-en-la-infancia\/","name":"Actuar en el presente: Urge invertir en la infancia - GESMujer &quot;Rosario Castellanos&quot;","isPartOf":{"@id":"https:\/\/www.gesmujer.org\/sitio\/#website"},"primaryImageOfPage":{"@id":"https:\/\/www.gesmujer.org\/sitio\/actuar-en-el-presente-urge-invertir-en-la-infancia\/#primaryimage"},"image":{"@id":"https:\/\/www.gesmujer.org\/sitio\/actuar-en-el-presente-urge-invertir-en-la-infancia\/#primaryimage"},"thumbnailUrl":"https:\/\/www.gesmujer.org\/sitio\/wp-content\/uploads\/2020\/05\/infancia.jpeg","datePublished":"2020-05-01T05:49:00+00:00","dateModified":"2020-05-20T05:51:05+00:00","breadcrumb":{"@id":"https:\/\/www.gesmujer.org\/sitio\/actuar-en-el-presente-urge-invertir-en-la-infancia\/#breadcrumb"},"inLanguage":"es","potentialAction":[{"@type":"ReadAction","target":["https:\/\/www.gesmujer.org\/sitio\/actuar-en-el-presente-urge-invertir-en-la-infancia\/"]}]},{"@type":"ImageObject","inLanguage":"es","@id":"https:\/\/www.gesmujer.org\/sitio\/actuar-en-el-presente-urge-invertir-en-la-infancia\/#primaryimage","url":"https:\/\/www.gesmujer.org\/sitio\/wp-content\/uploads\/2020\/05\/infancia.jpeg","contentUrl":"https:\/\/www.gesmujer.org\/sitio\/wp-content\/uploads\/2020\/05\/infancia.jpeg","width":678,"height":452},{"@type":"BreadcrumbList","@id":"https:\/\/www.gesmujer.org\/sitio\/actuar-en-el-presente-urge-invertir-en-la-infancia\/#breadcrumb","itemListElement":[{"@type":"ListItem","position":1,"name":"Home","item":"https:\/\/www.gesmujer.org\/sitio\/"},{"@type":"ListItem","position":2,"name":"Actuar en el presente: Urge invertir en la infancia"}]},{"@type":"WebSite","@id":"https:\/\/www.gesmujer.org\/sitio\/#website","url":"https:\/\/www.gesmujer.org\/sitio\/","name":"GESMujer \"Rosario Castellanos\"","description":"M\u00e1s de 45 a\u00f1os ha llevado a cabo acciones para erradicar la violencia de g\u00e9nero y construir entornos donde las mujeres encuentren su resiliencia, incrementen su agencia y autonom\u00eda que les permita lograr su empoderamiento a trav\u00e9s de cinco l\u00edneas de acci\u00f3n.","publisher":{"@id":"https:\/\/www.gesmujer.org\/sitio\/#organization"},"alternateName":"GESMujer","potentialAction":[{"@type":"SearchAction","target":{"@type":"EntryPoint","urlTemplate":"https:\/\/www.gesmujer.org\/sitio\/?s={search_term_string}"},"query-input":{"@type":"PropertyValueSpecification","valueRequired":true,"valueName":"search_term_string"}}],"inLanguage":"es"},{"@type":"Organization","@id":"https:\/\/www.gesmujer.org\/sitio\/#organization","name":"Grupo de estudios sobre la mujer Rosario Castellanos ac","alternateName":"GESMujer","url":"https:\/\/www.gesmujer.org\/sitio\/","logo":{"@type":"ImageObject","inLanguage":"es","@id":"https:\/\/www.gesmujer.org\/sitio\/#\/schema\/logo\/image\/","url":"https:\/\/www.gesmujer.org\/sitio\/wp-content\/uploads\/2026\/03\/Logo-GESMujer-300.png","contentUrl":"https:\/\/www.gesmujer.org\/sitio\/wp-content\/uploads\/2026\/03\/Logo-GESMujer-300.png","width":300,"height":141,"caption":"Grupo de estudios sobre la mujer Rosario Castellanos ac"},"image":{"@id":"https:\/\/www.gesmujer.org\/sitio\/#\/schema\/logo\/image\/"},"sameAs":["https:\/\/www.facebook.com\/gesmujer.rosario.castellanos.ac","https:\/\/x.com\/GES_Mujer","https:\/\/www.instagram.com\/ges_mujer\/?hl=es","https:\/\/www.youtube.com\/c\/GESMujerRosarioCastellanos\/videos","https:\/\/soundcloud.com\/gesmujerac","https:\/\/www.tiktok.com\/@gesmujer"]},{"@type":"Person","@id":"https:\/\/www.gesmujer.org\/sitio\/#\/schema\/person\/50e03387f883646c2714c51783a7e288","name":"cendoc","image":{"@type":"ImageObject","inLanguage":"es","@id":"https:\/\/secure.gravatar.com\/avatar\/2f187338ccb33c33bc1b08e92e2247a6891db221398e12bbc0f5ff0cfc462495?s=96&d=mm&r=g","url":"https:\/\/secure.gravatar.com\/avatar\/2f187338ccb33c33bc1b08e92e2247a6891db221398e12bbc0f5ff0cfc462495?s=96&d=mm&r=g","contentUrl":"https:\/\/secure.gravatar.com\/avatar\/2f187338ccb33c33bc1b08e92e2247a6891db221398e12bbc0f5ff0cfc462495?s=96&d=mm&r=g","caption":"cendoc"},"sameAs":["http:\/\/gesmujer.org"],"url":"https:\/\/www.gesmujer.org\/sitio\/author\/cendoc\/"}]}},"_links":{"self":[{"href":"https:\/\/www.gesmujer.org\/sitio\/wp-json\/wp\/v2\/posts\/5439","targetHints":{"allow":["GET"]}}],"collection":[{"href":"https:\/\/www.gesmujer.org\/sitio\/wp-json\/wp\/v2\/posts"}],"about":[{"href":"https:\/\/www.gesmujer.org\/sitio\/wp-json\/wp\/v2\/types\/post"}],"author":[{"embeddable":true,"href":"https:\/\/www.gesmujer.org\/sitio\/wp-json\/wp\/v2\/users\/4"}],"replies":[{"embeddable":true,"href":"https:\/\/www.gesmujer.org\/sitio\/wp-json\/wp\/v2\/comments?post=5439"}],"version-history":[{"count":1,"href":"https:\/\/www.gesmujer.org\/sitio\/wp-json\/wp\/v2\/posts\/5439\/revisions"}],"predecessor-version":[{"id":5441,"href":"https:\/\/www.gesmujer.org\/sitio\/wp-json\/wp\/v2\/posts\/5439\/revisions\/5441"}],"wp:featuredmedia":[{"embeddable":true,"href":"https:\/\/www.gesmujer.org\/sitio\/wp-json\/wp\/v2\/media\/5440"}],"wp:attachment":[{"href":"https:\/\/www.gesmujer.org\/sitio\/wp-json\/wp\/v2\/media?parent=5439"}],"wp:term":[{"taxonomy":"category","embeddable":true,"href":"https:\/\/www.gesmujer.org\/sitio\/wp-json\/wp\/v2\/categories?post=5439"},{"taxonomy":"post_tag","embeddable":true,"href":"https:\/\/www.gesmujer.org\/sitio\/wp-json\/wp\/v2\/tags?post=5439"}],"curies":[{"name":"wp","href":"https:\/\/api.w.org\/{rel}","templated":true}]}}