{"id":5657,"date":"2020-07-22T17:59:23","date_gmt":"2020-07-22T23:59:23","guid":{"rendered":"https:\/\/www.gesmujer.org\/web\/?p=5657"},"modified":"2020-07-23T09:41:30","modified_gmt":"2020-07-23T15:41:30","slug":"urge-reconocimiento-al-trabajo-domestico","status":"publish","type":"post","link":"https:\/\/www.gesmujer.org\/sitio\/urge-reconocimiento-al-trabajo-domestico\/","title":{"rendered":"Urge reconocimiento al trabajo dom\u00e9stico."},"content":{"rendered":"\n<p>Hoy 22 de julio, d\u00eda internacional del trabajo dom\u00e9stico, es urgente seguir visibilizando c\u00f3mo la Pandem\u00eda por la COVID-19, con sus medidas de confinamiento han incrementado las enormes cargas de trabajo dom\u00e9stico, de atenci\u00f3n y cuidado que enfrentan las mujeres y las ni\u00f1as.<\/p>\n\n\n\n<p>La Organizac\u00f3n de las Naciones Unidas ha declarado la Agenda 2030 de Desarrollo Sostenible, como un plan de acci\u00f3n a favor de las personas, el planeta y la prosperidad, que M\u00e9xico y Oaxaca han adoptado como compromiso.<\/p>\n\n\n\n<p>Por ello hoy como Gesmujer deseamos llamar la atenci\u00f3n sobre El ODS 5 que busca lograr la igualdad entre los g\u00e9neros y empoderar a las mujeres y las ni\u00f1as, estableciendo como una de sus metas reconocer y valorar los cuidados y el trabajo dom\u00e9stico no remunerado mediante servicios p\u00fablicos, infraestructura y pol\u00edticas de protecci\u00f3n social y promoviendo la responsabilidad compartida en el hogar y la familia.<\/p>\n\n\n\n<p>Conoce la postura de Ang\u00e9lica Ayala Ort\u00edz, presidenta de GESMujer:<\/p>\n\n\n\n<figure class=\"wp-block-embed-youtube wp-block-embed is-type-video is-provider-youtube wp-embed-aspect-16-9 wp-has-aspect-ratio\"><div class=\"wp-block-embed__wrapper\">\n<iframe  id=\"_ytid_12185\"  width=\"1060\" height=\"596\"  data-origwidth=\"1060\" data-origheight=\"596\" src=\"https:\/\/www.youtube.com\/embed\/K0BK89HnLn8?enablejsapi=1&#038;autoplay=0&#038;cc_load_policy=0&#038;cc_lang_pref=&#038;iv_load_policy=1&#038;loop=0&#038;rel=0&#038;fs=1&#038;playsinline=0&#038;autohide=2&#038;theme=dark&#038;color=red&#038;controls=1&#038;disablekb=0&#038;\" class=\"__youtube_prefs__  epyt-is-override  no-lazyload\" title=\"YouTube player\"  allow=\"fullscreen; accelerometer; autoplay; clipboard-write; encrypted-media; gyroscope; picture-in-picture; web-share\" referrerpolicy=\"strict-origin-when-cross-origin\" allowfullscreen data-no-lazy=\"1\" data-skipgform_ajax_framebjll=\"\"><\/iframe>\n<\/div><\/figure>\n\n\n\n<p><\/p>\n","protected":false},"excerpt":{"rendered":"<p>Hoy 22 de julio, d\u00eda internacional del trabajo dom\u00e9stico, es urgente seguir visibilizando c\u00f3mo la Pandem\u00eda por la COVID-19, con sus medidas de confinamiento han incrementado las enormes cargas de trabajo dom\u00e9stico, de atenci\u00f3n y cuidado que enfrentan las mujeres y las ni\u00f1as. La Organizac\u00f3n de las Naciones Unidas ha declarado la Agenda 2030 de [&hellip;]<\/p>\n","protected":false},"author":4,"featured_media":5660,"comment_status":"closed","ping_status":"open","sticky":false,"template":"","format":"standard","meta":{"give_campaign_id":0,"footnotes":""},"categories":[3],"tags":[],"class_list":["post-5657","post","type-post","status-publish","format-standard","has-post-thumbnail","hentry","category-portada"],"yoast_head":"<!-- This site is optimized with the Yoast SEO plugin v27.4 - https:\/\/yoast.com\/product\/yoast-seo-wordpress\/ -->\n<title>Urge reconocimiento al trabajo dom\u00e9stico. - GESMujer &quot;Rosario Castellanos&quot;<\/title>\n<meta name=\"robots\" content=\"index, follow, max-snippet:-1, max-image-preview:large, max-video-preview:-1\" \/>\n<link rel=\"canonical\" href=\"https:\/\/www.gesmujer.org\/sitio\/urge-reconocimiento-al-trabajo-domestico\/\" \/>\n<meta property=\"og:locale\" content=\"es_MX\" \/>\n<meta property=\"og:type\" content=\"article\" \/>\n<meta property=\"og:title\" content=\"Urge reconocimiento al trabajo dom\u00e9stico.\" \/>\n<meta property=\"og:description\" content=\"Hoy 22 de julio, d\u00eda internacional del trabajo dom\u00e9stico, es urgente seguir visibilizando c\u00f3mo la Pandem\u00eda por la COVID-19, con sus medidas de confinamiento han incrementado las enormes cargas de trabajo dom\u00e9stico, de atenci\u00f3n y cuidado que enfrentan las mujeres y las ni\u00f1as.\" \/>\n<meta property=\"og:url\" content=\"https:\/\/www.gesmujer.org\/sitio\/urge-reconocimiento-al-trabajo-domestico\/\" \/>\n<meta property=\"og:site_name\" content=\"GESMujer &quot;Rosario Castellanos&quot;\" \/>\n<meta property=\"article:publisher\" content=\"https:\/\/www.facebook.com\/gesmujer.rosario.castellanos.ac\" \/>\n<meta property=\"article:published_time\" content=\"2020-07-22T23:59:23+00:00\" \/>\n<meta property=\"article:modified_time\" content=\"2020-07-23T15:41:30+00:00\" \/>\n<meta property=\"og:image\" content=\"https:\/\/www.gesmujer.org\/sitio\/wp-content\/uploads\/2020\/07\/WhatsApp-Image-2020-07-22-at-12.32.42-PM.jpeg\" \/>\n\t<meta property=\"og:image:width\" content=\"1049\" \/>\n\t<meta property=\"og:image:height\" content=\"649\" \/>\n\t<meta property=\"og:image:type\" content=\"image\/jpeg\" \/>\n<meta name=\"author\" content=\"cendoc\" \/>\n<meta name=\"twitter:card\" content=\"summary_large_image\" \/>\n<meta name=\"twitter:title\" content=\"Urge reconocimiento al trabajo dom\u00e9stico.\" \/>\n<meta name=\"twitter:description\" content=\"Hoy 22 de julio, d\u00eda internacional del trabajo dom\u00e9stico, es urgente seguir visibilizando c\u00f3mo la Pandem\u00eda por la COVID-19, con sus medidas de confinamiento han incrementado las enormes cargas de trabajo dom\u00e9stico, de atenci\u00f3n y cuidado que enfrentan las mujeres y las ni\u00f1as.\" \/>\n<meta name=\"twitter:image\" content=\"https:\/\/www.gesmujer.org\/sitio\/wp-content\/uploads\/2020\/07\/WhatsApp-Image-2020-07-22-at-12.32.42-PM.jpeg\" \/>\n<meta name=\"twitter:creator\" content=\"@GES_Mujer\" \/>\n<meta name=\"twitter:site\" content=\"@GES_Mujer\" \/>\n<meta name=\"twitter:label1\" content=\"Escrito por\" \/>\n\t<meta name=\"twitter:data1\" content=\"cendoc\" \/>\n\t<meta name=\"twitter:label2\" content=\"Tiempo de lectura\" \/>\n\t<meta name=\"twitter:data2\" content=\"1 minuto\" \/>\n<script type=\"application\/ld+json\" class=\"yoast-schema-graph\">{\"@context\":\"https:\\\/\\\/schema.org\",\"@graph\":[{\"@type\":\"Article\",\"@id\":\"https:\\\/\\\/www.gesmujer.org\\\/sitio\\\/urge-reconocimiento-al-trabajo-domestico\\\/#article\",\"isPartOf\":{\"@id\":\"https:\\\/\\\/www.gesmujer.org\\\/sitio\\\/urge-reconocimiento-al-trabajo-domestico\\\/\"},\"author\":{\"name\":\"cendoc\",\"@id\":\"https:\\\/\\\/www.gesmujer.org\\\/sitio\\\/#\\\/schema\\\/person\\\/50e03387f883646c2714c51783a7e288\"},\"headline\":\"Urge reconocimiento al trabajo dom\u00e9stico.\",\"datePublished\":\"2020-07-22T23:59:23+00:00\",\"dateModified\":\"2020-07-23T15:41:30+00:00\",\"mainEntityOfPage\":{\"@id\":\"https:\\\/\\\/www.gesmujer.org\\\/sitio\\\/urge-reconocimiento-al-trabajo-domestico\\\/\"},\"wordCount\":187,\"publisher\":{\"@id\":\"https:\\\/\\\/www.gesmujer.org\\\/sitio\\\/#organization\"},\"image\":{\"@id\":\"https:\\\/\\\/www.gesmujer.org\\\/sitio\\\/urge-reconocimiento-al-trabajo-domestico\\\/#primaryimage\"},\"thumbnailUrl\":\"https:\\\/\\\/www.gesmujer.org\\\/sitio\\\/wp-content\\\/uploads\\\/2020\\\/07\\\/WhatsApp-Image-2020-07-22-at-12.32.42-PM.jpeg\",\"articleSection\":[\"portada\"],\"inLanguage\":\"es\"},{\"@type\":\"WebPage\",\"@id\":\"https:\\\/\\\/www.gesmujer.org\\\/sitio\\\/urge-reconocimiento-al-trabajo-domestico\\\/\",\"url\":\"https:\\\/\\\/www.gesmujer.org\\\/sitio\\\/urge-reconocimiento-al-trabajo-domestico\\\/\",\"name\":\"Urge reconocimiento al trabajo dom\u00e9stico. - GESMujer &quot;Rosario Castellanos&quot;\",\"isPartOf\":{\"@id\":\"https:\\\/\\\/www.gesmujer.org\\\/sitio\\\/#website\"},\"primaryImageOfPage\":{\"@id\":\"https:\\\/\\\/www.gesmujer.org\\\/sitio\\\/urge-reconocimiento-al-trabajo-domestico\\\/#primaryimage\"},\"image\":{\"@id\":\"https:\\\/\\\/www.gesmujer.org\\\/sitio\\\/urge-reconocimiento-al-trabajo-domestico\\\/#primaryimage\"},\"thumbnailUrl\":\"https:\\\/\\\/www.gesmujer.org\\\/sitio\\\/wp-content\\\/uploads\\\/2020\\\/07\\\/WhatsApp-Image-2020-07-22-at-12.32.42-PM.jpeg\",\"datePublished\":\"2020-07-22T23:59:23+00:00\",\"dateModified\":\"2020-07-23T15:41:30+00:00\",\"breadcrumb\":{\"@id\":\"https:\\\/\\\/www.gesmujer.org\\\/sitio\\\/urge-reconocimiento-al-trabajo-domestico\\\/#breadcrumb\"},\"inLanguage\":\"es\",\"potentialAction\":[{\"@type\":\"ReadAction\",\"target\":[\"https:\\\/\\\/www.gesmujer.org\\\/sitio\\\/urge-reconocimiento-al-trabajo-domestico\\\/\"]}]},{\"@type\":\"ImageObject\",\"inLanguage\":\"es\",\"@id\":\"https:\\\/\\\/www.gesmujer.org\\\/sitio\\\/urge-reconocimiento-al-trabajo-domestico\\\/#primaryimage\",\"url\":\"https:\\\/\\\/www.gesmujer.org\\\/sitio\\\/wp-content\\\/uploads\\\/2020\\\/07\\\/WhatsApp-Image-2020-07-22-at-12.32.42-PM.jpeg\",\"contentUrl\":\"https:\\\/\\\/www.gesmujer.org\\\/sitio\\\/wp-content\\\/uploads\\\/2020\\\/07\\\/WhatsApp-Image-2020-07-22-at-12.32.42-PM.jpeg\",\"width\":1049,\"height\":649},{\"@type\":\"BreadcrumbList\",\"@id\":\"https:\\\/\\\/www.gesmujer.org\\\/sitio\\\/urge-reconocimiento-al-trabajo-domestico\\\/#breadcrumb\",\"itemListElement\":[{\"@type\":\"ListItem\",\"position\":1,\"name\":\"Home\",\"item\":\"https:\\\/\\\/www.gesmujer.org\\\/sitio\\\/\"},{\"@type\":\"ListItem\",\"position\":2,\"name\":\"Urge reconocimiento al trabajo dom\u00e9stico.\"}]},{\"@type\":\"WebSite\",\"@id\":\"https:\\\/\\\/www.gesmujer.org\\\/sitio\\\/#website\",\"url\":\"https:\\\/\\\/www.gesmujer.org\\\/sitio\\\/\",\"name\":\"GESMujer \\\"Rosario Castellanos\\\"\",\"description\":\"M\u00e1s de 45 a\u00f1os ha llevado a cabo acciones para erradicar la violencia de g\u00e9nero y construir entornos donde las mujeres encuentren su resiliencia, incrementen su agencia y autonom\u00eda que les permita lograr su empoderamiento a trav\u00e9s de cinco l\u00edneas de acci\u00f3n.\",\"publisher\":{\"@id\":\"https:\\\/\\\/www.gesmujer.org\\\/sitio\\\/#organization\"},\"alternateName\":\"GESMujer\",\"potentialAction\":[{\"@type\":\"SearchAction\",\"target\":{\"@type\":\"EntryPoint\",\"urlTemplate\":\"https:\\\/\\\/www.gesmujer.org\\\/sitio\\\/?s={search_term_string}\"},\"query-input\":{\"@type\":\"PropertyValueSpecification\",\"valueRequired\":true,\"valueName\":\"search_term_string\"}}],\"inLanguage\":\"es\"},{\"@type\":\"Organization\",\"@id\":\"https:\\\/\\\/www.gesmujer.org\\\/sitio\\\/#organization\",\"name\":\"Grupo de estudios sobre la mujer Rosario Castellanos ac\",\"alternateName\":\"GESMujer\",\"url\":\"https:\\\/\\\/www.gesmujer.org\\\/sitio\\\/\",\"logo\":{\"@type\":\"ImageObject\",\"inLanguage\":\"es\",\"@id\":\"https:\\\/\\\/www.gesmujer.org\\\/sitio\\\/#\\\/schema\\\/logo\\\/image\\\/\",\"url\":\"https:\\\/\\\/www.gesmujer.org\\\/sitio\\\/wp-content\\\/uploads\\\/2026\\\/03\\\/Logo-GESMujer-300.png\",\"contentUrl\":\"https:\\\/\\\/www.gesmujer.org\\\/sitio\\\/wp-content\\\/uploads\\\/2026\\\/03\\\/Logo-GESMujer-300.png\",\"width\":300,\"height\":141,\"caption\":\"Grupo de estudios sobre la mujer Rosario Castellanos ac\"},\"image\":{\"@id\":\"https:\\\/\\\/www.gesmujer.org\\\/sitio\\\/#\\\/schema\\\/logo\\\/image\\\/\"},\"sameAs\":[\"https:\\\/\\\/www.facebook.com\\\/gesmujer.rosario.castellanos.ac\",\"https:\\\/\\\/x.com\\\/GES_Mujer\",\"https:\\\/\\\/www.instagram.com\\\/ges_mujer\\\/?hl=es\",\"https:\\\/\\\/www.youtube.com\\\/c\\\/GESMujerRosarioCastellanos\\\/videos\",\"https:\\\/\\\/soundcloud.com\\\/gesmujerac\",\"https:\\\/\\\/www.tiktok.com\\\/@gesmujer\"]},{\"@type\":\"Person\",\"@id\":\"https:\\\/\\\/www.gesmujer.org\\\/sitio\\\/#\\\/schema\\\/person\\\/50e03387f883646c2714c51783a7e288\",\"name\":\"cendoc\",\"image\":{\"@type\":\"ImageObject\",\"inLanguage\":\"es\",\"@id\":\"https:\\\/\\\/secure.gravatar.com\\\/avatar\\\/2f187338ccb33c33bc1b08e92e2247a6891db221398e12bbc0f5ff0cfc462495?s=96&d=mm&r=g\",\"url\":\"https:\\\/\\\/secure.gravatar.com\\\/avatar\\\/2f187338ccb33c33bc1b08e92e2247a6891db221398e12bbc0f5ff0cfc462495?s=96&d=mm&r=g\",\"contentUrl\":\"https:\\\/\\\/secure.gravatar.com\\\/avatar\\\/2f187338ccb33c33bc1b08e92e2247a6891db221398e12bbc0f5ff0cfc462495?s=96&d=mm&r=g\",\"caption\":\"cendoc\"},\"sameAs\":[\"http:\\\/\\\/gesmujer.org\"],\"url\":\"https:\\\/\\\/www.gesmujer.org\\\/sitio\\\/author\\\/cendoc\\\/\"}]}<\/script>\n<!-- \/ Yoast SEO plugin. -->","yoast_head_json":{"title":"Urge reconocimiento al trabajo dom\u00e9stico. - GESMujer &quot;Rosario Castellanos&quot;","robots":{"index":"index","follow":"follow","max-snippet":"max-snippet:-1","max-image-preview":"max-image-preview:large","max-video-preview":"max-video-preview:-1"},"canonical":"https:\/\/www.gesmujer.org\/sitio\/urge-reconocimiento-al-trabajo-domestico\/","og_locale":"es_MX","og_type":"article","og_title":"Urge reconocimiento al trabajo dom\u00e9stico.","og_description":"Hoy 22 de julio, d\u00eda internacional del trabajo dom\u00e9stico, es urgente seguir visibilizando c\u00f3mo la Pandem\u00eda por la COVID-19, con sus medidas de confinamiento han incrementado las enormes cargas de trabajo dom\u00e9stico, de atenci\u00f3n y cuidado que enfrentan las mujeres y las ni\u00f1as.","og_url":"https:\/\/www.gesmujer.org\/sitio\/urge-reconocimiento-al-trabajo-domestico\/","og_site_name":"GESMujer &quot;Rosario Castellanos&quot;","article_publisher":"https:\/\/www.facebook.com\/gesmujer.rosario.castellanos.ac","article_published_time":"2020-07-22T23:59:23+00:00","article_modified_time":"2020-07-23T15:41:30+00:00","og_image":[{"width":1049,"height":649,"url":"https:\/\/www.gesmujer.org\/sitio\/wp-content\/uploads\/2020\/07\/WhatsApp-Image-2020-07-22-at-12.32.42-PM.jpeg","type":"image\/jpeg"}],"author":"cendoc","twitter_card":"summary_large_image","twitter_title":"Urge reconocimiento al trabajo dom\u00e9stico.","twitter_description":"Hoy 22 de julio, d\u00eda internacional del trabajo dom\u00e9stico, es urgente seguir visibilizando c\u00f3mo la Pandem\u00eda por la COVID-19, con sus medidas de confinamiento han incrementado las enormes cargas de trabajo dom\u00e9stico, de atenci\u00f3n y cuidado que enfrentan las mujeres y las ni\u00f1as.","twitter_image":"https:\/\/www.gesmujer.org\/sitio\/wp-content\/uploads\/2020\/07\/WhatsApp-Image-2020-07-22-at-12.32.42-PM.jpeg","twitter_creator":"@GES_Mujer","twitter_site":"@GES_Mujer","twitter_misc":{"Escrito por":"cendoc","Tiempo de lectura":"1 minuto"},"schema":{"@context":"https:\/\/schema.org","@graph":[{"@type":"Article","@id":"https:\/\/www.gesmujer.org\/sitio\/urge-reconocimiento-al-trabajo-domestico\/#article","isPartOf":{"@id":"https:\/\/www.gesmujer.org\/sitio\/urge-reconocimiento-al-trabajo-domestico\/"},"author":{"name":"cendoc","@id":"https:\/\/www.gesmujer.org\/sitio\/#\/schema\/person\/50e03387f883646c2714c51783a7e288"},"headline":"Urge reconocimiento al trabajo dom\u00e9stico.","datePublished":"2020-07-22T23:59:23+00:00","dateModified":"2020-07-23T15:41:30+00:00","mainEntityOfPage":{"@id":"https:\/\/www.gesmujer.org\/sitio\/urge-reconocimiento-al-trabajo-domestico\/"},"wordCount":187,"publisher":{"@id":"https:\/\/www.gesmujer.org\/sitio\/#organization"},"image":{"@id":"https:\/\/www.gesmujer.org\/sitio\/urge-reconocimiento-al-trabajo-domestico\/#primaryimage"},"thumbnailUrl":"https:\/\/www.gesmujer.org\/sitio\/wp-content\/uploads\/2020\/07\/WhatsApp-Image-2020-07-22-at-12.32.42-PM.jpeg","articleSection":["portada"],"inLanguage":"es"},{"@type":"WebPage","@id":"https:\/\/www.gesmujer.org\/sitio\/urge-reconocimiento-al-trabajo-domestico\/","url":"https:\/\/www.gesmujer.org\/sitio\/urge-reconocimiento-al-trabajo-domestico\/","name":"Urge reconocimiento al trabajo dom\u00e9stico. - GESMujer &quot;Rosario Castellanos&quot;","isPartOf":{"@id":"https:\/\/www.gesmujer.org\/sitio\/#website"},"primaryImageOfPage":{"@id":"https:\/\/www.gesmujer.org\/sitio\/urge-reconocimiento-al-trabajo-domestico\/#primaryimage"},"image":{"@id":"https:\/\/www.gesmujer.org\/sitio\/urge-reconocimiento-al-trabajo-domestico\/#primaryimage"},"thumbnailUrl":"https:\/\/www.gesmujer.org\/sitio\/wp-content\/uploads\/2020\/07\/WhatsApp-Image-2020-07-22-at-12.32.42-PM.jpeg","datePublished":"2020-07-22T23:59:23+00:00","dateModified":"2020-07-23T15:41:30+00:00","breadcrumb":{"@id":"https:\/\/www.gesmujer.org\/sitio\/urge-reconocimiento-al-trabajo-domestico\/#breadcrumb"},"inLanguage":"es","potentialAction":[{"@type":"ReadAction","target":["https:\/\/www.gesmujer.org\/sitio\/urge-reconocimiento-al-trabajo-domestico\/"]}]},{"@type":"ImageObject","inLanguage":"es","@id":"https:\/\/www.gesmujer.org\/sitio\/urge-reconocimiento-al-trabajo-domestico\/#primaryimage","url":"https:\/\/www.gesmujer.org\/sitio\/wp-content\/uploads\/2020\/07\/WhatsApp-Image-2020-07-22-at-12.32.42-PM.jpeg","contentUrl":"https:\/\/www.gesmujer.org\/sitio\/wp-content\/uploads\/2020\/07\/WhatsApp-Image-2020-07-22-at-12.32.42-PM.jpeg","width":1049,"height":649},{"@type":"BreadcrumbList","@id":"https:\/\/www.gesmujer.org\/sitio\/urge-reconocimiento-al-trabajo-domestico\/#breadcrumb","itemListElement":[{"@type":"ListItem","position":1,"name":"Home","item":"https:\/\/www.gesmujer.org\/sitio\/"},{"@type":"ListItem","position":2,"name":"Urge reconocimiento al trabajo dom\u00e9stico."}]},{"@type":"WebSite","@id":"https:\/\/www.gesmujer.org\/sitio\/#website","url":"https:\/\/www.gesmujer.org\/sitio\/","name":"GESMujer \"Rosario Castellanos\"","description":"M\u00e1s de 45 a\u00f1os ha llevado a cabo acciones para erradicar la violencia de g\u00e9nero y construir entornos donde las mujeres encuentren su resiliencia, incrementen su agencia y autonom\u00eda que les permita lograr su empoderamiento a trav\u00e9s de cinco l\u00edneas de acci\u00f3n.","publisher":{"@id":"https:\/\/www.gesmujer.org\/sitio\/#organization"},"alternateName":"GESMujer","potentialAction":[{"@type":"SearchAction","target":{"@type":"EntryPoint","urlTemplate":"https:\/\/www.gesmujer.org\/sitio\/?s={search_term_string}"},"query-input":{"@type":"PropertyValueSpecification","valueRequired":true,"valueName":"search_term_string"}}],"inLanguage":"es"},{"@type":"Organization","@id":"https:\/\/www.gesmujer.org\/sitio\/#organization","name":"Grupo de estudios sobre la mujer Rosario Castellanos ac","alternateName":"GESMujer","url":"https:\/\/www.gesmujer.org\/sitio\/","logo":{"@type":"ImageObject","inLanguage":"es","@id":"https:\/\/www.gesmujer.org\/sitio\/#\/schema\/logo\/image\/","url":"https:\/\/www.gesmujer.org\/sitio\/wp-content\/uploads\/2026\/03\/Logo-GESMujer-300.png","contentUrl":"https:\/\/www.gesmujer.org\/sitio\/wp-content\/uploads\/2026\/03\/Logo-GESMujer-300.png","width":300,"height":141,"caption":"Grupo de estudios sobre la mujer Rosario Castellanos ac"},"image":{"@id":"https:\/\/www.gesmujer.org\/sitio\/#\/schema\/logo\/image\/"},"sameAs":["https:\/\/www.facebook.com\/gesmujer.rosario.castellanos.ac","https:\/\/x.com\/GES_Mujer","https:\/\/www.instagram.com\/ges_mujer\/?hl=es","https:\/\/www.youtube.com\/c\/GESMujerRosarioCastellanos\/videos","https:\/\/soundcloud.com\/gesmujerac","https:\/\/www.tiktok.com\/@gesmujer"]},{"@type":"Person","@id":"https:\/\/www.gesmujer.org\/sitio\/#\/schema\/person\/50e03387f883646c2714c51783a7e288","name":"cendoc","image":{"@type":"ImageObject","inLanguage":"es","@id":"https:\/\/secure.gravatar.com\/avatar\/2f187338ccb33c33bc1b08e92e2247a6891db221398e12bbc0f5ff0cfc462495?s=96&d=mm&r=g","url":"https:\/\/secure.gravatar.com\/avatar\/2f187338ccb33c33bc1b08e92e2247a6891db221398e12bbc0f5ff0cfc462495?s=96&d=mm&r=g","contentUrl":"https:\/\/secure.gravatar.com\/avatar\/2f187338ccb33c33bc1b08e92e2247a6891db221398e12bbc0f5ff0cfc462495?s=96&d=mm&r=g","caption":"cendoc"},"sameAs":["http:\/\/gesmujer.org"],"url":"https:\/\/www.gesmujer.org\/sitio\/author\/cendoc\/"}]}},"_links":{"self":[{"href":"https:\/\/www.gesmujer.org\/sitio\/wp-json\/wp\/v2\/posts\/5657","targetHints":{"allow":["GET"]}}],"collection":[{"href":"https:\/\/www.gesmujer.org\/sitio\/wp-json\/wp\/v2\/posts"}],"about":[{"href":"https:\/\/www.gesmujer.org\/sitio\/wp-json\/wp\/v2\/types\/post"}],"author":[{"embeddable":true,"href":"https:\/\/www.gesmujer.org\/sitio\/wp-json\/wp\/v2\/users\/4"}],"replies":[{"embeddable":true,"href":"https:\/\/www.gesmujer.org\/sitio\/wp-json\/wp\/v2\/comments?post=5657"}],"version-history":[{"count":3,"href":"https:\/\/www.gesmujer.org\/sitio\/wp-json\/wp\/v2\/posts\/5657\/revisions"}],"predecessor-version":[{"id":5667,"href":"https:\/\/www.gesmujer.org\/sitio\/wp-json\/wp\/v2\/posts\/5657\/revisions\/5667"}],"wp:featuredmedia":[{"embeddable":true,"href":"https:\/\/www.gesmujer.org\/sitio\/wp-json\/wp\/v2\/media\/5660"}],"wp:attachment":[{"href":"https:\/\/www.gesmujer.org\/sitio\/wp-json\/wp\/v2\/media?parent=5657"}],"wp:term":[{"taxonomy":"category","embeddable":true,"href":"https:\/\/www.gesmujer.org\/sitio\/wp-json\/wp\/v2\/categories?post=5657"},{"taxonomy":"post_tag","embeddable":true,"href":"https:\/\/www.gesmujer.org\/sitio\/wp-json\/wp\/v2\/tags?post=5657"}],"curies":[{"name":"wp","href":"https:\/\/api.w.org\/{rel}","templated":true}]}}