{"id":5963,"date":"2020-09-29T16:21:41","date_gmt":"2020-09-29T22:21:41","guid":{"rendered":"https:\/\/www.gesmujer.org\/web\/?p=5963"},"modified":"2020-09-29T16:22:12","modified_gmt":"2020-09-29T22:22:12","slug":"feministas-condenan-ataque-con-machete-contra-joven-de-16-anos-en-oaxaca","status":"publish","type":"post","link":"https:\/\/www.gesmujer.org\/sitio\/feministas-condenan-ataque-con-machete-contra-joven-de-16-anos-en-oaxaca\/","title":{"rendered":"Feministas condenan ataque con machete contra joven de 16 a\u00f1os en Oaxaca"},"content":{"rendered":"\n<p>Diana Manzo, Lunes 28 de Septiembre de 2020, Aristegui Noticias.- <\/p>\n\n\n\n<p>Colectivos feministas del Istmo de Tehuantepec condenaron la&nbsp;<strong>agresi\u00f3n con un machete contra Lizaldi<\/strong>&nbsp;en la comunidad de Salinas del Marqu\u00e9s, agencia municipal del puerto de Salina Cruz, Oaxaca.<\/p>\n\n\n\n<p>Las autoridades de la Vicefiscal\u00eda de Justicia en el Istmo de Tehuantepec informaron que ya inici\u00f3 una carpeta de investigaci\u00f3n por tentativa de homicidio, adem\u00e1s de que fue\u00a0<strong>detenido al presunto agresor.<\/strong><\/p>\n\n\n\n<p>En un pronunciamiento p\u00fablico, los colectivos feministas relataron que la joven de 16 a\u00f1os fue atacada violentamente con un machete por&nbsp;<strong>Santiago \u201cN\u201d, qui\u00e9n adem\u00e1s intent\u00f3 violarla sexualmente<\/strong>, pero al no poder, le ocasion\u00f3 heridas en todo el cuerpo que provocaron que fuera llevada a un hospital, donde su estado de salud se reporta estable.<\/p>\n\n\n\n<p>Como reacci\u00f3n, los&nbsp;<strong>familiares de Lizaldi y pobladores intentaron linchar al agresor<\/strong>, sin embargo, arribaron elementos de justicia y lograron llev\u00e1rselo a los separos en donde permanece en espera de lo que dicte el juez.<\/p>\n\n\n\n<p>El colectivo \u201cMujeres de sal\u201d exigi\u00f3 la intervenci\u00f3n de las autoridades para que se legisle con perspectiva de g\u00e9nero por el intento de feminicidio contra Lizaldi.<\/p>\n\n\n\n<p>Seg\u00fan datos de la Fiscal\u00eda General de Justicia de Oaxaca (FGEO) de 2017 a agosto de este 2020, se han abierto\u00a0<strong>120 carpetas de investigaci\u00f3n por el delito de feminicidio<\/strong>\u00a0y 343 por homicidios dolosos de mujeres, logrando resolver el 71.9% de los feminicidios cometidos en la entidad.<\/p>\n\n\n\n<p>Por su parte, la organizaci\u00f3n feminista Consorcio Oaxaca reporta que en este a\u00f1o se han registrado 37 agresiones violentas contra mujeres, de las cuales, la regi\u00f3n de los valles centrales registra el primer lugar, seguido de la mixteca, costa y Papaloapan y finalmente Istmo y Sierra Sur.<\/p>\n\n\n\n<p>A\u00f1adi\u00f3 que el 70% de las v\u00edctimas se ubican en un rango de 20 y 40 a\u00f1os y el&nbsp;<strong>72% de los victimarios son esposos, parejas y\/o concubinos.<\/strong><\/p>\n\n\n\n<p>Ges Mujer, otro colectivo feminista, a trav\u00e9s de su reporte hemerogr\u00e1fico inform\u00f3 que en lo que va del a\u00f1o, 79 oaxaque\u00f1as han sido asesinadas.<\/p>\n\n\n\n<p>Fuente: https:\/\/aristeguinoticias.com\/2809\/mexico\/feministas-condenan-ataque-con-machete-contra-joven-de-16-anos-en-oaxaca\/<\/p>\n","protected":false},"excerpt":{"rendered":"<p>Diana Manzo, Lunes 28 de Septiembre de 2020, Aristegui Noticias.- Colectivos feministas del Istmo de Tehuantepec condenaron la&nbsp;agresi\u00f3n con un machete contra Lizaldi&nbsp;en la comunidad de Salinas del Marqu\u00e9s, agencia municipal del puerto de Salina Cruz, Oaxaca. Las autoridades de la Vicefiscal\u00eda de Justicia en el Istmo de Tehuantepec informaron que ya inici\u00f3 una carpeta [&hellip;]<\/p>\n","protected":false},"author":4,"featured_media":5964,"comment_status":"closed","ping_status":"open","sticky":false,"template":"","format":"standard","meta":{"give_campaign_id":0,"footnotes":""},"categories":[91,32],"tags":[],"class_list":["post-5963","post","type-post","status-publish","format-standard","has-post-thumbnail","hentry","category-notas","category-novedades"],"yoast_head":"<!-- This site is optimized with the Yoast SEO plugin v27.4 - https:\/\/yoast.com\/product\/yoast-seo-wordpress\/ -->\n<title>Feministas condenan ataque con machete contra joven de 16 a\u00f1os en Oaxaca - GESMujer &quot;Rosario Castellanos&quot;<\/title>\n<meta name=\"robots\" content=\"index, follow, max-snippet:-1, max-image-preview:large, max-video-preview:-1\" \/>\n<link rel=\"canonical\" href=\"https:\/\/www.gesmujer.org\/sitio\/feministas-condenan-ataque-con-machete-contra-joven-de-16-anos-en-oaxaca\/\" \/>\n<meta property=\"og:locale\" content=\"es_MX\" \/>\n<meta property=\"og:type\" content=\"article\" \/>\n<meta property=\"og:title\" content=\"Feministas condenan ataque con machete contra joven de 16 a\u00f1os en Oaxaca\" \/>\n<meta property=\"og:description\" content=\"Colectivos feministas del Istmo de Tehuantepec condenaron la agresi\u00f3n con un machete contra Lizaldi en la comunidad de Salinas del Marqu\u00e9s, agencia municipal del puerto de Salina Cruz, Oaxaca.\" \/>\n<meta property=\"og:url\" content=\"https:\/\/www.gesmujer.org\/sitio\/feministas-condenan-ataque-con-machete-contra-joven-de-16-anos-en-oaxaca\/\" \/>\n<meta property=\"og:site_name\" content=\"GESMujer &quot;Rosario Castellanos&quot;\" \/>\n<meta property=\"article:publisher\" content=\"https:\/\/www.facebook.com\/gesmujer.rosario.castellanos.ac\" \/>\n<meta property=\"article:published_time\" content=\"2020-09-29T22:21:41+00:00\" \/>\n<meta property=\"article:modified_time\" content=\"2020-09-29T22:22:12+00:00\" \/>\n<meta property=\"og:image\" content=\"https:\/\/www.gesmujer.org\/sitio\/wp-content\/uploads\/2020\/09\/lizaldi-oaxaca-machete-santiago-salina-cruz-28092020.png\" \/>\n\t<meta property=\"og:image:width\" content=\"1024\" \/>\n\t<meta property=\"og:image:height\" content=\"640\" \/>\n\t<meta property=\"og:image:type\" content=\"image\/png\" \/>\n<meta name=\"author\" content=\"cendoc\" \/>\n<meta name=\"twitter:card\" content=\"summary_large_image\" \/>\n<meta name=\"twitter:title\" content=\"Feministas condenan ataque con machete contra joven de 16 a\u00f1os en Oaxaca\" \/>\n<meta name=\"twitter:description\" content=\"Colectivos feministas del Istmo de Tehuantepec condenaron la agresi\u00f3n con un machete contra Lizaldi en la comunidad de Salinas del Marqu\u00e9s, agencia municipal del puerto de Salina Cruz, Oaxaca.\" \/>\n<meta name=\"twitter:image\" content=\"https:\/\/www.gesmujer.org\/sitio\/wp-content\/uploads\/2020\/09\/lizaldi-oaxaca-machete-santiago-salina-cruz-28092020.png\" \/>\n<meta name=\"twitter:creator\" content=\"@GES_Mujer\" \/>\n<meta name=\"twitter:site\" content=\"@GES_Mujer\" \/>\n<meta name=\"twitter:label1\" content=\"Escrito por\" \/>\n\t<meta name=\"twitter:data1\" content=\"cendoc\" \/>\n\t<meta name=\"twitter:label2\" content=\"Tiempo de lectura\" \/>\n\t<meta name=\"twitter:data2\" content=\"2 minutos\" \/>\n<script type=\"application\/ld+json\" class=\"yoast-schema-graph\">{\"@context\":\"https:\\\/\\\/schema.org\",\"@graph\":[{\"@type\":\"Article\",\"@id\":\"https:\\\/\\\/www.gesmujer.org\\\/sitio\\\/feministas-condenan-ataque-con-machete-contra-joven-de-16-anos-en-oaxaca\\\/#article\",\"isPartOf\":{\"@id\":\"https:\\\/\\\/www.gesmujer.org\\\/sitio\\\/feministas-condenan-ataque-con-machete-contra-joven-de-16-anos-en-oaxaca\\\/\"},\"author\":{\"name\":\"cendoc\",\"@id\":\"https:\\\/\\\/www.gesmujer.org\\\/sitio\\\/#\\\/schema\\\/person\\\/50e03387f883646c2714c51783a7e288\"},\"headline\":\"Feministas condenan ataque con machete contra joven de 16 a\u00f1os en Oaxaca\",\"datePublished\":\"2020-09-29T22:21:41+00:00\",\"dateModified\":\"2020-09-29T22:22:12+00:00\",\"mainEntityOfPage\":{\"@id\":\"https:\\\/\\\/www.gesmujer.org\\\/sitio\\\/feministas-condenan-ataque-con-machete-contra-joven-de-16-anos-en-oaxaca\\\/\"},\"wordCount\":372,\"publisher\":{\"@id\":\"https:\\\/\\\/www.gesmujer.org\\\/sitio\\\/#organization\"},\"image\":{\"@id\":\"https:\\\/\\\/www.gesmujer.org\\\/sitio\\\/feministas-condenan-ataque-con-machete-contra-joven-de-16-anos-en-oaxaca\\\/#primaryimage\"},\"thumbnailUrl\":\"https:\\\/\\\/www.gesmujer.org\\\/sitio\\\/wp-content\\\/uploads\\\/2020\\\/09\\\/lizaldi-oaxaca-machete-santiago-salina-cruz-28092020.png\",\"articleSection\":[\"NOTAS\",\"NOTICIAS\"],\"inLanguage\":\"es\"},{\"@type\":\"WebPage\",\"@id\":\"https:\\\/\\\/www.gesmujer.org\\\/sitio\\\/feministas-condenan-ataque-con-machete-contra-joven-de-16-anos-en-oaxaca\\\/\",\"url\":\"https:\\\/\\\/www.gesmujer.org\\\/sitio\\\/feministas-condenan-ataque-con-machete-contra-joven-de-16-anos-en-oaxaca\\\/\",\"name\":\"Feministas condenan ataque con machete contra joven de 16 a\u00f1os en Oaxaca - GESMujer &quot;Rosario Castellanos&quot;\",\"isPartOf\":{\"@id\":\"https:\\\/\\\/www.gesmujer.org\\\/sitio\\\/#website\"},\"primaryImageOfPage\":{\"@id\":\"https:\\\/\\\/www.gesmujer.org\\\/sitio\\\/feministas-condenan-ataque-con-machete-contra-joven-de-16-anos-en-oaxaca\\\/#primaryimage\"},\"image\":{\"@id\":\"https:\\\/\\\/www.gesmujer.org\\\/sitio\\\/feministas-condenan-ataque-con-machete-contra-joven-de-16-anos-en-oaxaca\\\/#primaryimage\"},\"thumbnailUrl\":\"https:\\\/\\\/www.gesmujer.org\\\/sitio\\\/wp-content\\\/uploads\\\/2020\\\/09\\\/lizaldi-oaxaca-machete-santiago-salina-cruz-28092020.png\",\"datePublished\":\"2020-09-29T22:21:41+00:00\",\"dateModified\":\"2020-09-29T22:22:12+00:00\",\"breadcrumb\":{\"@id\":\"https:\\\/\\\/www.gesmujer.org\\\/sitio\\\/feministas-condenan-ataque-con-machete-contra-joven-de-16-anos-en-oaxaca\\\/#breadcrumb\"},\"inLanguage\":\"es\",\"potentialAction\":[{\"@type\":\"ReadAction\",\"target\":[\"https:\\\/\\\/www.gesmujer.org\\\/sitio\\\/feministas-condenan-ataque-con-machete-contra-joven-de-16-anos-en-oaxaca\\\/\"]}]},{\"@type\":\"ImageObject\",\"inLanguage\":\"es\",\"@id\":\"https:\\\/\\\/www.gesmujer.org\\\/sitio\\\/feministas-condenan-ataque-con-machete-contra-joven-de-16-anos-en-oaxaca\\\/#primaryimage\",\"url\":\"https:\\\/\\\/www.gesmujer.org\\\/sitio\\\/wp-content\\\/uploads\\\/2020\\\/09\\\/lizaldi-oaxaca-machete-santiago-salina-cruz-28092020.png\",\"contentUrl\":\"https:\\\/\\\/www.gesmujer.org\\\/sitio\\\/wp-content\\\/uploads\\\/2020\\\/09\\\/lizaldi-oaxaca-machete-santiago-salina-cruz-28092020.png\",\"width\":1024,\"height\":640},{\"@type\":\"BreadcrumbList\",\"@id\":\"https:\\\/\\\/www.gesmujer.org\\\/sitio\\\/feministas-condenan-ataque-con-machete-contra-joven-de-16-anos-en-oaxaca\\\/#breadcrumb\",\"itemListElement\":[{\"@type\":\"ListItem\",\"position\":1,\"name\":\"Home\",\"item\":\"https:\\\/\\\/www.gesmujer.org\\\/sitio\\\/\"},{\"@type\":\"ListItem\",\"position\":2,\"name\":\"Feministas condenan ataque con machete contra joven de 16 a\u00f1os en Oaxaca\"}]},{\"@type\":\"WebSite\",\"@id\":\"https:\\\/\\\/www.gesmujer.org\\\/sitio\\\/#website\",\"url\":\"https:\\\/\\\/www.gesmujer.org\\\/sitio\\\/\",\"name\":\"GESMujer \\\"Rosario Castellanos\\\"\",\"description\":\"M\u00e1s de 45 a\u00f1os ha llevado a cabo acciones para erradicar la violencia de g\u00e9nero y construir entornos donde las mujeres encuentren su resiliencia, incrementen su agencia y autonom\u00eda que les permita lograr su empoderamiento a trav\u00e9s de cinco l\u00edneas de acci\u00f3n.\",\"publisher\":{\"@id\":\"https:\\\/\\\/www.gesmujer.org\\\/sitio\\\/#organization\"},\"alternateName\":\"GESMujer\",\"potentialAction\":[{\"@type\":\"SearchAction\",\"target\":{\"@type\":\"EntryPoint\",\"urlTemplate\":\"https:\\\/\\\/www.gesmujer.org\\\/sitio\\\/?s={search_term_string}\"},\"query-input\":{\"@type\":\"PropertyValueSpecification\",\"valueRequired\":true,\"valueName\":\"search_term_string\"}}],\"inLanguage\":\"es\"},{\"@type\":\"Organization\",\"@id\":\"https:\\\/\\\/www.gesmujer.org\\\/sitio\\\/#organization\",\"name\":\"Grupo de estudios sobre la mujer Rosario Castellanos ac\",\"alternateName\":\"GESMujer\",\"url\":\"https:\\\/\\\/www.gesmujer.org\\\/sitio\\\/\",\"logo\":{\"@type\":\"ImageObject\",\"inLanguage\":\"es\",\"@id\":\"https:\\\/\\\/www.gesmujer.org\\\/sitio\\\/#\\\/schema\\\/logo\\\/image\\\/\",\"url\":\"https:\\\/\\\/www.gesmujer.org\\\/sitio\\\/wp-content\\\/uploads\\\/2026\\\/03\\\/Logo-GESMujer-300.png\",\"contentUrl\":\"https:\\\/\\\/www.gesmujer.org\\\/sitio\\\/wp-content\\\/uploads\\\/2026\\\/03\\\/Logo-GESMujer-300.png\",\"width\":300,\"height\":141,\"caption\":\"Grupo de estudios sobre la mujer Rosario Castellanos ac\"},\"image\":{\"@id\":\"https:\\\/\\\/www.gesmujer.org\\\/sitio\\\/#\\\/schema\\\/logo\\\/image\\\/\"},\"sameAs\":[\"https:\\\/\\\/www.facebook.com\\\/gesmujer.rosario.castellanos.ac\",\"https:\\\/\\\/x.com\\\/GES_Mujer\",\"https:\\\/\\\/www.instagram.com\\\/ges_mujer\\\/?hl=es\",\"https:\\\/\\\/www.youtube.com\\\/c\\\/GESMujerRosarioCastellanos\\\/videos\",\"https:\\\/\\\/soundcloud.com\\\/gesmujerac\",\"https:\\\/\\\/www.tiktok.com\\\/@gesmujer\"]},{\"@type\":\"Person\",\"@id\":\"https:\\\/\\\/www.gesmujer.org\\\/sitio\\\/#\\\/schema\\\/person\\\/50e03387f883646c2714c51783a7e288\",\"name\":\"cendoc\",\"image\":{\"@type\":\"ImageObject\",\"inLanguage\":\"es\",\"@id\":\"https:\\\/\\\/secure.gravatar.com\\\/avatar\\\/2f187338ccb33c33bc1b08e92e2247a6891db221398e12bbc0f5ff0cfc462495?s=96&d=mm&r=g\",\"url\":\"https:\\\/\\\/secure.gravatar.com\\\/avatar\\\/2f187338ccb33c33bc1b08e92e2247a6891db221398e12bbc0f5ff0cfc462495?s=96&d=mm&r=g\",\"contentUrl\":\"https:\\\/\\\/secure.gravatar.com\\\/avatar\\\/2f187338ccb33c33bc1b08e92e2247a6891db221398e12bbc0f5ff0cfc462495?s=96&d=mm&r=g\",\"caption\":\"cendoc\"},\"sameAs\":[\"http:\\\/\\\/gesmujer.org\"],\"url\":\"https:\\\/\\\/www.gesmujer.org\\\/sitio\\\/author\\\/cendoc\\\/\"}]}<\/script>\n<!-- \/ Yoast SEO plugin. -->","yoast_head_json":{"title":"Feministas condenan ataque con machete contra joven de 16 a\u00f1os en Oaxaca - GESMujer &quot;Rosario Castellanos&quot;","robots":{"index":"index","follow":"follow","max-snippet":"max-snippet:-1","max-image-preview":"max-image-preview:large","max-video-preview":"max-video-preview:-1"},"canonical":"https:\/\/www.gesmujer.org\/sitio\/feministas-condenan-ataque-con-machete-contra-joven-de-16-anos-en-oaxaca\/","og_locale":"es_MX","og_type":"article","og_title":"Feministas condenan ataque con machete contra joven de 16 a\u00f1os en Oaxaca","og_description":"Colectivos feministas del Istmo de Tehuantepec condenaron la agresi\u00f3n con un machete contra Lizaldi en la comunidad de Salinas del Marqu\u00e9s, agencia municipal del puerto de Salina Cruz, Oaxaca.","og_url":"https:\/\/www.gesmujer.org\/sitio\/feministas-condenan-ataque-con-machete-contra-joven-de-16-anos-en-oaxaca\/","og_site_name":"GESMujer &quot;Rosario Castellanos&quot;","article_publisher":"https:\/\/www.facebook.com\/gesmujer.rosario.castellanos.ac","article_published_time":"2020-09-29T22:21:41+00:00","article_modified_time":"2020-09-29T22:22:12+00:00","og_image":[{"width":1024,"height":640,"url":"https:\/\/www.gesmujer.org\/sitio\/wp-content\/uploads\/2020\/09\/lizaldi-oaxaca-machete-santiago-salina-cruz-28092020.png","type":"image\/png"}],"author":"cendoc","twitter_card":"summary_large_image","twitter_title":"Feministas condenan ataque con machete contra joven de 16 a\u00f1os en Oaxaca","twitter_description":"Colectivos feministas del Istmo de Tehuantepec condenaron la agresi\u00f3n con un machete contra Lizaldi en la comunidad de Salinas del Marqu\u00e9s, agencia municipal del puerto de Salina Cruz, Oaxaca.","twitter_image":"https:\/\/www.gesmujer.org\/sitio\/wp-content\/uploads\/2020\/09\/lizaldi-oaxaca-machete-santiago-salina-cruz-28092020.png","twitter_creator":"@GES_Mujer","twitter_site":"@GES_Mujer","twitter_misc":{"Escrito por":"cendoc","Tiempo de lectura":"2 minutos"},"schema":{"@context":"https:\/\/schema.org","@graph":[{"@type":"Article","@id":"https:\/\/www.gesmujer.org\/sitio\/feministas-condenan-ataque-con-machete-contra-joven-de-16-anos-en-oaxaca\/#article","isPartOf":{"@id":"https:\/\/www.gesmujer.org\/sitio\/feministas-condenan-ataque-con-machete-contra-joven-de-16-anos-en-oaxaca\/"},"author":{"name":"cendoc","@id":"https:\/\/www.gesmujer.org\/sitio\/#\/schema\/person\/50e03387f883646c2714c51783a7e288"},"headline":"Feministas condenan ataque con machete contra joven de 16 a\u00f1os en Oaxaca","datePublished":"2020-09-29T22:21:41+00:00","dateModified":"2020-09-29T22:22:12+00:00","mainEntityOfPage":{"@id":"https:\/\/www.gesmujer.org\/sitio\/feministas-condenan-ataque-con-machete-contra-joven-de-16-anos-en-oaxaca\/"},"wordCount":372,"publisher":{"@id":"https:\/\/www.gesmujer.org\/sitio\/#organization"},"image":{"@id":"https:\/\/www.gesmujer.org\/sitio\/feministas-condenan-ataque-con-machete-contra-joven-de-16-anos-en-oaxaca\/#primaryimage"},"thumbnailUrl":"https:\/\/www.gesmujer.org\/sitio\/wp-content\/uploads\/2020\/09\/lizaldi-oaxaca-machete-santiago-salina-cruz-28092020.png","articleSection":["NOTAS","NOTICIAS"],"inLanguage":"es"},{"@type":"WebPage","@id":"https:\/\/www.gesmujer.org\/sitio\/feministas-condenan-ataque-con-machete-contra-joven-de-16-anos-en-oaxaca\/","url":"https:\/\/www.gesmujer.org\/sitio\/feministas-condenan-ataque-con-machete-contra-joven-de-16-anos-en-oaxaca\/","name":"Feministas condenan ataque con machete contra joven de 16 a\u00f1os en Oaxaca - GESMujer &quot;Rosario Castellanos&quot;","isPartOf":{"@id":"https:\/\/www.gesmujer.org\/sitio\/#website"},"primaryImageOfPage":{"@id":"https:\/\/www.gesmujer.org\/sitio\/feministas-condenan-ataque-con-machete-contra-joven-de-16-anos-en-oaxaca\/#primaryimage"},"image":{"@id":"https:\/\/www.gesmujer.org\/sitio\/feministas-condenan-ataque-con-machete-contra-joven-de-16-anos-en-oaxaca\/#primaryimage"},"thumbnailUrl":"https:\/\/www.gesmujer.org\/sitio\/wp-content\/uploads\/2020\/09\/lizaldi-oaxaca-machete-santiago-salina-cruz-28092020.png","datePublished":"2020-09-29T22:21:41+00:00","dateModified":"2020-09-29T22:22:12+00:00","breadcrumb":{"@id":"https:\/\/www.gesmujer.org\/sitio\/feministas-condenan-ataque-con-machete-contra-joven-de-16-anos-en-oaxaca\/#breadcrumb"},"inLanguage":"es","potentialAction":[{"@type":"ReadAction","target":["https:\/\/www.gesmujer.org\/sitio\/feministas-condenan-ataque-con-machete-contra-joven-de-16-anos-en-oaxaca\/"]}]},{"@type":"ImageObject","inLanguage":"es","@id":"https:\/\/www.gesmujer.org\/sitio\/feministas-condenan-ataque-con-machete-contra-joven-de-16-anos-en-oaxaca\/#primaryimage","url":"https:\/\/www.gesmujer.org\/sitio\/wp-content\/uploads\/2020\/09\/lizaldi-oaxaca-machete-santiago-salina-cruz-28092020.png","contentUrl":"https:\/\/www.gesmujer.org\/sitio\/wp-content\/uploads\/2020\/09\/lizaldi-oaxaca-machete-santiago-salina-cruz-28092020.png","width":1024,"height":640},{"@type":"BreadcrumbList","@id":"https:\/\/www.gesmujer.org\/sitio\/feministas-condenan-ataque-con-machete-contra-joven-de-16-anos-en-oaxaca\/#breadcrumb","itemListElement":[{"@type":"ListItem","position":1,"name":"Home","item":"https:\/\/www.gesmujer.org\/sitio\/"},{"@type":"ListItem","position":2,"name":"Feministas condenan ataque con machete contra joven de 16 a\u00f1os en Oaxaca"}]},{"@type":"WebSite","@id":"https:\/\/www.gesmujer.org\/sitio\/#website","url":"https:\/\/www.gesmujer.org\/sitio\/","name":"GESMujer \"Rosario Castellanos\"","description":"M\u00e1s de 45 a\u00f1os ha llevado a cabo acciones para erradicar la violencia de g\u00e9nero y construir entornos donde las mujeres encuentren su resiliencia, incrementen su agencia y autonom\u00eda que les permita lograr su empoderamiento a trav\u00e9s de cinco l\u00edneas de acci\u00f3n.","publisher":{"@id":"https:\/\/www.gesmujer.org\/sitio\/#organization"},"alternateName":"GESMujer","potentialAction":[{"@type":"SearchAction","target":{"@type":"EntryPoint","urlTemplate":"https:\/\/www.gesmujer.org\/sitio\/?s={search_term_string}"},"query-input":{"@type":"PropertyValueSpecification","valueRequired":true,"valueName":"search_term_string"}}],"inLanguage":"es"},{"@type":"Organization","@id":"https:\/\/www.gesmujer.org\/sitio\/#organization","name":"Grupo de estudios sobre la mujer Rosario Castellanos ac","alternateName":"GESMujer","url":"https:\/\/www.gesmujer.org\/sitio\/","logo":{"@type":"ImageObject","inLanguage":"es","@id":"https:\/\/www.gesmujer.org\/sitio\/#\/schema\/logo\/image\/","url":"https:\/\/www.gesmujer.org\/sitio\/wp-content\/uploads\/2026\/03\/Logo-GESMujer-300.png","contentUrl":"https:\/\/www.gesmujer.org\/sitio\/wp-content\/uploads\/2026\/03\/Logo-GESMujer-300.png","width":300,"height":141,"caption":"Grupo de estudios sobre la mujer Rosario Castellanos ac"},"image":{"@id":"https:\/\/www.gesmujer.org\/sitio\/#\/schema\/logo\/image\/"},"sameAs":["https:\/\/www.facebook.com\/gesmujer.rosario.castellanos.ac","https:\/\/x.com\/GES_Mujer","https:\/\/www.instagram.com\/ges_mujer\/?hl=es","https:\/\/www.youtube.com\/c\/GESMujerRosarioCastellanos\/videos","https:\/\/soundcloud.com\/gesmujerac","https:\/\/www.tiktok.com\/@gesmujer"]},{"@type":"Person","@id":"https:\/\/www.gesmujer.org\/sitio\/#\/schema\/person\/50e03387f883646c2714c51783a7e288","name":"cendoc","image":{"@type":"ImageObject","inLanguage":"es","@id":"https:\/\/secure.gravatar.com\/avatar\/2f187338ccb33c33bc1b08e92e2247a6891db221398e12bbc0f5ff0cfc462495?s=96&d=mm&r=g","url":"https:\/\/secure.gravatar.com\/avatar\/2f187338ccb33c33bc1b08e92e2247a6891db221398e12bbc0f5ff0cfc462495?s=96&d=mm&r=g","contentUrl":"https:\/\/secure.gravatar.com\/avatar\/2f187338ccb33c33bc1b08e92e2247a6891db221398e12bbc0f5ff0cfc462495?s=96&d=mm&r=g","caption":"cendoc"},"sameAs":["http:\/\/gesmujer.org"],"url":"https:\/\/www.gesmujer.org\/sitio\/author\/cendoc\/"}]}},"_links":{"self":[{"href":"https:\/\/www.gesmujer.org\/sitio\/wp-json\/wp\/v2\/posts\/5963","targetHints":{"allow":["GET"]}}],"collection":[{"href":"https:\/\/www.gesmujer.org\/sitio\/wp-json\/wp\/v2\/posts"}],"about":[{"href":"https:\/\/www.gesmujer.org\/sitio\/wp-json\/wp\/v2\/types\/post"}],"author":[{"embeddable":true,"href":"https:\/\/www.gesmujer.org\/sitio\/wp-json\/wp\/v2\/users\/4"}],"replies":[{"embeddable":true,"href":"https:\/\/www.gesmujer.org\/sitio\/wp-json\/wp\/v2\/comments?post=5963"}],"version-history":[{"count":1,"href":"https:\/\/www.gesmujer.org\/sitio\/wp-json\/wp\/v2\/posts\/5963\/revisions"}],"predecessor-version":[{"id":5965,"href":"https:\/\/www.gesmujer.org\/sitio\/wp-json\/wp\/v2\/posts\/5963\/revisions\/5965"}],"wp:featuredmedia":[{"embeddable":true,"href":"https:\/\/www.gesmujer.org\/sitio\/wp-json\/wp\/v2\/media\/5964"}],"wp:attachment":[{"href":"https:\/\/www.gesmujer.org\/sitio\/wp-json\/wp\/v2\/media?parent=5963"}],"wp:term":[{"taxonomy":"category","embeddable":true,"href":"https:\/\/www.gesmujer.org\/sitio\/wp-json\/wp\/v2\/categories?post=5963"},{"taxonomy":"post_tag","embeddable":true,"href":"https:\/\/www.gesmujer.org\/sitio\/wp-json\/wp\/v2\/tags?post=5963"}],"curies":[{"name":"wp","href":"https:\/\/api.w.org\/{rel}","templated":true}]}}