{"id":6032,"date":"2020-10-15T21:15:54","date_gmt":"2020-10-16T03:15:54","guid":{"rendered":"https:\/\/www.gesmujer.org\/web\/?p=6032"},"modified":"2020-10-15T21:15:56","modified_gmt":"2020-10-16T03:15:56","slug":"ley-trans-genera-polemica-para-menores-de-edad","status":"publish","type":"post","link":"https:\/\/www.gesmujer.org\/sitio\/ley-trans-genera-polemica-para-menores-de-edad\/","title":{"rendered":"Ley trans genera pol\u00e9mica para menores de edad"},"content":{"rendered":"\n<p>Andr\u00e9s Carrera Pineda, Juves 15 de Octubre de 2020, El Imparcial de Oaxaca.- La propuesta presentada por los diputados de la fracci\u00f3n parlamentaria de Morena, para reformar el C\u00f3digo Civil para el Estado de Oaxaca, en el que se establece garantizar el derecho a la identidad de g\u00e9nero a personas que se asumen como transg\u00e9nero a partir de los 12 a\u00f1os de edad, ha generado pol\u00e9mica entre los diferentes sectores de la sociedad oaxaque\u00f1a.<\/p>\n\n\n\n<p>Mientras organizaciones civiles que promueven el respeto y el reconocimiento total de los derechos de los ni\u00f1os, ni\u00f1as en especial de las mujeres, respaldan esta iniciativa, legisladores del Partido Acci\u00f3n Nacional (PAN), se pronunciaron en contra de la propuesta presentada por la diputada Magaly L\u00f3pez Dom\u00ednguez en el congreso local. <\/p>\n\n\n\n<p>El decreto especif\u00edca en su Art\u00edculo \u00fanico: Se reforma la fracci\u00f3n II del Art\u00edculo 137, la fracci\u00f3n III del Art\u00edculo 137 Ter, las fracciones II y III y se adicionan dos p\u00e1rrafos al art\u00edculo 137 Qu\u00e1ter del C\u00f3digo Civil para el Estado de Oaxaca.<\/p>\n\n\n\n<p>En ello se contempla que &#8220;cuando una persona mayor de 12 a\u00f1os solicite el reconocimiento de su identidad de g\u00e9nero, en el ejercicio libre al desarrollo de su personalidad&#8221;, podr\u00e1 realizarlo por lo que se establecen diversos requisitos para cumplirlo ante la Oficial\u00eda del Registro Civil del Estado.<\/p>\n\n\n\n<p>Entre estos destacan que cuando se trate de menores de edad, estas personas deber\u00e1n ir acompa\u00f1adas del padre o la madre o en su caso de la persona que tenga su custodia legal.<\/p>\n\n\n\n<p>DERECHO DE LA INFANCIA AL RECONOCIMIENTO DE LA IDENTIDAD DE G\u00c9NERO<\/p>\n\n\n\n<blockquote class=\"wp-block-quote is-layout-flow wp-block-quote-is-layout-flow\"><p>En ese sentido, la presidenta de GESMujer, Ang\u00e9lica Ayala Ortiz, dijo que nacer con un determinado sexo, hombre o mujer&#8221;,<strong><em> &#8220;no tendr\u00eda que limitar el derecho de la autodeterminaci\u00f3n del g\u00e9nero que cada persona defina para s\u00ed, por ello es fundamental que se legisle y se establezcan mecanismos institucionales que hagan posible que, quienes as\u00ed lo decidan, puedan acceder a ellos, amparados por la ley&#8221;.<\/em><\/strong><\/p><\/blockquote>\n\n\n\n<p>&#8220;Avanzar en el reconocimiento de las libertades de ni\u00f1as, ni\u00f1os y adolescentes, es uno de los principales retos que tenemos como sociedad, el derecho a la opini\u00f3n y a ser escuchadas y escuchados son derechos que ampara la Convenci\u00f3n de los Derechos del Ni\u00f1o, pero desafortunadamente en la actualidad existe una visi\u00f3n adultocentrista que determina, con base al poder que se ejerce sobre la infancia y adolescencia, las desiciones sobre este sector de la poblaci\u00f3n&#8221;.<\/p>\n\n\n\n<p>Destac\u00f3 que el respetar e sentir de la infancia y adolescencia trans por medio de la legislaci\u00f3n,<strong>&#8220;es reconocer una realidad que existe y que debe acompa\u00f1arse con informaci\u00f3n y educaci\u00f3n  a fin de eliminar la estigmatizaci\u00f3n que viven por el solo hecho de expresar su forma de sentir y que lamentablemente est\u00e1 teniendo implicaciones para su integridad, su salud emocional y convivencia social&#8221;<\/strong>.  <\/p>\n\n\n\n<p>Fuente: https:\/\/imparcialoaxaca.mx\/oaxaca\/474972\/ley-trans-genera-polemica-para-menores-de-edad\/<\/p>\n\n\n\n<p>   <\/p>\n","protected":false},"excerpt":{"rendered":"<p>Andr\u00e9s Carrera Pineda, Juves 15 de Octubre de 2020, El Imparcial de Oaxaca.- La propuesta presentada por los diputados de la fracci\u00f3n parlamentaria de Morena, para reformar el C\u00f3digo Civil para el Estado de Oaxaca, en el que se establece garantizar el derecho a la identidad de g\u00e9nero a personas que se asumen como transg\u00e9nero [&hellip;]<\/p>\n","protected":false},"author":4,"featured_media":6034,"comment_status":"closed","ping_status":"open","sticky":false,"template":"","format":"standard","meta":{"give_campaign_id":0,"footnotes":""},"categories":[91,32],"tags":[],"class_list":["post-6032","post","type-post","status-publish","format-standard","has-post-thumbnail","hentry","category-notas","category-novedades"],"yoast_head":"<!-- This site is optimized with the Yoast SEO plugin v27.4 - https:\/\/yoast.com\/product\/yoast-seo-wordpress\/ -->\n<title>Ley trans genera pol\u00e9mica para menores de edad - GESMujer &quot;Rosario Castellanos&quot;<\/title>\n<meta name=\"robots\" content=\"index, follow, max-snippet:-1, max-image-preview:large, max-video-preview:-1\" \/>\n<link rel=\"canonical\" href=\"https:\/\/www.gesmujer.org\/sitio\/ley-trans-genera-polemica-para-menores-de-edad\/\" \/>\n<meta property=\"og:locale\" content=\"es_MX\" \/>\n<meta property=\"og:type\" content=\"article\" \/>\n<meta property=\"og:title\" content=\"Ley trans genera pol\u00e9mica para menores de edad\" \/>\n<meta property=\"og:description\" content=\"La propuesta presentada por los diputados de la fracci\u00f3n parlamentaria de Morena, para reformar el C\u00f3digo Civil para el Estado de Oaxaca, en el que se establece garantizar el derecho a la identidad de g\u00e9nero a personas que se asumen como transg\u00e9nero a partir de los 12 a\u00f1os de edad, ha generado pol\u00e9mica entre los diferentes sectores de la sociedad oaxaque\u00f1a.\" \/>\n<meta property=\"og:url\" content=\"https:\/\/www.gesmujer.org\/sitio\/ley-trans-genera-polemica-para-menores-de-edad\/\" \/>\n<meta property=\"og:site_name\" content=\"GESMujer &quot;Rosario Castellanos&quot;\" \/>\n<meta property=\"article:publisher\" content=\"https:\/\/www.facebook.com\/gesmujer.rosario.castellanos.ac\" \/>\n<meta property=\"article:published_time\" content=\"2020-10-16T03:15:54+00:00\" \/>\n<meta property=\"article:modified_time\" content=\"2020-10-16T03:15:56+00:00\" \/>\n<meta property=\"og:image\" content=\"https:\/\/www.gesmujer.org\/sitio\/wp-content\/uploads\/2020\/10\/oiuiojih.jpg\" \/>\n\t<meta property=\"og:image:width\" content=\"112\" \/>\n\t<meta property=\"og:image:height\" content=\"112\" \/>\n\t<meta property=\"og:image:type\" content=\"image\/jpeg\" \/>\n<meta name=\"author\" content=\"cendoc\" \/>\n<meta name=\"twitter:card\" content=\"summary_large_image\" \/>\n<meta name=\"twitter:title\" content=\"Ley trans genera pol\u00e9mica para menores de edad\" \/>\n<meta name=\"twitter:description\" content=\"La propuesta presentada por los diputados de la fracci\u00f3n parlamentaria de Morena, para reformar el C\u00f3digo Civil para el Estado de Oaxaca, en el que se establece garantizar el derecho a la identidad de g\u00e9nero a personas que se asumen como transg\u00e9nero a partir de los 12 a\u00f1os de edad, ha generado pol\u00e9mica entre los diferentes sectores de la sociedad oaxaque\u00f1a.\" \/>\n<meta name=\"twitter:image\" content=\"https:\/\/www.gesmujer.org\/sitio\/wp-content\/uploads\/2020\/10\/download-24-1.jpg\" \/>\n<meta name=\"twitter:creator\" content=\"@GES_Mujer\" \/>\n<meta name=\"twitter:site\" content=\"@GES_Mujer\" \/>\n<meta name=\"twitter:label1\" content=\"Escrito por\" \/>\n\t<meta name=\"twitter:data1\" content=\"cendoc\" \/>\n\t<meta name=\"twitter:label2\" content=\"Tiempo de lectura\" \/>\n\t<meta name=\"twitter:data2\" content=\"3 minutos\" \/>\n<script type=\"application\/ld+json\" class=\"yoast-schema-graph\">{\"@context\":\"https:\\\/\\\/schema.org\",\"@graph\":[{\"@type\":\"Article\",\"@id\":\"https:\\\/\\\/www.gesmujer.org\\\/sitio\\\/ley-trans-genera-polemica-para-menores-de-edad\\\/#article\",\"isPartOf\":{\"@id\":\"https:\\\/\\\/www.gesmujer.org\\\/sitio\\\/ley-trans-genera-polemica-para-menores-de-edad\\\/\"},\"author\":{\"name\":\"cendoc\",\"@id\":\"https:\\\/\\\/www.gesmujer.org\\\/sitio\\\/#\\\/schema\\\/person\\\/50e03387f883646c2714c51783a7e288\"},\"headline\":\"Ley trans genera pol\u00e9mica para menores de edad\",\"datePublished\":\"2020-10-16T03:15:54+00:00\",\"dateModified\":\"2020-10-16T03:15:56+00:00\",\"mainEntityOfPage\":{\"@id\":\"https:\\\/\\\/www.gesmujer.org\\\/sitio\\\/ley-trans-genera-polemica-para-menores-de-edad\\\/\"},\"wordCount\":518,\"publisher\":{\"@id\":\"https:\\\/\\\/www.gesmujer.org\\\/sitio\\\/#organization\"},\"image\":{\"@id\":\"https:\\\/\\\/www.gesmujer.org\\\/sitio\\\/ley-trans-genera-polemica-para-menores-de-edad\\\/#primaryimage\"},\"thumbnailUrl\":\"https:\\\/\\\/www.gesmujer.org\\\/sitio\\\/wp-content\\\/uploads\\\/2020\\\/10\\\/download-24.jpg\",\"articleSection\":[\"NOTAS\",\"NOTICIAS\"],\"inLanguage\":\"es\"},{\"@type\":\"WebPage\",\"@id\":\"https:\\\/\\\/www.gesmujer.org\\\/sitio\\\/ley-trans-genera-polemica-para-menores-de-edad\\\/\",\"url\":\"https:\\\/\\\/www.gesmujer.org\\\/sitio\\\/ley-trans-genera-polemica-para-menores-de-edad\\\/\",\"name\":\"Ley trans genera pol\u00e9mica para menores de edad - GESMujer &quot;Rosario Castellanos&quot;\",\"isPartOf\":{\"@id\":\"https:\\\/\\\/www.gesmujer.org\\\/sitio\\\/#website\"},\"primaryImageOfPage\":{\"@id\":\"https:\\\/\\\/www.gesmujer.org\\\/sitio\\\/ley-trans-genera-polemica-para-menores-de-edad\\\/#primaryimage\"},\"image\":{\"@id\":\"https:\\\/\\\/www.gesmujer.org\\\/sitio\\\/ley-trans-genera-polemica-para-menores-de-edad\\\/#primaryimage\"},\"thumbnailUrl\":\"https:\\\/\\\/www.gesmujer.org\\\/sitio\\\/wp-content\\\/uploads\\\/2020\\\/10\\\/download-24.jpg\",\"datePublished\":\"2020-10-16T03:15:54+00:00\",\"dateModified\":\"2020-10-16T03:15:56+00:00\",\"breadcrumb\":{\"@id\":\"https:\\\/\\\/www.gesmujer.org\\\/sitio\\\/ley-trans-genera-polemica-para-menores-de-edad\\\/#breadcrumb\"},\"inLanguage\":\"es\",\"potentialAction\":[{\"@type\":\"ReadAction\",\"target\":[\"https:\\\/\\\/www.gesmujer.org\\\/sitio\\\/ley-trans-genera-polemica-para-menores-de-edad\\\/\"]}]},{\"@type\":\"ImageObject\",\"inLanguage\":\"es\",\"@id\":\"https:\\\/\\\/www.gesmujer.org\\\/sitio\\\/ley-trans-genera-polemica-para-menores-de-edad\\\/#primaryimage\",\"url\":\"https:\\\/\\\/www.gesmujer.org\\\/sitio\\\/wp-content\\\/uploads\\\/2020\\\/10\\\/download-24.jpg\",\"contentUrl\":\"https:\\\/\\\/www.gesmujer.org\\\/sitio\\\/wp-content\\\/uploads\\\/2020\\\/10\\\/download-24.jpg\",\"width\":318,\"height\":159},{\"@type\":\"BreadcrumbList\",\"@id\":\"https:\\\/\\\/www.gesmujer.org\\\/sitio\\\/ley-trans-genera-polemica-para-menores-de-edad\\\/#breadcrumb\",\"itemListElement\":[{\"@type\":\"ListItem\",\"position\":1,\"name\":\"Home\",\"item\":\"https:\\\/\\\/www.gesmujer.org\\\/sitio\\\/\"},{\"@type\":\"ListItem\",\"position\":2,\"name\":\"Ley trans genera pol\u00e9mica para menores de edad\"}]},{\"@type\":\"WebSite\",\"@id\":\"https:\\\/\\\/www.gesmujer.org\\\/sitio\\\/#website\",\"url\":\"https:\\\/\\\/www.gesmujer.org\\\/sitio\\\/\",\"name\":\"GESMujer \\\"Rosario Castellanos\\\"\",\"description\":\"M\u00e1s de 45 a\u00f1os ha llevado a cabo acciones para erradicar la violencia de g\u00e9nero y construir entornos donde las mujeres encuentren su resiliencia, incrementen su agencia y autonom\u00eda que les permita lograr su empoderamiento a trav\u00e9s de cinco l\u00edneas de acci\u00f3n.\",\"publisher\":{\"@id\":\"https:\\\/\\\/www.gesmujer.org\\\/sitio\\\/#organization\"},\"alternateName\":\"GESMujer\",\"potentialAction\":[{\"@type\":\"SearchAction\",\"target\":{\"@type\":\"EntryPoint\",\"urlTemplate\":\"https:\\\/\\\/www.gesmujer.org\\\/sitio\\\/?s={search_term_string}\"},\"query-input\":{\"@type\":\"PropertyValueSpecification\",\"valueRequired\":true,\"valueName\":\"search_term_string\"}}],\"inLanguage\":\"es\"},{\"@type\":\"Organization\",\"@id\":\"https:\\\/\\\/www.gesmujer.org\\\/sitio\\\/#organization\",\"name\":\"Grupo de estudios sobre la mujer Rosario Castellanos ac\",\"alternateName\":\"GESMujer\",\"url\":\"https:\\\/\\\/www.gesmujer.org\\\/sitio\\\/\",\"logo\":{\"@type\":\"ImageObject\",\"inLanguage\":\"es\",\"@id\":\"https:\\\/\\\/www.gesmujer.org\\\/sitio\\\/#\\\/schema\\\/logo\\\/image\\\/\",\"url\":\"https:\\\/\\\/www.gesmujer.org\\\/sitio\\\/wp-content\\\/uploads\\\/2026\\\/03\\\/Logo-GESMujer-300.png\",\"contentUrl\":\"https:\\\/\\\/www.gesmujer.org\\\/sitio\\\/wp-content\\\/uploads\\\/2026\\\/03\\\/Logo-GESMujer-300.png\",\"width\":300,\"height\":141,\"caption\":\"Grupo de estudios sobre la mujer Rosario Castellanos ac\"},\"image\":{\"@id\":\"https:\\\/\\\/www.gesmujer.org\\\/sitio\\\/#\\\/schema\\\/logo\\\/image\\\/\"},\"sameAs\":[\"https:\\\/\\\/www.facebook.com\\\/gesmujer.rosario.castellanos.ac\",\"https:\\\/\\\/x.com\\\/GES_Mujer\",\"https:\\\/\\\/www.instagram.com\\\/ges_mujer\\\/?hl=es\",\"https:\\\/\\\/www.youtube.com\\\/c\\\/GESMujerRosarioCastellanos\\\/videos\",\"https:\\\/\\\/soundcloud.com\\\/gesmujerac\",\"https:\\\/\\\/www.tiktok.com\\\/@gesmujer\"]},{\"@type\":\"Person\",\"@id\":\"https:\\\/\\\/www.gesmujer.org\\\/sitio\\\/#\\\/schema\\\/person\\\/50e03387f883646c2714c51783a7e288\",\"name\":\"cendoc\",\"image\":{\"@type\":\"ImageObject\",\"inLanguage\":\"es\",\"@id\":\"https:\\\/\\\/secure.gravatar.com\\\/avatar\\\/2f187338ccb33c33bc1b08e92e2247a6891db221398e12bbc0f5ff0cfc462495?s=96&d=mm&r=g\",\"url\":\"https:\\\/\\\/secure.gravatar.com\\\/avatar\\\/2f187338ccb33c33bc1b08e92e2247a6891db221398e12bbc0f5ff0cfc462495?s=96&d=mm&r=g\",\"contentUrl\":\"https:\\\/\\\/secure.gravatar.com\\\/avatar\\\/2f187338ccb33c33bc1b08e92e2247a6891db221398e12bbc0f5ff0cfc462495?s=96&d=mm&r=g\",\"caption\":\"cendoc\"},\"sameAs\":[\"http:\\\/\\\/gesmujer.org\"],\"url\":\"https:\\\/\\\/www.gesmujer.org\\\/sitio\\\/author\\\/cendoc\\\/\"}]}<\/script>\n<!-- \/ Yoast SEO plugin. -->","yoast_head_json":{"title":"Ley trans genera pol\u00e9mica para menores de edad - GESMujer &quot;Rosario Castellanos&quot;","robots":{"index":"index","follow":"follow","max-snippet":"max-snippet:-1","max-image-preview":"max-image-preview:large","max-video-preview":"max-video-preview:-1"},"canonical":"https:\/\/www.gesmujer.org\/sitio\/ley-trans-genera-polemica-para-menores-de-edad\/","og_locale":"es_MX","og_type":"article","og_title":"Ley trans genera pol\u00e9mica para menores de edad","og_description":"La propuesta presentada por los diputados de la fracci\u00f3n parlamentaria de Morena, para reformar el C\u00f3digo Civil para el Estado de Oaxaca, en el que se establece garantizar el derecho a la identidad de g\u00e9nero a personas que se asumen como transg\u00e9nero a partir de los 12 a\u00f1os de edad, ha generado pol\u00e9mica entre los diferentes sectores de la sociedad oaxaque\u00f1a.","og_url":"https:\/\/www.gesmujer.org\/sitio\/ley-trans-genera-polemica-para-menores-de-edad\/","og_site_name":"GESMujer &quot;Rosario Castellanos&quot;","article_publisher":"https:\/\/www.facebook.com\/gesmujer.rosario.castellanos.ac","article_published_time":"2020-10-16T03:15:54+00:00","article_modified_time":"2020-10-16T03:15:56+00:00","og_image":[{"width":112,"height":112,"url":"https:\/\/www.gesmujer.org\/sitio\/wp-content\/uploads\/2020\/10\/oiuiojih.jpg","type":"image\/jpeg"}],"author":"cendoc","twitter_card":"summary_large_image","twitter_title":"Ley trans genera pol\u00e9mica para menores de edad","twitter_description":"La propuesta presentada por los diputados de la fracci\u00f3n parlamentaria de Morena, para reformar el C\u00f3digo Civil para el Estado de Oaxaca, en el que se establece garantizar el derecho a la identidad de g\u00e9nero a personas que se asumen como transg\u00e9nero a partir de los 12 a\u00f1os de edad, ha generado pol\u00e9mica entre los diferentes sectores de la sociedad oaxaque\u00f1a.","twitter_image":"https:\/\/www.gesmujer.org\/sitio\/wp-content\/uploads\/2020\/10\/download-24-1.jpg","twitter_creator":"@GES_Mujer","twitter_site":"@GES_Mujer","twitter_misc":{"Escrito por":"cendoc","Tiempo de lectura":"3 minutos"},"schema":{"@context":"https:\/\/schema.org","@graph":[{"@type":"Article","@id":"https:\/\/www.gesmujer.org\/sitio\/ley-trans-genera-polemica-para-menores-de-edad\/#article","isPartOf":{"@id":"https:\/\/www.gesmujer.org\/sitio\/ley-trans-genera-polemica-para-menores-de-edad\/"},"author":{"name":"cendoc","@id":"https:\/\/www.gesmujer.org\/sitio\/#\/schema\/person\/50e03387f883646c2714c51783a7e288"},"headline":"Ley trans genera pol\u00e9mica para menores de edad","datePublished":"2020-10-16T03:15:54+00:00","dateModified":"2020-10-16T03:15:56+00:00","mainEntityOfPage":{"@id":"https:\/\/www.gesmujer.org\/sitio\/ley-trans-genera-polemica-para-menores-de-edad\/"},"wordCount":518,"publisher":{"@id":"https:\/\/www.gesmujer.org\/sitio\/#organization"},"image":{"@id":"https:\/\/www.gesmujer.org\/sitio\/ley-trans-genera-polemica-para-menores-de-edad\/#primaryimage"},"thumbnailUrl":"https:\/\/www.gesmujer.org\/sitio\/wp-content\/uploads\/2020\/10\/download-24.jpg","articleSection":["NOTAS","NOTICIAS"],"inLanguage":"es"},{"@type":"WebPage","@id":"https:\/\/www.gesmujer.org\/sitio\/ley-trans-genera-polemica-para-menores-de-edad\/","url":"https:\/\/www.gesmujer.org\/sitio\/ley-trans-genera-polemica-para-menores-de-edad\/","name":"Ley trans genera pol\u00e9mica para menores de edad - GESMujer &quot;Rosario Castellanos&quot;","isPartOf":{"@id":"https:\/\/www.gesmujer.org\/sitio\/#website"},"primaryImageOfPage":{"@id":"https:\/\/www.gesmujer.org\/sitio\/ley-trans-genera-polemica-para-menores-de-edad\/#primaryimage"},"image":{"@id":"https:\/\/www.gesmujer.org\/sitio\/ley-trans-genera-polemica-para-menores-de-edad\/#primaryimage"},"thumbnailUrl":"https:\/\/www.gesmujer.org\/sitio\/wp-content\/uploads\/2020\/10\/download-24.jpg","datePublished":"2020-10-16T03:15:54+00:00","dateModified":"2020-10-16T03:15:56+00:00","breadcrumb":{"@id":"https:\/\/www.gesmujer.org\/sitio\/ley-trans-genera-polemica-para-menores-de-edad\/#breadcrumb"},"inLanguage":"es","potentialAction":[{"@type":"ReadAction","target":["https:\/\/www.gesmujer.org\/sitio\/ley-trans-genera-polemica-para-menores-de-edad\/"]}]},{"@type":"ImageObject","inLanguage":"es","@id":"https:\/\/www.gesmujer.org\/sitio\/ley-trans-genera-polemica-para-menores-de-edad\/#primaryimage","url":"https:\/\/www.gesmujer.org\/sitio\/wp-content\/uploads\/2020\/10\/download-24.jpg","contentUrl":"https:\/\/www.gesmujer.org\/sitio\/wp-content\/uploads\/2020\/10\/download-24.jpg","width":318,"height":159},{"@type":"BreadcrumbList","@id":"https:\/\/www.gesmujer.org\/sitio\/ley-trans-genera-polemica-para-menores-de-edad\/#breadcrumb","itemListElement":[{"@type":"ListItem","position":1,"name":"Home","item":"https:\/\/www.gesmujer.org\/sitio\/"},{"@type":"ListItem","position":2,"name":"Ley trans genera pol\u00e9mica para menores de edad"}]},{"@type":"WebSite","@id":"https:\/\/www.gesmujer.org\/sitio\/#website","url":"https:\/\/www.gesmujer.org\/sitio\/","name":"GESMujer \"Rosario Castellanos\"","description":"M\u00e1s de 45 a\u00f1os ha llevado a cabo acciones para erradicar la violencia de g\u00e9nero y construir entornos donde las mujeres encuentren su resiliencia, incrementen su agencia y autonom\u00eda que les permita lograr su empoderamiento a trav\u00e9s de cinco l\u00edneas de acci\u00f3n.","publisher":{"@id":"https:\/\/www.gesmujer.org\/sitio\/#organization"},"alternateName":"GESMujer","potentialAction":[{"@type":"SearchAction","target":{"@type":"EntryPoint","urlTemplate":"https:\/\/www.gesmujer.org\/sitio\/?s={search_term_string}"},"query-input":{"@type":"PropertyValueSpecification","valueRequired":true,"valueName":"search_term_string"}}],"inLanguage":"es"},{"@type":"Organization","@id":"https:\/\/www.gesmujer.org\/sitio\/#organization","name":"Grupo de estudios sobre la mujer Rosario Castellanos ac","alternateName":"GESMujer","url":"https:\/\/www.gesmujer.org\/sitio\/","logo":{"@type":"ImageObject","inLanguage":"es","@id":"https:\/\/www.gesmujer.org\/sitio\/#\/schema\/logo\/image\/","url":"https:\/\/www.gesmujer.org\/sitio\/wp-content\/uploads\/2026\/03\/Logo-GESMujer-300.png","contentUrl":"https:\/\/www.gesmujer.org\/sitio\/wp-content\/uploads\/2026\/03\/Logo-GESMujer-300.png","width":300,"height":141,"caption":"Grupo de estudios sobre la mujer Rosario Castellanos ac"},"image":{"@id":"https:\/\/www.gesmujer.org\/sitio\/#\/schema\/logo\/image\/"},"sameAs":["https:\/\/www.facebook.com\/gesmujer.rosario.castellanos.ac","https:\/\/x.com\/GES_Mujer","https:\/\/www.instagram.com\/ges_mujer\/?hl=es","https:\/\/www.youtube.com\/c\/GESMujerRosarioCastellanos\/videos","https:\/\/soundcloud.com\/gesmujerac","https:\/\/www.tiktok.com\/@gesmujer"]},{"@type":"Person","@id":"https:\/\/www.gesmujer.org\/sitio\/#\/schema\/person\/50e03387f883646c2714c51783a7e288","name":"cendoc","image":{"@type":"ImageObject","inLanguage":"es","@id":"https:\/\/secure.gravatar.com\/avatar\/2f187338ccb33c33bc1b08e92e2247a6891db221398e12bbc0f5ff0cfc462495?s=96&d=mm&r=g","url":"https:\/\/secure.gravatar.com\/avatar\/2f187338ccb33c33bc1b08e92e2247a6891db221398e12bbc0f5ff0cfc462495?s=96&d=mm&r=g","contentUrl":"https:\/\/secure.gravatar.com\/avatar\/2f187338ccb33c33bc1b08e92e2247a6891db221398e12bbc0f5ff0cfc462495?s=96&d=mm&r=g","caption":"cendoc"},"sameAs":["http:\/\/gesmujer.org"],"url":"https:\/\/www.gesmujer.org\/sitio\/author\/cendoc\/"}]}},"_links":{"self":[{"href":"https:\/\/www.gesmujer.org\/sitio\/wp-json\/wp\/v2\/posts\/6032","targetHints":{"allow":["GET"]}}],"collection":[{"href":"https:\/\/www.gesmujer.org\/sitio\/wp-json\/wp\/v2\/posts"}],"about":[{"href":"https:\/\/www.gesmujer.org\/sitio\/wp-json\/wp\/v2\/types\/post"}],"author":[{"embeddable":true,"href":"https:\/\/www.gesmujer.org\/sitio\/wp-json\/wp\/v2\/users\/4"}],"replies":[{"embeddable":true,"href":"https:\/\/www.gesmujer.org\/sitio\/wp-json\/wp\/v2\/comments?post=6032"}],"version-history":[{"count":1,"href":"https:\/\/www.gesmujer.org\/sitio\/wp-json\/wp\/v2\/posts\/6032\/revisions"}],"predecessor-version":[{"id":6036,"href":"https:\/\/www.gesmujer.org\/sitio\/wp-json\/wp\/v2\/posts\/6032\/revisions\/6036"}],"wp:featuredmedia":[{"embeddable":true,"href":"https:\/\/www.gesmujer.org\/sitio\/wp-json\/wp\/v2\/media\/6034"}],"wp:attachment":[{"href":"https:\/\/www.gesmujer.org\/sitio\/wp-json\/wp\/v2\/media?parent=6032"}],"wp:term":[{"taxonomy":"category","embeddable":true,"href":"https:\/\/www.gesmujer.org\/sitio\/wp-json\/wp\/v2\/categories?post=6032"},{"taxonomy":"post_tag","embeddable":true,"href":"https:\/\/www.gesmujer.org\/sitio\/wp-json\/wp\/v2\/tags?post=6032"}],"curies":[{"name":"wp","href":"https:\/\/api.w.org\/{rel}","templated":true}]}}