{"id":6199,"date":"2020-12-03T07:27:57","date_gmt":"2020-12-03T13:27:57","guid":{"rendered":"https:\/\/www.gesmujer.org\/web\/?p=6199"},"modified":"2020-12-03T07:28:01","modified_gmt":"2020-12-03T13:28:01","slug":"indigna-transfeminicido-de-geovanna-pide-gesmujer-que-este-crimen-de-odio-no-quede-impune","status":"publish","type":"post","link":"https:\/\/www.gesmujer.org\/sitio\/indigna-transfeminicido-de-geovanna-pide-gesmujer-que-este-crimen-de-odio-no-quede-impune\/","title":{"rendered":"Indigna transfeminicido de Geovanna; pide GESMujer que este crimen de odio no quede impune"},"content":{"rendered":"\n<p><em>Pedro Mat\u00ed<\/em>as, 01 de Diciembre de 2020, P\u00e1gina 3.- Geovanna A. R., de 27 a\u00f1os de edad, ya forma parte del recuento de violencia feminicida en Oaxaca.<\/p>\n\n\n\n<p>Se trata de un transfeminicidio, sostuvo el Grupo de Estudios Sobre la Mujer Rosario Castellanos (GESMujer).<\/p>\n\n\n\n<p>\u00a0La presidenta del\u00a0GESMujer, Ang\u00e9lica Ayala Ortiz, manifest\u00f3 su indignaci\u00f3n por este crimen de odio y en ese sentido demandaron que sea investigado bajo el protocolo de feminicidio.<\/p>\n\n\n\n<p>Pues, dijo, urge que se implementen investigaciones que lleven a la sanci\u00f3n ante asesinatos violentos por orientaci\u00f3n de g\u00e9nero.<\/p>\n\n\n\n<p>Geovanna es una mujer trans, quien fue reportada como desaparecida desde el pasado 25 de noviembre en San Agust\u00edn, Etla, y hoy fue localizado su cuerpo sin vida en una barranca, ubicada en paraje \u201cEl Campamento\u201d de Santiago Suchilquitongo.<\/p>\n\n\n\n<p>Este caso, como el de las 477 mujeres y ni\u00f1as que han sido asesinadas de manera violenta durante la administraci\u00f3n de Alejandro Murat, es una indignante muestra del nivel de violencia machista y la misoginia que persisten en Oaxaca, agreg\u00f3 Ayala Ortiz.<\/p>\n\n\n\n<p>Considera que expresiones discriminatorias, actos de violencia que se materializan en cr\u00edmenes de odio, graves violaciones a los derechos humanos por motivos relacionados a la orientaci\u00f3n sexual, la identidad o expresi\u00f3n de g\u00e9nero de las v\u00edctimas, deben ser erradicadas de la sociedad a trav\u00e9s de pol\u00edticas p\u00fablicas de inclusi\u00f3n que reconozcan los derechos a la diversidad sexual y de g\u00e9nero.<\/p>\n\n\n\n<p>Mencion\u00f3 que Geovanna, desde su expresi\u00f3n de ser mujer, es una v\u00edctima m\u00e1s de las omisiones y negligencias de la Fiscal\u00eda General de Oaxaca, ya que fue reportada como desaparecida a la unidad de b\u00fasqueda de personas no localizadas, pero no lograron encontrarla con vida.<\/p>\n\n\n\n<p>Destac\u00f3 que al igual que el 25% de las 94 mujeres asesinadas de manera violenta en lo que va del a\u00f1o, donde sus cuerpos son abandonados en lotes bald\u00edos, barrancos, poblados solitarios, caminos de terracer\u00eda, en el basurero, en fosas clandestinas o, como en este caso en una presa, representa una deshumanizaci\u00f3n de su cuerpo y, por lo tanto, debe considerarse como un transfeminicidio.<\/p>\n\n\n\n<p>Fuente: https:\/\/pagina3.mx\/2020\/12\/indigna-transfeminicido-de-geovanna-pide-gesmujer-que-este-crimen-de-odio-no-quede-impune\/<\/p>\n","protected":false},"excerpt":{"rendered":"<p>Pedro Mat\u00edas, 01 de Diciembre de 2020, P\u00e1gina 3.- Geovanna A. R., de 27 a\u00f1os de edad, ya forma parte del recuento de violencia feminicida en Oaxaca. Se trata de un transfeminicidio, sostuvo el Grupo de Estudios Sobre la Mujer Rosario Castellanos (GESMujer). \u00a0La presidenta del\u00a0GESMujer, Ang\u00e9lica Ayala Ortiz, manifest\u00f3 su indignaci\u00f3n por este crimen [&hellip;]<\/p>\n","protected":false},"author":4,"featured_media":6201,"comment_status":"closed","ping_status":"open","sticky":false,"template":"","format":"standard","meta":{"give_campaign_id":0,"footnotes":""},"categories":[91,32],"tags":[],"class_list":["post-6199","post","type-post","status-publish","format-standard","has-post-thumbnail","hentry","category-notas","category-novedades"],"yoast_head":"<!-- This site is optimized with the Yoast SEO plugin v27.4 - https:\/\/yoast.com\/product\/yoast-seo-wordpress\/ -->\n<title>Indigna transfeminicido de Geovanna; pide GESMujer que este crimen de odio no quede impune - GESMujer &quot;Rosario Castellanos&quot;<\/title>\n<meta name=\"robots\" content=\"index, follow, max-snippet:-1, max-image-preview:large, max-video-preview:-1\" \/>\n<link rel=\"canonical\" href=\"https:\/\/www.gesmujer.org\/sitio\/indigna-transfeminicido-de-geovanna-pide-gesmujer-que-este-crimen-de-odio-no-quede-impune\/\" \/>\n<meta property=\"og:locale\" content=\"es_MX\" \/>\n<meta property=\"og:type\" content=\"article\" \/>\n<meta property=\"og:title\" content=\"Indigna transfeminicido de Geovanna; pide GESMujer que este crimen de odio no quede impune\" \/>\n<meta property=\"og:description\" content=\"Geovanna A. R., de 27 a\u00f1os de edad, ya forma parte del recuento de violencia feminicida en Oaxaca.\" \/>\n<meta property=\"og:url\" content=\"https:\/\/www.gesmujer.org\/sitio\/indigna-transfeminicido-de-geovanna-pide-gesmujer-que-este-crimen-de-odio-no-quede-impune\/\" \/>\n<meta property=\"og:site_name\" content=\"GESMujer &quot;Rosario Castellanos&quot;\" \/>\n<meta property=\"article:publisher\" content=\"https:\/\/www.facebook.com\/gesmujer.rosario.castellanos.ac\" \/>\n<meta property=\"article:published_time\" content=\"2020-12-03T13:27:57+00:00\" \/>\n<meta property=\"article:modified_time\" content=\"2020-12-03T13:28:01+00:00\" \/>\n<meta property=\"og:image\" content=\"https:\/\/www.gesmujer.org\/sitio\/wp-content\/uploads\/2020\/12\/thumbnail_Geovana-asesinada.jpg\" \/>\n\t<meta property=\"og:image:width\" content=\"950\" \/>\n\t<meta property=\"og:image:height\" content=\"490\" \/>\n\t<meta property=\"og:image:type\" content=\"image\/jpeg\" \/>\n<meta name=\"author\" content=\"cendoc\" \/>\n<meta name=\"twitter:card\" content=\"summary_large_image\" \/>\n<meta name=\"twitter:title\" content=\"Indigna transfeminicido de Geovanna; pide GESMujer que este crimen de odio no quede impune\" \/>\n<meta name=\"twitter:description\" content=\"Geovanna A. R., de 27 a\u00f1os de edad, ya forma parte del recuento de violencia feminicida en Oaxaca.\" \/>\n<meta name=\"twitter:image\" content=\"https:\/\/www.gesmujer.org\/sitio\/wp-content\/uploads\/2020\/12\/thumbnail_Geovana-asesinada.jpg\" \/>\n<meta name=\"twitter:creator\" content=\"@GES_Mujer\" \/>\n<meta name=\"twitter:site\" content=\"@GES_Mujer\" \/>\n<meta name=\"twitter:label1\" content=\"Escrito por\" \/>\n\t<meta name=\"twitter:data1\" content=\"cendoc\" \/>\n\t<meta name=\"twitter:label2\" content=\"Tiempo de lectura\" \/>\n\t<meta name=\"twitter:data2\" content=\"2 minutos\" \/>\n<script type=\"application\/ld+json\" class=\"yoast-schema-graph\">{\"@context\":\"https:\\\/\\\/schema.org\",\"@graph\":[{\"@type\":\"Article\",\"@id\":\"https:\\\/\\\/www.gesmujer.org\\\/sitio\\\/indigna-transfeminicido-de-geovanna-pide-gesmujer-que-este-crimen-de-odio-no-quede-impune\\\/#article\",\"isPartOf\":{\"@id\":\"https:\\\/\\\/www.gesmujer.org\\\/sitio\\\/indigna-transfeminicido-de-geovanna-pide-gesmujer-que-este-crimen-de-odio-no-quede-impune\\\/\"},\"author\":{\"name\":\"cendoc\",\"@id\":\"https:\\\/\\\/www.gesmujer.org\\\/sitio\\\/#\\\/schema\\\/person\\\/50e03387f883646c2714c51783a7e288\"},\"headline\":\"Indigna transfeminicido de Geovanna; pide GESMujer que este crimen de odio no quede impune\",\"datePublished\":\"2020-12-03T13:27:57+00:00\",\"dateModified\":\"2020-12-03T13:28:01+00:00\",\"mainEntityOfPage\":{\"@id\":\"https:\\\/\\\/www.gesmujer.org\\\/sitio\\\/indigna-transfeminicido-de-geovanna-pide-gesmujer-que-este-crimen-de-odio-no-quede-impune\\\/\"},\"wordCount\":382,\"publisher\":{\"@id\":\"https:\\\/\\\/www.gesmujer.org\\\/sitio\\\/#organization\"},\"image\":{\"@id\":\"https:\\\/\\\/www.gesmujer.org\\\/sitio\\\/indigna-transfeminicido-de-geovanna-pide-gesmujer-que-este-crimen-de-odio-no-quede-impune\\\/#primaryimage\"},\"thumbnailUrl\":\"https:\\\/\\\/www.gesmujer.org\\\/sitio\\\/wp-content\\\/uploads\\\/2020\\\/12\\\/thumbnail_Geovana-asesinada.jpg\",\"articleSection\":[\"NOTAS\",\"NOTICIAS\"],\"inLanguage\":\"es\"},{\"@type\":\"WebPage\",\"@id\":\"https:\\\/\\\/www.gesmujer.org\\\/sitio\\\/indigna-transfeminicido-de-geovanna-pide-gesmujer-que-este-crimen-de-odio-no-quede-impune\\\/\",\"url\":\"https:\\\/\\\/www.gesmujer.org\\\/sitio\\\/indigna-transfeminicido-de-geovanna-pide-gesmujer-que-este-crimen-de-odio-no-quede-impune\\\/\",\"name\":\"Indigna transfeminicido de Geovanna; pide GESMujer que este crimen de odio no quede impune - GESMujer &quot;Rosario Castellanos&quot;\",\"isPartOf\":{\"@id\":\"https:\\\/\\\/www.gesmujer.org\\\/sitio\\\/#website\"},\"primaryImageOfPage\":{\"@id\":\"https:\\\/\\\/www.gesmujer.org\\\/sitio\\\/indigna-transfeminicido-de-geovanna-pide-gesmujer-que-este-crimen-de-odio-no-quede-impune\\\/#primaryimage\"},\"image\":{\"@id\":\"https:\\\/\\\/www.gesmujer.org\\\/sitio\\\/indigna-transfeminicido-de-geovanna-pide-gesmujer-que-este-crimen-de-odio-no-quede-impune\\\/#primaryimage\"},\"thumbnailUrl\":\"https:\\\/\\\/www.gesmujer.org\\\/sitio\\\/wp-content\\\/uploads\\\/2020\\\/12\\\/thumbnail_Geovana-asesinada.jpg\",\"datePublished\":\"2020-12-03T13:27:57+00:00\",\"dateModified\":\"2020-12-03T13:28:01+00:00\",\"breadcrumb\":{\"@id\":\"https:\\\/\\\/www.gesmujer.org\\\/sitio\\\/indigna-transfeminicido-de-geovanna-pide-gesmujer-que-este-crimen-de-odio-no-quede-impune\\\/#breadcrumb\"},\"inLanguage\":\"es\",\"potentialAction\":[{\"@type\":\"ReadAction\",\"target\":[\"https:\\\/\\\/www.gesmujer.org\\\/sitio\\\/indigna-transfeminicido-de-geovanna-pide-gesmujer-que-este-crimen-de-odio-no-quede-impune\\\/\"]}]},{\"@type\":\"ImageObject\",\"inLanguage\":\"es\",\"@id\":\"https:\\\/\\\/www.gesmujer.org\\\/sitio\\\/indigna-transfeminicido-de-geovanna-pide-gesmujer-que-este-crimen-de-odio-no-quede-impune\\\/#primaryimage\",\"url\":\"https:\\\/\\\/www.gesmujer.org\\\/sitio\\\/wp-content\\\/uploads\\\/2020\\\/12\\\/thumbnail_Geovana-asesinada.jpg\",\"contentUrl\":\"https:\\\/\\\/www.gesmujer.org\\\/sitio\\\/wp-content\\\/uploads\\\/2020\\\/12\\\/thumbnail_Geovana-asesinada.jpg\",\"width\":950,\"height\":490},{\"@type\":\"BreadcrumbList\",\"@id\":\"https:\\\/\\\/www.gesmujer.org\\\/sitio\\\/indigna-transfeminicido-de-geovanna-pide-gesmujer-que-este-crimen-de-odio-no-quede-impune\\\/#breadcrumb\",\"itemListElement\":[{\"@type\":\"ListItem\",\"position\":1,\"name\":\"Home\",\"item\":\"https:\\\/\\\/www.gesmujer.org\\\/sitio\\\/\"},{\"@type\":\"ListItem\",\"position\":2,\"name\":\"Indigna transfeminicido de Geovanna; pide GESMujer que este crimen de odio no quede impune\"}]},{\"@type\":\"WebSite\",\"@id\":\"https:\\\/\\\/www.gesmujer.org\\\/sitio\\\/#website\",\"url\":\"https:\\\/\\\/www.gesmujer.org\\\/sitio\\\/\",\"name\":\"GESMujer \\\"Rosario Castellanos\\\"\",\"description\":\"M\u00e1s de 45 a\u00f1os ha llevado a cabo acciones para erradicar la violencia de g\u00e9nero y construir entornos donde las mujeres encuentren su resiliencia, incrementen su agencia y autonom\u00eda que les permita lograr su empoderamiento a trav\u00e9s de cinco l\u00edneas de acci\u00f3n.\",\"publisher\":{\"@id\":\"https:\\\/\\\/www.gesmujer.org\\\/sitio\\\/#organization\"},\"alternateName\":\"GESMujer\",\"potentialAction\":[{\"@type\":\"SearchAction\",\"target\":{\"@type\":\"EntryPoint\",\"urlTemplate\":\"https:\\\/\\\/www.gesmujer.org\\\/sitio\\\/?s={search_term_string}\"},\"query-input\":{\"@type\":\"PropertyValueSpecification\",\"valueRequired\":true,\"valueName\":\"search_term_string\"}}],\"inLanguage\":\"es\"},{\"@type\":\"Organization\",\"@id\":\"https:\\\/\\\/www.gesmujer.org\\\/sitio\\\/#organization\",\"name\":\"Grupo de estudios sobre la mujer Rosario Castellanos ac\",\"alternateName\":\"GESMujer\",\"url\":\"https:\\\/\\\/www.gesmujer.org\\\/sitio\\\/\",\"logo\":{\"@type\":\"ImageObject\",\"inLanguage\":\"es\",\"@id\":\"https:\\\/\\\/www.gesmujer.org\\\/sitio\\\/#\\\/schema\\\/logo\\\/image\\\/\",\"url\":\"https:\\\/\\\/www.gesmujer.org\\\/sitio\\\/wp-content\\\/uploads\\\/2026\\\/03\\\/Logo-GESMujer-300.png\",\"contentUrl\":\"https:\\\/\\\/www.gesmujer.org\\\/sitio\\\/wp-content\\\/uploads\\\/2026\\\/03\\\/Logo-GESMujer-300.png\",\"width\":300,\"height\":141,\"caption\":\"Grupo de estudios sobre la mujer Rosario Castellanos ac\"},\"image\":{\"@id\":\"https:\\\/\\\/www.gesmujer.org\\\/sitio\\\/#\\\/schema\\\/logo\\\/image\\\/\"},\"sameAs\":[\"https:\\\/\\\/www.facebook.com\\\/gesmujer.rosario.castellanos.ac\",\"https:\\\/\\\/x.com\\\/GES_Mujer\",\"https:\\\/\\\/www.instagram.com\\\/ges_mujer\\\/?hl=es\",\"https:\\\/\\\/www.youtube.com\\\/c\\\/GESMujerRosarioCastellanos\\\/videos\",\"https:\\\/\\\/soundcloud.com\\\/gesmujerac\",\"https:\\\/\\\/www.tiktok.com\\\/@gesmujer\"]},{\"@type\":\"Person\",\"@id\":\"https:\\\/\\\/www.gesmujer.org\\\/sitio\\\/#\\\/schema\\\/person\\\/50e03387f883646c2714c51783a7e288\",\"name\":\"cendoc\",\"image\":{\"@type\":\"ImageObject\",\"inLanguage\":\"es\",\"@id\":\"https:\\\/\\\/secure.gravatar.com\\\/avatar\\\/2f187338ccb33c33bc1b08e92e2247a6891db221398e12bbc0f5ff0cfc462495?s=96&d=mm&r=g\",\"url\":\"https:\\\/\\\/secure.gravatar.com\\\/avatar\\\/2f187338ccb33c33bc1b08e92e2247a6891db221398e12bbc0f5ff0cfc462495?s=96&d=mm&r=g\",\"contentUrl\":\"https:\\\/\\\/secure.gravatar.com\\\/avatar\\\/2f187338ccb33c33bc1b08e92e2247a6891db221398e12bbc0f5ff0cfc462495?s=96&d=mm&r=g\",\"caption\":\"cendoc\"},\"sameAs\":[\"http:\\\/\\\/gesmujer.org\"],\"url\":\"https:\\\/\\\/www.gesmujer.org\\\/sitio\\\/author\\\/cendoc\\\/\"}]}<\/script>\n<!-- \/ Yoast SEO plugin. -->","yoast_head_json":{"title":"Indigna transfeminicido de Geovanna; pide GESMujer que este crimen de odio no quede impune - GESMujer &quot;Rosario Castellanos&quot;","robots":{"index":"index","follow":"follow","max-snippet":"max-snippet:-1","max-image-preview":"max-image-preview:large","max-video-preview":"max-video-preview:-1"},"canonical":"https:\/\/www.gesmujer.org\/sitio\/indigna-transfeminicido-de-geovanna-pide-gesmujer-que-este-crimen-de-odio-no-quede-impune\/","og_locale":"es_MX","og_type":"article","og_title":"Indigna transfeminicido de Geovanna; pide GESMujer que este crimen de odio no quede impune","og_description":"Geovanna A. R., de 27 a\u00f1os de edad, ya forma parte del recuento de violencia feminicida en Oaxaca.","og_url":"https:\/\/www.gesmujer.org\/sitio\/indigna-transfeminicido-de-geovanna-pide-gesmujer-que-este-crimen-de-odio-no-quede-impune\/","og_site_name":"GESMujer &quot;Rosario Castellanos&quot;","article_publisher":"https:\/\/www.facebook.com\/gesmujer.rosario.castellanos.ac","article_published_time":"2020-12-03T13:27:57+00:00","article_modified_time":"2020-12-03T13:28:01+00:00","og_image":[{"width":950,"height":490,"url":"https:\/\/www.gesmujer.org\/sitio\/wp-content\/uploads\/2020\/12\/thumbnail_Geovana-asesinada.jpg","type":"image\/jpeg"}],"author":"cendoc","twitter_card":"summary_large_image","twitter_title":"Indigna transfeminicido de Geovanna; pide GESMujer que este crimen de odio no quede impune","twitter_description":"Geovanna A. R., de 27 a\u00f1os de edad, ya forma parte del recuento de violencia feminicida en Oaxaca.","twitter_image":"https:\/\/www.gesmujer.org\/sitio\/wp-content\/uploads\/2020\/12\/thumbnail_Geovana-asesinada.jpg","twitter_creator":"@GES_Mujer","twitter_site":"@GES_Mujer","twitter_misc":{"Escrito por":"cendoc","Tiempo de lectura":"2 minutos"},"schema":{"@context":"https:\/\/schema.org","@graph":[{"@type":"Article","@id":"https:\/\/www.gesmujer.org\/sitio\/indigna-transfeminicido-de-geovanna-pide-gesmujer-que-este-crimen-de-odio-no-quede-impune\/#article","isPartOf":{"@id":"https:\/\/www.gesmujer.org\/sitio\/indigna-transfeminicido-de-geovanna-pide-gesmujer-que-este-crimen-de-odio-no-quede-impune\/"},"author":{"name":"cendoc","@id":"https:\/\/www.gesmujer.org\/sitio\/#\/schema\/person\/50e03387f883646c2714c51783a7e288"},"headline":"Indigna transfeminicido de Geovanna; pide GESMujer que este crimen de odio no quede impune","datePublished":"2020-12-03T13:27:57+00:00","dateModified":"2020-12-03T13:28:01+00:00","mainEntityOfPage":{"@id":"https:\/\/www.gesmujer.org\/sitio\/indigna-transfeminicido-de-geovanna-pide-gesmujer-que-este-crimen-de-odio-no-quede-impune\/"},"wordCount":382,"publisher":{"@id":"https:\/\/www.gesmujer.org\/sitio\/#organization"},"image":{"@id":"https:\/\/www.gesmujer.org\/sitio\/indigna-transfeminicido-de-geovanna-pide-gesmujer-que-este-crimen-de-odio-no-quede-impune\/#primaryimage"},"thumbnailUrl":"https:\/\/www.gesmujer.org\/sitio\/wp-content\/uploads\/2020\/12\/thumbnail_Geovana-asesinada.jpg","articleSection":["NOTAS","NOTICIAS"],"inLanguage":"es"},{"@type":"WebPage","@id":"https:\/\/www.gesmujer.org\/sitio\/indigna-transfeminicido-de-geovanna-pide-gesmujer-que-este-crimen-de-odio-no-quede-impune\/","url":"https:\/\/www.gesmujer.org\/sitio\/indigna-transfeminicido-de-geovanna-pide-gesmujer-que-este-crimen-de-odio-no-quede-impune\/","name":"Indigna transfeminicido de Geovanna; pide GESMujer que este crimen de odio no quede impune - GESMujer &quot;Rosario Castellanos&quot;","isPartOf":{"@id":"https:\/\/www.gesmujer.org\/sitio\/#website"},"primaryImageOfPage":{"@id":"https:\/\/www.gesmujer.org\/sitio\/indigna-transfeminicido-de-geovanna-pide-gesmujer-que-este-crimen-de-odio-no-quede-impune\/#primaryimage"},"image":{"@id":"https:\/\/www.gesmujer.org\/sitio\/indigna-transfeminicido-de-geovanna-pide-gesmujer-que-este-crimen-de-odio-no-quede-impune\/#primaryimage"},"thumbnailUrl":"https:\/\/www.gesmujer.org\/sitio\/wp-content\/uploads\/2020\/12\/thumbnail_Geovana-asesinada.jpg","datePublished":"2020-12-03T13:27:57+00:00","dateModified":"2020-12-03T13:28:01+00:00","breadcrumb":{"@id":"https:\/\/www.gesmujer.org\/sitio\/indigna-transfeminicido-de-geovanna-pide-gesmujer-que-este-crimen-de-odio-no-quede-impune\/#breadcrumb"},"inLanguage":"es","potentialAction":[{"@type":"ReadAction","target":["https:\/\/www.gesmujer.org\/sitio\/indigna-transfeminicido-de-geovanna-pide-gesmujer-que-este-crimen-de-odio-no-quede-impune\/"]}]},{"@type":"ImageObject","inLanguage":"es","@id":"https:\/\/www.gesmujer.org\/sitio\/indigna-transfeminicido-de-geovanna-pide-gesmujer-que-este-crimen-de-odio-no-quede-impune\/#primaryimage","url":"https:\/\/www.gesmujer.org\/sitio\/wp-content\/uploads\/2020\/12\/thumbnail_Geovana-asesinada.jpg","contentUrl":"https:\/\/www.gesmujer.org\/sitio\/wp-content\/uploads\/2020\/12\/thumbnail_Geovana-asesinada.jpg","width":950,"height":490},{"@type":"BreadcrumbList","@id":"https:\/\/www.gesmujer.org\/sitio\/indigna-transfeminicido-de-geovanna-pide-gesmujer-que-este-crimen-de-odio-no-quede-impune\/#breadcrumb","itemListElement":[{"@type":"ListItem","position":1,"name":"Home","item":"https:\/\/www.gesmujer.org\/sitio\/"},{"@type":"ListItem","position":2,"name":"Indigna transfeminicido de Geovanna; pide GESMujer que este crimen de odio no quede impune"}]},{"@type":"WebSite","@id":"https:\/\/www.gesmujer.org\/sitio\/#website","url":"https:\/\/www.gesmujer.org\/sitio\/","name":"GESMujer \"Rosario Castellanos\"","description":"M\u00e1s de 45 a\u00f1os ha llevado a cabo acciones para erradicar la violencia de g\u00e9nero y construir entornos donde las mujeres encuentren su resiliencia, incrementen su agencia y autonom\u00eda que les permita lograr su empoderamiento a trav\u00e9s de cinco l\u00edneas de acci\u00f3n.","publisher":{"@id":"https:\/\/www.gesmujer.org\/sitio\/#organization"},"alternateName":"GESMujer","potentialAction":[{"@type":"SearchAction","target":{"@type":"EntryPoint","urlTemplate":"https:\/\/www.gesmujer.org\/sitio\/?s={search_term_string}"},"query-input":{"@type":"PropertyValueSpecification","valueRequired":true,"valueName":"search_term_string"}}],"inLanguage":"es"},{"@type":"Organization","@id":"https:\/\/www.gesmujer.org\/sitio\/#organization","name":"Grupo de estudios sobre la mujer Rosario Castellanos ac","alternateName":"GESMujer","url":"https:\/\/www.gesmujer.org\/sitio\/","logo":{"@type":"ImageObject","inLanguage":"es","@id":"https:\/\/www.gesmujer.org\/sitio\/#\/schema\/logo\/image\/","url":"https:\/\/www.gesmujer.org\/sitio\/wp-content\/uploads\/2026\/03\/Logo-GESMujer-300.png","contentUrl":"https:\/\/www.gesmujer.org\/sitio\/wp-content\/uploads\/2026\/03\/Logo-GESMujer-300.png","width":300,"height":141,"caption":"Grupo de estudios sobre la mujer Rosario Castellanos ac"},"image":{"@id":"https:\/\/www.gesmujer.org\/sitio\/#\/schema\/logo\/image\/"},"sameAs":["https:\/\/www.facebook.com\/gesmujer.rosario.castellanos.ac","https:\/\/x.com\/GES_Mujer","https:\/\/www.instagram.com\/ges_mujer\/?hl=es","https:\/\/www.youtube.com\/c\/GESMujerRosarioCastellanos\/videos","https:\/\/soundcloud.com\/gesmujerac","https:\/\/www.tiktok.com\/@gesmujer"]},{"@type":"Person","@id":"https:\/\/www.gesmujer.org\/sitio\/#\/schema\/person\/50e03387f883646c2714c51783a7e288","name":"cendoc","image":{"@type":"ImageObject","inLanguage":"es","@id":"https:\/\/secure.gravatar.com\/avatar\/2f187338ccb33c33bc1b08e92e2247a6891db221398e12bbc0f5ff0cfc462495?s=96&d=mm&r=g","url":"https:\/\/secure.gravatar.com\/avatar\/2f187338ccb33c33bc1b08e92e2247a6891db221398e12bbc0f5ff0cfc462495?s=96&d=mm&r=g","contentUrl":"https:\/\/secure.gravatar.com\/avatar\/2f187338ccb33c33bc1b08e92e2247a6891db221398e12bbc0f5ff0cfc462495?s=96&d=mm&r=g","caption":"cendoc"},"sameAs":["http:\/\/gesmujer.org"],"url":"https:\/\/www.gesmujer.org\/sitio\/author\/cendoc\/"}]}},"_links":{"self":[{"href":"https:\/\/www.gesmujer.org\/sitio\/wp-json\/wp\/v2\/posts\/6199","targetHints":{"allow":["GET"]}}],"collection":[{"href":"https:\/\/www.gesmujer.org\/sitio\/wp-json\/wp\/v2\/posts"}],"about":[{"href":"https:\/\/www.gesmujer.org\/sitio\/wp-json\/wp\/v2\/types\/post"}],"author":[{"embeddable":true,"href":"https:\/\/www.gesmujer.org\/sitio\/wp-json\/wp\/v2\/users\/4"}],"replies":[{"embeddable":true,"href":"https:\/\/www.gesmujer.org\/sitio\/wp-json\/wp\/v2\/comments?post=6199"}],"version-history":[{"count":1,"href":"https:\/\/www.gesmujer.org\/sitio\/wp-json\/wp\/v2\/posts\/6199\/revisions"}],"predecessor-version":[{"id":6202,"href":"https:\/\/www.gesmujer.org\/sitio\/wp-json\/wp\/v2\/posts\/6199\/revisions\/6202"}],"wp:featuredmedia":[{"embeddable":true,"href":"https:\/\/www.gesmujer.org\/sitio\/wp-json\/wp\/v2\/media\/6201"}],"wp:attachment":[{"href":"https:\/\/www.gesmujer.org\/sitio\/wp-json\/wp\/v2\/media?parent=6199"}],"wp:term":[{"taxonomy":"category","embeddable":true,"href":"https:\/\/www.gesmujer.org\/sitio\/wp-json\/wp\/v2\/categories?post=6199"},{"taxonomy":"post_tag","embeddable":true,"href":"https:\/\/www.gesmujer.org\/sitio\/wp-json\/wp\/v2\/tags?post=6199"}],"curies":[{"name":"wp","href":"https:\/\/api.w.org\/{rel}","templated":true}]}}