{"id":6297,"date":"2020-12-27T15:39:40","date_gmt":"2020-12-27T21:39:40","guid":{"rendered":"https:\/\/www.gesmujer.org\/web\/?p=6297"},"modified":"2020-12-27T15:39:43","modified_gmt":"2020-12-27T21:39:43","slug":"colectivas-feministas-exigen-justicia-para-bertha-asesinada-en-navidad-en-el-istmo","status":"publish","type":"post","link":"https:\/\/www.gesmujer.org\/sitio\/colectivas-feministas-exigen-justicia-para-bertha-asesinada-en-navidad-en-el-istmo\/","title":{"rendered":"Colectivas feministas exigen justicia para Bertha, asesinada en Navidad en el Istmo"},"content":{"rendered":"\n<p>Christian Jim\u00e9nez, Domingo 27 de Diciembre de 2020, El Universal.- \u00a1Justicia para Bertha Jos\u00e9 Dominguez!, exige la colectiva Marea Verde Oaxaca en sus redes sociales oficiales, luego que el pasado 25 de diciembre, Bertha Jos\u00e9 Dom\u00ednguez, se convirti\u00f3 en otra v\u00edctia m\u00e1s de feminicidio en Oaxaca.<\/p>\n\n\n\n<p>De acuerdo con informaci\u00f3n sobre el caso. Jes\u00fas N., quien fuera pareja de Bertha y con quien procre\u00f3 un hijo en com\u00fan, es el principal sospechoso.<\/p>\n\n\n\n<p><strong>De acuerdo con el Grupo de estudios sobre la mujer Rosario Castellanos, el n\u00famero de mujeres asesinadas durante el a\u00f1o 2020 ascendi\u00f3 a 109, entre el periodo comprendido del 1 de enero al 21 de diciembre; a \u00e9stos casos se suma el asesinato de Bertha y Nayeli, una mujer asesinada en San Antonio de la Cal; en total, 111 mujeres han sido asesinadas violentas en 2020 en Oaxaca.<\/strong><\/p>\n\n\n\n<p>Bertha, expone Marea Verde Oaxaca, fue asesinada en su domicilio en la Comunidad de Uni\u00f3n Hidalgo, en la regi\u00f3n del Istmo.<\/p>\n\n\n\n<p>&#8220;Exigimos a las autoridades que ejecuten el protocolo para la presentaci\u00f3n de Jes\u00fas Morales Ayala, quien se encuentra pr\u00f3fugo. No queremos que este caso siga sumando a la larga lista de feminicidios cometidos por en el Estado de Oaxaca, y que siguen sin resolverse&#8221;, se\u00f1alan.<\/p>\n\n\n\n<p>Al llamado de justicia para Bertha, se suma el Grupo de Mujeres 8 de Marzo A.C, que a trav\u00e9s de twitter hizo un llamado a la poblaci\u00f3n en general, a aportar datos para la localizaci\u00f3n del presunto responsable.<\/p>\n\n\n\n<p>En tanto, familiares y colectivas feministas, difundieron un texto en el que exigen que el caso no quede impune.<\/p>\n\n\n\n<p>GESMujer agrega que las regiones del Istmo y Valles Centrales, son las m\u00e1s violentas para las oaxaque\u00f1as. <\/p>\n\n\n\n<p>Durante este a\u00f1o, el hogar se ha convertido el lugar en donde m\u00e1s casos de feminicidios se han registrado.<\/p>\n\n\n\n<p>Fuente:  https:\/\/oaxaca.eluniversal.com.mx\/sociedad\/27-12-2020\/colectivas-feministas-exigen-justicia-para-bertha-asesinada-en-navidad-en-el<\/p>\n","protected":false},"excerpt":{"rendered":"<p>Christian Jim\u00e9nez, Domingo 27 de Diciembre de 2020, El Universal.- \u00a1Justicia para Bertha Jos\u00e9 Dominguez!, exige la colectiva Marea Verde Oaxaca en sus redes sociales oficiales, luego que el pasado 25 de diciembre, Bertha Jos\u00e9 Dom\u00ednguez, se convirti\u00f3 en otra v\u00edctia m\u00e1s de feminicidio en Oaxaca. De acuerdo con informaci\u00f3n sobre el caso. Jes\u00fas N., [&hellip;]<\/p>\n","protected":false},"author":4,"featured_media":6298,"comment_status":"closed","ping_status":"open","sticky":false,"template":"","format":"standard","meta":{"give_campaign_id":0,"footnotes":""},"categories":[3],"tags":[],"class_list":["post-6297","post","type-post","status-publish","format-standard","has-post-thumbnail","hentry","category-portada"],"yoast_head":"<!-- This site is optimized with the Yoast SEO plugin v27.4 - https:\/\/yoast.com\/product\/yoast-seo-wordpress\/ -->\n<title>Colectivas feministas exigen justicia para Bertha, asesinada en Navidad en el Istmo - GESMujer &quot;Rosario Castellanos&quot;<\/title>\n<meta name=\"robots\" content=\"index, follow, max-snippet:-1, max-image-preview:large, max-video-preview:-1\" \/>\n<link rel=\"canonical\" href=\"https:\/\/www.gesmujer.org\/sitio\/colectivas-feministas-exigen-justicia-para-bertha-asesinada-en-navidad-en-el-istmo\/\" \/>\n<meta property=\"og:locale\" content=\"es_MX\" \/>\n<meta property=\"og:type\" content=\"article\" \/>\n<meta property=\"og:title\" content=\"Colectivas feministas exigen justicia para Bertha, asesinada en Navidad en el Istmo.\" \/>\n<meta property=\"og:description\" content=\"Bertha Jos\u00e9 Dom\u00ednguez, se convirti\u00f3 en otra v\u00edctia m\u00e1s de feminicidio en Oaxaca.\" \/>\n<meta property=\"og:url\" content=\"https:\/\/www.gesmujer.org\/sitio\/colectivas-feministas-exigen-justicia-para-bertha-asesinada-en-navidad-en-el-istmo\/\" \/>\n<meta property=\"og:site_name\" content=\"GESMujer &quot;Rosario Castellanos&quot;\" \/>\n<meta property=\"article:publisher\" content=\"https:\/\/www.facebook.com\/gesmujer.rosario.castellanos.ac\" \/>\n<meta property=\"article:published_time\" content=\"2020-12-27T21:39:40+00:00\" \/>\n<meta property=\"article:modified_time\" content=\"2020-12-27T21:39:43+00:00\" \/>\n<meta property=\"og:image\" content=\"https:\/\/www.gesmujer.org\/sitio\/wp-content\/uploads\/2020\/12\/download-47.jpg\" \/>\n\t<meta property=\"og:image:width\" content=\"287\" \/>\n\t<meta property=\"og:image:height\" content=\"176\" \/>\n\t<meta property=\"og:image:type\" content=\"image\/jpeg\" \/>\n<meta name=\"author\" content=\"cendoc\" \/>\n<meta name=\"twitter:card\" content=\"summary_large_image\" \/>\n<meta name=\"twitter:title\" content=\"Colectivas feministas exigen justicia para Bertha, asesinada en Navidad en el Istmo.\" \/>\n<meta name=\"twitter:description\" content=\"Bertha Jos\u00e9 Dom\u00ednguez, se convirti\u00f3 en otra v\u00edctia m\u00e1s de feminicidio en Oaxaca.\" \/>\n<meta name=\"twitter:image\" content=\"https:\/\/www.gesmujer.org\/sitio\/wp-content\/uploads\/2020\/12\/download-47.jpg\" \/>\n<meta name=\"twitter:creator\" content=\"@GES_Mujer\" \/>\n<meta name=\"twitter:site\" content=\"@GES_Mujer\" \/>\n<meta name=\"twitter:label1\" content=\"Escrito por\" \/>\n\t<meta name=\"twitter:data1\" content=\"cendoc\" \/>\n\t<meta name=\"twitter:label2\" content=\"Tiempo de lectura\" \/>\n\t<meta name=\"twitter:data2\" content=\"2 minutos\" \/>\n<script type=\"application\/ld+json\" class=\"yoast-schema-graph\">{\"@context\":\"https:\\\/\\\/schema.org\",\"@graph\":[{\"@type\":\"Article\",\"@id\":\"https:\\\/\\\/www.gesmujer.org\\\/sitio\\\/colectivas-feministas-exigen-justicia-para-bertha-asesinada-en-navidad-en-el-istmo\\\/#article\",\"isPartOf\":{\"@id\":\"https:\\\/\\\/www.gesmujer.org\\\/sitio\\\/colectivas-feministas-exigen-justicia-para-bertha-asesinada-en-navidad-en-el-istmo\\\/\"},\"author\":{\"name\":\"cendoc\",\"@id\":\"https:\\\/\\\/www.gesmujer.org\\\/sitio\\\/#\\\/schema\\\/person\\\/50e03387f883646c2714c51783a7e288\"},\"headline\":\"Colectivas feministas exigen justicia para Bertha, asesinada en Navidad en el Istmo\",\"datePublished\":\"2020-12-27T21:39:40+00:00\",\"dateModified\":\"2020-12-27T21:39:43+00:00\",\"mainEntityOfPage\":{\"@id\":\"https:\\\/\\\/www.gesmujer.org\\\/sitio\\\/colectivas-feministas-exigen-justicia-para-bertha-asesinada-en-navidad-en-el-istmo\\\/\"},\"wordCount\":335,\"publisher\":{\"@id\":\"https:\\\/\\\/www.gesmujer.org\\\/sitio\\\/#organization\"},\"image\":{\"@id\":\"https:\\\/\\\/www.gesmujer.org\\\/sitio\\\/colectivas-feministas-exigen-justicia-para-bertha-asesinada-en-navidad-en-el-istmo\\\/#primaryimage\"},\"thumbnailUrl\":\"https:\\\/\\\/www.gesmujer.org\\\/sitio\\\/wp-content\\\/uploads\\\/2020\\\/12\\\/download-47.jpg\",\"articleSection\":[\"portada\"],\"inLanguage\":\"es\"},{\"@type\":\"WebPage\",\"@id\":\"https:\\\/\\\/www.gesmujer.org\\\/sitio\\\/colectivas-feministas-exigen-justicia-para-bertha-asesinada-en-navidad-en-el-istmo\\\/\",\"url\":\"https:\\\/\\\/www.gesmujer.org\\\/sitio\\\/colectivas-feministas-exigen-justicia-para-bertha-asesinada-en-navidad-en-el-istmo\\\/\",\"name\":\"Colectivas feministas exigen justicia para Bertha, asesinada en Navidad en el Istmo - GESMujer &quot;Rosario Castellanos&quot;\",\"isPartOf\":{\"@id\":\"https:\\\/\\\/www.gesmujer.org\\\/sitio\\\/#website\"},\"primaryImageOfPage\":{\"@id\":\"https:\\\/\\\/www.gesmujer.org\\\/sitio\\\/colectivas-feministas-exigen-justicia-para-bertha-asesinada-en-navidad-en-el-istmo\\\/#primaryimage\"},\"image\":{\"@id\":\"https:\\\/\\\/www.gesmujer.org\\\/sitio\\\/colectivas-feministas-exigen-justicia-para-bertha-asesinada-en-navidad-en-el-istmo\\\/#primaryimage\"},\"thumbnailUrl\":\"https:\\\/\\\/www.gesmujer.org\\\/sitio\\\/wp-content\\\/uploads\\\/2020\\\/12\\\/download-47.jpg\",\"datePublished\":\"2020-12-27T21:39:40+00:00\",\"dateModified\":\"2020-12-27T21:39:43+00:00\",\"breadcrumb\":{\"@id\":\"https:\\\/\\\/www.gesmujer.org\\\/sitio\\\/colectivas-feministas-exigen-justicia-para-bertha-asesinada-en-navidad-en-el-istmo\\\/#breadcrumb\"},\"inLanguage\":\"es\",\"potentialAction\":[{\"@type\":\"ReadAction\",\"target\":[\"https:\\\/\\\/www.gesmujer.org\\\/sitio\\\/colectivas-feministas-exigen-justicia-para-bertha-asesinada-en-navidad-en-el-istmo\\\/\"]}]},{\"@type\":\"ImageObject\",\"inLanguage\":\"es\",\"@id\":\"https:\\\/\\\/www.gesmujer.org\\\/sitio\\\/colectivas-feministas-exigen-justicia-para-bertha-asesinada-en-navidad-en-el-istmo\\\/#primaryimage\",\"url\":\"https:\\\/\\\/www.gesmujer.org\\\/sitio\\\/wp-content\\\/uploads\\\/2020\\\/12\\\/download-47.jpg\",\"contentUrl\":\"https:\\\/\\\/www.gesmujer.org\\\/sitio\\\/wp-content\\\/uploads\\\/2020\\\/12\\\/download-47.jpg\",\"width\":287,\"height\":176},{\"@type\":\"BreadcrumbList\",\"@id\":\"https:\\\/\\\/www.gesmujer.org\\\/sitio\\\/colectivas-feministas-exigen-justicia-para-bertha-asesinada-en-navidad-en-el-istmo\\\/#breadcrumb\",\"itemListElement\":[{\"@type\":\"ListItem\",\"position\":1,\"name\":\"Home\",\"item\":\"https:\\\/\\\/www.gesmujer.org\\\/sitio\\\/\"},{\"@type\":\"ListItem\",\"position\":2,\"name\":\"Colectivas feministas exigen justicia para Bertha, asesinada en Navidad en el Istmo\"}]},{\"@type\":\"WebSite\",\"@id\":\"https:\\\/\\\/www.gesmujer.org\\\/sitio\\\/#website\",\"url\":\"https:\\\/\\\/www.gesmujer.org\\\/sitio\\\/\",\"name\":\"GESMujer \\\"Rosario Castellanos\\\"\",\"description\":\"M\u00e1s de 45 a\u00f1os ha llevado a cabo acciones para erradicar la violencia de g\u00e9nero y construir entornos donde las mujeres encuentren su resiliencia, incrementen su agencia y autonom\u00eda que les permita lograr su empoderamiento a trav\u00e9s de cinco l\u00edneas de acci\u00f3n.\",\"publisher\":{\"@id\":\"https:\\\/\\\/www.gesmujer.org\\\/sitio\\\/#organization\"},\"alternateName\":\"GESMujer\",\"potentialAction\":[{\"@type\":\"SearchAction\",\"target\":{\"@type\":\"EntryPoint\",\"urlTemplate\":\"https:\\\/\\\/www.gesmujer.org\\\/sitio\\\/?s={search_term_string}\"},\"query-input\":{\"@type\":\"PropertyValueSpecification\",\"valueRequired\":true,\"valueName\":\"search_term_string\"}}],\"inLanguage\":\"es\"},{\"@type\":\"Organization\",\"@id\":\"https:\\\/\\\/www.gesmujer.org\\\/sitio\\\/#organization\",\"name\":\"Grupo de estudios sobre la mujer Rosario Castellanos ac\",\"alternateName\":\"GESMujer\",\"url\":\"https:\\\/\\\/www.gesmujer.org\\\/sitio\\\/\",\"logo\":{\"@type\":\"ImageObject\",\"inLanguage\":\"es\",\"@id\":\"https:\\\/\\\/www.gesmujer.org\\\/sitio\\\/#\\\/schema\\\/logo\\\/image\\\/\",\"url\":\"https:\\\/\\\/www.gesmujer.org\\\/sitio\\\/wp-content\\\/uploads\\\/2026\\\/03\\\/Logo-GESMujer-300.png\",\"contentUrl\":\"https:\\\/\\\/www.gesmujer.org\\\/sitio\\\/wp-content\\\/uploads\\\/2026\\\/03\\\/Logo-GESMujer-300.png\",\"width\":300,\"height\":141,\"caption\":\"Grupo de estudios sobre la mujer Rosario Castellanos ac\"},\"image\":{\"@id\":\"https:\\\/\\\/www.gesmujer.org\\\/sitio\\\/#\\\/schema\\\/logo\\\/image\\\/\"},\"sameAs\":[\"https:\\\/\\\/www.facebook.com\\\/gesmujer.rosario.castellanos.ac\",\"https:\\\/\\\/x.com\\\/GES_Mujer\",\"https:\\\/\\\/www.instagram.com\\\/ges_mujer\\\/?hl=es\",\"https:\\\/\\\/www.youtube.com\\\/c\\\/GESMujerRosarioCastellanos\\\/videos\",\"https:\\\/\\\/soundcloud.com\\\/gesmujerac\",\"https:\\\/\\\/www.tiktok.com\\\/@gesmujer\"]},{\"@type\":\"Person\",\"@id\":\"https:\\\/\\\/www.gesmujer.org\\\/sitio\\\/#\\\/schema\\\/person\\\/50e03387f883646c2714c51783a7e288\",\"name\":\"cendoc\",\"image\":{\"@type\":\"ImageObject\",\"inLanguage\":\"es\",\"@id\":\"https:\\\/\\\/secure.gravatar.com\\\/avatar\\\/2f187338ccb33c33bc1b08e92e2247a6891db221398e12bbc0f5ff0cfc462495?s=96&d=mm&r=g\",\"url\":\"https:\\\/\\\/secure.gravatar.com\\\/avatar\\\/2f187338ccb33c33bc1b08e92e2247a6891db221398e12bbc0f5ff0cfc462495?s=96&d=mm&r=g\",\"contentUrl\":\"https:\\\/\\\/secure.gravatar.com\\\/avatar\\\/2f187338ccb33c33bc1b08e92e2247a6891db221398e12bbc0f5ff0cfc462495?s=96&d=mm&r=g\",\"caption\":\"cendoc\"},\"sameAs\":[\"http:\\\/\\\/gesmujer.org\"],\"url\":\"https:\\\/\\\/www.gesmujer.org\\\/sitio\\\/author\\\/cendoc\\\/\"}]}<\/script>\n<!-- \/ Yoast SEO plugin. -->","yoast_head_json":{"title":"Colectivas feministas exigen justicia para Bertha, asesinada en Navidad en el Istmo - GESMujer &quot;Rosario Castellanos&quot;","robots":{"index":"index","follow":"follow","max-snippet":"max-snippet:-1","max-image-preview":"max-image-preview:large","max-video-preview":"max-video-preview:-1"},"canonical":"https:\/\/www.gesmujer.org\/sitio\/colectivas-feministas-exigen-justicia-para-bertha-asesinada-en-navidad-en-el-istmo\/","og_locale":"es_MX","og_type":"article","og_title":"Colectivas feministas exigen justicia para Bertha, asesinada en Navidad en el Istmo.","og_description":"Bertha Jos\u00e9 Dom\u00ednguez, se convirti\u00f3 en otra v\u00edctia m\u00e1s de feminicidio en Oaxaca.","og_url":"https:\/\/www.gesmujer.org\/sitio\/colectivas-feministas-exigen-justicia-para-bertha-asesinada-en-navidad-en-el-istmo\/","og_site_name":"GESMujer &quot;Rosario Castellanos&quot;","article_publisher":"https:\/\/www.facebook.com\/gesmujer.rosario.castellanos.ac","article_published_time":"2020-12-27T21:39:40+00:00","article_modified_time":"2020-12-27T21:39:43+00:00","og_image":[{"width":287,"height":176,"url":"https:\/\/www.gesmujer.org\/sitio\/wp-content\/uploads\/2020\/12\/download-47.jpg","type":"image\/jpeg"}],"author":"cendoc","twitter_card":"summary_large_image","twitter_title":"Colectivas feministas exigen justicia para Bertha, asesinada en Navidad en el Istmo.","twitter_description":"Bertha Jos\u00e9 Dom\u00ednguez, se convirti\u00f3 en otra v\u00edctia m\u00e1s de feminicidio en Oaxaca.","twitter_image":"https:\/\/www.gesmujer.org\/sitio\/wp-content\/uploads\/2020\/12\/download-47.jpg","twitter_creator":"@GES_Mujer","twitter_site":"@GES_Mujer","twitter_misc":{"Escrito por":"cendoc","Tiempo de lectura":"2 minutos"},"schema":{"@context":"https:\/\/schema.org","@graph":[{"@type":"Article","@id":"https:\/\/www.gesmujer.org\/sitio\/colectivas-feministas-exigen-justicia-para-bertha-asesinada-en-navidad-en-el-istmo\/#article","isPartOf":{"@id":"https:\/\/www.gesmujer.org\/sitio\/colectivas-feministas-exigen-justicia-para-bertha-asesinada-en-navidad-en-el-istmo\/"},"author":{"name":"cendoc","@id":"https:\/\/www.gesmujer.org\/sitio\/#\/schema\/person\/50e03387f883646c2714c51783a7e288"},"headline":"Colectivas feministas exigen justicia para Bertha, asesinada en Navidad en el Istmo","datePublished":"2020-12-27T21:39:40+00:00","dateModified":"2020-12-27T21:39:43+00:00","mainEntityOfPage":{"@id":"https:\/\/www.gesmujer.org\/sitio\/colectivas-feministas-exigen-justicia-para-bertha-asesinada-en-navidad-en-el-istmo\/"},"wordCount":335,"publisher":{"@id":"https:\/\/www.gesmujer.org\/sitio\/#organization"},"image":{"@id":"https:\/\/www.gesmujer.org\/sitio\/colectivas-feministas-exigen-justicia-para-bertha-asesinada-en-navidad-en-el-istmo\/#primaryimage"},"thumbnailUrl":"https:\/\/www.gesmujer.org\/sitio\/wp-content\/uploads\/2020\/12\/download-47.jpg","articleSection":["portada"],"inLanguage":"es"},{"@type":"WebPage","@id":"https:\/\/www.gesmujer.org\/sitio\/colectivas-feministas-exigen-justicia-para-bertha-asesinada-en-navidad-en-el-istmo\/","url":"https:\/\/www.gesmujer.org\/sitio\/colectivas-feministas-exigen-justicia-para-bertha-asesinada-en-navidad-en-el-istmo\/","name":"Colectivas feministas exigen justicia para Bertha, asesinada en Navidad en el Istmo - GESMujer &quot;Rosario Castellanos&quot;","isPartOf":{"@id":"https:\/\/www.gesmujer.org\/sitio\/#website"},"primaryImageOfPage":{"@id":"https:\/\/www.gesmujer.org\/sitio\/colectivas-feministas-exigen-justicia-para-bertha-asesinada-en-navidad-en-el-istmo\/#primaryimage"},"image":{"@id":"https:\/\/www.gesmujer.org\/sitio\/colectivas-feministas-exigen-justicia-para-bertha-asesinada-en-navidad-en-el-istmo\/#primaryimage"},"thumbnailUrl":"https:\/\/www.gesmujer.org\/sitio\/wp-content\/uploads\/2020\/12\/download-47.jpg","datePublished":"2020-12-27T21:39:40+00:00","dateModified":"2020-12-27T21:39:43+00:00","breadcrumb":{"@id":"https:\/\/www.gesmujer.org\/sitio\/colectivas-feministas-exigen-justicia-para-bertha-asesinada-en-navidad-en-el-istmo\/#breadcrumb"},"inLanguage":"es","potentialAction":[{"@type":"ReadAction","target":["https:\/\/www.gesmujer.org\/sitio\/colectivas-feministas-exigen-justicia-para-bertha-asesinada-en-navidad-en-el-istmo\/"]}]},{"@type":"ImageObject","inLanguage":"es","@id":"https:\/\/www.gesmujer.org\/sitio\/colectivas-feministas-exigen-justicia-para-bertha-asesinada-en-navidad-en-el-istmo\/#primaryimage","url":"https:\/\/www.gesmujer.org\/sitio\/wp-content\/uploads\/2020\/12\/download-47.jpg","contentUrl":"https:\/\/www.gesmujer.org\/sitio\/wp-content\/uploads\/2020\/12\/download-47.jpg","width":287,"height":176},{"@type":"BreadcrumbList","@id":"https:\/\/www.gesmujer.org\/sitio\/colectivas-feministas-exigen-justicia-para-bertha-asesinada-en-navidad-en-el-istmo\/#breadcrumb","itemListElement":[{"@type":"ListItem","position":1,"name":"Home","item":"https:\/\/www.gesmujer.org\/sitio\/"},{"@type":"ListItem","position":2,"name":"Colectivas feministas exigen justicia para Bertha, asesinada en Navidad en el Istmo"}]},{"@type":"WebSite","@id":"https:\/\/www.gesmujer.org\/sitio\/#website","url":"https:\/\/www.gesmujer.org\/sitio\/","name":"GESMujer \"Rosario Castellanos\"","description":"M\u00e1s de 45 a\u00f1os ha llevado a cabo acciones para erradicar la violencia de g\u00e9nero y construir entornos donde las mujeres encuentren su resiliencia, incrementen su agencia y autonom\u00eda que les permita lograr su empoderamiento a trav\u00e9s de cinco l\u00edneas de acci\u00f3n.","publisher":{"@id":"https:\/\/www.gesmujer.org\/sitio\/#organization"},"alternateName":"GESMujer","potentialAction":[{"@type":"SearchAction","target":{"@type":"EntryPoint","urlTemplate":"https:\/\/www.gesmujer.org\/sitio\/?s={search_term_string}"},"query-input":{"@type":"PropertyValueSpecification","valueRequired":true,"valueName":"search_term_string"}}],"inLanguage":"es"},{"@type":"Organization","@id":"https:\/\/www.gesmujer.org\/sitio\/#organization","name":"Grupo de estudios sobre la mujer Rosario Castellanos ac","alternateName":"GESMujer","url":"https:\/\/www.gesmujer.org\/sitio\/","logo":{"@type":"ImageObject","inLanguage":"es","@id":"https:\/\/www.gesmujer.org\/sitio\/#\/schema\/logo\/image\/","url":"https:\/\/www.gesmujer.org\/sitio\/wp-content\/uploads\/2026\/03\/Logo-GESMujer-300.png","contentUrl":"https:\/\/www.gesmujer.org\/sitio\/wp-content\/uploads\/2026\/03\/Logo-GESMujer-300.png","width":300,"height":141,"caption":"Grupo de estudios sobre la mujer Rosario Castellanos ac"},"image":{"@id":"https:\/\/www.gesmujer.org\/sitio\/#\/schema\/logo\/image\/"},"sameAs":["https:\/\/www.facebook.com\/gesmujer.rosario.castellanos.ac","https:\/\/x.com\/GES_Mujer","https:\/\/www.instagram.com\/ges_mujer\/?hl=es","https:\/\/www.youtube.com\/c\/GESMujerRosarioCastellanos\/videos","https:\/\/soundcloud.com\/gesmujerac","https:\/\/www.tiktok.com\/@gesmujer"]},{"@type":"Person","@id":"https:\/\/www.gesmujer.org\/sitio\/#\/schema\/person\/50e03387f883646c2714c51783a7e288","name":"cendoc","image":{"@type":"ImageObject","inLanguage":"es","@id":"https:\/\/secure.gravatar.com\/avatar\/2f187338ccb33c33bc1b08e92e2247a6891db221398e12bbc0f5ff0cfc462495?s=96&d=mm&r=g","url":"https:\/\/secure.gravatar.com\/avatar\/2f187338ccb33c33bc1b08e92e2247a6891db221398e12bbc0f5ff0cfc462495?s=96&d=mm&r=g","contentUrl":"https:\/\/secure.gravatar.com\/avatar\/2f187338ccb33c33bc1b08e92e2247a6891db221398e12bbc0f5ff0cfc462495?s=96&d=mm&r=g","caption":"cendoc"},"sameAs":["http:\/\/gesmujer.org"],"url":"https:\/\/www.gesmujer.org\/sitio\/author\/cendoc\/"}]}},"_links":{"self":[{"href":"https:\/\/www.gesmujer.org\/sitio\/wp-json\/wp\/v2\/posts\/6297","targetHints":{"allow":["GET"]}}],"collection":[{"href":"https:\/\/www.gesmujer.org\/sitio\/wp-json\/wp\/v2\/posts"}],"about":[{"href":"https:\/\/www.gesmujer.org\/sitio\/wp-json\/wp\/v2\/types\/post"}],"author":[{"embeddable":true,"href":"https:\/\/www.gesmujer.org\/sitio\/wp-json\/wp\/v2\/users\/4"}],"replies":[{"embeddable":true,"href":"https:\/\/www.gesmujer.org\/sitio\/wp-json\/wp\/v2\/comments?post=6297"}],"version-history":[{"count":1,"href":"https:\/\/www.gesmujer.org\/sitio\/wp-json\/wp\/v2\/posts\/6297\/revisions"}],"predecessor-version":[{"id":6299,"href":"https:\/\/www.gesmujer.org\/sitio\/wp-json\/wp\/v2\/posts\/6297\/revisions\/6299"}],"wp:featuredmedia":[{"embeddable":true,"href":"https:\/\/www.gesmujer.org\/sitio\/wp-json\/wp\/v2\/media\/6298"}],"wp:attachment":[{"href":"https:\/\/www.gesmujer.org\/sitio\/wp-json\/wp\/v2\/media?parent=6297"}],"wp:term":[{"taxonomy":"category","embeddable":true,"href":"https:\/\/www.gesmujer.org\/sitio\/wp-json\/wp\/v2\/categories?post=6297"},{"taxonomy":"post_tag","embeddable":true,"href":"https:\/\/www.gesmujer.org\/sitio\/wp-json\/wp\/v2\/tags?post=6297"}],"curies":[{"name":"wp","href":"https:\/\/api.w.org\/{rel}","templated":true}]}}