{"id":6304,"date":"2020-12-28T11:56:39","date_gmt":"2020-12-28T17:56:39","guid":{"rendered":"https:\/\/www.gesmujer.org\/web\/?p=6304"},"modified":"2020-12-28T12:15:45","modified_gmt":"2020-12-28T18:15:45","slug":"asesinadas-en-oaxaca-tres-mujeres-durante-festejos-navidenos","status":"publish","type":"post","link":"https:\/\/www.gesmujer.org\/sitio\/asesinadas-en-oaxaca-tres-mujeres-durante-festejos-navidenos\/","title":{"rendered":"Asesinadas en Oaxaca, tres mujeres durante festejos navide\u00f1os"},"content":{"rendered":"\n<p>Citlalli Liciana, Lunes 28 de Diciembre de 2020, Noticias Voz e Imagen de Oaxaca.- De manera impune la violencia feminicida arrebat\u00f3 la vida de Bertha, Nayeli y Melisa, quienes en distintos puntos de la entidad fueron asesinadas en los pasados cinco d\u00edas, previo, durante y posterior a las fiestas navide\u00f1as.&nbsp;Con estos casos suman 14 mujeres a quienes se les ha arrebatado la vida durante diciembre, perfil\u00e1ndose como uno de los meses m\u00e1s violentos para las mujeres en este a\u00f1o.<\/p>\n\n\n\n<p>La indignaci\u00f3n causada por los asesinatos de Berta y Melissa, activ\u00f3 la b\u00fasqueda de los feminicidas, en ambos casos sus parejas y padres de sus hijos. A trav\u00e9s de las rede sociales, familiares de las v\u00edctimas y colectivas feministas difundieron las fotograf\u00edas de los implicados a fin de dar con ellos.<\/p>\n\n\n\n<p>Melisa A. P. P. de 29 a\u00f1os de edad fue asesinada a pu\u00f1aladas en la agencia de San Francisco Yosocuta, ubicada en Huajuapan de Le\u00f3n. El presunto asesinado es Miguel C., su pareja qui\u00e9n despu\u00e9s del hecho, cometido el 21 de diciembre, se dio a la fuga.<\/p>\n\n\n\n<p>Posteriormente, la noche del 24 de diciembre, Bertha J. D. fue asesinada en Uni\u00f3n Hidalgo. El presunto agresor Jes\u00fas M. A.&nbsp;tambi\u00e9n encuentra&nbsp;pr\u00f3fugo.<\/p>\n\n\n\n<p>\u201cLa mujer de la foto es mi prima originaria de San Pedro Jilotepec, y el hombre a su lado es su esposo. Ella est\u00e1 muerta, me acabo de enterar de que hoy es su sepelio. \u00c9l la asesin\u00f3; los hechos ocurrieron en Uni\u00f3n Hidalgo. Ten\u00edan ya varios a\u00f1os juntos y tienen un hijo en com\u00fan. Mi sobrino hoy es hu\u00e9rfano de madre gracias a que su padre le quit\u00f3 la vida. No es posible tanta maldad, tanto odio acumulado por tanto tiempo. Yo conviv\u00ed con ellos, nunca vi rasgos de violencia, sin embargo, un d\u00eda sucedi\u00f3 esto. A todos los que me leen les pido por favor que compartan la publicaci\u00f3n para encontrar a este se\u00f1or ya que como buen cobarde mat\u00f3 a mi prima y huy\u00f3\u201d, escribi\u00f3 una de las familiares de la v\u00edctima llamando a la localizaci\u00f3n de presunto feminicida.<\/p>\n\n\n\n<p>A los dos feminicidios anteriores se sum\u00f3 el de Nayeli de 17 a\u00f1os de edad qui\u00e9n fue asesinada la tarde noche del s\u00e1bado en San Antonio de la Cal tras recibir un disparo de arma en la cabeza.<\/p>\n\n\n\n<p><strong>Cifras de la Grupo de estudios sobre la mujer Rosario Castellanos se\u00f1ala que en lo que va de la actual administraci\u00f3n estatal de gobierno suman 495 mujeres y ni\u00f1as asesinadas de manera violenta; 280 desde la declaratoria de Alerta de Violencia de G\u00e9nero contra las Mujeres (AVGM) y 111 en lo que va del a\u00f1o.<\/strong><\/p>\n\n\n\n<p><strong>Las regiones de Valles Centrales y el Istmo con 23 por ciento cada una, concentran el 46 por ciento de los femincidios, es decir casi la mitad de todos los asesinatos violentos de mujeres y ni\u00f1as en este a\u00f1o, destac\u00f3 Ang\u00e9lica Ayala, presidenta del GESMujer.<\/strong><\/p>\n\n\n\n<blockquote class=\"wp-block-quote is-layout-flow wp-block-quote-is-layout-flow\"><p><strong>\u201cEl indignante feminicidio de Bertha en Uni\u00f3n\u00a0 Hidalgo no debe quedar en la impunidad, pues la misoginia que se expresa en el rechazo, odio y aversi\u00f3n a las mujeres por su condici\u00f3n de ser mujeres, es un grave problema social, presente no s\u00f3lo en las relaciones inequitativas e injustas en donde\u00a0 los hombres abusan de su poder, sino que tambi\u00e9n est\u00e1 presente en las instituciones de prevenir atender y sancionar la violencia por raz\u00f3n de g\u00e9nero pues las omisiones son tan graves como los propios hechos que arrebatan la vida de las mujeres oaxaque\u00f1as\u201d, destac\u00f3 la defensora de derechos de la mujer<\/strong>, Ang\u00e9lica Ayala Ortiz.<\/p><\/blockquote>\n\n\n\n<p>Fuente: https:\/\/www.nvinoticias.com\/nota\/170930\/asesinadas-en-oaxaca-tres-mujeres-durante-festejos-navidenos<\/p>\n","protected":false},"excerpt":{"rendered":"<p>Citlalli Liciana, Lunes 28 de Diciembre de 2020, Noticias Voz e Imagen de Oaxaca.- De manera impune la violencia feminicida arrebat\u00f3 la vida de Bertha, Nayeli y Melisa, quienes en distintos puntos de la entidad fueron asesinadas en los pasados cinco d\u00edas, previo, durante y posterior a las fiestas navide\u00f1as.&nbsp;Con estos casos suman 14 mujeres [&hellip;]<\/p>\n","protected":false},"author":4,"featured_media":6305,"comment_status":"closed","ping_status":"open","sticky":false,"template":"","format":"standard","meta":{"give_campaign_id":0,"footnotes":""},"categories":[91,32,3],"tags":[],"class_list":["post-6304","post","type-post","status-publish","format-standard","has-post-thumbnail","hentry","category-notas","category-novedades","category-portada"],"yoast_head":"<!-- This site is optimized with the Yoast SEO plugin v27.4 - https:\/\/yoast.com\/product\/yoast-seo-wordpress\/ -->\n<title>Asesinadas en Oaxaca, tres mujeres durante festejos navide\u00f1os - GESMujer &quot;Rosario Castellanos&quot;<\/title>\n<meta name=\"robots\" content=\"index, follow, max-snippet:-1, max-image-preview:large, max-video-preview:-1\" \/>\n<link rel=\"canonical\" href=\"https:\/\/www.gesmujer.org\/sitio\/asesinadas-en-oaxaca-tres-mujeres-durante-festejos-navidenos\/\" \/>\n<meta property=\"og:locale\" content=\"es_MX\" \/>\n<meta property=\"og:type\" content=\"article\" \/>\n<meta property=\"og:title\" content=\"Asesinadas en Oaxaca, tres mujeres durante festejos navide\u00f1os.\" \/>\n<meta property=\"og:description\" content=\"De manera impune la violencia feminicida arrebat\u00f3 la vida de Bertha, Nayeli y Melisa, quienes en distintos puntos de la entidad fueron asesinadas en los pasados cinco d\u00edas, previo, durante y posterior a las fiestas navide\u00f1as.\" \/>\n<meta property=\"og:url\" content=\"https:\/\/www.gesmujer.org\/sitio\/asesinadas-en-oaxaca-tres-mujeres-durante-festejos-navidenos\/\" \/>\n<meta property=\"og:site_name\" content=\"GESMujer &quot;Rosario Castellanos&quot;\" \/>\n<meta property=\"article:publisher\" content=\"https:\/\/www.facebook.com\/gesmujer.rosario.castellanos.ac\" \/>\n<meta property=\"article:published_time\" content=\"2020-12-28T17:56:39+00:00\" \/>\n<meta property=\"article:modified_time\" content=\"2020-12-28T18:15:45+00:00\" \/>\n<meta property=\"og:image\" content=\"https:\/\/www.gesmujer.org\/sitio\/wp-content\/uploads\/2020\/12\/piden-memorial-jalisco-victimas-feminicidio.jpg\" \/>\n\t<meta property=\"og:image:width\" content=\"1144\" \/>\n\t<meta property=\"og:image:height\" content=\"645\" \/>\n\t<meta property=\"og:image:type\" content=\"image\/jpeg\" \/>\n<meta name=\"author\" content=\"cendoc\" \/>\n<meta name=\"twitter:card\" content=\"summary_large_image\" \/>\n<meta name=\"twitter:title\" content=\"Asesinadas en Oaxaca, tres mujeres durante festejos navide\u00f1os.\" \/>\n<meta name=\"twitter:description\" content=\"De manera impune la violencia feminicida arrebat\u00f3 la vida de Bertha, Nayeli y Melisa, quienes en distintos puntos de la entidad fueron asesinadas en los pasados cinco d\u00edas, previo, durante y posterior a las fiestas navide\u00f1as.\" \/>\n<meta name=\"twitter:image\" content=\"https:\/\/www.gesmujer.org\/sitio\/wp-content\/uploads\/2020\/12\/piden-memorial-jalisco-victimas-feminicidio.jpg\" \/>\n<meta name=\"twitter:creator\" content=\"@GES_Mujer\" \/>\n<meta name=\"twitter:site\" content=\"@GES_Mujer\" \/>\n<meta name=\"twitter:label1\" content=\"Escrito por\" \/>\n\t<meta name=\"twitter:data1\" content=\"cendoc\" \/>\n\t<meta name=\"twitter:label2\" content=\"Tiempo de lectura\" \/>\n\t<meta name=\"twitter:data2\" content=\"3 minutos\" \/>\n<script type=\"application\/ld+json\" class=\"yoast-schema-graph\">{\"@context\":\"https:\\\/\\\/schema.org\",\"@graph\":[{\"@type\":\"Article\",\"@id\":\"https:\\\/\\\/www.gesmujer.org\\\/sitio\\\/asesinadas-en-oaxaca-tres-mujeres-durante-festejos-navidenos\\\/#article\",\"isPartOf\":{\"@id\":\"https:\\\/\\\/www.gesmujer.org\\\/sitio\\\/asesinadas-en-oaxaca-tres-mujeres-durante-festejos-navidenos\\\/\"},\"author\":{\"name\":\"cendoc\",\"@id\":\"https:\\\/\\\/www.gesmujer.org\\\/sitio\\\/#\\\/schema\\\/person\\\/50e03387f883646c2714c51783a7e288\"},\"headline\":\"Asesinadas en Oaxaca, tres mujeres durante festejos navide\u00f1os\",\"datePublished\":\"2020-12-28T17:56:39+00:00\",\"dateModified\":\"2020-12-28T18:15:45+00:00\",\"mainEntityOfPage\":{\"@id\":\"https:\\\/\\\/www.gesmujer.org\\\/sitio\\\/asesinadas-en-oaxaca-tres-mujeres-durante-festejos-navidenos\\\/\"},\"wordCount\":644,\"publisher\":{\"@id\":\"https:\\\/\\\/www.gesmujer.org\\\/sitio\\\/#organization\"},\"image\":{\"@id\":\"https:\\\/\\\/www.gesmujer.org\\\/sitio\\\/asesinadas-en-oaxaca-tres-mujeres-durante-festejos-navidenos\\\/#primaryimage\"},\"thumbnailUrl\":\"https:\\\/\\\/www.gesmujer.org\\\/sitio\\\/wp-content\\\/uploads\\\/2020\\\/12\\\/piden-memorial-jalisco-victimas-feminicidio.jpg\",\"articleSection\":[\"NOTAS\",\"NOTICIAS\",\"portada\"],\"inLanguage\":\"es\"},{\"@type\":\"WebPage\",\"@id\":\"https:\\\/\\\/www.gesmujer.org\\\/sitio\\\/asesinadas-en-oaxaca-tres-mujeres-durante-festejos-navidenos\\\/\",\"url\":\"https:\\\/\\\/www.gesmujer.org\\\/sitio\\\/asesinadas-en-oaxaca-tres-mujeres-durante-festejos-navidenos\\\/\",\"name\":\"Asesinadas en Oaxaca, tres mujeres durante festejos navide\u00f1os - GESMujer &quot;Rosario Castellanos&quot;\",\"isPartOf\":{\"@id\":\"https:\\\/\\\/www.gesmujer.org\\\/sitio\\\/#website\"},\"primaryImageOfPage\":{\"@id\":\"https:\\\/\\\/www.gesmujer.org\\\/sitio\\\/asesinadas-en-oaxaca-tres-mujeres-durante-festejos-navidenos\\\/#primaryimage\"},\"image\":{\"@id\":\"https:\\\/\\\/www.gesmujer.org\\\/sitio\\\/asesinadas-en-oaxaca-tres-mujeres-durante-festejos-navidenos\\\/#primaryimage\"},\"thumbnailUrl\":\"https:\\\/\\\/www.gesmujer.org\\\/sitio\\\/wp-content\\\/uploads\\\/2020\\\/12\\\/piden-memorial-jalisco-victimas-feminicidio.jpg\",\"datePublished\":\"2020-12-28T17:56:39+00:00\",\"dateModified\":\"2020-12-28T18:15:45+00:00\",\"breadcrumb\":{\"@id\":\"https:\\\/\\\/www.gesmujer.org\\\/sitio\\\/asesinadas-en-oaxaca-tres-mujeres-durante-festejos-navidenos\\\/#breadcrumb\"},\"inLanguage\":\"es\",\"potentialAction\":[{\"@type\":\"ReadAction\",\"target\":[\"https:\\\/\\\/www.gesmujer.org\\\/sitio\\\/asesinadas-en-oaxaca-tres-mujeres-durante-festejos-navidenos\\\/\"]}]},{\"@type\":\"ImageObject\",\"inLanguage\":\"es\",\"@id\":\"https:\\\/\\\/www.gesmujer.org\\\/sitio\\\/asesinadas-en-oaxaca-tres-mujeres-durante-festejos-navidenos\\\/#primaryimage\",\"url\":\"https:\\\/\\\/www.gesmujer.org\\\/sitio\\\/wp-content\\\/uploads\\\/2020\\\/12\\\/piden-memorial-jalisco-victimas-feminicidio.jpg\",\"contentUrl\":\"https:\\\/\\\/www.gesmujer.org\\\/sitio\\\/wp-content\\\/uploads\\\/2020\\\/12\\\/piden-memorial-jalisco-victimas-feminicidio.jpg\",\"width\":1144,\"height\":645},{\"@type\":\"BreadcrumbList\",\"@id\":\"https:\\\/\\\/www.gesmujer.org\\\/sitio\\\/asesinadas-en-oaxaca-tres-mujeres-durante-festejos-navidenos\\\/#breadcrumb\",\"itemListElement\":[{\"@type\":\"ListItem\",\"position\":1,\"name\":\"Home\",\"item\":\"https:\\\/\\\/www.gesmujer.org\\\/sitio\\\/\"},{\"@type\":\"ListItem\",\"position\":2,\"name\":\"Asesinadas en Oaxaca, tres mujeres durante festejos navide\u00f1os\"}]},{\"@type\":\"WebSite\",\"@id\":\"https:\\\/\\\/www.gesmujer.org\\\/sitio\\\/#website\",\"url\":\"https:\\\/\\\/www.gesmujer.org\\\/sitio\\\/\",\"name\":\"GESMujer \\\"Rosario Castellanos\\\"\",\"description\":\"M\u00e1s de 45 a\u00f1os ha llevado a cabo acciones para erradicar la violencia de g\u00e9nero y construir entornos donde las mujeres encuentren su resiliencia, incrementen su agencia y autonom\u00eda que les permita lograr su empoderamiento a trav\u00e9s de cinco l\u00edneas de acci\u00f3n.\",\"publisher\":{\"@id\":\"https:\\\/\\\/www.gesmujer.org\\\/sitio\\\/#organization\"},\"alternateName\":\"GESMujer\",\"potentialAction\":[{\"@type\":\"SearchAction\",\"target\":{\"@type\":\"EntryPoint\",\"urlTemplate\":\"https:\\\/\\\/www.gesmujer.org\\\/sitio\\\/?s={search_term_string}\"},\"query-input\":{\"@type\":\"PropertyValueSpecification\",\"valueRequired\":true,\"valueName\":\"search_term_string\"}}],\"inLanguage\":\"es\"},{\"@type\":\"Organization\",\"@id\":\"https:\\\/\\\/www.gesmujer.org\\\/sitio\\\/#organization\",\"name\":\"Grupo de estudios sobre la mujer Rosario Castellanos ac\",\"alternateName\":\"GESMujer\",\"url\":\"https:\\\/\\\/www.gesmujer.org\\\/sitio\\\/\",\"logo\":{\"@type\":\"ImageObject\",\"inLanguage\":\"es\",\"@id\":\"https:\\\/\\\/www.gesmujer.org\\\/sitio\\\/#\\\/schema\\\/logo\\\/image\\\/\",\"url\":\"https:\\\/\\\/www.gesmujer.org\\\/sitio\\\/wp-content\\\/uploads\\\/2026\\\/03\\\/Logo-GESMujer-300.png\",\"contentUrl\":\"https:\\\/\\\/www.gesmujer.org\\\/sitio\\\/wp-content\\\/uploads\\\/2026\\\/03\\\/Logo-GESMujer-300.png\",\"width\":300,\"height\":141,\"caption\":\"Grupo de estudios sobre la mujer Rosario Castellanos ac\"},\"image\":{\"@id\":\"https:\\\/\\\/www.gesmujer.org\\\/sitio\\\/#\\\/schema\\\/logo\\\/image\\\/\"},\"sameAs\":[\"https:\\\/\\\/www.facebook.com\\\/gesmujer.rosario.castellanos.ac\",\"https:\\\/\\\/x.com\\\/GES_Mujer\",\"https:\\\/\\\/www.instagram.com\\\/ges_mujer\\\/?hl=es\",\"https:\\\/\\\/www.youtube.com\\\/c\\\/GESMujerRosarioCastellanos\\\/videos\",\"https:\\\/\\\/soundcloud.com\\\/gesmujerac\",\"https:\\\/\\\/www.tiktok.com\\\/@gesmujer\"]},{\"@type\":\"Person\",\"@id\":\"https:\\\/\\\/www.gesmujer.org\\\/sitio\\\/#\\\/schema\\\/person\\\/50e03387f883646c2714c51783a7e288\",\"name\":\"cendoc\",\"image\":{\"@type\":\"ImageObject\",\"inLanguage\":\"es\",\"@id\":\"https:\\\/\\\/secure.gravatar.com\\\/avatar\\\/2f187338ccb33c33bc1b08e92e2247a6891db221398e12bbc0f5ff0cfc462495?s=96&d=mm&r=g\",\"url\":\"https:\\\/\\\/secure.gravatar.com\\\/avatar\\\/2f187338ccb33c33bc1b08e92e2247a6891db221398e12bbc0f5ff0cfc462495?s=96&d=mm&r=g\",\"contentUrl\":\"https:\\\/\\\/secure.gravatar.com\\\/avatar\\\/2f187338ccb33c33bc1b08e92e2247a6891db221398e12bbc0f5ff0cfc462495?s=96&d=mm&r=g\",\"caption\":\"cendoc\"},\"sameAs\":[\"http:\\\/\\\/gesmujer.org\"],\"url\":\"https:\\\/\\\/www.gesmujer.org\\\/sitio\\\/author\\\/cendoc\\\/\"}]}<\/script>\n<!-- \/ Yoast SEO plugin. -->","yoast_head_json":{"title":"Asesinadas en Oaxaca, tres mujeres durante festejos navide\u00f1os - GESMujer &quot;Rosario Castellanos&quot;","robots":{"index":"index","follow":"follow","max-snippet":"max-snippet:-1","max-image-preview":"max-image-preview:large","max-video-preview":"max-video-preview:-1"},"canonical":"https:\/\/www.gesmujer.org\/sitio\/asesinadas-en-oaxaca-tres-mujeres-durante-festejos-navidenos\/","og_locale":"es_MX","og_type":"article","og_title":"Asesinadas en Oaxaca, tres mujeres durante festejos navide\u00f1os.","og_description":"De manera impune la violencia feminicida arrebat\u00f3 la vida de Bertha, Nayeli y Melisa, quienes en distintos puntos de la entidad fueron asesinadas en los pasados cinco d\u00edas, previo, durante y posterior a las fiestas navide\u00f1as.","og_url":"https:\/\/www.gesmujer.org\/sitio\/asesinadas-en-oaxaca-tres-mujeres-durante-festejos-navidenos\/","og_site_name":"GESMujer &quot;Rosario Castellanos&quot;","article_publisher":"https:\/\/www.facebook.com\/gesmujer.rosario.castellanos.ac","article_published_time":"2020-12-28T17:56:39+00:00","article_modified_time":"2020-12-28T18:15:45+00:00","og_image":[{"width":1144,"height":645,"url":"https:\/\/www.gesmujer.org\/sitio\/wp-content\/uploads\/2020\/12\/piden-memorial-jalisco-victimas-feminicidio.jpg","type":"image\/jpeg"}],"author":"cendoc","twitter_card":"summary_large_image","twitter_title":"Asesinadas en Oaxaca, tres mujeres durante festejos navide\u00f1os.","twitter_description":"De manera impune la violencia feminicida arrebat\u00f3 la vida de Bertha, Nayeli y Melisa, quienes en distintos puntos de la entidad fueron asesinadas en los pasados cinco d\u00edas, previo, durante y posterior a las fiestas navide\u00f1as.","twitter_image":"https:\/\/www.gesmujer.org\/sitio\/wp-content\/uploads\/2020\/12\/piden-memorial-jalisco-victimas-feminicidio.jpg","twitter_creator":"@GES_Mujer","twitter_site":"@GES_Mujer","twitter_misc":{"Escrito por":"cendoc","Tiempo de lectura":"3 minutos"},"schema":{"@context":"https:\/\/schema.org","@graph":[{"@type":"Article","@id":"https:\/\/www.gesmujer.org\/sitio\/asesinadas-en-oaxaca-tres-mujeres-durante-festejos-navidenos\/#article","isPartOf":{"@id":"https:\/\/www.gesmujer.org\/sitio\/asesinadas-en-oaxaca-tres-mujeres-durante-festejos-navidenos\/"},"author":{"name":"cendoc","@id":"https:\/\/www.gesmujer.org\/sitio\/#\/schema\/person\/50e03387f883646c2714c51783a7e288"},"headline":"Asesinadas en Oaxaca, tres mujeres durante festejos navide\u00f1os","datePublished":"2020-12-28T17:56:39+00:00","dateModified":"2020-12-28T18:15:45+00:00","mainEntityOfPage":{"@id":"https:\/\/www.gesmujer.org\/sitio\/asesinadas-en-oaxaca-tres-mujeres-durante-festejos-navidenos\/"},"wordCount":644,"publisher":{"@id":"https:\/\/www.gesmujer.org\/sitio\/#organization"},"image":{"@id":"https:\/\/www.gesmujer.org\/sitio\/asesinadas-en-oaxaca-tres-mujeres-durante-festejos-navidenos\/#primaryimage"},"thumbnailUrl":"https:\/\/www.gesmujer.org\/sitio\/wp-content\/uploads\/2020\/12\/piden-memorial-jalisco-victimas-feminicidio.jpg","articleSection":["NOTAS","NOTICIAS","portada"],"inLanguage":"es"},{"@type":"WebPage","@id":"https:\/\/www.gesmujer.org\/sitio\/asesinadas-en-oaxaca-tres-mujeres-durante-festejos-navidenos\/","url":"https:\/\/www.gesmujer.org\/sitio\/asesinadas-en-oaxaca-tres-mujeres-durante-festejos-navidenos\/","name":"Asesinadas en Oaxaca, tres mujeres durante festejos navide\u00f1os - GESMujer &quot;Rosario Castellanos&quot;","isPartOf":{"@id":"https:\/\/www.gesmujer.org\/sitio\/#website"},"primaryImageOfPage":{"@id":"https:\/\/www.gesmujer.org\/sitio\/asesinadas-en-oaxaca-tres-mujeres-durante-festejos-navidenos\/#primaryimage"},"image":{"@id":"https:\/\/www.gesmujer.org\/sitio\/asesinadas-en-oaxaca-tres-mujeres-durante-festejos-navidenos\/#primaryimage"},"thumbnailUrl":"https:\/\/www.gesmujer.org\/sitio\/wp-content\/uploads\/2020\/12\/piden-memorial-jalisco-victimas-feminicidio.jpg","datePublished":"2020-12-28T17:56:39+00:00","dateModified":"2020-12-28T18:15:45+00:00","breadcrumb":{"@id":"https:\/\/www.gesmujer.org\/sitio\/asesinadas-en-oaxaca-tres-mujeres-durante-festejos-navidenos\/#breadcrumb"},"inLanguage":"es","potentialAction":[{"@type":"ReadAction","target":["https:\/\/www.gesmujer.org\/sitio\/asesinadas-en-oaxaca-tres-mujeres-durante-festejos-navidenos\/"]}]},{"@type":"ImageObject","inLanguage":"es","@id":"https:\/\/www.gesmujer.org\/sitio\/asesinadas-en-oaxaca-tres-mujeres-durante-festejos-navidenos\/#primaryimage","url":"https:\/\/www.gesmujer.org\/sitio\/wp-content\/uploads\/2020\/12\/piden-memorial-jalisco-victimas-feminicidio.jpg","contentUrl":"https:\/\/www.gesmujer.org\/sitio\/wp-content\/uploads\/2020\/12\/piden-memorial-jalisco-victimas-feminicidio.jpg","width":1144,"height":645},{"@type":"BreadcrumbList","@id":"https:\/\/www.gesmujer.org\/sitio\/asesinadas-en-oaxaca-tres-mujeres-durante-festejos-navidenos\/#breadcrumb","itemListElement":[{"@type":"ListItem","position":1,"name":"Home","item":"https:\/\/www.gesmujer.org\/sitio\/"},{"@type":"ListItem","position":2,"name":"Asesinadas en Oaxaca, tres mujeres durante festejos navide\u00f1os"}]},{"@type":"WebSite","@id":"https:\/\/www.gesmujer.org\/sitio\/#website","url":"https:\/\/www.gesmujer.org\/sitio\/","name":"GESMujer \"Rosario Castellanos\"","description":"M\u00e1s de 45 a\u00f1os ha llevado a cabo acciones para erradicar la violencia de g\u00e9nero y construir entornos donde las mujeres encuentren su resiliencia, incrementen su agencia y autonom\u00eda que les permita lograr su empoderamiento a trav\u00e9s de cinco l\u00edneas de acci\u00f3n.","publisher":{"@id":"https:\/\/www.gesmujer.org\/sitio\/#organization"},"alternateName":"GESMujer","potentialAction":[{"@type":"SearchAction","target":{"@type":"EntryPoint","urlTemplate":"https:\/\/www.gesmujer.org\/sitio\/?s={search_term_string}"},"query-input":{"@type":"PropertyValueSpecification","valueRequired":true,"valueName":"search_term_string"}}],"inLanguage":"es"},{"@type":"Organization","@id":"https:\/\/www.gesmujer.org\/sitio\/#organization","name":"Grupo de estudios sobre la mujer Rosario Castellanos ac","alternateName":"GESMujer","url":"https:\/\/www.gesmujer.org\/sitio\/","logo":{"@type":"ImageObject","inLanguage":"es","@id":"https:\/\/www.gesmujer.org\/sitio\/#\/schema\/logo\/image\/","url":"https:\/\/www.gesmujer.org\/sitio\/wp-content\/uploads\/2026\/03\/Logo-GESMujer-300.png","contentUrl":"https:\/\/www.gesmujer.org\/sitio\/wp-content\/uploads\/2026\/03\/Logo-GESMujer-300.png","width":300,"height":141,"caption":"Grupo de estudios sobre la mujer Rosario Castellanos ac"},"image":{"@id":"https:\/\/www.gesmujer.org\/sitio\/#\/schema\/logo\/image\/"},"sameAs":["https:\/\/www.facebook.com\/gesmujer.rosario.castellanos.ac","https:\/\/x.com\/GES_Mujer","https:\/\/www.instagram.com\/ges_mujer\/?hl=es","https:\/\/www.youtube.com\/c\/GESMujerRosarioCastellanos\/videos","https:\/\/soundcloud.com\/gesmujerac","https:\/\/www.tiktok.com\/@gesmujer"]},{"@type":"Person","@id":"https:\/\/www.gesmujer.org\/sitio\/#\/schema\/person\/50e03387f883646c2714c51783a7e288","name":"cendoc","image":{"@type":"ImageObject","inLanguage":"es","@id":"https:\/\/secure.gravatar.com\/avatar\/2f187338ccb33c33bc1b08e92e2247a6891db221398e12bbc0f5ff0cfc462495?s=96&d=mm&r=g","url":"https:\/\/secure.gravatar.com\/avatar\/2f187338ccb33c33bc1b08e92e2247a6891db221398e12bbc0f5ff0cfc462495?s=96&d=mm&r=g","contentUrl":"https:\/\/secure.gravatar.com\/avatar\/2f187338ccb33c33bc1b08e92e2247a6891db221398e12bbc0f5ff0cfc462495?s=96&d=mm&r=g","caption":"cendoc"},"sameAs":["http:\/\/gesmujer.org"],"url":"https:\/\/www.gesmujer.org\/sitio\/author\/cendoc\/"}]}},"_links":{"self":[{"href":"https:\/\/www.gesmujer.org\/sitio\/wp-json\/wp\/v2\/posts\/6304","targetHints":{"allow":["GET"]}}],"collection":[{"href":"https:\/\/www.gesmujer.org\/sitio\/wp-json\/wp\/v2\/posts"}],"about":[{"href":"https:\/\/www.gesmujer.org\/sitio\/wp-json\/wp\/v2\/types\/post"}],"author":[{"embeddable":true,"href":"https:\/\/www.gesmujer.org\/sitio\/wp-json\/wp\/v2\/users\/4"}],"replies":[{"embeddable":true,"href":"https:\/\/www.gesmujer.org\/sitio\/wp-json\/wp\/v2\/comments?post=6304"}],"version-history":[{"count":2,"href":"https:\/\/www.gesmujer.org\/sitio\/wp-json\/wp\/v2\/posts\/6304\/revisions"}],"predecessor-version":[{"id":6310,"href":"https:\/\/www.gesmujer.org\/sitio\/wp-json\/wp\/v2\/posts\/6304\/revisions\/6310"}],"wp:featuredmedia":[{"embeddable":true,"href":"https:\/\/www.gesmujer.org\/sitio\/wp-json\/wp\/v2\/media\/6305"}],"wp:attachment":[{"href":"https:\/\/www.gesmujer.org\/sitio\/wp-json\/wp\/v2\/media?parent=6304"}],"wp:term":[{"taxonomy":"category","embeddable":true,"href":"https:\/\/www.gesmujer.org\/sitio\/wp-json\/wp\/v2\/categories?post=6304"},{"taxonomy":"post_tag","embeddable":true,"href":"https:\/\/www.gesmujer.org\/sitio\/wp-json\/wp\/v2\/tags?post=6304"}],"curies":[{"name":"wp","href":"https:\/\/api.w.org\/{rel}","templated":true}]}}