{"id":6508,"date":"2021-03-23T18:56:23","date_gmt":"2021-03-24T00:56:23","guid":{"rendered":"https:\/\/www.gesmujer.org\/web\/?p=6508"},"modified":"2021-03-23T18:56:27","modified_gmt":"2021-03-24T00:56:27","slug":"precandidata-asesinada-habia-denunciado-violencia-politica","status":"publish","type":"post","link":"https:\/\/www.gesmujer.org\/sitio\/precandidata-asesinada-habia-denunciado-violencia-politica\/","title":{"rendered":"Precandidata asesinada hab\u00eda denunciado violencia pol\u00edtica"},"content":{"rendered":"\n<p>Andr\u00e9s Carrera Pineda, Martes 23 de marzo de 2020, El Imparcial de Oaxaca.- Un d\u00eda antes de ser asesinada, la precandidata independiente por el municipio de Ocotl\u00e1n de Morelos, Ivonne Gallegos Carre\u00f1o, denunci\u00f3 violencia pol\u00edtica ante los \u00f3rganos electorales y jurisdiccionales del estado de Oaxaca.<\/p>\n\n\n\n<p>A tres d\u00edas del atentado en donde la precandidata perdi\u00f3 la vida, asociaciones civiles y organismos locales, nacionales e internacionales, se sumaron a la exigencia de justicia al estado mexicano.<\/p>\n\n\n\n<blockquote class=\"wp-block-quote is-layout-flow wp-block-quote-is-layout-flow\"><p><strong>&#8220;La contienda electoral se enrarece cuando una candidata es asesinada de manera violenta un d\u00eda despu\u00e9s de que denunci\u00f3 violencia pol\u00edtica, exigimos a las autoridades a investigar este feminicidio&#8221;, <\/strong>demand\u00f3 el Grupo de estudios sobre la mujer Rosario Castellanos.<\/p><\/blockquote>\n\n\n\n<p>   La Agencia de las Naciones Unidas para la Igualdad de G\u00e9nero y el Empoderamiento de las Mujeres (ONU Mujeres M\u00e9xico) conden\u00f3 y lament\u00f3 el asesinato de Ivonne Gallegos.<\/p>\n\n\n\n<p><strong>&#8220;La violencia contra las mujeres en el \u00e0mbito pol\u00ectico deteriora la democracia y tiene un efecto muy negativo en las aspiraciones pol\u00ecticas de otras mujeres, particularmente de las m\u00e1s j\u00f2venes, limitando su ingreso a ala vida p\u00fablica y sus contribuciones a la sociedad&#8221;<\/strong>, expuso el organismo.<\/p>\n\n\n\n<p>A la condena un\u00e0nime por el asesinato, se sumaron el Poder Legislativo, pol\u00ecticos y funcionarios municipales y estatales.<\/p>\n\n\n\n<p>El Instituto Estatal Electoral y de Participaci\u00f3n  Ciudadana de Oaxaca (IEEPCO) confirm\u00f3 que en la v\u00edspera del cobarde asesinato, Gallegos Carre\u00f1o habr\u00eda presentado una queja ante este \u00f3rgano electoral en la cual \u00fanicamente solicit\u00f3 el retiro de publicaciones en radio y redes sociales por presuntos actos de difamaci\u00f3n y acusaciones en su contra.<\/p>\n\n\n\n<p>En este t\u00e8rmino, los representantes del Instituto reiteraron su compromiso de colaboraci\u00f2n institucional para alcanzar una justicia pronta en favor de Gallegos Carre\u00f1o.<\/p>\n\n\n\n<p>Fuente: https:\/\/imparcialoaxaca.mx\/oaxaca\/517913\/precandidata-asesinada-habia-denunciado-violencia-politica\/<\/p>\n","protected":false},"excerpt":{"rendered":"<p>Andr\u00e9s Carrera Pineda, Martes 23 de marzo de 2020, El Imparcial de Oaxaca.- Un d\u00eda antes de ser asesinada, la precandidata independiente por el municipio de Ocotl\u00e1n de Morelos, Ivonne Gallegos Carre\u00f1o, denunci\u00f3 violencia pol\u00edtica ante los \u00f3rganos electorales y jurisdiccionales del estado de Oaxaca. A tres d\u00edas del atentado en donde la precandidata perdi\u00f3 [&hellip;]<\/p>\n","protected":false},"author":4,"featured_media":6509,"comment_status":"closed","ping_status":"open","sticky":false,"template":"","format":"standard","meta":{"give_campaign_id":0,"footnotes":""},"categories":[91,32,3],"tags":[],"class_list":["post-6508","post","type-post","status-publish","format-standard","has-post-thumbnail","hentry","category-notas","category-novedades","category-portada"],"yoast_head":"<!-- This site is optimized with the Yoast SEO plugin v27.4 - https:\/\/yoast.com\/product\/yoast-seo-wordpress\/ -->\n<title>Precandidata asesinada hab\u00eda denunciado violencia pol\u00edtica - GESMujer &quot;Rosario Castellanos&quot;<\/title>\n<meta name=\"robots\" content=\"index, follow, max-snippet:-1, max-image-preview:large, max-video-preview:-1\" \/>\n<link rel=\"canonical\" href=\"https:\/\/www.gesmujer.org\/sitio\/precandidata-asesinada-habia-denunciado-violencia-politica\/\" \/>\n<meta property=\"og:locale\" content=\"es_MX\" \/>\n<meta property=\"og:type\" content=\"article\" \/>\n<meta property=\"og:title\" content=\"Precandidata asesinada hab\u00eda denunciado violencia pol\u00edtica\" \/>\n<meta property=\"og:description\" content=\"Un d\u00eda antes de ser asesinada, la precandidata independiente por el municipio de Ocotl\u00e1n de Morelos, Ivonne Gallegos Carre\u00f1o, denunci\u00f3 violencia pol\u00edtica ante los \u00f3rganos electorales y jurisdiccionales del estado de Oaxaca.\" \/>\n<meta property=\"og:url\" content=\"https:\/\/www.gesmujer.org\/sitio\/precandidata-asesinada-habia-denunciado-violencia-politica\/\" \/>\n<meta property=\"og:site_name\" content=\"GESMujer &quot;Rosario Castellanos&quot;\" \/>\n<meta property=\"article:publisher\" content=\"https:\/\/www.facebook.com\/gesmujer.rosario.castellanos.ac\" \/>\n<meta property=\"article:published_time\" content=\"2021-03-24T00:56:23+00:00\" \/>\n<meta property=\"article:modified_time\" content=\"2021-03-24T00:56:27+00:00\" \/>\n<meta property=\"og:image\" content=\"https:\/\/www.gesmujer.org\/sitio\/wp-content\/uploads\/2021\/03\/ivonne-1.jpg\" \/>\n\t<meta property=\"og:image:width\" content=\"1280\" \/>\n\t<meta property=\"og:image:height\" content=\"640\" \/>\n\t<meta property=\"og:image:type\" content=\"image\/jpeg\" \/>\n<meta name=\"author\" content=\"cendoc\" \/>\n<meta name=\"twitter:card\" content=\"summary_large_image\" \/>\n<meta name=\"twitter:title\" content=\"Precandidata asesinada hab\u00eda denunciado violencia pol\u00edtica\" \/>\n<meta name=\"twitter:description\" content=\"Un d\u00eda antes de ser asesinada, la precandidata independiente por el municipio de Ocotl\u00e1n de Morelos, Ivonne Gallegos Carre\u00f1o, denunci\u00f3 violencia pol\u00edtica ante los \u00f3rganos electorales y jurisdiccionales del estado de Oaxaca.\" \/>\n<meta name=\"twitter:image\" content=\"https:\/\/www.gesmujer.org\/sitio\/wp-content\/uploads\/2021\/03\/ivonne-1.jpg\" \/>\n<meta name=\"twitter:creator\" content=\"@GES_Mujer\" \/>\n<meta name=\"twitter:site\" content=\"@GES_Mujer\" \/>\n<meta name=\"twitter:label1\" content=\"Escrito por\" \/>\n\t<meta name=\"twitter:data1\" content=\"cendoc\" \/>\n\t<meta name=\"twitter:label2\" content=\"Tiempo de lectura\" \/>\n\t<meta name=\"twitter:data2\" content=\"2 minutos\" \/>\n<script type=\"application\/ld+json\" class=\"yoast-schema-graph\">{\"@context\":\"https:\\\/\\\/schema.org\",\"@graph\":[{\"@type\":\"Article\",\"@id\":\"https:\\\/\\\/www.gesmujer.org\\\/sitio\\\/precandidata-asesinada-habia-denunciado-violencia-politica\\\/#article\",\"isPartOf\":{\"@id\":\"https:\\\/\\\/www.gesmujer.org\\\/sitio\\\/precandidata-asesinada-habia-denunciado-violencia-politica\\\/\"},\"author\":{\"name\":\"cendoc\",\"@id\":\"https:\\\/\\\/www.gesmujer.org\\\/sitio\\\/#\\\/schema\\\/person\\\/50e03387f883646c2714c51783a7e288\"},\"headline\":\"Precandidata asesinada hab\u00eda denunciado violencia pol\u00edtica\",\"datePublished\":\"2021-03-24T00:56:23+00:00\",\"dateModified\":\"2021-03-24T00:56:27+00:00\",\"mainEntityOfPage\":{\"@id\":\"https:\\\/\\\/www.gesmujer.org\\\/sitio\\\/precandidata-asesinada-habia-denunciado-violencia-politica\\\/\"},\"wordCount\":321,\"publisher\":{\"@id\":\"https:\\\/\\\/www.gesmujer.org\\\/sitio\\\/#organization\"},\"image\":{\"@id\":\"https:\\\/\\\/www.gesmujer.org\\\/sitio\\\/precandidata-asesinada-habia-denunciado-violencia-politica\\\/#primaryimage\"},\"thumbnailUrl\":\"https:\\\/\\\/www.gesmujer.org\\\/sitio\\\/wp-content\\\/uploads\\\/2021\\\/03\\\/ivonne-1.jpg\",\"articleSection\":[\"NOTAS\",\"NOTICIAS\",\"portada\"],\"inLanguage\":\"es\"},{\"@type\":\"WebPage\",\"@id\":\"https:\\\/\\\/www.gesmujer.org\\\/sitio\\\/precandidata-asesinada-habia-denunciado-violencia-politica\\\/\",\"url\":\"https:\\\/\\\/www.gesmujer.org\\\/sitio\\\/precandidata-asesinada-habia-denunciado-violencia-politica\\\/\",\"name\":\"Precandidata asesinada hab\u00eda denunciado violencia pol\u00edtica - GESMujer &quot;Rosario Castellanos&quot;\",\"isPartOf\":{\"@id\":\"https:\\\/\\\/www.gesmujer.org\\\/sitio\\\/#website\"},\"primaryImageOfPage\":{\"@id\":\"https:\\\/\\\/www.gesmujer.org\\\/sitio\\\/precandidata-asesinada-habia-denunciado-violencia-politica\\\/#primaryimage\"},\"image\":{\"@id\":\"https:\\\/\\\/www.gesmujer.org\\\/sitio\\\/precandidata-asesinada-habia-denunciado-violencia-politica\\\/#primaryimage\"},\"thumbnailUrl\":\"https:\\\/\\\/www.gesmujer.org\\\/sitio\\\/wp-content\\\/uploads\\\/2021\\\/03\\\/ivonne-1.jpg\",\"datePublished\":\"2021-03-24T00:56:23+00:00\",\"dateModified\":\"2021-03-24T00:56:27+00:00\",\"breadcrumb\":{\"@id\":\"https:\\\/\\\/www.gesmujer.org\\\/sitio\\\/precandidata-asesinada-habia-denunciado-violencia-politica\\\/#breadcrumb\"},\"inLanguage\":\"es\",\"potentialAction\":[{\"@type\":\"ReadAction\",\"target\":[\"https:\\\/\\\/www.gesmujer.org\\\/sitio\\\/precandidata-asesinada-habia-denunciado-violencia-politica\\\/\"]}]},{\"@type\":\"ImageObject\",\"inLanguage\":\"es\",\"@id\":\"https:\\\/\\\/www.gesmujer.org\\\/sitio\\\/precandidata-asesinada-habia-denunciado-violencia-politica\\\/#primaryimage\",\"url\":\"https:\\\/\\\/www.gesmujer.org\\\/sitio\\\/wp-content\\\/uploads\\\/2021\\\/03\\\/ivonne-1.jpg\",\"contentUrl\":\"https:\\\/\\\/www.gesmujer.org\\\/sitio\\\/wp-content\\\/uploads\\\/2021\\\/03\\\/ivonne-1.jpg\",\"width\":1280,\"height\":640},{\"@type\":\"BreadcrumbList\",\"@id\":\"https:\\\/\\\/www.gesmujer.org\\\/sitio\\\/precandidata-asesinada-habia-denunciado-violencia-politica\\\/#breadcrumb\",\"itemListElement\":[{\"@type\":\"ListItem\",\"position\":1,\"name\":\"Home\",\"item\":\"https:\\\/\\\/www.gesmujer.org\\\/sitio\\\/\"},{\"@type\":\"ListItem\",\"position\":2,\"name\":\"Precandidata asesinada hab\u00eda denunciado violencia pol\u00edtica\"}]},{\"@type\":\"WebSite\",\"@id\":\"https:\\\/\\\/www.gesmujer.org\\\/sitio\\\/#website\",\"url\":\"https:\\\/\\\/www.gesmujer.org\\\/sitio\\\/\",\"name\":\"GESMujer \\\"Rosario Castellanos\\\"\",\"description\":\"M\u00e1s de 45 a\u00f1os ha llevado a cabo acciones para erradicar la violencia de g\u00e9nero y construir entornos donde las mujeres encuentren su resiliencia, incrementen su agencia y autonom\u00eda que les permita lograr su empoderamiento a trav\u00e9s de cinco l\u00edneas de acci\u00f3n.\",\"publisher\":{\"@id\":\"https:\\\/\\\/www.gesmujer.org\\\/sitio\\\/#organization\"},\"alternateName\":\"GESMujer\",\"potentialAction\":[{\"@type\":\"SearchAction\",\"target\":{\"@type\":\"EntryPoint\",\"urlTemplate\":\"https:\\\/\\\/www.gesmujer.org\\\/sitio\\\/?s={search_term_string}\"},\"query-input\":{\"@type\":\"PropertyValueSpecification\",\"valueRequired\":true,\"valueName\":\"search_term_string\"}}],\"inLanguage\":\"es\"},{\"@type\":\"Organization\",\"@id\":\"https:\\\/\\\/www.gesmujer.org\\\/sitio\\\/#organization\",\"name\":\"Grupo de estudios sobre la mujer Rosario Castellanos ac\",\"alternateName\":\"GESMujer\",\"url\":\"https:\\\/\\\/www.gesmujer.org\\\/sitio\\\/\",\"logo\":{\"@type\":\"ImageObject\",\"inLanguage\":\"es\",\"@id\":\"https:\\\/\\\/www.gesmujer.org\\\/sitio\\\/#\\\/schema\\\/logo\\\/image\\\/\",\"url\":\"https:\\\/\\\/www.gesmujer.org\\\/sitio\\\/wp-content\\\/uploads\\\/2026\\\/03\\\/Logo-GESMujer-300.png\",\"contentUrl\":\"https:\\\/\\\/www.gesmujer.org\\\/sitio\\\/wp-content\\\/uploads\\\/2026\\\/03\\\/Logo-GESMujer-300.png\",\"width\":300,\"height\":141,\"caption\":\"Grupo de estudios sobre la mujer Rosario Castellanos ac\"},\"image\":{\"@id\":\"https:\\\/\\\/www.gesmujer.org\\\/sitio\\\/#\\\/schema\\\/logo\\\/image\\\/\"},\"sameAs\":[\"https:\\\/\\\/www.facebook.com\\\/gesmujer.rosario.castellanos.ac\",\"https:\\\/\\\/x.com\\\/GES_Mujer\",\"https:\\\/\\\/www.instagram.com\\\/ges_mujer\\\/?hl=es\",\"https:\\\/\\\/www.youtube.com\\\/c\\\/GESMujerRosarioCastellanos\\\/videos\",\"https:\\\/\\\/soundcloud.com\\\/gesmujerac\",\"https:\\\/\\\/www.tiktok.com\\\/@gesmujer\"]},{\"@type\":\"Person\",\"@id\":\"https:\\\/\\\/www.gesmujer.org\\\/sitio\\\/#\\\/schema\\\/person\\\/50e03387f883646c2714c51783a7e288\",\"name\":\"cendoc\",\"image\":{\"@type\":\"ImageObject\",\"inLanguage\":\"es\",\"@id\":\"https:\\\/\\\/secure.gravatar.com\\\/avatar\\\/2f187338ccb33c33bc1b08e92e2247a6891db221398e12bbc0f5ff0cfc462495?s=96&d=mm&r=g\",\"url\":\"https:\\\/\\\/secure.gravatar.com\\\/avatar\\\/2f187338ccb33c33bc1b08e92e2247a6891db221398e12bbc0f5ff0cfc462495?s=96&d=mm&r=g\",\"contentUrl\":\"https:\\\/\\\/secure.gravatar.com\\\/avatar\\\/2f187338ccb33c33bc1b08e92e2247a6891db221398e12bbc0f5ff0cfc462495?s=96&d=mm&r=g\",\"caption\":\"cendoc\"},\"sameAs\":[\"http:\\\/\\\/gesmujer.org\"],\"url\":\"https:\\\/\\\/www.gesmujer.org\\\/sitio\\\/author\\\/cendoc\\\/\"}]}<\/script>\n<!-- \/ Yoast SEO plugin. -->","yoast_head_json":{"title":"Precandidata asesinada hab\u00eda denunciado violencia pol\u00edtica - GESMujer &quot;Rosario Castellanos&quot;","robots":{"index":"index","follow":"follow","max-snippet":"max-snippet:-1","max-image-preview":"max-image-preview:large","max-video-preview":"max-video-preview:-1"},"canonical":"https:\/\/www.gesmujer.org\/sitio\/precandidata-asesinada-habia-denunciado-violencia-politica\/","og_locale":"es_MX","og_type":"article","og_title":"Precandidata asesinada hab\u00eda denunciado violencia pol\u00edtica","og_description":"Un d\u00eda antes de ser asesinada, la precandidata independiente por el municipio de Ocotl\u00e1n de Morelos, Ivonne Gallegos Carre\u00f1o, denunci\u00f3 violencia pol\u00edtica ante los \u00f3rganos electorales y jurisdiccionales del estado de Oaxaca.","og_url":"https:\/\/www.gesmujer.org\/sitio\/precandidata-asesinada-habia-denunciado-violencia-politica\/","og_site_name":"GESMujer &quot;Rosario Castellanos&quot;","article_publisher":"https:\/\/www.facebook.com\/gesmujer.rosario.castellanos.ac","article_published_time":"2021-03-24T00:56:23+00:00","article_modified_time":"2021-03-24T00:56:27+00:00","og_image":[{"width":1280,"height":640,"url":"https:\/\/www.gesmujer.org\/sitio\/wp-content\/uploads\/2021\/03\/ivonne-1.jpg","type":"image\/jpeg"}],"author":"cendoc","twitter_card":"summary_large_image","twitter_title":"Precandidata asesinada hab\u00eda denunciado violencia pol\u00edtica","twitter_description":"Un d\u00eda antes de ser asesinada, la precandidata independiente por el municipio de Ocotl\u00e1n de Morelos, Ivonne Gallegos Carre\u00f1o, denunci\u00f3 violencia pol\u00edtica ante los \u00f3rganos electorales y jurisdiccionales del estado de Oaxaca.","twitter_image":"https:\/\/www.gesmujer.org\/sitio\/wp-content\/uploads\/2021\/03\/ivonne-1.jpg","twitter_creator":"@GES_Mujer","twitter_site":"@GES_Mujer","twitter_misc":{"Escrito por":"cendoc","Tiempo de lectura":"2 minutos"},"schema":{"@context":"https:\/\/schema.org","@graph":[{"@type":"Article","@id":"https:\/\/www.gesmujer.org\/sitio\/precandidata-asesinada-habia-denunciado-violencia-politica\/#article","isPartOf":{"@id":"https:\/\/www.gesmujer.org\/sitio\/precandidata-asesinada-habia-denunciado-violencia-politica\/"},"author":{"name":"cendoc","@id":"https:\/\/www.gesmujer.org\/sitio\/#\/schema\/person\/50e03387f883646c2714c51783a7e288"},"headline":"Precandidata asesinada hab\u00eda denunciado violencia pol\u00edtica","datePublished":"2021-03-24T00:56:23+00:00","dateModified":"2021-03-24T00:56:27+00:00","mainEntityOfPage":{"@id":"https:\/\/www.gesmujer.org\/sitio\/precandidata-asesinada-habia-denunciado-violencia-politica\/"},"wordCount":321,"publisher":{"@id":"https:\/\/www.gesmujer.org\/sitio\/#organization"},"image":{"@id":"https:\/\/www.gesmujer.org\/sitio\/precandidata-asesinada-habia-denunciado-violencia-politica\/#primaryimage"},"thumbnailUrl":"https:\/\/www.gesmujer.org\/sitio\/wp-content\/uploads\/2021\/03\/ivonne-1.jpg","articleSection":["NOTAS","NOTICIAS","portada"],"inLanguage":"es"},{"@type":"WebPage","@id":"https:\/\/www.gesmujer.org\/sitio\/precandidata-asesinada-habia-denunciado-violencia-politica\/","url":"https:\/\/www.gesmujer.org\/sitio\/precandidata-asesinada-habia-denunciado-violencia-politica\/","name":"Precandidata asesinada hab\u00eda denunciado violencia pol\u00edtica - GESMujer &quot;Rosario Castellanos&quot;","isPartOf":{"@id":"https:\/\/www.gesmujer.org\/sitio\/#website"},"primaryImageOfPage":{"@id":"https:\/\/www.gesmujer.org\/sitio\/precandidata-asesinada-habia-denunciado-violencia-politica\/#primaryimage"},"image":{"@id":"https:\/\/www.gesmujer.org\/sitio\/precandidata-asesinada-habia-denunciado-violencia-politica\/#primaryimage"},"thumbnailUrl":"https:\/\/www.gesmujer.org\/sitio\/wp-content\/uploads\/2021\/03\/ivonne-1.jpg","datePublished":"2021-03-24T00:56:23+00:00","dateModified":"2021-03-24T00:56:27+00:00","breadcrumb":{"@id":"https:\/\/www.gesmujer.org\/sitio\/precandidata-asesinada-habia-denunciado-violencia-politica\/#breadcrumb"},"inLanguage":"es","potentialAction":[{"@type":"ReadAction","target":["https:\/\/www.gesmujer.org\/sitio\/precandidata-asesinada-habia-denunciado-violencia-politica\/"]}]},{"@type":"ImageObject","inLanguage":"es","@id":"https:\/\/www.gesmujer.org\/sitio\/precandidata-asesinada-habia-denunciado-violencia-politica\/#primaryimage","url":"https:\/\/www.gesmujer.org\/sitio\/wp-content\/uploads\/2021\/03\/ivonne-1.jpg","contentUrl":"https:\/\/www.gesmujer.org\/sitio\/wp-content\/uploads\/2021\/03\/ivonne-1.jpg","width":1280,"height":640},{"@type":"BreadcrumbList","@id":"https:\/\/www.gesmujer.org\/sitio\/precandidata-asesinada-habia-denunciado-violencia-politica\/#breadcrumb","itemListElement":[{"@type":"ListItem","position":1,"name":"Home","item":"https:\/\/www.gesmujer.org\/sitio\/"},{"@type":"ListItem","position":2,"name":"Precandidata asesinada hab\u00eda denunciado violencia pol\u00edtica"}]},{"@type":"WebSite","@id":"https:\/\/www.gesmujer.org\/sitio\/#website","url":"https:\/\/www.gesmujer.org\/sitio\/","name":"GESMujer \"Rosario Castellanos\"","description":"M\u00e1s de 45 a\u00f1os ha llevado a cabo acciones para erradicar la violencia de g\u00e9nero y construir entornos donde las mujeres encuentren su resiliencia, incrementen su agencia y autonom\u00eda que les permita lograr su empoderamiento a trav\u00e9s de cinco l\u00edneas de acci\u00f3n.","publisher":{"@id":"https:\/\/www.gesmujer.org\/sitio\/#organization"},"alternateName":"GESMujer","potentialAction":[{"@type":"SearchAction","target":{"@type":"EntryPoint","urlTemplate":"https:\/\/www.gesmujer.org\/sitio\/?s={search_term_string}"},"query-input":{"@type":"PropertyValueSpecification","valueRequired":true,"valueName":"search_term_string"}}],"inLanguage":"es"},{"@type":"Organization","@id":"https:\/\/www.gesmujer.org\/sitio\/#organization","name":"Grupo de estudios sobre la mujer Rosario Castellanos ac","alternateName":"GESMujer","url":"https:\/\/www.gesmujer.org\/sitio\/","logo":{"@type":"ImageObject","inLanguage":"es","@id":"https:\/\/www.gesmujer.org\/sitio\/#\/schema\/logo\/image\/","url":"https:\/\/www.gesmujer.org\/sitio\/wp-content\/uploads\/2026\/03\/Logo-GESMujer-300.png","contentUrl":"https:\/\/www.gesmujer.org\/sitio\/wp-content\/uploads\/2026\/03\/Logo-GESMujer-300.png","width":300,"height":141,"caption":"Grupo de estudios sobre la mujer Rosario Castellanos ac"},"image":{"@id":"https:\/\/www.gesmujer.org\/sitio\/#\/schema\/logo\/image\/"},"sameAs":["https:\/\/www.facebook.com\/gesmujer.rosario.castellanos.ac","https:\/\/x.com\/GES_Mujer","https:\/\/www.instagram.com\/ges_mujer\/?hl=es","https:\/\/www.youtube.com\/c\/GESMujerRosarioCastellanos\/videos","https:\/\/soundcloud.com\/gesmujerac","https:\/\/www.tiktok.com\/@gesmujer"]},{"@type":"Person","@id":"https:\/\/www.gesmujer.org\/sitio\/#\/schema\/person\/50e03387f883646c2714c51783a7e288","name":"cendoc","image":{"@type":"ImageObject","inLanguage":"es","@id":"https:\/\/secure.gravatar.com\/avatar\/2f187338ccb33c33bc1b08e92e2247a6891db221398e12bbc0f5ff0cfc462495?s=96&d=mm&r=g","url":"https:\/\/secure.gravatar.com\/avatar\/2f187338ccb33c33bc1b08e92e2247a6891db221398e12bbc0f5ff0cfc462495?s=96&d=mm&r=g","contentUrl":"https:\/\/secure.gravatar.com\/avatar\/2f187338ccb33c33bc1b08e92e2247a6891db221398e12bbc0f5ff0cfc462495?s=96&d=mm&r=g","caption":"cendoc"},"sameAs":["http:\/\/gesmujer.org"],"url":"https:\/\/www.gesmujer.org\/sitio\/author\/cendoc\/"}]}},"_links":{"self":[{"href":"https:\/\/www.gesmujer.org\/sitio\/wp-json\/wp\/v2\/posts\/6508","targetHints":{"allow":["GET"]}}],"collection":[{"href":"https:\/\/www.gesmujer.org\/sitio\/wp-json\/wp\/v2\/posts"}],"about":[{"href":"https:\/\/www.gesmujer.org\/sitio\/wp-json\/wp\/v2\/types\/post"}],"author":[{"embeddable":true,"href":"https:\/\/www.gesmujer.org\/sitio\/wp-json\/wp\/v2\/users\/4"}],"replies":[{"embeddable":true,"href":"https:\/\/www.gesmujer.org\/sitio\/wp-json\/wp\/v2\/comments?post=6508"}],"version-history":[{"count":1,"href":"https:\/\/www.gesmujer.org\/sitio\/wp-json\/wp\/v2\/posts\/6508\/revisions"}],"predecessor-version":[{"id":6510,"href":"https:\/\/www.gesmujer.org\/sitio\/wp-json\/wp\/v2\/posts\/6508\/revisions\/6510"}],"wp:featuredmedia":[{"embeddable":true,"href":"https:\/\/www.gesmujer.org\/sitio\/wp-json\/wp\/v2\/media\/6509"}],"wp:attachment":[{"href":"https:\/\/www.gesmujer.org\/sitio\/wp-json\/wp\/v2\/media?parent=6508"}],"wp:term":[{"taxonomy":"category","embeddable":true,"href":"https:\/\/www.gesmujer.org\/sitio\/wp-json\/wp\/v2\/categories?post=6508"},{"taxonomy":"post_tag","embeddable":true,"href":"https:\/\/www.gesmujer.org\/sitio\/wp-json\/wp\/v2\/tags?post=6508"}],"curies":[{"name":"wp","href":"https:\/\/api.w.org\/{rel}","templated":true}]}}