{"id":6529,"date":"2021-04-05T20:35:23","date_gmt":"2021-04-06T02:35:23","guid":{"rendered":"https:\/\/www.gesmujer.org\/web\/?p=6529"},"modified":"2021-04-05T20:35:28","modified_gmt":"2021-04-06T02:35:28","slug":"aspirante-de-morena-a-alcaldia-de-santa-maria-xadani-esta-acusado-de-violencia-familiar","status":"publish","type":"post","link":"https:\/\/www.gesmujer.org\/sitio\/aspirante-de-morena-a-alcaldia-de-santa-maria-xadani-esta-acusado-de-violencia-familiar\/","title":{"rendered":"Aspirante de Morena a alcald\u00eda de Santa Mar\u00eda Xadani est\u00e1 acusado de violencia familiar"},"content":{"rendered":"\n<p>Pedro Mat\u00edas, Mi\u00e9rcoles 31 de Marzo de 2021, Proceso.- Ang\u00e9lica Ayala Ortiz, presidenta del grupo de estudios sobre la mujer \u201cRosario Castellanos\u201d (GESMujer), exigi\u00f3 una postura clara del senador Salom\u00f3n Jara, delegado especial del Comit\u00e9 Ejecutivo Nacional de Morena, sobre la candidatura de Osiris Jim\u00e9nez Matus, aspirante a alcalde de Santa Mar\u00eda Xadani, acusado de violencia familiar.<\/p>\n\n\n\n<p>Se\u00f1al\u00f3 que, al ser originario de Oaxaca, Jara Cruz tendr\u00eda que defender, desde su espacio de poder, el principio de hacer valer el derecho de m\u00e1s de la mitad de la poblaci\u00f3n oaxaque\u00f1a a vivir libres de todas las formas de violencia &#8211;las ni\u00f1as y las mujeres&#8211;, sin embargo, ha sido lo contrario.<\/p>\n\n\n\n<p>Y dej\u00f3 en el aire la pregunta: \u00bfC\u00f3mo defenderse de hombres poderosos que asumen un pacto patriarcal para mantener e incrementar su poder?<\/p>\n\n\n\n<p>Asimismo, expres\u00f3 su preocupaci\u00f3n por la seguridad de Beliavit Guerra, quien por m\u00e1s de 20 a\u00f1os ha sido violentada por Jim\u00e9nez Matus.<\/p>\n\n\n\n<p>\u201cLa se\u00f1ora Beliavit ha tenido que desplazarse desde su comunidad, recorriendo instancias de gobierno para solicitar su apoyo con la denuncia por violencia familiar, y orientaci\u00f3n para evitar ser despojada legalmente de lo que en los hechos ya ha sido\u201d, apunt\u00f3.<\/p>\n\n\n\n<p>Beliavit ha acudido a la Secretar\u00eda de las Mujeres, la Fiscal\u00eda Especializada por raz\u00f3n de g\u00e9nero y la Defensor\u00eda de Derechos Humanos, instituciones de las que espera una atenci\u00f3n que le permita defender sus derechos y seguir con su vida, abund\u00f3.<\/p>\n\n\n\n<p>Lamentablemente, dijo, en este caso se ejemplifican todas las violencias que enfrentan las mujeres que intentan salir de una situaci\u00f3n de violencia familiar, pues las acciones derivadas de su solicitud de orden de protecci\u00f3n ha sido recibir una llamada telef\u00f3nica desde Oaxaca para preguntarle si \u201cest\u00e1 bien\u201d, dado que es lo \u00fanico que pueden ofrecerle.<\/p>\n\n\n\n<p>Ayala Ortiz solt\u00f3: \u201cSi utilizando todo su poder y el respaldo de un partido pol\u00edtico, el se\u00f1or Osiris Jim\u00e9nez llega a la presidencia municipal de Santa Mar\u00eda Xadani, \u00bfc\u00f3mo ser\u00e1 la vida de las mujeres y las ni\u00f1as?, \u00bfqui\u00e9n atender\u00e1 los elevados niveles de violencia de g\u00e9nero y violencia feminicida que existe en el Istmo?\u201d.<\/p>\n\n\n\n<p>Y, tras exigir protecci\u00f3n para Beliavit, porque su situaci\u00f3n es de alto riesgo, recalc\u00f3:<\/p>\n\n\n\n<p>\u201cToda la maquinaria de poder pol\u00edtico est\u00e1 en marcha, afirman asumir las consecuencias de sus decisiones, as\u00ed que las mujeres tendremos que seguir avanzando a contracorriente, exigiendo un alto a las violencias en las casas, en las escuelas, en los centros laborales, en las comunidades y en las calles. Y en las urnas seguiremos exigiendo: \u00a1ning\u00fan agresor de mujeres al poder!\u201d.<\/p>\n\n\n\n<p>En el gobierno de Alejandro Murat Hinojosa, 110 mujeres y ni\u00f1as han sido asesinadas de manera violenta en la regi\u00f3n del Istmo.<\/p>\n\n\n\n<p>Fuente: https:\/\/www.proceso.com.mx\/nacional\/estados\/2021\/3\/31\/aspirante-de-morena-alcaldia-de-santa-maria-xadani-esta-acusado-de-violencia-familiar-261095.html<\/p>\n","protected":false},"excerpt":{"rendered":"<p>Pedro Mat\u00edas, Mi\u00e9rcoles 31 de Marzo de 2021, Proceso.- Ang\u00e9lica Ayala Ortiz, presidenta del grupo de estudios sobre la mujer \u201cRosario Castellanos\u201d (GESMujer), exigi\u00f3 una postura clara del senador Salom\u00f3n Jara, delegado especial del Comit\u00e9 Ejecutivo Nacional de Morena, sobre la candidatura de Osiris Jim\u00e9nez Matus, aspirante a alcalde de Santa Mar\u00eda Xadani, acusado de [&hellip;]<\/p>\n","protected":false},"author":4,"featured_media":6530,"comment_status":"closed","ping_status":"open","sticky":false,"template":"","format":"standard","meta":{"give_campaign_id":0,"footnotes":""},"categories":[91,32],"tags":[],"class_list":["post-6529","post","type-post","status-publish","format-standard","has-post-thumbnail","hentry","category-notas","category-novedades"],"yoast_head":"<!-- This site is optimized with the Yoast SEO plugin v27.4 - https:\/\/yoast.com\/product\/yoast-seo-wordpress\/ -->\n<title>Aspirante de Morena a alcald\u00eda de Santa Mar\u00eda Xadani est\u00e1 acusado de violencia familiar - GESMujer &quot;Rosario Castellanos&quot;<\/title>\n<meta name=\"robots\" content=\"index, follow, max-snippet:-1, max-image-preview:large, max-video-preview:-1\" \/>\n<link rel=\"canonical\" href=\"https:\/\/www.gesmujer.org\/sitio\/aspirante-de-morena-a-alcaldia-de-santa-maria-xadani-esta-acusado-de-violencia-familiar\/\" \/>\n<meta property=\"og:locale\" content=\"es_MX\" \/>\n<meta property=\"og:type\" content=\"article\" \/>\n<meta property=\"og:title\" content=\"Aspirante de Morena a alcald\u00eda de Santa Mar\u00eda Xadani est\u00e1 acusado de violencia familiar\" \/>\n<meta property=\"og:description\" content=\"Ang\u00e9lica Ayala Ortiz, presidenta del grupo de estudios sobre la mujer \u201cRosario Castellanos\u201d (GESMujer), exigi\u00f3 una postura clara del senador Salom\u00f3n Jara, delegado especial del Comit\u00e9 Ejecutivo Nacional de Morena, sobre la candidatura de Osiris Jim\u00e9nez Matus, aspirante a alcalde de Santa Mar\u00eda Xadani, acusado de violencia familiar.\" \/>\n<meta property=\"og:url\" content=\"https:\/\/www.gesmujer.org\/sitio\/aspirante-de-morena-a-alcaldia-de-santa-maria-xadani-esta-acusado-de-violencia-familiar\/\" \/>\n<meta property=\"og:site_name\" content=\"GESMujer &quot;Rosario Castellanos&quot;\" \/>\n<meta property=\"article:publisher\" content=\"https:\/\/www.facebook.com\/gesmujer.rosario.castellanos.ac\" \/>\n<meta property=\"article:published_time\" content=\"2021-04-06T02:35:23+00:00\" \/>\n<meta property=\"article:modified_time\" content=\"2021-04-06T02:35:28+00:00\" \/>\n<meta property=\"og:image\" content=\"https:\/\/www.gesmujer.org\/sitio\/wp-content\/uploads\/2021\/04\/f800x450-124614_176060_5050.jpg\" \/>\n\t<meta property=\"og:image:width\" content=\"800\" \/>\n\t<meta property=\"og:image:height\" content=\"450\" \/>\n\t<meta property=\"og:image:type\" content=\"image\/jpeg\" \/>\n<meta name=\"author\" content=\"cendoc\" \/>\n<meta name=\"twitter:card\" content=\"summary_large_image\" \/>\n<meta name=\"twitter:title\" content=\"Aspirante de Morena a alcald\u00eda de Santa Mar\u00eda Xadani est\u00e1 acusado de violencia familiar\" \/>\n<meta name=\"twitter:description\" content=\"Ang\u00e9lica Ayala Ortiz, presidenta del grupo de estudios sobre la mujer \u201cRosario Castellanos\u201d (GESMujer), exigi\u00f3 una postura clara del senador Salom\u00f3n Jara, delegado especial del Comit\u00e9 Ejecutivo Nacional de Morena, sobre la candidatura de Osiris Jim\u00e9nez Matus, aspirante a alcalde de Santa Mar\u00eda Xadani, acusado de violencia familiar.\" \/>\n<meta name=\"twitter:image\" content=\"https:\/\/www.gesmujer.org\/sitio\/wp-content\/uploads\/2021\/04\/f800x450-124614_176060_5050.jpg\" \/>\n<meta name=\"twitter:creator\" content=\"@GES_Mujer\" \/>\n<meta name=\"twitter:site\" content=\"@GES_Mujer\" \/>\n<meta name=\"twitter:label1\" content=\"Escrito por\" \/>\n\t<meta name=\"twitter:data1\" content=\"cendoc\" \/>\n\t<meta name=\"twitter:label2\" content=\"Tiempo de lectura\" \/>\n\t<meta name=\"twitter:data2\" content=\"2 minutos\" \/>\n<script type=\"application\/ld+json\" class=\"yoast-schema-graph\">{\"@context\":\"https:\\\/\\\/schema.org\",\"@graph\":[{\"@type\":\"Article\",\"@id\":\"https:\\\/\\\/www.gesmujer.org\\\/sitio\\\/aspirante-de-morena-a-alcaldia-de-santa-maria-xadani-esta-acusado-de-violencia-familiar\\\/#article\",\"isPartOf\":{\"@id\":\"https:\\\/\\\/www.gesmujer.org\\\/sitio\\\/aspirante-de-morena-a-alcaldia-de-santa-maria-xadani-esta-acusado-de-violencia-familiar\\\/\"},\"author\":{\"name\":\"cendoc\",\"@id\":\"https:\\\/\\\/www.gesmujer.org\\\/sitio\\\/#\\\/schema\\\/person\\\/50e03387f883646c2714c51783a7e288\"},\"headline\":\"Aspirante de Morena a alcald\u00eda de Santa Mar\u00eda Xadani est\u00e1 acusado de violencia familiar\",\"datePublished\":\"2021-04-06T02:35:23+00:00\",\"dateModified\":\"2021-04-06T02:35:28+00:00\",\"mainEntityOfPage\":{\"@id\":\"https:\\\/\\\/www.gesmujer.org\\\/sitio\\\/aspirante-de-morena-a-alcaldia-de-santa-maria-xadani-esta-acusado-de-violencia-familiar\\\/\"},\"wordCount\":509,\"publisher\":{\"@id\":\"https:\\\/\\\/www.gesmujer.org\\\/sitio\\\/#organization\"},\"image\":{\"@id\":\"https:\\\/\\\/www.gesmujer.org\\\/sitio\\\/aspirante-de-morena-a-alcaldia-de-santa-maria-xadani-esta-acusado-de-violencia-familiar\\\/#primaryimage\"},\"thumbnailUrl\":\"https:\\\/\\\/www.gesmujer.org\\\/sitio\\\/wp-content\\\/uploads\\\/2021\\\/04\\\/f800x450-124614_176060_5050.jpg\",\"articleSection\":[\"NOTAS\",\"NOTICIAS\"],\"inLanguage\":\"es\"},{\"@type\":\"WebPage\",\"@id\":\"https:\\\/\\\/www.gesmujer.org\\\/sitio\\\/aspirante-de-morena-a-alcaldia-de-santa-maria-xadani-esta-acusado-de-violencia-familiar\\\/\",\"url\":\"https:\\\/\\\/www.gesmujer.org\\\/sitio\\\/aspirante-de-morena-a-alcaldia-de-santa-maria-xadani-esta-acusado-de-violencia-familiar\\\/\",\"name\":\"Aspirante de Morena a alcald\u00eda de Santa Mar\u00eda Xadani est\u00e1 acusado de violencia familiar - GESMujer &quot;Rosario Castellanos&quot;\",\"isPartOf\":{\"@id\":\"https:\\\/\\\/www.gesmujer.org\\\/sitio\\\/#website\"},\"primaryImageOfPage\":{\"@id\":\"https:\\\/\\\/www.gesmujer.org\\\/sitio\\\/aspirante-de-morena-a-alcaldia-de-santa-maria-xadani-esta-acusado-de-violencia-familiar\\\/#primaryimage\"},\"image\":{\"@id\":\"https:\\\/\\\/www.gesmujer.org\\\/sitio\\\/aspirante-de-morena-a-alcaldia-de-santa-maria-xadani-esta-acusado-de-violencia-familiar\\\/#primaryimage\"},\"thumbnailUrl\":\"https:\\\/\\\/www.gesmujer.org\\\/sitio\\\/wp-content\\\/uploads\\\/2021\\\/04\\\/f800x450-124614_176060_5050.jpg\",\"datePublished\":\"2021-04-06T02:35:23+00:00\",\"dateModified\":\"2021-04-06T02:35:28+00:00\",\"breadcrumb\":{\"@id\":\"https:\\\/\\\/www.gesmujer.org\\\/sitio\\\/aspirante-de-morena-a-alcaldia-de-santa-maria-xadani-esta-acusado-de-violencia-familiar\\\/#breadcrumb\"},\"inLanguage\":\"es\",\"potentialAction\":[{\"@type\":\"ReadAction\",\"target\":[\"https:\\\/\\\/www.gesmujer.org\\\/sitio\\\/aspirante-de-morena-a-alcaldia-de-santa-maria-xadani-esta-acusado-de-violencia-familiar\\\/\"]}]},{\"@type\":\"ImageObject\",\"inLanguage\":\"es\",\"@id\":\"https:\\\/\\\/www.gesmujer.org\\\/sitio\\\/aspirante-de-morena-a-alcaldia-de-santa-maria-xadani-esta-acusado-de-violencia-familiar\\\/#primaryimage\",\"url\":\"https:\\\/\\\/www.gesmujer.org\\\/sitio\\\/wp-content\\\/uploads\\\/2021\\\/04\\\/f800x450-124614_176060_5050.jpg\",\"contentUrl\":\"https:\\\/\\\/www.gesmujer.org\\\/sitio\\\/wp-content\\\/uploads\\\/2021\\\/04\\\/f800x450-124614_176060_5050.jpg\",\"width\":800,\"height\":450},{\"@type\":\"BreadcrumbList\",\"@id\":\"https:\\\/\\\/www.gesmujer.org\\\/sitio\\\/aspirante-de-morena-a-alcaldia-de-santa-maria-xadani-esta-acusado-de-violencia-familiar\\\/#breadcrumb\",\"itemListElement\":[{\"@type\":\"ListItem\",\"position\":1,\"name\":\"Home\",\"item\":\"https:\\\/\\\/www.gesmujer.org\\\/sitio\\\/\"},{\"@type\":\"ListItem\",\"position\":2,\"name\":\"Aspirante de Morena a alcald\u00eda de Santa Mar\u00eda Xadani est\u00e1 acusado de violencia familiar\"}]},{\"@type\":\"WebSite\",\"@id\":\"https:\\\/\\\/www.gesmujer.org\\\/sitio\\\/#website\",\"url\":\"https:\\\/\\\/www.gesmujer.org\\\/sitio\\\/\",\"name\":\"GESMujer \\\"Rosario Castellanos\\\"\",\"description\":\"M\u00e1s de 45 a\u00f1os ha llevado a cabo acciones para erradicar la violencia de g\u00e9nero y construir entornos donde las mujeres encuentren su resiliencia, incrementen su agencia y autonom\u00eda que les permita lograr su empoderamiento a trav\u00e9s de cinco l\u00edneas de acci\u00f3n.\",\"publisher\":{\"@id\":\"https:\\\/\\\/www.gesmujer.org\\\/sitio\\\/#organization\"},\"alternateName\":\"GESMujer\",\"potentialAction\":[{\"@type\":\"SearchAction\",\"target\":{\"@type\":\"EntryPoint\",\"urlTemplate\":\"https:\\\/\\\/www.gesmujer.org\\\/sitio\\\/?s={search_term_string}\"},\"query-input\":{\"@type\":\"PropertyValueSpecification\",\"valueRequired\":true,\"valueName\":\"search_term_string\"}}],\"inLanguage\":\"es\"},{\"@type\":\"Organization\",\"@id\":\"https:\\\/\\\/www.gesmujer.org\\\/sitio\\\/#organization\",\"name\":\"Grupo de estudios sobre la mujer Rosario Castellanos ac\",\"alternateName\":\"GESMujer\",\"url\":\"https:\\\/\\\/www.gesmujer.org\\\/sitio\\\/\",\"logo\":{\"@type\":\"ImageObject\",\"inLanguage\":\"es\",\"@id\":\"https:\\\/\\\/www.gesmujer.org\\\/sitio\\\/#\\\/schema\\\/logo\\\/image\\\/\",\"url\":\"https:\\\/\\\/www.gesmujer.org\\\/sitio\\\/wp-content\\\/uploads\\\/2026\\\/03\\\/Logo-GESMujer-300.png\",\"contentUrl\":\"https:\\\/\\\/www.gesmujer.org\\\/sitio\\\/wp-content\\\/uploads\\\/2026\\\/03\\\/Logo-GESMujer-300.png\",\"width\":300,\"height\":141,\"caption\":\"Grupo de estudios sobre la mujer Rosario Castellanos ac\"},\"image\":{\"@id\":\"https:\\\/\\\/www.gesmujer.org\\\/sitio\\\/#\\\/schema\\\/logo\\\/image\\\/\"},\"sameAs\":[\"https:\\\/\\\/www.facebook.com\\\/gesmujer.rosario.castellanos.ac\",\"https:\\\/\\\/x.com\\\/GES_Mujer\",\"https:\\\/\\\/www.instagram.com\\\/ges_mujer\\\/?hl=es\",\"https:\\\/\\\/www.youtube.com\\\/c\\\/GESMujerRosarioCastellanos\\\/videos\",\"https:\\\/\\\/soundcloud.com\\\/gesmujerac\",\"https:\\\/\\\/www.tiktok.com\\\/@gesmujer\"]},{\"@type\":\"Person\",\"@id\":\"https:\\\/\\\/www.gesmujer.org\\\/sitio\\\/#\\\/schema\\\/person\\\/50e03387f883646c2714c51783a7e288\",\"name\":\"cendoc\",\"image\":{\"@type\":\"ImageObject\",\"inLanguage\":\"es\",\"@id\":\"https:\\\/\\\/secure.gravatar.com\\\/avatar\\\/2f187338ccb33c33bc1b08e92e2247a6891db221398e12bbc0f5ff0cfc462495?s=96&d=mm&r=g\",\"url\":\"https:\\\/\\\/secure.gravatar.com\\\/avatar\\\/2f187338ccb33c33bc1b08e92e2247a6891db221398e12bbc0f5ff0cfc462495?s=96&d=mm&r=g\",\"contentUrl\":\"https:\\\/\\\/secure.gravatar.com\\\/avatar\\\/2f187338ccb33c33bc1b08e92e2247a6891db221398e12bbc0f5ff0cfc462495?s=96&d=mm&r=g\",\"caption\":\"cendoc\"},\"sameAs\":[\"http:\\\/\\\/gesmujer.org\"],\"url\":\"https:\\\/\\\/www.gesmujer.org\\\/sitio\\\/author\\\/cendoc\\\/\"}]}<\/script>\n<!-- \/ Yoast SEO plugin. -->","yoast_head_json":{"title":"Aspirante de Morena a alcald\u00eda de Santa Mar\u00eda Xadani est\u00e1 acusado de violencia familiar - GESMujer &quot;Rosario Castellanos&quot;","robots":{"index":"index","follow":"follow","max-snippet":"max-snippet:-1","max-image-preview":"max-image-preview:large","max-video-preview":"max-video-preview:-1"},"canonical":"https:\/\/www.gesmujer.org\/sitio\/aspirante-de-morena-a-alcaldia-de-santa-maria-xadani-esta-acusado-de-violencia-familiar\/","og_locale":"es_MX","og_type":"article","og_title":"Aspirante de Morena a alcald\u00eda de Santa Mar\u00eda Xadani est\u00e1 acusado de violencia familiar","og_description":"Ang\u00e9lica Ayala Ortiz, presidenta del grupo de estudios sobre la mujer \u201cRosario Castellanos\u201d (GESMujer), exigi\u00f3 una postura clara del senador Salom\u00f3n Jara, delegado especial del Comit\u00e9 Ejecutivo Nacional de Morena, sobre la candidatura de Osiris Jim\u00e9nez Matus, aspirante a alcalde de Santa Mar\u00eda Xadani, acusado de violencia familiar.","og_url":"https:\/\/www.gesmujer.org\/sitio\/aspirante-de-morena-a-alcaldia-de-santa-maria-xadani-esta-acusado-de-violencia-familiar\/","og_site_name":"GESMujer &quot;Rosario Castellanos&quot;","article_publisher":"https:\/\/www.facebook.com\/gesmujer.rosario.castellanos.ac","article_published_time":"2021-04-06T02:35:23+00:00","article_modified_time":"2021-04-06T02:35:28+00:00","og_image":[{"width":800,"height":450,"url":"https:\/\/www.gesmujer.org\/sitio\/wp-content\/uploads\/2021\/04\/f800x450-124614_176060_5050.jpg","type":"image\/jpeg"}],"author":"cendoc","twitter_card":"summary_large_image","twitter_title":"Aspirante de Morena a alcald\u00eda de Santa Mar\u00eda Xadani est\u00e1 acusado de violencia familiar","twitter_description":"Ang\u00e9lica Ayala Ortiz, presidenta del grupo de estudios sobre la mujer \u201cRosario Castellanos\u201d (GESMujer), exigi\u00f3 una postura clara del senador Salom\u00f3n Jara, delegado especial del Comit\u00e9 Ejecutivo Nacional de Morena, sobre la candidatura de Osiris Jim\u00e9nez Matus, aspirante a alcalde de Santa Mar\u00eda Xadani, acusado de violencia familiar.","twitter_image":"https:\/\/www.gesmujer.org\/sitio\/wp-content\/uploads\/2021\/04\/f800x450-124614_176060_5050.jpg","twitter_creator":"@GES_Mujer","twitter_site":"@GES_Mujer","twitter_misc":{"Escrito por":"cendoc","Tiempo de lectura":"2 minutos"},"schema":{"@context":"https:\/\/schema.org","@graph":[{"@type":"Article","@id":"https:\/\/www.gesmujer.org\/sitio\/aspirante-de-morena-a-alcaldia-de-santa-maria-xadani-esta-acusado-de-violencia-familiar\/#article","isPartOf":{"@id":"https:\/\/www.gesmujer.org\/sitio\/aspirante-de-morena-a-alcaldia-de-santa-maria-xadani-esta-acusado-de-violencia-familiar\/"},"author":{"name":"cendoc","@id":"https:\/\/www.gesmujer.org\/sitio\/#\/schema\/person\/50e03387f883646c2714c51783a7e288"},"headline":"Aspirante de Morena a alcald\u00eda de Santa Mar\u00eda Xadani est\u00e1 acusado de violencia familiar","datePublished":"2021-04-06T02:35:23+00:00","dateModified":"2021-04-06T02:35:28+00:00","mainEntityOfPage":{"@id":"https:\/\/www.gesmujer.org\/sitio\/aspirante-de-morena-a-alcaldia-de-santa-maria-xadani-esta-acusado-de-violencia-familiar\/"},"wordCount":509,"publisher":{"@id":"https:\/\/www.gesmujer.org\/sitio\/#organization"},"image":{"@id":"https:\/\/www.gesmujer.org\/sitio\/aspirante-de-morena-a-alcaldia-de-santa-maria-xadani-esta-acusado-de-violencia-familiar\/#primaryimage"},"thumbnailUrl":"https:\/\/www.gesmujer.org\/sitio\/wp-content\/uploads\/2021\/04\/f800x450-124614_176060_5050.jpg","articleSection":["NOTAS","NOTICIAS"],"inLanguage":"es"},{"@type":"WebPage","@id":"https:\/\/www.gesmujer.org\/sitio\/aspirante-de-morena-a-alcaldia-de-santa-maria-xadani-esta-acusado-de-violencia-familiar\/","url":"https:\/\/www.gesmujer.org\/sitio\/aspirante-de-morena-a-alcaldia-de-santa-maria-xadani-esta-acusado-de-violencia-familiar\/","name":"Aspirante de Morena a alcald\u00eda de Santa Mar\u00eda Xadani est\u00e1 acusado de violencia familiar - GESMujer &quot;Rosario Castellanos&quot;","isPartOf":{"@id":"https:\/\/www.gesmujer.org\/sitio\/#website"},"primaryImageOfPage":{"@id":"https:\/\/www.gesmujer.org\/sitio\/aspirante-de-morena-a-alcaldia-de-santa-maria-xadani-esta-acusado-de-violencia-familiar\/#primaryimage"},"image":{"@id":"https:\/\/www.gesmujer.org\/sitio\/aspirante-de-morena-a-alcaldia-de-santa-maria-xadani-esta-acusado-de-violencia-familiar\/#primaryimage"},"thumbnailUrl":"https:\/\/www.gesmujer.org\/sitio\/wp-content\/uploads\/2021\/04\/f800x450-124614_176060_5050.jpg","datePublished":"2021-04-06T02:35:23+00:00","dateModified":"2021-04-06T02:35:28+00:00","breadcrumb":{"@id":"https:\/\/www.gesmujer.org\/sitio\/aspirante-de-morena-a-alcaldia-de-santa-maria-xadani-esta-acusado-de-violencia-familiar\/#breadcrumb"},"inLanguage":"es","potentialAction":[{"@type":"ReadAction","target":["https:\/\/www.gesmujer.org\/sitio\/aspirante-de-morena-a-alcaldia-de-santa-maria-xadani-esta-acusado-de-violencia-familiar\/"]}]},{"@type":"ImageObject","inLanguage":"es","@id":"https:\/\/www.gesmujer.org\/sitio\/aspirante-de-morena-a-alcaldia-de-santa-maria-xadani-esta-acusado-de-violencia-familiar\/#primaryimage","url":"https:\/\/www.gesmujer.org\/sitio\/wp-content\/uploads\/2021\/04\/f800x450-124614_176060_5050.jpg","contentUrl":"https:\/\/www.gesmujer.org\/sitio\/wp-content\/uploads\/2021\/04\/f800x450-124614_176060_5050.jpg","width":800,"height":450},{"@type":"BreadcrumbList","@id":"https:\/\/www.gesmujer.org\/sitio\/aspirante-de-morena-a-alcaldia-de-santa-maria-xadani-esta-acusado-de-violencia-familiar\/#breadcrumb","itemListElement":[{"@type":"ListItem","position":1,"name":"Home","item":"https:\/\/www.gesmujer.org\/sitio\/"},{"@type":"ListItem","position":2,"name":"Aspirante de Morena a alcald\u00eda de Santa Mar\u00eda Xadani est\u00e1 acusado de violencia familiar"}]},{"@type":"WebSite","@id":"https:\/\/www.gesmujer.org\/sitio\/#website","url":"https:\/\/www.gesmujer.org\/sitio\/","name":"GESMujer \"Rosario Castellanos\"","description":"M\u00e1s de 45 a\u00f1os ha llevado a cabo acciones para erradicar la violencia de g\u00e9nero y construir entornos donde las mujeres encuentren su resiliencia, incrementen su agencia y autonom\u00eda que les permita lograr su empoderamiento a trav\u00e9s de cinco l\u00edneas de acci\u00f3n.","publisher":{"@id":"https:\/\/www.gesmujer.org\/sitio\/#organization"},"alternateName":"GESMujer","potentialAction":[{"@type":"SearchAction","target":{"@type":"EntryPoint","urlTemplate":"https:\/\/www.gesmujer.org\/sitio\/?s={search_term_string}"},"query-input":{"@type":"PropertyValueSpecification","valueRequired":true,"valueName":"search_term_string"}}],"inLanguage":"es"},{"@type":"Organization","@id":"https:\/\/www.gesmujer.org\/sitio\/#organization","name":"Grupo de estudios sobre la mujer Rosario Castellanos ac","alternateName":"GESMujer","url":"https:\/\/www.gesmujer.org\/sitio\/","logo":{"@type":"ImageObject","inLanguage":"es","@id":"https:\/\/www.gesmujer.org\/sitio\/#\/schema\/logo\/image\/","url":"https:\/\/www.gesmujer.org\/sitio\/wp-content\/uploads\/2026\/03\/Logo-GESMujer-300.png","contentUrl":"https:\/\/www.gesmujer.org\/sitio\/wp-content\/uploads\/2026\/03\/Logo-GESMujer-300.png","width":300,"height":141,"caption":"Grupo de estudios sobre la mujer Rosario Castellanos ac"},"image":{"@id":"https:\/\/www.gesmujer.org\/sitio\/#\/schema\/logo\/image\/"},"sameAs":["https:\/\/www.facebook.com\/gesmujer.rosario.castellanos.ac","https:\/\/x.com\/GES_Mujer","https:\/\/www.instagram.com\/ges_mujer\/?hl=es","https:\/\/www.youtube.com\/c\/GESMujerRosarioCastellanos\/videos","https:\/\/soundcloud.com\/gesmujerac","https:\/\/www.tiktok.com\/@gesmujer"]},{"@type":"Person","@id":"https:\/\/www.gesmujer.org\/sitio\/#\/schema\/person\/50e03387f883646c2714c51783a7e288","name":"cendoc","image":{"@type":"ImageObject","inLanguage":"es","@id":"https:\/\/secure.gravatar.com\/avatar\/2f187338ccb33c33bc1b08e92e2247a6891db221398e12bbc0f5ff0cfc462495?s=96&d=mm&r=g","url":"https:\/\/secure.gravatar.com\/avatar\/2f187338ccb33c33bc1b08e92e2247a6891db221398e12bbc0f5ff0cfc462495?s=96&d=mm&r=g","contentUrl":"https:\/\/secure.gravatar.com\/avatar\/2f187338ccb33c33bc1b08e92e2247a6891db221398e12bbc0f5ff0cfc462495?s=96&d=mm&r=g","caption":"cendoc"},"sameAs":["http:\/\/gesmujer.org"],"url":"https:\/\/www.gesmujer.org\/sitio\/author\/cendoc\/"}]}},"_links":{"self":[{"href":"https:\/\/www.gesmujer.org\/sitio\/wp-json\/wp\/v2\/posts\/6529","targetHints":{"allow":["GET"]}}],"collection":[{"href":"https:\/\/www.gesmujer.org\/sitio\/wp-json\/wp\/v2\/posts"}],"about":[{"href":"https:\/\/www.gesmujer.org\/sitio\/wp-json\/wp\/v2\/types\/post"}],"author":[{"embeddable":true,"href":"https:\/\/www.gesmujer.org\/sitio\/wp-json\/wp\/v2\/users\/4"}],"replies":[{"embeddable":true,"href":"https:\/\/www.gesmujer.org\/sitio\/wp-json\/wp\/v2\/comments?post=6529"}],"version-history":[{"count":1,"href":"https:\/\/www.gesmujer.org\/sitio\/wp-json\/wp\/v2\/posts\/6529\/revisions"}],"predecessor-version":[{"id":6531,"href":"https:\/\/www.gesmujer.org\/sitio\/wp-json\/wp\/v2\/posts\/6529\/revisions\/6531"}],"wp:featuredmedia":[{"embeddable":true,"href":"https:\/\/www.gesmujer.org\/sitio\/wp-json\/wp\/v2\/media\/6530"}],"wp:attachment":[{"href":"https:\/\/www.gesmujer.org\/sitio\/wp-json\/wp\/v2\/media?parent=6529"}],"wp:term":[{"taxonomy":"category","embeddable":true,"href":"https:\/\/www.gesmujer.org\/sitio\/wp-json\/wp\/v2\/categories?post=6529"},{"taxonomy":"post_tag","embeddable":true,"href":"https:\/\/www.gesmujer.org\/sitio\/wp-json\/wp\/v2\/tags?post=6529"}],"curies":[{"name":"wp","href":"https:\/\/api.w.org\/{rel}","templated":true}]}}