{"id":6571,"date":"2021-04-20T11:16:28","date_gmt":"2021-04-20T17:16:28","guid":{"rendered":"https:\/\/www.gesmujer.org\/web\/?p=6571"},"modified":"2021-04-20T11:16:31","modified_gmt":"2021-04-20T17:16:31","slug":"gesmujer-invita-a-fomentar-la-autonomia-y-autocuidado-de-las-ninas","status":"publish","type":"post","link":"https:\/\/www.gesmujer.org\/sitio\/gesmujer-invita-a-fomentar-la-autonomia-y-autocuidado-de-las-ninas\/","title":{"rendered":"GESMujer invita a fomentar la autonom\u00eda y autocuidado de las ni\u00f1as"},"content":{"rendered":"\n<h5 class=\"wp-block-heading\"><strong>Estudios arrojan que las ni\u00f1as comienzan a sentirse menos inteligentes que los ni\u00f1os a partir de los 6 a\u00f1os, debido a una educaci\u00f3n basada en estereotipos de g\u00e9nero.<\/strong><\/h5>\n\n\n\n<p>Con el objetivo de que las familias obtengan herramientas para fomentar la autonom\u00eda y el autocuidado en las ni\u00f1as, el Grupo de estudios sobre la mujer Rosario Castellanos ac, continua este mi\u00e9rcoles 14 con el ciclo de video-charlas titulado \u201cEl derecho a vivir una infancia segura y feliz\u201d, donde cada semana del presente mes de abril, especialistas expondr\u00e1n temas de inter\u00e9s para madres, padres y cuidadores de infantes, as\u00ed mismo responder\u00e1n dudas sobre como criar ni\u00f1os y ni\u00f1as para un desarrollo m\u00e1s pleno.<\/p>\n\n\n\n<p>Rosario Martinez, directora del Centro de Ense\u00f1anza en Investigaci\u00f3n Aplicada de dicha organizaci\u00f3n, coment\u00f3 que \u201cLa infancia es una etapa fundamental para el desarrollo personal, por ello es primordial que el empoderamiento femenino comience desde esta etapa, a trav\u00e9s de la educaci\u00f3n recibida en casa y las ense\u00f1anzas en la escuela. Por ello el papel de las familias en el empoderamiento femenino es de vital importancia, ya que la forma en que se crie una ni\u00f1a tendr\u00e1 impacto en su vida futura\u201d.<\/p>\n\n\n\n<p>Indic\u00f3 que la poblaci\u00f3n mundial actual de ni\u00f1as de 10 a\u00f1os alcanza m\u00e1s de 60 millones, de las cuales, cerca de 35 millones viven en pa\u00edses con niveles elevados de desigualdad entre los g\u00e9neros como el nuestro y el problema es que los estereotipos y barreras de g\u00e9nero, han alejado a las ni\u00f1as de los espacios que le permitir\u00edan acceder a m\u00e1s posibilidades de ejercer sus derechos libremente, coartando sus posibilidades de tomar sus propias decisiones de manera informada, lo que redunda en una mayor probabilidad de embarazos adolescentes, riesgos de sufrir violencia, entre otros problemas.<\/p>\n\n\n\n<p>\u201cEl empoderamiento de las ni\u00f1as- recalc\u00f3 Mart\u00ednez Miguel \u2013 &nbsp;significa tener las mismas oportunidades de trato, educaci\u00f3n y salud, que los ni\u00f1os sin ser discriminadas por su g\u00e9nero y fomentar en las ni\u00f1as un ambiente de autonom\u00eda, abonar\u00e1 a su crecimiento personal, tanto en el desarrollo de su autoestima, seguridad y libertad de pensamiento; convirti\u00e9ndolas en protagonistas de su propia vida y su futuro. Es por ello, que, al empoderar a las ni\u00f1as, e invertir en programas e instituciones que protegen sus derechos, se contribuye a romper el ciclo intergeneracional de violencia de g\u00e9nero\u201d.<\/p>\n\n\n\n<p>La videocharla ser\u00e1 transmitida en vivo, el mi\u00e9rcoles 14 de abril, en punto de\u00a0\u00a0 las 5:00 de la tarde, a trav\u00e9s de fan page de Facebook del GESMujer: @<a href=\"http:\/\/gesmujer.rosario.castellanos.ac\/\">gesmujer.rosario.castellanos.ac<\/a>\u00a0y contar\u00e1 con la participaci\u00f3n de la licenciada en pedagog\u00eda Lidia Iliana Jim\u00e9nez Rasgado y la maestra en comunicaci\u00f3n Haydee Ramos Cadena; integrantes del colectivo Peque espacio feminista, especialistas en la atenci\u00f3n de las infancias, a trav\u00e9s de la expresi\u00f3n art\u00edstica con perspectiva de g\u00e9nero.\u00a0<\/p>\n","protected":false},"excerpt":{"rendered":"<p>Estudios arrojan que las ni\u00f1as comienzan a sentirse menos inteligentes que los ni\u00f1os a partir de los 6 a\u00f1os, debido a una educaci\u00f3n basada en estereotipos de g\u00e9nero. Con el objetivo de que las familias obtengan herramientas para fomentar la autonom\u00eda y el autocuidado en las ni\u00f1as, el Grupo de estudios sobre la mujer Rosario [&hellip;]<\/p>\n","protected":false},"author":4,"featured_media":6572,"comment_status":"closed","ping_status":"open","sticky":false,"template":"","format":"standard","meta":{"give_campaign_id":0,"footnotes":""},"categories":[36],"tags":[],"class_list":["post-6571","post","type-post","status-publish","format-standard","has-post-thumbnail","hentry","category-comunicados"],"yoast_head":"<!-- This site is optimized with the Yoast SEO plugin v27.4 - https:\/\/yoast.com\/product\/yoast-seo-wordpress\/ -->\n<title>GESMujer invita a fomentar la autonom\u00eda y autocuidado de las ni\u00f1as - GESMujer &quot;Rosario Castellanos&quot;<\/title>\n<meta name=\"robots\" content=\"index, follow, max-snippet:-1, max-image-preview:large, max-video-preview:-1\" \/>\n<link rel=\"canonical\" href=\"https:\/\/www.gesmujer.org\/sitio\/gesmujer-invita-a-fomentar-la-autonomia-y-autocuidado-de-las-ninas\/\" \/>\n<meta property=\"og:locale\" content=\"es_MX\" \/>\n<meta property=\"og:type\" content=\"article\" \/>\n<meta property=\"og:title\" content=\"GESMujer invita a fomentar la autonom\u00eda y autocuidado de las ni\u00f1as\" \/>\n<meta property=\"og:description\" content=\"Con el objetivo de que las familias obtengan herramientas para fomentar la autonom\u00eda y el autocuidado en las ni\u00f1as, el Grupo de estudios sobre la mujer Rosario Castellanos ac, continua este mi\u00e9rcoles 14 con el ciclo de video-charlas titulado \u201cEl derecho a vivir una infancia segura y feliz\u201d, donde cada semana del presente mes de abril, especialistas expondr\u00e1n temas de inter\u00e9s para madres, padres y cuidadores de infantes, as\u00ed mismo responder\u00e1n dudas sobre como criar ni\u00f1os y ni\u00f1as para un desarrollo m\u00e1s pleno.\" \/>\n<meta property=\"og:url\" content=\"https:\/\/www.gesmujer.org\/sitio\/gesmujer-invita-a-fomentar-la-autonomia-y-autocuidado-de-las-ninas\/\" \/>\n<meta property=\"og:site_name\" content=\"GESMujer &quot;Rosario Castellanos&quot;\" \/>\n<meta property=\"article:publisher\" content=\"https:\/\/www.facebook.com\/gesmujer.rosario.castellanos.ac\" \/>\n<meta property=\"article:published_time\" content=\"2021-04-20T17:16:28+00:00\" \/>\n<meta property=\"article:modified_time\" content=\"2021-04-20T17:16:31+00:00\" \/>\n<meta property=\"og:image\" content=\"https:\/\/www.gesmujer.org\/sitio\/wp-content\/uploads\/2021\/04\/1-39.jpg\" \/>\n\t<meta property=\"og:image:width\" content=\"700\" \/>\n\t<meta property=\"og:image:height\" content=\"433\" \/>\n\t<meta property=\"og:image:type\" content=\"image\/jpeg\" \/>\n<meta name=\"author\" content=\"cendoc\" \/>\n<meta name=\"twitter:card\" content=\"summary_large_image\" \/>\n<meta name=\"twitter:title\" content=\"GESMujer invita a fomentar la autonom\u00eda y autocuidado de las ni\u00f1as\" \/>\n<meta name=\"twitter:description\" content=\"Con el objetivo de que las familias obtengan herramientas para fomentar la autonom\u00eda y el autocuidado en las ni\u00f1as, el Grupo de estudios sobre la mujer Rosario Castellanos ac, continua este mi\u00e9rcoles 14 con el ciclo de video-charlas titulado \u201cEl derecho a vivir una infancia segura y feliz\u201d, donde cada semana del presente mes de abril, especialistas expondr\u00e1n temas de inter\u00e9s para madres, padres y cuidadores de infantes, as\u00ed mismo responder\u00e1n dudas sobre como criar ni\u00f1os y ni\u00f1as para un desarrollo m\u00e1s pleno.\" \/>\n<meta name=\"twitter:image\" content=\"https:\/\/www.gesmujer.org\/sitio\/wp-content\/uploads\/2021\/04\/1-39.jpg\" \/>\n<meta name=\"twitter:creator\" content=\"@GES_Mujer\" \/>\n<meta name=\"twitter:site\" content=\"@GES_Mujer\" \/>\n<meta name=\"twitter:label1\" content=\"Escrito por\" \/>\n\t<meta name=\"twitter:data1\" content=\"cendoc\" \/>\n\t<meta name=\"twitter:label2\" content=\"Tiempo de lectura\" \/>\n\t<meta name=\"twitter:data2\" content=\"3 minutos\" \/>\n<script type=\"application\/ld+json\" class=\"yoast-schema-graph\">{\"@context\":\"https:\\\/\\\/schema.org\",\"@graph\":[{\"@type\":\"Article\",\"@id\":\"https:\\\/\\\/www.gesmujer.org\\\/sitio\\\/gesmujer-invita-a-fomentar-la-autonomia-y-autocuidado-de-las-ninas\\\/#article\",\"isPartOf\":{\"@id\":\"https:\\\/\\\/www.gesmujer.org\\\/sitio\\\/gesmujer-invita-a-fomentar-la-autonomia-y-autocuidado-de-las-ninas\\\/\"},\"author\":{\"name\":\"cendoc\",\"@id\":\"https:\\\/\\\/www.gesmujer.org\\\/sitio\\\/#\\\/schema\\\/person\\\/50e03387f883646c2714c51783a7e288\"},\"headline\":\"GESMujer invita a fomentar la autonom\u00eda y autocuidado de las ni\u00f1as\",\"datePublished\":\"2021-04-20T17:16:28+00:00\",\"dateModified\":\"2021-04-20T17:16:31+00:00\",\"mainEntityOfPage\":{\"@id\":\"https:\\\/\\\/www.gesmujer.org\\\/sitio\\\/gesmujer-invita-a-fomentar-la-autonomia-y-autocuidado-de-las-ninas\\\/\"},\"wordCount\":518,\"publisher\":{\"@id\":\"https:\\\/\\\/www.gesmujer.org\\\/sitio\\\/#organization\"},\"image\":{\"@id\":\"https:\\\/\\\/www.gesmujer.org\\\/sitio\\\/gesmujer-invita-a-fomentar-la-autonomia-y-autocuidado-de-las-ninas\\\/#primaryimage\"},\"thumbnailUrl\":\"https:\\\/\\\/www.gesmujer.org\\\/sitio\\\/wp-content\\\/uploads\\\/2021\\\/04\\\/1-39.jpg\",\"articleSection\":[\"COMUNICADOS\"],\"inLanguage\":\"es\"},{\"@type\":\"WebPage\",\"@id\":\"https:\\\/\\\/www.gesmujer.org\\\/sitio\\\/gesmujer-invita-a-fomentar-la-autonomia-y-autocuidado-de-las-ninas\\\/\",\"url\":\"https:\\\/\\\/www.gesmujer.org\\\/sitio\\\/gesmujer-invita-a-fomentar-la-autonomia-y-autocuidado-de-las-ninas\\\/\",\"name\":\"GESMujer invita a fomentar la autonom\u00eda y autocuidado de las ni\u00f1as - GESMujer &quot;Rosario Castellanos&quot;\",\"isPartOf\":{\"@id\":\"https:\\\/\\\/www.gesmujer.org\\\/sitio\\\/#website\"},\"primaryImageOfPage\":{\"@id\":\"https:\\\/\\\/www.gesmujer.org\\\/sitio\\\/gesmujer-invita-a-fomentar-la-autonomia-y-autocuidado-de-las-ninas\\\/#primaryimage\"},\"image\":{\"@id\":\"https:\\\/\\\/www.gesmujer.org\\\/sitio\\\/gesmujer-invita-a-fomentar-la-autonomia-y-autocuidado-de-las-ninas\\\/#primaryimage\"},\"thumbnailUrl\":\"https:\\\/\\\/www.gesmujer.org\\\/sitio\\\/wp-content\\\/uploads\\\/2021\\\/04\\\/1-39.jpg\",\"datePublished\":\"2021-04-20T17:16:28+00:00\",\"dateModified\":\"2021-04-20T17:16:31+00:00\",\"breadcrumb\":{\"@id\":\"https:\\\/\\\/www.gesmujer.org\\\/sitio\\\/gesmujer-invita-a-fomentar-la-autonomia-y-autocuidado-de-las-ninas\\\/#breadcrumb\"},\"inLanguage\":\"es\",\"potentialAction\":[{\"@type\":\"ReadAction\",\"target\":[\"https:\\\/\\\/www.gesmujer.org\\\/sitio\\\/gesmujer-invita-a-fomentar-la-autonomia-y-autocuidado-de-las-ninas\\\/\"]}]},{\"@type\":\"ImageObject\",\"inLanguage\":\"es\",\"@id\":\"https:\\\/\\\/www.gesmujer.org\\\/sitio\\\/gesmujer-invita-a-fomentar-la-autonomia-y-autocuidado-de-las-ninas\\\/#primaryimage\",\"url\":\"https:\\\/\\\/www.gesmujer.org\\\/sitio\\\/wp-content\\\/uploads\\\/2021\\\/04\\\/1-39.jpg\",\"contentUrl\":\"https:\\\/\\\/www.gesmujer.org\\\/sitio\\\/wp-content\\\/uploads\\\/2021\\\/04\\\/1-39.jpg\",\"width\":700,\"height\":433},{\"@type\":\"BreadcrumbList\",\"@id\":\"https:\\\/\\\/www.gesmujer.org\\\/sitio\\\/gesmujer-invita-a-fomentar-la-autonomia-y-autocuidado-de-las-ninas\\\/#breadcrumb\",\"itemListElement\":[{\"@type\":\"ListItem\",\"position\":1,\"name\":\"Home\",\"item\":\"https:\\\/\\\/www.gesmujer.org\\\/sitio\\\/\"},{\"@type\":\"ListItem\",\"position\":2,\"name\":\"GESMujer invita a fomentar la autonom\u00eda y autocuidado de las ni\u00f1as\"}]},{\"@type\":\"WebSite\",\"@id\":\"https:\\\/\\\/www.gesmujer.org\\\/sitio\\\/#website\",\"url\":\"https:\\\/\\\/www.gesmujer.org\\\/sitio\\\/\",\"name\":\"GESMujer \\\"Rosario Castellanos\\\"\",\"description\":\"M\u00e1s de 45 a\u00f1os ha llevado a cabo acciones para erradicar la violencia de g\u00e9nero y construir entornos donde las mujeres encuentren su resiliencia, incrementen su agencia y autonom\u00eda que les permita lograr su empoderamiento a trav\u00e9s de cinco l\u00edneas de acci\u00f3n.\",\"publisher\":{\"@id\":\"https:\\\/\\\/www.gesmujer.org\\\/sitio\\\/#organization\"},\"alternateName\":\"GESMujer\",\"potentialAction\":[{\"@type\":\"SearchAction\",\"target\":{\"@type\":\"EntryPoint\",\"urlTemplate\":\"https:\\\/\\\/www.gesmujer.org\\\/sitio\\\/?s={search_term_string}\"},\"query-input\":{\"@type\":\"PropertyValueSpecification\",\"valueRequired\":true,\"valueName\":\"search_term_string\"}}],\"inLanguage\":\"es\"},{\"@type\":\"Organization\",\"@id\":\"https:\\\/\\\/www.gesmujer.org\\\/sitio\\\/#organization\",\"name\":\"Grupo de estudios sobre la mujer Rosario Castellanos ac\",\"alternateName\":\"GESMujer\",\"url\":\"https:\\\/\\\/www.gesmujer.org\\\/sitio\\\/\",\"logo\":{\"@type\":\"ImageObject\",\"inLanguage\":\"es\",\"@id\":\"https:\\\/\\\/www.gesmujer.org\\\/sitio\\\/#\\\/schema\\\/logo\\\/image\\\/\",\"url\":\"https:\\\/\\\/www.gesmujer.org\\\/sitio\\\/wp-content\\\/uploads\\\/2026\\\/03\\\/Logo-GESMujer-300.png\",\"contentUrl\":\"https:\\\/\\\/www.gesmujer.org\\\/sitio\\\/wp-content\\\/uploads\\\/2026\\\/03\\\/Logo-GESMujer-300.png\",\"width\":300,\"height\":141,\"caption\":\"Grupo de estudios sobre la mujer Rosario Castellanos ac\"},\"image\":{\"@id\":\"https:\\\/\\\/www.gesmujer.org\\\/sitio\\\/#\\\/schema\\\/logo\\\/image\\\/\"},\"sameAs\":[\"https:\\\/\\\/www.facebook.com\\\/gesmujer.rosario.castellanos.ac\",\"https:\\\/\\\/x.com\\\/GES_Mujer\",\"https:\\\/\\\/www.instagram.com\\\/ges_mujer\\\/?hl=es\",\"https:\\\/\\\/www.youtube.com\\\/c\\\/GESMujerRosarioCastellanos\\\/videos\",\"https:\\\/\\\/soundcloud.com\\\/gesmujerac\",\"https:\\\/\\\/www.tiktok.com\\\/@gesmujer\"]},{\"@type\":\"Person\",\"@id\":\"https:\\\/\\\/www.gesmujer.org\\\/sitio\\\/#\\\/schema\\\/person\\\/50e03387f883646c2714c51783a7e288\",\"name\":\"cendoc\",\"image\":{\"@type\":\"ImageObject\",\"inLanguage\":\"es\",\"@id\":\"https:\\\/\\\/secure.gravatar.com\\\/avatar\\\/2f187338ccb33c33bc1b08e92e2247a6891db221398e12bbc0f5ff0cfc462495?s=96&d=mm&r=g\",\"url\":\"https:\\\/\\\/secure.gravatar.com\\\/avatar\\\/2f187338ccb33c33bc1b08e92e2247a6891db221398e12bbc0f5ff0cfc462495?s=96&d=mm&r=g\",\"contentUrl\":\"https:\\\/\\\/secure.gravatar.com\\\/avatar\\\/2f187338ccb33c33bc1b08e92e2247a6891db221398e12bbc0f5ff0cfc462495?s=96&d=mm&r=g\",\"caption\":\"cendoc\"},\"sameAs\":[\"http:\\\/\\\/gesmujer.org\"],\"url\":\"https:\\\/\\\/www.gesmujer.org\\\/sitio\\\/author\\\/cendoc\\\/\"}]}<\/script>\n<!-- \/ Yoast SEO plugin. -->","yoast_head_json":{"title":"GESMujer invita a fomentar la autonom\u00eda y autocuidado de las ni\u00f1as - GESMujer &quot;Rosario Castellanos&quot;","robots":{"index":"index","follow":"follow","max-snippet":"max-snippet:-1","max-image-preview":"max-image-preview:large","max-video-preview":"max-video-preview:-1"},"canonical":"https:\/\/www.gesmujer.org\/sitio\/gesmujer-invita-a-fomentar-la-autonomia-y-autocuidado-de-las-ninas\/","og_locale":"es_MX","og_type":"article","og_title":"GESMujer invita a fomentar la autonom\u00eda y autocuidado de las ni\u00f1as","og_description":"Con el objetivo de que las familias obtengan herramientas para fomentar la autonom\u00eda y el autocuidado en las ni\u00f1as, el Grupo de estudios sobre la mujer Rosario Castellanos ac, continua este mi\u00e9rcoles 14 con el ciclo de video-charlas titulado \u201cEl derecho a vivir una infancia segura y feliz\u201d, donde cada semana del presente mes de abril, especialistas expondr\u00e1n temas de inter\u00e9s para madres, padres y cuidadores de infantes, as\u00ed mismo responder\u00e1n dudas sobre como criar ni\u00f1os y ni\u00f1as para un desarrollo m\u00e1s pleno.","og_url":"https:\/\/www.gesmujer.org\/sitio\/gesmujer-invita-a-fomentar-la-autonomia-y-autocuidado-de-las-ninas\/","og_site_name":"GESMujer &quot;Rosario Castellanos&quot;","article_publisher":"https:\/\/www.facebook.com\/gesmujer.rosario.castellanos.ac","article_published_time":"2021-04-20T17:16:28+00:00","article_modified_time":"2021-04-20T17:16:31+00:00","og_image":[{"width":700,"height":433,"url":"https:\/\/www.gesmujer.org\/sitio\/wp-content\/uploads\/2021\/04\/1-39.jpg","type":"image\/jpeg"}],"author":"cendoc","twitter_card":"summary_large_image","twitter_title":"GESMujer invita a fomentar la autonom\u00eda y autocuidado de las ni\u00f1as","twitter_description":"Con el objetivo de que las familias obtengan herramientas para fomentar la autonom\u00eda y el autocuidado en las ni\u00f1as, el Grupo de estudios sobre la mujer Rosario Castellanos ac, continua este mi\u00e9rcoles 14 con el ciclo de video-charlas titulado \u201cEl derecho a vivir una infancia segura y feliz\u201d, donde cada semana del presente mes de abril, especialistas expondr\u00e1n temas de inter\u00e9s para madres, padres y cuidadores de infantes, as\u00ed mismo responder\u00e1n dudas sobre como criar ni\u00f1os y ni\u00f1as para un desarrollo m\u00e1s pleno.","twitter_image":"https:\/\/www.gesmujer.org\/sitio\/wp-content\/uploads\/2021\/04\/1-39.jpg","twitter_creator":"@GES_Mujer","twitter_site":"@GES_Mujer","twitter_misc":{"Escrito por":"cendoc","Tiempo de lectura":"3 minutos"},"schema":{"@context":"https:\/\/schema.org","@graph":[{"@type":"Article","@id":"https:\/\/www.gesmujer.org\/sitio\/gesmujer-invita-a-fomentar-la-autonomia-y-autocuidado-de-las-ninas\/#article","isPartOf":{"@id":"https:\/\/www.gesmujer.org\/sitio\/gesmujer-invita-a-fomentar-la-autonomia-y-autocuidado-de-las-ninas\/"},"author":{"name":"cendoc","@id":"https:\/\/www.gesmujer.org\/sitio\/#\/schema\/person\/50e03387f883646c2714c51783a7e288"},"headline":"GESMujer invita a fomentar la autonom\u00eda y autocuidado de las ni\u00f1as","datePublished":"2021-04-20T17:16:28+00:00","dateModified":"2021-04-20T17:16:31+00:00","mainEntityOfPage":{"@id":"https:\/\/www.gesmujer.org\/sitio\/gesmujer-invita-a-fomentar-la-autonomia-y-autocuidado-de-las-ninas\/"},"wordCount":518,"publisher":{"@id":"https:\/\/www.gesmujer.org\/sitio\/#organization"},"image":{"@id":"https:\/\/www.gesmujer.org\/sitio\/gesmujer-invita-a-fomentar-la-autonomia-y-autocuidado-de-las-ninas\/#primaryimage"},"thumbnailUrl":"https:\/\/www.gesmujer.org\/sitio\/wp-content\/uploads\/2021\/04\/1-39.jpg","articleSection":["COMUNICADOS"],"inLanguage":"es"},{"@type":"WebPage","@id":"https:\/\/www.gesmujer.org\/sitio\/gesmujer-invita-a-fomentar-la-autonomia-y-autocuidado-de-las-ninas\/","url":"https:\/\/www.gesmujer.org\/sitio\/gesmujer-invita-a-fomentar-la-autonomia-y-autocuidado-de-las-ninas\/","name":"GESMujer invita a fomentar la autonom\u00eda y autocuidado de las ni\u00f1as - GESMujer &quot;Rosario Castellanos&quot;","isPartOf":{"@id":"https:\/\/www.gesmujer.org\/sitio\/#website"},"primaryImageOfPage":{"@id":"https:\/\/www.gesmujer.org\/sitio\/gesmujer-invita-a-fomentar-la-autonomia-y-autocuidado-de-las-ninas\/#primaryimage"},"image":{"@id":"https:\/\/www.gesmujer.org\/sitio\/gesmujer-invita-a-fomentar-la-autonomia-y-autocuidado-de-las-ninas\/#primaryimage"},"thumbnailUrl":"https:\/\/www.gesmujer.org\/sitio\/wp-content\/uploads\/2021\/04\/1-39.jpg","datePublished":"2021-04-20T17:16:28+00:00","dateModified":"2021-04-20T17:16:31+00:00","breadcrumb":{"@id":"https:\/\/www.gesmujer.org\/sitio\/gesmujer-invita-a-fomentar-la-autonomia-y-autocuidado-de-las-ninas\/#breadcrumb"},"inLanguage":"es","potentialAction":[{"@type":"ReadAction","target":["https:\/\/www.gesmujer.org\/sitio\/gesmujer-invita-a-fomentar-la-autonomia-y-autocuidado-de-las-ninas\/"]}]},{"@type":"ImageObject","inLanguage":"es","@id":"https:\/\/www.gesmujer.org\/sitio\/gesmujer-invita-a-fomentar-la-autonomia-y-autocuidado-de-las-ninas\/#primaryimage","url":"https:\/\/www.gesmujer.org\/sitio\/wp-content\/uploads\/2021\/04\/1-39.jpg","contentUrl":"https:\/\/www.gesmujer.org\/sitio\/wp-content\/uploads\/2021\/04\/1-39.jpg","width":700,"height":433},{"@type":"BreadcrumbList","@id":"https:\/\/www.gesmujer.org\/sitio\/gesmujer-invita-a-fomentar-la-autonomia-y-autocuidado-de-las-ninas\/#breadcrumb","itemListElement":[{"@type":"ListItem","position":1,"name":"Home","item":"https:\/\/www.gesmujer.org\/sitio\/"},{"@type":"ListItem","position":2,"name":"GESMujer invita a fomentar la autonom\u00eda y autocuidado de las ni\u00f1as"}]},{"@type":"WebSite","@id":"https:\/\/www.gesmujer.org\/sitio\/#website","url":"https:\/\/www.gesmujer.org\/sitio\/","name":"GESMujer \"Rosario Castellanos\"","description":"M\u00e1s de 45 a\u00f1os ha llevado a cabo acciones para erradicar la violencia de g\u00e9nero y construir entornos donde las mujeres encuentren su resiliencia, incrementen su agencia y autonom\u00eda que les permita lograr su empoderamiento a trav\u00e9s de cinco l\u00edneas de acci\u00f3n.","publisher":{"@id":"https:\/\/www.gesmujer.org\/sitio\/#organization"},"alternateName":"GESMujer","potentialAction":[{"@type":"SearchAction","target":{"@type":"EntryPoint","urlTemplate":"https:\/\/www.gesmujer.org\/sitio\/?s={search_term_string}"},"query-input":{"@type":"PropertyValueSpecification","valueRequired":true,"valueName":"search_term_string"}}],"inLanguage":"es"},{"@type":"Organization","@id":"https:\/\/www.gesmujer.org\/sitio\/#organization","name":"Grupo de estudios sobre la mujer Rosario Castellanos ac","alternateName":"GESMujer","url":"https:\/\/www.gesmujer.org\/sitio\/","logo":{"@type":"ImageObject","inLanguage":"es","@id":"https:\/\/www.gesmujer.org\/sitio\/#\/schema\/logo\/image\/","url":"https:\/\/www.gesmujer.org\/sitio\/wp-content\/uploads\/2026\/03\/Logo-GESMujer-300.png","contentUrl":"https:\/\/www.gesmujer.org\/sitio\/wp-content\/uploads\/2026\/03\/Logo-GESMujer-300.png","width":300,"height":141,"caption":"Grupo de estudios sobre la mujer Rosario Castellanos ac"},"image":{"@id":"https:\/\/www.gesmujer.org\/sitio\/#\/schema\/logo\/image\/"},"sameAs":["https:\/\/www.facebook.com\/gesmujer.rosario.castellanos.ac","https:\/\/x.com\/GES_Mujer","https:\/\/www.instagram.com\/ges_mujer\/?hl=es","https:\/\/www.youtube.com\/c\/GESMujerRosarioCastellanos\/videos","https:\/\/soundcloud.com\/gesmujerac","https:\/\/www.tiktok.com\/@gesmujer"]},{"@type":"Person","@id":"https:\/\/www.gesmujer.org\/sitio\/#\/schema\/person\/50e03387f883646c2714c51783a7e288","name":"cendoc","image":{"@type":"ImageObject","inLanguage":"es","@id":"https:\/\/secure.gravatar.com\/avatar\/2f187338ccb33c33bc1b08e92e2247a6891db221398e12bbc0f5ff0cfc462495?s=96&d=mm&r=g","url":"https:\/\/secure.gravatar.com\/avatar\/2f187338ccb33c33bc1b08e92e2247a6891db221398e12bbc0f5ff0cfc462495?s=96&d=mm&r=g","contentUrl":"https:\/\/secure.gravatar.com\/avatar\/2f187338ccb33c33bc1b08e92e2247a6891db221398e12bbc0f5ff0cfc462495?s=96&d=mm&r=g","caption":"cendoc"},"sameAs":["http:\/\/gesmujer.org"],"url":"https:\/\/www.gesmujer.org\/sitio\/author\/cendoc\/"}]}},"_links":{"self":[{"href":"https:\/\/www.gesmujer.org\/sitio\/wp-json\/wp\/v2\/posts\/6571","targetHints":{"allow":["GET"]}}],"collection":[{"href":"https:\/\/www.gesmujer.org\/sitio\/wp-json\/wp\/v2\/posts"}],"about":[{"href":"https:\/\/www.gesmujer.org\/sitio\/wp-json\/wp\/v2\/types\/post"}],"author":[{"embeddable":true,"href":"https:\/\/www.gesmujer.org\/sitio\/wp-json\/wp\/v2\/users\/4"}],"replies":[{"embeddable":true,"href":"https:\/\/www.gesmujer.org\/sitio\/wp-json\/wp\/v2\/comments?post=6571"}],"version-history":[{"count":1,"href":"https:\/\/www.gesmujer.org\/sitio\/wp-json\/wp\/v2\/posts\/6571\/revisions"}],"predecessor-version":[{"id":6573,"href":"https:\/\/www.gesmujer.org\/sitio\/wp-json\/wp\/v2\/posts\/6571\/revisions\/6573"}],"wp:featuredmedia":[{"embeddable":true,"href":"https:\/\/www.gesmujer.org\/sitio\/wp-json\/wp\/v2\/media\/6572"}],"wp:attachment":[{"href":"https:\/\/www.gesmujer.org\/sitio\/wp-json\/wp\/v2\/media?parent=6571"}],"wp:term":[{"taxonomy":"category","embeddable":true,"href":"https:\/\/www.gesmujer.org\/sitio\/wp-json\/wp\/v2\/categories?post=6571"},{"taxonomy":"post_tag","embeddable":true,"href":"https:\/\/www.gesmujer.org\/sitio\/wp-json\/wp\/v2\/tags?post=6571"}],"curies":[{"name":"wp","href":"https:\/\/api.w.org\/{rel}","templated":true}]}}