{"id":6683,"date":"2021-06-09T10:46:18","date_gmt":"2021-06-09T16:46:18","guid":{"rendered":"https:\/\/www.gesmujer.org\/web\/?p=6683"},"modified":"2021-06-09T10:46:23","modified_gmt":"2021-06-09T16:46:23","slug":"asesinan-a-viridiana-joven-de-30-anos-en-lagunas-oaxaca","status":"publish","type":"post","link":"https:\/\/www.gesmujer.org\/sitio\/asesinan-a-viridiana-joven-de-30-anos-en-lagunas-oaxaca\/","title":{"rendered":"Asesinan a Viridiana, joven de 30 a\u00f1os en Lagunas, Oaxaca"},"content":{"rendered":"\n<p><strong>Diana Manzo, Martes 08 de Junio de 2021, Aristegui noticias.- <\/strong>En v\u00edsperas de su cumplea\u00f1os n\u00famero 31,<strong>\u00a0Viridiana fue asesinada<\/strong>\u00a0cuando se dirig\u00eda a su trabajo en Lagunas, amigos y familiares exigen justicia.<\/p>\n\n\n\n<p>El feminicidio de la joven ocurri\u00f3 este lunes por la ma\u00f1ana sobre el camino a Guiguba;&nbsp;<strong>iba a bordo de su motocicleta cuando le dispararon<\/strong>&nbsp;con arma de fuego, hasta el momento, las autoridades de justicia desconocen al responsable.<\/p>\n\n\n\n<figure class=\"wp-block-image\"><img decoding=\"async\" src=\"https:\/\/aristeguinoticias.com\/editorial\/wp-content\/uploads\/2021\/06\/oaxaca-lagunas-feminicidio-viridiana-violencia-2-08062021-700x677.jpeg\" alt=\"\"\/><\/figure>\n\n\n\n<p>Su sepelio ser\u00e1 este mi\u00e9rcoles 9 de junio, fecha en que<strong>&nbsp;cumplir\u00eda 31 a\u00f1os de edad.<\/strong><\/p>\n\n\n\n<p>Por el amor, sororidad y en su memoria, sus amigas convocan a una marcha el jueves por la tarde y exigir justicia y #Niunam\u00e1s.<\/p>\n\n\n\n<p>En Oaxaca, seg\u00fan datos de la agrupaci\u00f3n feminista Ges Mujer, en lo que va de<strong>&nbsp;2021, 34 mujeres han sido asesinadas<\/strong>&nbsp;y 529 feminicidios en lo que va de la administraci\u00f3n del actual gobernador,&nbsp;<strong>Alejandro Murat Hinojosa.<\/strong><\/p>\n\n\n\n<p>El colectivo Consorcio Oaxaca recientemente public\u00f3 que el Istmo de Tehuantepec, regi\u00f3n de donde es originaria Viridiana, es hasta ahora la m\u00e1s violenta para las mujeres.<\/p>\n\n\n\n<p>Fuente: https:\/\/aristeguinoticias.com\/0806\/mexico\/asesinan-a-viridiana-joven-de-30-anos-en-lagunas-oaxaca\/<\/p>\n","protected":false},"excerpt":{"rendered":"<p>Diana Manzo, Martes 08 de Junio de 2021, Aristegui noticias.- En v\u00edsperas de su cumplea\u00f1os n\u00famero 31,\u00a0Viridiana fue asesinada\u00a0cuando se dirig\u00eda a su trabajo en Lagunas, amigos y familiares exigen justicia. El feminicidio de la joven ocurri\u00f3 este lunes por la ma\u00f1ana sobre el camino a Guiguba;&nbsp;iba a bordo de su motocicleta cuando le dispararon&nbsp;con [&hellip;]<\/p>\n","protected":false},"author":4,"featured_media":6684,"comment_status":"closed","ping_status":"open","sticky":false,"template":"","format":"standard","meta":{"give_campaign_id":0,"footnotes":""},"categories":[91,32,3],"tags":[],"class_list":["post-6683","post","type-post","status-publish","format-standard","has-post-thumbnail","hentry","category-notas","category-novedades","category-portada"],"yoast_head":"<!-- This site is optimized with the Yoast SEO plugin v27.4 - https:\/\/yoast.com\/product\/yoast-seo-wordpress\/ -->\n<title>Asesinan a Viridiana, joven de 30 a\u00f1os en Lagunas, Oaxaca - GESMujer &quot;Rosario Castellanos&quot;<\/title>\n<meta name=\"robots\" content=\"index, follow, max-snippet:-1, max-image-preview:large, max-video-preview:-1\" \/>\n<link rel=\"canonical\" href=\"https:\/\/www.gesmujer.org\/sitio\/asesinan-a-viridiana-joven-de-30-anos-en-lagunas-oaxaca\/\" \/>\n<meta property=\"og:locale\" content=\"es_MX\" \/>\n<meta property=\"og:type\" content=\"article\" \/>\n<meta property=\"og:title\" content=\"Asesinan a Viridiana, joven de 30 a\u00f1os en Lagunas, Oaxaca\" \/>\n<meta property=\"og:description\" content=\"El feminicidio de la joven ocurri\u00f3 este lunes por la ma\u00f1ana sobre el camino a Guiguba; iba a bordo de su motocicleta cuando le dispararon con arma de fuego, hasta el momento, las autoridades de justicia desconocen al responsable.\" \/>\n<meta property=\"og:url\" content=\"https:\/\/www.gesmujer.org\/sitio\/asesinan-a-viridiana-joven-de-30-anos-en-lagunas-oaxaca\/\" \/>\n<meta property=\"og:site_name\" content=\"GESMujer &quot;Rosario Castellanos&quot;\" \/>\n<meta property=\"article:publisher\" content=\"https:\/\/www.facebook.com\/gesmujer.rosario.castellanos.ac\" \/>\n<meta property=\"article:published_time\" content=\"2021-06-09T16:46:18+00:00\" \/>\n<meta property=\"article:modified_time\" content=\"2021-06-09T16:46:23+00:00\" \/>\n<meta property=\"og:image\" content=\"https:\/\/www.gesmujer.org\/sitio\/wp-content\/uploads\/2021\/06\/oaxaca-lagunas-feminicidio-viridiana-violencia-2-08062021-700x677-1.jpeg\" \/>\n\t<meta property=\"og:image:width\" content=\"700\" \/>\n\t<meta property=\"og:image:height\" content=\"677\" \/>\n\t<meta property=\"og:image:type\" content=\"image\/jpeg\" \/>\n<meta name=\"author\" content=\"cendoc\" \/>\n<meta name=\"twitter:card\" content=\"summary_large_image\" \/>\n<meta name=\"twitter:title\" content=\"Asesinan a Viridiana, joven de 30 a\u00f1os en Lagunas, Oaxaca\" \/>\n<meta name=\"twitter:description\" content=\"El feminicidio de la joven ocurri\u00f3 este lunes por la ma\u00f1ana sobre el camino a Guiguba; iba a bordo de su motocicleta cuando le dispararon con arma de fuego, hasta el momento, las autoridades de justicia desconocen al responsable.\" \/>\n<meta name=\"twitter:image\" content=\"https:\/\/www.gesmujer.org\/sitio\/wp-content\/uploads\/2021\/06\/oaxaca-lagunas-feminicidio-viridiana-violencia-2-08062021-700x677-1.jpeg\" \/>\n<meta name=\"twitter:creator\" content=\"@GES_Mujer\" \/>\n<meta name=\"twitter:site\" content=\"@GES_Mujer\" \/>\n<meta name=\"twitter:label1\" content=\"Escrito por\" \/>\n\t<meta name=\"twitter:data1\" content=\"cendoc\" \/>\n\t<meta name=\"twitter:label2\" content=\"Tiempo de lectura\" \/>\n\t<meta name=\"twitter:data2\" content=\"1 minuto\" \/>\n<script type=\"application\/ld+json\" class=\"yoast-schema-graph\">{\"@context\":\"https:\\\/\\\/schema.org\",\"@graph\":[{\"@type\":\"Article\",\"@id\":\"https:\\\/\\\/www.gesmujer.org\\\/sitio\\\/asesinan-a-viridiana-joven-de-30-anos-en-lagunas-oaxaca\\\/#article\",\"isPartOf\":{\"@id\":\"https:\\\/\\\/www.gesmujer.org\\\/sitio\\\/asesinan-a-viridiana-joven-de-30-anos-en-lagunas-oaxaca\\\/\"},\"author\":{\"name\":\"cendoc\",\"@id\":\"https:\\\/\\\/www.gesmujer.org\\\/sitio\\\/#\\\/schema\\\/person\\\/50e03387f883646c2714c51783a7e288\"},\"headline\":\"Asesinan a Viridiana, joven de 30 a\u00f1os en Lagunas, Oaxaca\",\"datePublished\":\"2021-06-09T16:46:18+00:00\",\"dateModified\":\"2021-06-09T16:46:23+00:00\",\"mainEntityOfPage\":{\"@id\":\"https:\\\/\\\/www.gesmujer.org\\\/sitio\\\/asesinan-a-viridiana-joven-de-30-anos-en-lagunas-oaxaca\\\/\"},\"wordCount\":205,\"publisher\":{\"@id\":\"https:\\\/\\\/www.gesmujer.org\\\/sitio\\\/#organization\"},\"image\":{\"@id\":\"https:\\\/\\\/www.gesmujer.org\\\/sitio\\\/asesinan-a-viridiana-joven-de-30-anos-en-lagunas-oaxaca\\\/#primaryimage\"},\"thumbnailUrl\":\"https:\\\/\\\/www.gesmujer.org\\\/sitio\\\/wp-content\\\/uploads\\\/2021\\\/06\\\/oaxaca-lagunas-feminicidio-viridiana-violencia-2-08062021-700x677-1.jpeg\",\"articleSection\":[\"NOTAS\",\"NOTICIAS\",\"portada\"],\"inLanguage\":\"es\"},{\"@type\":\"WebPage\",\"@id\":\"https:\\\/\\\/www.gesmujer.org\\\/sitio\\\/asesinan-a-viridiana-joven-de-30-anos-en-lagunas-oaxaca\\\/\",\"url\":\"https:\\\/\\\/www.gesmujer.org\\\/sitio\\\/asesinan-a-viridiana-joven-de-30-anos-en-lagunas-oaxaca\\\/\",\"name\":\"Asesinan a Viridiana, joven de 30 a\u00f1os en Lagunas, Oaxaca - GESMujer &quot;Rosario Castellanos&quot;\",\"isPartOf\":{\"@id\":\"https:\\\/\\\/www.gesmujer.org\\\/sitio\\\/#website\"},\"primaryImageOfPage\":{\"@id\":\"https:\\\/\\\/www.gesmujer.org\\\/sitio\\\/asesinan-a-viridiana-joven-de-30-anos-en-lagunas-oaxaca\\\/#primaryimage\"},\"image\":{\"@id\":\"https:\\\/\\\/www.gesmujer.org\\\/sitio\\\/asesinan-a-viridiana-joven-de-30-anos-en-lagunas-oaxaca\\\/#primaryimage\"},\"thumbnailUrl\":\"https:\\\/\\\/www.gesmujer.org\\\/sitio\\\/wp-content\\\/uploads\\\/2021\\\/06\\\/oaxaca-lagunas-feminicidio-viridiana-violencia-2-08062021-700x677-1.jpeg\",\"datePublished\":\"2021-06-09T16:46:18+00:00\",\"dateModified\":\"2021-06-09T16:46:23+00:00\",\"breadcrumb\":{\"@id\":\"https:\\\/\\\/www.gesmujer.org\\\/sitio\\\/asesinan-a-viridiana-joven-de-30-anos-en-lagunas-oaxaca\\\/#breadcrumb\"},\"inLanguage\":\"es\",\"potentialAction\":[{\"@type\":\"ReadAction\",\"target\":[\"https:\\\/\\\/www.gesmujer.org\\\/sitio\\\/asesinan-a-viridiana-joven-de-30-anos-en-lagunas-oaxaca\\\/\"]}]},{\"@type\":\"ImageObject\",\"inLanguage\":\"es\",\"@id\":\"https:\\\/\\\/www.gesmujer.org\\\/sitio\\\/asesinan-a-viridiana-joven-de-30-anos-en-lagunas-oaxaca\\\/#primaryimage\",\"url\":\"https:\\\/\\\/www.gesmujer.org\\\/sitio\\\/wp-content\\\/uploads\\\/2021\\\/06\\\/oaxaca-lagunas-feminicidio-viridiana-violencia-2-08062021-700x677-1.jpeg\",\"contentUrl\":\"https:\\\/\\\/www.gesmujer.org\\\/sitio\\\/wp-content\\\/uploads\\\/2021\\\/06\\\/oaxaca-lagunas-feminicidio-viridiana-violencia-2-08062021-700x677-1.jpeg\",\"width\":700,\"height\":677},{\"@type\":\"BreadcrumbList\",\"@id\":\"https:\\\/\\\/www.gesmujer.org\\\/sitio\\\/asesinan-a-viridiana-joven-de-30-anos-en-lagunas-oaxaca\\\/#breadcrumb\",\"itemListElement\":[{\"@type\":\"ListItem\",\"position\":1,\"name\":\"Home\",\"item\":\"https:\\\/\\\/www.gesmujer.org\\\/sitio\\\/\"},{\"@type\":\"ListItem\",\"position\":2,\"name\":\"Asesinan a Viridiana, joven de 30 a\u00f1os en Lagunas, Oaxaca\"}]},{\"@type\":\"WebSite\",\"@id\":\"https:\\\/\\\/www.gesmujer.org\\\/sitio\\\/#website\",\"url\":\"https:\\\/\\\/www.gesmujer.org\\\/sitio\\\/\",\"name\":\"GESMujer \\\"Rosario Castellanos\\\"\",\"description\":\"M\u00e1s de 45 a\u00f1os ha llevado a cabo acciones para erradicar la violencia de g\u00e9nero y construir entornos donde las mujeres encuentren su resiliencia, incrementen su agencia y autonom\u00eda que les permita lograr su empoderamiento a trav\u00e9s de cinco l\u00edneas de acci\u00f3n.\",\"publisher\":{\"@id\":\"https:\\\/\\\/www.gesmujer.org\\\/sitio\\\/#organization\"},\"alternateName\":\"GESMujer\",\"potentialAction\":[{\"@type\":\"SearchAction\",\"target\":{\"@type\":\"EntryPoint\",\"urlTemplate\":\"https:\\\/\\\/www.gesmujer.org\\\/sitio\\\/?s={search_term_string}\"},\"query-input\":{\"@type\":\"PropertyValueSpecification\",\"valueRequired\":true,\"valueName\":\"search_term_string\"}}],\"inLanguage\":\"es\"},{\"@type\":\"Organization\",\"@id\":\"https:\\\/\\\/www.gesmujer.org\\\/sitio\\\/#organization\",\"name\":\"Grupo de estudios sobre la mujer Rosario Castellanos ac\",\"alternateName\":\"GESMujer\",\"url\":\"https:\\\/\\\/www.gesmujer.org\\\/sitio\\\/\",\"logo\":{\"@type\":\"ImageObject\",\"inLanguage\":\"es\",\"@id\":\"https:\\\/\\\/www.gesmujer.org\\\/sitio\\\/#\\\/schema\\\/logo\\\/image\\\/\",\"url\":\"https:\\\/\\\/www.gesmujer.org\\\/sitio\\\/wp-content\\\/uploads\\\/2026\\\/03\\\/Logo-GESMujer-300.png\",\"contentUrl\":\"https:\\\/\\\/www.gesmujer.org\\\/sitio\\\/wp-content\\\/uploads\\\/2026\\\/03\\\/Logo-GESMujer-300.png\",\"width\":300,\"height\":141,\"caption\":\"Grupo de estudios sobre la mujer Rosario Castellanos ac\"},\"image\":{\"@id\":\"https:\\\/\\\/www.gesmujer.org\\\/sitio\\\/#\\\/schema\\\/logo\\\/image\\\/\"},\"sameAs\":[\"https:\\\/\\\/www.facebook.com\\\/gesmujer.rosario.castellanos.ac\",\"https:\\\/\\\/x.com\\\/GES_Mujer\",\"https:\\\/\\\/www.instagram.com\\\/ges_mujer\\\/?hl=es\",\"https:\\\/\\\/www.youtube.com\\\/c\\\/GESMujerRosarioCastellanos\\\/videos\",\"https:\\\/\\\/soundcloud.com\\\/gesmujerac\",\"https:\\\/\\\/www.tiktok.com\\\/@gesmujer\"]},{\"@type\":\"Person\",\"@id\":\"https:\\\/\\\/www.gesmujer.org\\\/sitio\\\/#\\\/schema\\\/person\\\/50e03387f883646c2714c51783a7e288\",\"name\":\"cendoc\",\"image\":{\"@type\":\"ImageObject\",\"inLanguage\":\"es\",\"@id\":\"https:\\\/\\\/secure.gravatar.com\\\/avatar\\\/2f187338ccb33c33bc1b08e92e2247a6891db221398e12bbc0f5ff0cfc462495?s=96&d=mm&r=g\",\"url\":\"https:\\\/\\\/secure.gravatar.com\\\/avatar\\\/2f187338ccb33c33bc1b08e92e2247a6891db221398e12bbc0f5ff0cfc462495?s=96&d=mm&r=g\",\"contentUrl\":\"https:\\\/\\\/secure.gravatar.com\\\/avatar\\\/2f187338ccb33c33bc1b08e92e2247a6891db221398e12bbc0f5ff0cfc462495?s=96&d=mm&r=g\",\"caption\":\"cendoc\"},\"sameAs\":[\"http:\\\/\\\/gesmujer.org\"],\"url\":\"https:\\\/\\\/www.gesmujer.org\\\/sitio\\\/author\\\/cendoc\\\/\"}]}<\/script>\n<!-- \/ Yoast SEO plugin. -->","yoast_head_json":{"title":"Asesinan a Viridiana, joven de 30 a\u00f1os en Lagunas, Oaxaca - GESMujer &quot;Rosario Castellanos&quot;","robots":{"index":"index","follow":"follow","max-snippet":"max-snippet:-1","max-image-preview":"max-image-preview:large","max-video-preview":"max-video-preview:-1"},"canonical":"https:\/\/www.gesmujer.org\/sitio\/asesinan-a-viridiana-joven-de-30-anos-en-lagunas-oaxaca\/","og_locale":"es_MX","og_type":"article","og_title":"Asesinan a Viridiana, joven de 30 a\u00f1os en Lagunas, Oaxaca","og_description":"El feminicidio de la joven ocurri\u00f3 este lunes por la ma\u00f1ana sobre el camino a Guiguba; iba a bordo de su motocicleta cuando le dispararon con arma de fuego, hasta el momento, las autoridades de justicia desconocen al responsable.","og_url":"https:\/\/www.gesmujer.org\/sitio\/asesinan-a-viridiana-joven-de-30-anos-en-lagunas-oaxaca\/","og_site_name":"GESMujer &quot;Rosario Castellanos&quot;","article_publisher":"https:\/\/www.facebook.com\/gesmujer.rosario.castellanos.ac","article_published_time":"2021-06-09T16:46:18+00:00","article_modified_time":"2021-06-09T16:46:23+00:00","og_image":[{"width":700,"height":677,"url":"https:\/\/www.gesmujer.org\/sitio\/wp-content\/uploads\/2021\/06\/oaxaca-lagunas-feminicidio-viridiana-violencia-2-08062021-700x677-1.jpeg","type":"image\/jpeg"}],"author":"cendoc","twitter_card":"summary_large_image","twitter_title":"Asesinan a Viridiana, joven de 30 a\u00f1os en Lagunas, Oaxaca","twitter_description":"El feminicidio de la joven ocurri\u00f3 este lunes por la ma\u00f1ana sobre el camino a Guiguba; iba a bordo de su motocicleta cuando le dispararon con arma de fuego, hasta el momento, las autoridades de justicia desconocen al responsable.","twitter_image":"https:\/\/www.gesmujer.org\/sitio\/wp-content\/uploads\/2021\/06\/oaxaca-lagunas-feminicidio-viridiana-violencia-2-08062021-700x677-1.jpeg","twitter_creator":"@GES_Mujer","twitter_site":"@GES_Mujer","twitter_misc":{"Escrito por":"cendoc","Tiempo de lectura":"1 minuto"},"schema":{"@context":"https:\/\/schema.org","@graph":[{"@type":"Article","@id":"https:\/\/www.gesmujer.org\/sitio\/asesinan-a-viridiana-joven-de-30-anos-en-lagunas-oaxaca\/#article","isPartOf":{"@id":"https:\/\/www.gesmujer.org\/sitio\/asesinan-a-viridiana-joven-de-30-anos-en-lagunas-oaxaca\/"},"author":{"name":"cendoc","@id":"https:\/\/www.gesmujer.org\/sitio\/#\/schema\/person\/50e03387f883646c2714c51783a7e288"},"headline":"Asesinan a Viridiana, joven de 30 a\u00f1os en Lagunas, Oaxaca","datePublished":"2021-06-09T16:46:18+00:00","dateModified":"2021-06-09T16:46:23+00:00","mainEntityOfPage":{"@id":"https:\/\/www.gesmujer.org\/sitio\/asesinan-a-viridiana-joven-de-30-anos-en-lagunas-oaxaca\/"},"wordCount":205,"publisher":{"@id":"https:\/\/www.gesmujer.org\/sitio\/#organization"},"image":{"@id":"https:\/\/www.gesmujer.org\/sitio\/asesinan-a-viridiana-joven-de-30-anos-en-lagunas-oaxaca\/#primaryimage"},"thumbnailUrl":"https:\/\/www.gesmujer.org\/sitio\/wp-content\/uploads\/2021\/06\/oaxaca-lagunas-feminicidio-viridiana-violencia-2-08062021-700x677-1.jpeg","articleSection":["NOTAS","NOTICIAS","portada"],"inLanguage":"es"},{"@type":"WebPage","@id":"https:\/\/www.gesmujer.org\/sitio\/asesinan-a-viridiana-joven-de-30-anos-en-lagunas-oaxaca\/","url":"https:\/\/www.gesmujer.org\/sitio\/asesinan-a-viridiana-joven-de-30-anos-en-lagunas-oaxaca\/","name":"Asesinan a Viridiana, joven de 30 a\u00f1os en Lagunas, Oaxaca - GESMujer &quot;Rosario Castellanos&quot;","isPartOf":{"@id":"https:\/\/www.gesmujer.org\/sitio\/#website"},"primaryImageOfPage":{"@id":"https:\/\/www.gesmujer.org\/sitio\/asesinan-a-viridiana-joven-de-30-anos-en-lagunas-oaxaca\/#primaryimage"},"image":{"@id":"https:\/\/www.gesmujer.org\/sitio\/asesinan-a-viridiana-joven-de-30-anos-en-lagunas-oaxaca\/#primaryimage"},"thumbnailUrl":"https:\/\/www.gesmujer.org\/sitio\/wp-content\/uploads\/2021\/06\/oaxaca-lagunas-feminicidio-viridiana-violencia-2-08062021-700x677-1.jpeg","datePublished":"2021-06-09T16:46:18+00:00","dateModified":"2021-06-09T16:46:23+00:00","breadcrumb":{"@id":"https:\/\/www.gesmujer.org\/sitio\/asesinan-a-viridiana-joven-de-30-anos-en-lagunas-oaxaca\/#breadcrumb"},"inLanguage":"es","potentialAction":[{"@type":"ReadAction","target":["https:\/\/www.gesmujer.org\/sitio\/asesinan-a-viridiana-joven-de-30-anos-en-lagunas-oaxaca\/"]}]},{"@type":"ImageObject","inLanguage":"es","@id":"https:\/\/www.gesmujer.org\/sitio\/asesinan-a-viridiana-joven-de-30-anos-en-lagunas-oaxaca\/#primaryimage","url":"https:\/\/www.gesmujer.org\/sitio\/wp-content\/uploads\/2021\/06\/oaxaca-lagunas-feminicidio-viridiana-violencia-2-08062021-700x677-1.jpeg","contentUrl":"https:\/\/www.gesmujer.org\/sitio\/wp-content\/uploads\/2021\/06\/oaxaca-lagunas-feminicidio-viridiana-violencia-2-08062021-700x677-1.jpeg","width":700,"height":677},{"@type":"BreadcrumbList","@id":"https:\/\/www.gesmujer.org\/sitio\/asesinan-a-viridiana-joven-de-30-anos-en-lagunas-oaxaca\/#breadcrumb","itemListElement":[{"@type":"ListItem","position":1,"name":"Home","item":"https:\/\/www.gesmujer.org\/sitio\/"},{"@type":"ListItem","position":2,"name":"Asesinan a Viridiana, joven de 30 a\u00f1os en Lagunas, Oaxaca"}]},{"@type":"WebSite","@id":"https:\/\/www.gesmujer.org\/sitio\/#website","url":"https:\/\/www.gesmujer.org\/sitio\/","name":"GESMujer \"Rosario Castellanos\"","description":"M\u00e1s de 45 a\u00f1os ha llevado a cabo acciones para erradicar la violencia de g\u00e9nero y construir entornos donde las mujeres encuentren su resiliencia, incrementen su agencia y autonom\u00eda que les permita lograr su empoderamiento a trav\u00e9s de cinco l\u00edneas de acci\u00f3n.","publisher":{"@id":"https:\/\/www.gesmujer.org\/sitio\/#organization"},"alternateName":"GESMujer","potentialAction":[{"@type":"SearchAction","target":{"@type":"EntryPoint","urlTemplate":"https:\/\/www.gesmujer.org\/sitio\/?s={search_term_string}"},"query-input":{"@type":"PropertyValueSpecification","valueRequired":true,"valueName":"search_term_string"}}],"inLanguage":"es"},{"@type":"Organization","@id":"https:\/\/www.gesmujer.org\/sitio\/#organization","name":"Grupo de estudios sobre la mujer Rosario Castellanos ac","alternateName":"GESMujer","url":"https:\/\/www.gesmujer.org\/sitio\/","logo":{"@type":"ImageObject","inLanguage":"es","@id":"https:\/\/www.gesmujer.org\/sitio\/#\/schema\/logo\/image\/","url":"https:\/\/www.gesmujer.org\/sitio\/wp-content\/uploads\/2026\/03\/Logo-GESMujer-300.png","contentUrl":"https:\/\/www.gesmujer.org\/sitio\/wp-content\/uploads\/2026\/03\/Logo-GESMujer-300.png","width":300,"height":141,"caption":"Grupo de estudios sobre la mujer Rosario Castellanos ac"},"image":{"@id":"https:\/\/www.gesmujer.org\/sitio\/#\/schema\/logo\/image\/"},"sameAs":["https:\/\/www.facebook.com\/gesmujer.rosario.castellanos.ac","https:\/\/x.com\/GES_Mujer","https:\/\/www.instagram.com\/ges_mujer\/?hl=es","https:\/\/www.youtube.com\/c\/GESMujerRosarioCastellanos\/videos","https:\/\/soundcloud.com\/gesmujerac","https:\/\/www.tiktok.com\/@gesmujer"]},{"@type":"Person","@id":"https:\/\/www.gesmujer.org\/sitio\/#\/schema\/person\/50e03387f883646c2714c51783a7e288","name":"cendoc","image":{"@type":"ImageObject","inLanguage":"es","@id":"https:\/\/secure.gravatar.com\/avatar\/2f187338ccb33c33bc1b08e92e2247a6891db221398e12bbc0f5ff0cfc462495?s=96&d=mm&r=g","url":"https:\/\/secure.gravatar.com\/avatar\/2f187338ccb33c33bc1b08e92e2247a6891db221398e12bbc0f5ff0cfc462495?s=96&d=mm&r=g","contentUrl":"https:\/\/secure.gravatar.com\/avatar\/2f187338ccb33c33bc1b08e92e2247a6891db221398e12bbc0f5ff0cfc462495?s=96&d=mm&r=g","caption":"cendoc"},"sameAs":["http:\/\/gesmujer.org"],"url":"https:\/\/www.gesmujer.org\/sitio\/author\/cendoc\/"}]}},"_links":{"self":[{"href":"https:\/\/www.gesmujer.org\/sitio\/wp-json\/wp\/v2\/posts\/6683","targetHints":{"allow":["GET"]}}],"collection":[{"href":"https:\/\/www.gesmujer.org\/sitio\/wp-json\/wp\/v2\/posts"}],"about":[{"href":"https:\/\/www.gesmujer.org\/sitio\/wp-json\/wp\/v2\/types\/post"}],"author":[{"embeddable":true,"href":"https:\/\/www.gesmujer.org\/sitio\/wp-json\/wp\/v2\/users\/4"}],"replies":[{"embeddable":true,"href":"https:\/\/www.gesmujer.org\/sitio\/wp-json\/wp\/v2\/comments?post=6683"}],"version-history":[{"count":1,"href":"https:\/\/www.gesmujer.org\/sitio\/wp-json\/wp\/v2\/posts\/6683\/revisions"}],"predecessor-version":[{"id":6685,"href":"https:\/\/www.gesmujer.org\/sitio\/wp-json\/wp\/v2\/posts\/6683\/revisions\/6685"}],"wp:featuredmedia":[{"embeddable":true,"href":"https:\/\/www.gesmujer.org\/sitio\/wp-json\/wp\/v2\/media\/6684"}],"wp:attachment":[{"href":"https:\/\/www.gesmujer.org\/sitio\/wp-json\/wp\/v2\/media?parent=6683"}],"wp:term":[{"taxonomy":"category","embeddable":true,"href":"https:\/\/www.gesmujer.org\/sitio\/wp-json\/wp\/v2\/categories?post=6683"},{"taxonomy":"post_tag","embeddable":true,"href":"https:\/\/www.gesmujer.org\/sitio\/wp-json\/wp\/v2\/tags?post=6683"}],"curies":[{"name":"wp","href":"https:\/\/api.w.org\/{rel}","templated":true}]}}