{"id":801,"date":"2014-12-15T15:42:47","date_gmt":"2014-12-15T21:42:47","guid":{"rendered":"http:\/\/www.gesmujer.org\/sitio\/?p=801"},"modified":"2024-04-05T14:56:07","modified_gmt":"2024-04-05T20:56:07","slug":"mujeres-indigenas-por-la-vida-la-justicia-y-libre-determinacion","status":"publish","type":"post","link":"https:\/\/www.gesmujer.org\/sitio\/mujeres-indigenas-por-la-vida-la-justicia-y-libre-determinacion\/","title":{"rendered":"Mujeres Ind\u00edgenas por la vida, la justicia y libre determinaci\u00f3n"},"content":{"rendered":"<p style=\"text-align: justify;\">Desde hace m\u00e1s de 35 a\u00f1os en el GESMujer hemos concentrado nuestros esfuerzos en trabajar por los derechos humanos de las mujeres, y en particular de las mujeres ind\u00edgenas para crear conciencia y proponer alternativas.<\/p>\n<p style=\"text-align: justify;\">Vemos hoy con satisfacci\u00f3n que la voz y la participaci\u00f3n de las mujeres ind\u00edgenas que han formado parte de nuestros procesos de capacitaci\u00f3n se vean reflejadas con otras mujeres ind\u00edgenas del estado y del pa\u00eds, quienes el d\u00eda 08 de diciembre de 2014 dialogaron con representantes de los poderes Ejecutivo, Legislativo y Judicial, en el marco del Foro Nacional: \u201cDesaf\u00edos pol\u00edticos para la implementaci\u00f3n de agendas nacionales de mujeres ind\u00edgenas\u201d.<\/p>\n<p style=\"text-align: justify;\">A continuaci\u00f3n la Declaraci\u00f3n Oficial y las propuestas por poderes del Foro:<\/p>\n<p style=\"text-align: justify;\"><span style=\"color: #000000;\"><strong>DECLARACION:<\/strong><\/span><\/p>\n<p style=\"text-align: justify;\"><span style=\"color: #000000;\"><strong>MUJERES INDIGENAS POR LA VIDA, LA JUSTICIA Y LIBRE DETERMINACION\u00a0<\/strong><\/span><\/p>\n<p style=\"text-align: justify;\">M\u00e9xico, Tenochtitlan, 07 de diciembre de 2014<\/p>\n<p style=\"text-align: justify;\">Mujeres de los pueblos Ayuuk, Ch\u00b4ol, Chatino, Cucap\u00e1, Nahua, H\u00f1ah\u00f1u, \u00d1uu savi, Maya peninsular, Mazahua, \u00d1omndaa, Me\u2019phaa, Ocumiche, \u00d3dami, Purh\u00e9pucha, R\u00e1ramuri, Tojolabal, Tseltal, Wix\u00e1rika y Zapoteco, provenientes de los estados de Baja California, Chiapas, Chihuahua, Distrito Federal, Estado de M\u00e9xico, Guerrero, Hidalgo, Jalisco, Michoac\u00e1n, Morelos, Oaxaca, Puebla, Quintana Roo, San Luis Potos\u00ed, Sinaloa, Veracruz y Yucat\u00e1n, nos reunimos en el marco del Foro Nacional de Mujeres Ind\u00edgenas, denominado \u201c<i>Desaf\u00edos pol\u00edticos para la implementaci\u00f3n de agendas nacionales de mujeres ind\u00edgenas<\/i>\u201d.<\/p>\n<p style=\"text-align: justify;\">Nosotras, herederas de las mujeres que dieron origen a esta naci\u00f3n pluricultural, con energ\u00eda y la sabidur\u00eda de las ancestras; mujeres de amor, de pensamiento claro, de resistencias personales y colectivas, de espiritualidad, hoy nos hemos reunidos para recordarle al Estado y a la sociedad que las mujeres ind\u00edgenas estamos aqu\u00ed, con nuestro pasado, presente y reconstruyendo nuestro futuro.<\/p>\n<p style=\"text-align: justify;\">Hoy venimos a declarar que somos pueblos, que somos comunidad y exigimos respeto a nuestra libre determinaci\u00f3n; que somos la continuaci\u00f3n hist\u00f3rica de las luchas de aquellas y aquellos que dieron su vida para dar vida; una vida no s\u00f3lo para sus hijas e hijos, sino para todas y todos. Una vida que reconoce la relaci\u00f3n con el universo y todo lo que nos rodea.<\/p>\n<p style=\"text-align: justify;\">Manifestamos que hoy m\u00e1s que nunca las mujeres ind\u00edgenas estamos articuladas de manera intergeneracional, con pensamiento, voz y decisi\u00f3n propia en el ejercicio de nuestros derechos para decidir el tipo de vida que queremos.<\/p>\n<p style=\"text-align: justify;\">Expresamos que a veinte a\u00f1os de haber surgido en M\u00e9xico una lucha articulada para el reconocimiento de los pueblos ind\u00edgenas y nuestros derechos, nos hemos reunido durante tres d\u00edas para hacer un balance de nuestro caminar en el contexto actual del Estado mexicano.<\/p>\n<p style=\"text-align: justify;\">Pese al reconocimiento constitucional de la existencia de los Pueblos Ind\u00edgenas y de algunos derechos plasmados en instrumentos internacionales, como el Convenio 169 de la Organizaci\u00f3n Internacional del Trabajo y la Declaraci\u00f3n de Naciones Unidas sobre los Derechos de los Pueblos Ind\u00edgenas, a\u00fan persiste en nuestro pa\u00eds el racismo, la discriminaci\u00f3n, la violencia sistem\u00e1tica hacia nuestros pueblos, expresados m\u00e1s crudamente hacia las mujeres ind\u00edgenas.<\/p>\n<p style=\"text-align: justify;\">Por otro lado, el modelo econ\u00f3mico-neoliberal imperante est\u00e1 encaminado a empobrecernos cada vez m\u00e1s, con el despojo de nuestra tierra, territorio y recursos naturales a trav\u00e9s de concesiones otorgadas por el Estado a empresas transnacionales para la instalaci\u00f3n de megaproyectos, que lejos de potenciar el desarrollo de nuestros pueblos, nos dividen, aculturan y tienden a desaparecernos. Este modelo ha originado que las mujeres ind\u00edgenas sean objeto de trata, prostituci\u00f3n y feminicidio.<\/p>\n<p style=\"text-align: justify;\">Se\u00f1alamos que la apropiaci\u00f3n de nuestra forma de gobiernos ind\u00edgenas, como Cher\u00e1n, Michoac\u00e1n, las buenas pr\u00e1cticas de las mujeres de Cuetzalan, Puebla, las Casas de la Mujer Ind\u00edgena y la Polic\u00eda Comunitaria de Guerrero, son ejemplos de resistencia y organizaci\u00f3n para hacer frente a las violaciones sistem\u00e1ticas a nuestros derechos humanos, la criminalizaci\u00f3n de nuestras autonom\u00edas, gobiernos y sistemas normativos internos.<\/p>\n<p style=\"text-align: justify;\">Con base en lo anterior, y en los compromisos de garantizar y respetar la participaci\u00f3n de los pueblos ind\u00edgenas en diferentes \u00e1mbitos, as\u00ed como nuestro derecho a la consulta previa, libre e informada asumidos p\u00fablicamente por el presidente de la Rep\u00fablica en el Marco de la Conferencia Mundial de Pueblos Ind\u00edgenas,\u00a0exigimos al Estado y sus instituciones:<\/p>\n<p style=\"text-align: justify;\">1.-\u00a0Una nueva relaci\u00f3n pol\u00edtica con las mujeres ind\u00edgenas y sus pueblos. Una relaci\u00f3n con caracter\u00edsticas de trato igualitario y horizontal, a partir del respeto a nuestros derechos y a nuestras propias instituciones.<\/p>\n<p style=\"text-align: justify;\">2.-\u00a0Justicia para las y los presos pol\u00edticos de todo del pa\u00eds, con especial \u00e9nfasis a las mujeres ind\u00edgenas presas, la liberaci\u00f3n inmediata de la compa\u00f1era Nestora Salgado, integrante de la Polic\u00eda Comunitaria en Guerrero y aparici\u00f3n con vida de los 43 estudiantes de la Escuela Rural Normal \u201cIsidro Burgos\u201d de Ayotzinapa, Guerrero.<\/p>\n<p style=\"text-align: justify;\">3.-\u00a0Un cese a la criminalizaci\u00f3n de las luchas y protestas sociales en el pa\u00eds, ya que la represi\u00f3n, el encarcelamiento, la militarizaci\u00f3n y las desapariciones forzadas, no son formas de resolver los grandes problemas que hoy en d\u00eda enfrenta nuestro pa\u00eds.<\/p>\n<p style=\"text-align: justify;\">4.- Ratificaci\u00f3n del convenio 189 de la OIT, sobre Trabajo digno para las trabajadoras y trabajadores del hogar.<\/p>\n<p style=\"text-align: justify;\">5.-\u00a0Una revisi\u00f3n de los perfiles de las y los servidores p\u00fablicos que usurpan los espacios de representaci\u00f3n ind\u00edgena en la estructura gubernamental, con el objetivo de promover que integrantes de nuestros pueblos asuman diversos espacios de toma de decisiones.<\/p>\n<p style=\"text-align: justify;\">6.-\u00a0Que de manera inmediata se realicen los tr\u00e1mites para la visita oficial a nuestro pa\u00eds de la se\u00f1ora Vicki Tauli Corpuz, Relatora para los Derechos de los pueblos Ind\u00edgenas de la Organizaci\u00f3n de las Naciones Unidas.<\/p>\n<p style=\"text-align: justify;\">7.-\u00a0Presupuestos dignos y suficientes para mujeres ind\u00edgenas, con mecanismos claros para la rendici\u00f3n de cuentas.<\/p>\n<p style=\"text-align: justify;\">8.-\u00a0La cancelaci\u00f3n de todos los mega proyectos en territorios ind\u00edgenas, resultado reformas estructurales que propician intervenciones violatorias a los derechos colectivos de los pueblos, y que derivan en repercusiones espec\u00edficas para la vida de las mujeres de las comunidades.<\/p>\n<p style=\"text-align: justify;\">9.-\u00a0La inclusi\u00f3n de mujeres ind\u00edgenas que representen al movimiento de mujeres ind\u00edgenas en todos los poderes de la estructura estatal.<\/p>\n<p style=\"text-align: justify;\">Comunicamos que\u00a0en el marco\u00a0del 16 de febrero, honraremos los acuerdos de San Andr\u00e9s Larr\u00e1inzar, convocando a un foro sobre participaci\u00f3n pol\u00edtica de las mujeres ind\u00edgenas.<\/p>\n<p style=\"text-align: justify;\">Reafirmamos\u00a0que hoy m\u00e1s que nunca encaminamos nuestros pasos con m\u00e1s fuerza y organizaci\u00f3n enfrentando desaf\u00edos hacia nuestro Congreso Nacional de Mujeres Ind\u00edgenas a realizarse en Marzo de 2015.<\/p>\n<p style=\"text-align: justify;\">\u00a1POR NUESTROS DERECHOS Y AUTONOM\u00cdA!<\/p>\n<p style=\"text-align: justify;\">\u00a1ARTICULADAS AVANZAMOS!<\/p>\n<p style=\"text-align: justify;\">\u00a1NI PERD\u00d3N NI OLVIDO!<\/p>\n<p style=\"text-align: justify;\">\u00a1JUSTICIA, JUSTICIA, JUSTICIA!<\/p>\n<h5 style=\"text-align: justify;\"><strong>Al Poder Ejecutivo:<\/strong><\/h5>\n<p style=\"text-align: justify;\">La interculturalidad implica el reconocimiento mutuo de las culturas diversas que coexisten en un espacio mismo, se basa en el respeto y la valoraci\u00f3n rec\u00edproca, por ello en este M\u00e9xico multicultural, la interculturalidad debe ser una pol\u00edtica aplicada de manera transversal en toda la administraci\u00f3n p\u00fablica. Para su implementaci\u00f3n proponemos:<\/p>\n<p style=\"text-align: justify;\">1. Creaci\u00f3n de un programa interinstitucional con presupuesto etiquetado para el fortalecimiento de traductores e int\u00e9rpretes, en la certificaci\u00f3n y profesionalizaci\u00f3n con enfoque de g\u00e9nero y el pago de honorarios por su servicio.<\/p>\n<p style=\"text-align: justify;\">2. Fortalecer la educaci\u00f3n escolarizada en todos los niveles, mediante:<\/p>\n<ul style=\"text-align: justify;\">\n<li>Una s\u00f3lida formaci\u00f3n de los profesores en temas como identidad, interculturalidad, lenguas ind\u00edgenas, cosmovisi\u00f3n, g\u00e9nero, derechos humanos, derechos sexuales y reproductivos, ciudadan\u00eda, conocimiento del contexto, entre otros.<\/li>\n<li>La incorporaci\u00f3n de profesionistas ind\u00edgenas en el dise\u00f1o de la curr\u00edcula educativa que permita visibilizar a los pueblos ind\u00edgenas como sujetos de derecho vigentes.<\/li>\n<li>Incorporaci\u00f3n del tema de salud sexual y reproductiva, derechos humanos y g\u00e9nero en el dise\u00f1o de la pol\u00edtica educativa.<\/li>\n<\/ul>\n<p style=\"text-align: justify;\">3.\u00a0Implementar programas y pol\u00edticas p\u00fablicas que garanticen los derechos de las trabajadoras ind\u00edgenas en contextos migratorios nacionales y trasnacionales.<\/p>\n<p style=\"text-align: justify;\">4.\u00a0Ejecutar acciones afirmativas para reducir las brechas de desigualdad en el acceso de las mujeres ind\u00edgenas a la tierra.<\/p>\n<p style=\"text-align: justify;\">5.\u00a0Fortalecer iniciativas e instancias de organizaciones de mujeres ind\u00edgenas locales, con mayores presupuestos y con cobertura en todo el a\u00f1o<\/p>\n<p style=\"text-align: justify;\">6.\u00a0Etiquetar presupuestos espec\u00edficos para todas aquellas iniciativas comunitarias que contribuyen a garantizar una vida sin violencia para las mujeres ind\u00edgenas, tales como: Juzgados Ind\u00edgenas, Comit\u00e9s contra la Violencia, Observatorios contra la Violencia Familiar, entre otras.<\/p>\n<p style=\"text-align: justify;\">7.La perspectiva intercultural en las pol\u00edticas de salud, implica reconocer los saberes de los pueblos ind\u00edgenas, de la medicina tradicional y parteras, como un sistema que abarca la conservaci\u00f3n del bienestar, atenci\u00f3n a la enfermedad y la restituci\u00f3n de la salud.<\/p>\n<p style=\"text-align: justify;\">8.Institucionalizar la existencia de las Casas de la Mujer Ind\u00edgena (CAMIs) con asignaci\u00f3n de presupuestos irreductibles y progresivos, respetando su autonom\u00eda.<\/p>\n<p style=\"text-align: justify;\">9.\u00a0Garant\u00eda de nacimiento y parto humanizado para las mujeres ind\u00edgenas, acorde con los instrumentos internacionales.<\/p>\n<p style=\"text-align: justify;\">10.\u00a0Etiquetar recursos econ\u00f3micos para remunerar a personas que ejercen la medicina tradicional y brindan servicios de salud.<\/p>\n<p style=\"text-align: justify;\">11.\u00a0Etiquetar recursos a nivel municipal para la garant\u00eda de la salud y los derechos sexuales y reproductivos de la juventud ind\u00edgena.<\/p>\n<p style=\"text-align: justify;\">12. Crear una acci\u00f3n afirmativa (cuota de mujer ind\u00edgena) que garantice la participaci\u00f3n de las mujeres ind\u00edgenas y la implementaci\u00f3n de sus agendas en los espacios de toma de decisiones ciudadanas e institucionales.<\/p>\n<p style=\"text-align: justify;\">13. Crear un Programa Nacional de las Mujeres Ind\u00edgenas para atender las condiciones, demandas y aportes que reduzcan las brechas de desigualdad hist\u00f3ricas, y que rija, implemente y oriente una pol\u00edtica p\u00fablica con enfoque de g\u00e9nero e intercultural.<\/p>\n<p style=\"text-align: justify;\">&gt;&gt;&gt;&gt;&gt;&gt;&gt;&gt;&gt;&gt;&gt;&gt;&gt;&gt;&gt;&gt;&gt;&gt;&gt;&gt;&gt;&gt;&gt;&gt;&gt;&gt;&gt;&gt;&gt;&gt;&gt;&gt;&gt;&gt;&gt;&gt;&gt;&gt;&gt;&gt;&gt;&gt;&gt;&gt;&gt;&gt;&gt;&gt;&gt;&gt;&gt;&gt;&gt;&gt;&gt;&gt;&gt;&gt;&gt;<\/p>\n<h5 style=\"text-align: justify;\"><strong>Al Poder Judicial<\/strong><\/h5>\n<p style=\"text-align: justify;\">En el marco de los Convenios y Tratados internacionales que M\u00e9xico ha firmado, espec\u00edficamente del convenio 169 de la Organizaci\u00f3n Internacional del Trabajo y la Declaraci\u00f3n sobre los Derechos de los Pueblos Ind\u00edgenas. Reafirmamos la exigencia del respeto a nuestros sistemas normativos internos y exigimos:<\/p>\n<ul style=\"text-align: justify;\">\n<li>Establecer la obligatoriedad de la capacitaci\u00f3n a los\/as impartidores de justicia en perspectiva de g\u00e9nero e interculturalidad, en el que se tomen en cuenta elementos espec\u00edficos de la cultura para resolver los casos.<\/li>\n<li>Garantizar el acceso real al derecho de contar con un traductor\/a en todos los procesos donde se involucren a ind\u00edgenas (materias: penal, civil, familiar, agrario, amparo, entre otras.)<\/li>\n<li>Generar programas de formaci\u00f3n permanente sobre derechos pol\u00edtico electorales y ciudadan\u00eda con perspectiva de g\u00e9nero e intercultural, desde el Tribunal Electoral del Poder Judicial de Federaci\u00f3n.<\/li>\n<li>Revisar las leyes org\u00e1nicas del Consejo de la Judicatura Federal, del Poder Judicial de la Federaci\u00f3n, de los Tribunales Superiores de Justicia de cada entidad federativa para declinar competencia y dar reconocimiento a las autoridades comunitarias en la soluci\u00f3n de casos sometidos a su jurisdicci\u00f3n.<\/li>\n<li>Que en la estructura del Poder Judicial de la Federaci\u00f3n se incorporen a ind\u00edgenas, preferentemente que sean de la misma regi\u00f3n o circuito judicial donde se encuentra ubicado su pueblo o comunidad de adscripci\u00f3n.<\/li>\n<li>Que la SCJN a trav\u00e9s de la instancia correspondiente, informe de manera peri\u00f3dica cu\u00e1ntos casos de mujeres ind\u00edgenas y en qu\u00e9 sentido se resuelven.<\/li>\n<\/ul>\n<p style=\"text-align: justify;\">&gt;&gt;&gt;&gt;&gt;&gt;&gt;&gt;&gt;&gt;&gt;&gt;&gt;&gt;&gt;&gt;&gt;&gt;&gt;&gt;&gt;&gt;&gt;&gt;&gt;&gt;&gt;&gt;&gt;&gt;&gt;&gt;&gt;&gt;&gt;&gt;&gt;&gt;&gt;&gt;&gt;&gt;&gt;&gt;&gt;&gt;&gt;<\/p>\n<h5 style=\"text-align: justify;\"><strong>Al Poder Legislativo:<\/strong><\/h5>\n<ol style=\"text-align: justify;\">\n<li>Nosotras que participamos en el Foro Nacional de Mujeres Ind\u00edgenas, intitulado: \u201cDesafios pol\u00edticos para la implementaci\u00f3n de agendas nacionales de mujeres ind\u00edgenas\u201d.<\/li>\n<li>Reunidas en la Ciudad de M\u00e9xico de diferentes redes de mujeres ind\u00edgenas logramos coincidir en que a\u00fan existen grandes desaf\u00edos y retos por alcanzar en materia legislativa.<\/li>\n<li>Reconocemos que nuestras aspiraciones en el ejercicio pleno de nuestros derechos son obligaciones y responsabilidades del Estado, sabemos que legislativamente se han hecho reformas pol\u00edticas que abren alternativas para incrementar la participaci\u00f3n de las mujeres, pero tambi\u00e9n persiste una desigualdad y discriminaci\u00f3n contra nosotras como mujeres de pueblos ind\u00edgenas.<\/li>\n<li>Reconocemos que con las recientes reformas estructurales hay un retroceso donde los pueblos ind\u00edgenas y espec\u00edficamente las mujeres, vivimos afectaciones de forma directa e indirecta.<\/li>\n<li>Reafirmamos que el Estado tiene que garantizar el pleno ejercicio de los derechos humanos de las mujeres y las ni\u00f1as ind\u00edgenas, asimismo implementar el derecho a la consulta como lo marca el Convenio 169 de la Organizaci\u00f3n del Trabajo, la Declaraci\u00f3n de Naciones Unidas sobre los Derechos de los Pueblos Ind\u00edgenas y nuestra Constituci\u00f3n Pol\u00edtica de los Estados Unidos Mexicanos en su reforma de 2011, donde el Estado se comprometi\u00f3 a garantizar la aplicaci\u00f3n de los tratados internacionales.<\/li>\n<li>Por ello es necesario que el Estado de Derecho se traduzca en medidas legislativas, haciendo valer nuestras peticiones y exigencias de garantizar nuestros derechos en los siguientes temas:<\/li>\n<\/ol>\n<ul style=\"text-align: justify;\">\n<li>Implementaci\u00f3n del derecho a la consulta con consentimiento libre, previo e informado con la finalidad de garantizar la participaci\u00f3n de los pueblos y de las mujeres ind\u00edgenas en la toma de decisiones de las pol\u00edticas gubernamentales y legislativas; incluyendo iniciativas gubernamentales relacionadas con reformas legislativas y constitucionales, pol\u00edticas sobre tierras y territorios, y proyectos p\u00fablicos y privados de desarrollo e inversi\u00f3n econ\u00f3mica.<\/li>\n<li>Garantizar el acceso de los pueblos ind\u00edgenas a los recursos naturales e implementar procesos de consulta como un requisito necesario para declarar \u00e1reas naturales protegidas.<\/li>\n<li>Reconocimiento y aplicaci\u00f3n de los sistemas normativos propios de los pueblos ind\u00edgenas en la impartici\u00f3n de justicia. (Art. 2)<\/li>\n<li>Armonizaci\u00f3n del marco normativo para el reconocimiento jur\u00eddico a los pueblos afrodescendientes.<\/li>\n<li>Ratificaci\u00f3n del Convenio 189 de la OIT y reforma a la ley federal del trabajo, conforme a ello.<\/li>\n<li>Tipificaci\u00f3n y reconocimiento de los derechos de las jornaleras agr\u00edcolas, considerando el contexto de migraci\u00f3n en que desarrollan su trabajo.<\/li>\n<li>Seguimiento urgente de la implementaci\u00f3n de la legislatura en materia de de juventudes con perspectiva de g\u00e9nero e intercultural.<\/li>\n<li>Revisi\u00f3n a todas las legislaciones tanto federal y estatal en donde contemplen los derechos de las mujeres considerando la diversidad cultural para garantizar el acceso a la justicia y a la participaci\u00f3n pol\u00edtica.<\/li>\n<li>Revisi\u00f3n de los bandos de polic\u00eda y gobierno, as\u00ed como sus dem\u00e1s normas internas de conformidad con sus pr\u00e1cticas y cosmovisiones para fortalecer las relaciones armoniosas entre hombres y mujeres.<\/li>\n<\/ul>\n<p style=\"text-align: justify;\">\u00a0 \u00a0 \u00a0 \u00a0 \u00a0 \u00a07. Revisar el presupuesto para mujeres ind\u00edgenas en los ramos correspondientes en materia de derechos individuales y colectivos, con base al Presupuesto de \u00a0 \u00a0 \u00a0 \u00a0 \u00a0 \u00a0 Egresos de la Federaci\u00f3n para el Ejercicio Fiscal 2015, Cap\u00edtulo V, el desarrollo integral de los pueblos y comunidades ind\u00edgenas.<\/p>\n<p>  <!--codes_iframe--><!--\/codes_iframe--><\/p>\n","protected":false},"excerpt":{"rendered":"<p>Desde hace m\u00e1s de 35 a\u00f1os en el GESMujer hemos concentrado nuestros esfuerzos en trabajar por los derechos humanos de las mujeres, y en particular de las mujeres ind\u00edgenas para crear conciencia y proponer alternativas. Vemos hoy con satisfacci\u00f3n que la voz y la participaci\u00f3n de las mujeres ind\u00edgenas que han formado parte de nuestros [&hellip;]<\/p>\n","protected":false},"author":4,"featured_media":803,"comment_status":"closed","ping_status":"open","sticky":false,"template":"","format":"standard","meta":{"give_campaign_id":0,"footnotes":""},"categories":[32,3],"tags":[],"class_list":["post-801","post","type-post","status-publish","format-standard","has-post-thumbnail","hentry","category-novedades","category-portada"],"yoast_head":"<!-- This site is optimized with the Yoast SEO plugin v27.4 - https:\/\/yoast.com\/product\/yoast-seo-wordpress\/ -->\n<title>Mujeres Ind\u00edgenas por la vida, la justicia y libre determinaci\u00f3n - GESMujer &quot;Rosario Castellanos&quot;<\/title>\n<meta name=\"robots\" content=\"index, follow, max-snippet:-1, max-image-preview:large, max-video-preview:-1\" \/>\n<link rel=\"canonical\" href=\"https:\/\/www.gesmujer.org\/sitio\/mujeres-indigenas-por-la-vida-la-justicia-y-libre-determinacion\/\" \/>\n<meta property=\"og:locale\" content=\"es_MX\" \/>\n<meta property=\"og:type\" content=\"article\" \/>\n<meta property=\"og:title\" content=\"Mujeres Ind\u00edgenas por la vida, la justicia y libre determinaci\u00f3n - GESMujer &quot;Rosario Castellanos&quot;\" \/>\n<meta property=\"og:description\" content=\"Desde hace m\u00e1s de 35 a\u00f1os en el GESMujer hemos concentrado nuestros esfuerzos en trabajar por los derechos humanos de las mujeres, y en particular de las mujeres ind\u00edgenas para crear conciencia y proponer alternativas. Vemos hoy con satisfacci\u00f3n que la voz y la participaci\u00f3n de las mujeres ind\u00edgenas que han formado parte de nuestros [&hellip;]\" \/>\n<meta property=\"og:url\" content=\"https:\/\/www.gesmujer.org\/sitio\/mujeres-indigenas-por-la-vida-la-justicia-y-libre-determinacion\/\" \/>\n<meta property=\"og:site_name\" content=\"GESMujer &quot;Rosario Castellanos&quot;\" \/>\n<meta property=\"article:publisher\" content=\"https:\/\/www.facebook.com\/gesmujer.rosario.castellanos.ac\" \/>\n<meta property=\"article:published_time\" content=\"2014-12-15T21:42:47+00:00\" \/>\n<meta property=\"article:modified_time\" content=\"2024-04-05T20:56:07+00:00\" \/>\n<meta property=\"og:image\" content=\"https:\/\/www.gesmujer.org\/sitio\/wp-content\/uploads\/2014\/12\/10658744_756967437728475_9148159707800276785_o.jpg\" \/>\n\t<meta property=\"og:image:width\" content=\"2048\" \/>\n\t<meta property=\"og:image:height\" content=\"1365\" \/>\n\t<meta property=\"og:image:type\" content=\"image\/jpeg\" \/>\n<meta name=\"author\" content=\"cendoc\" \/>\n<meta name=\"twitter:card\" content=\"summary_large_image\" \/>\n<meta name=\"twitter:creator\" content=\"@GES_Mujer\" \/>\n<meta name=\"twitter:site\" content=\"@GES_Mujer\" \/>\n<meta name=\"twitter:label1\" content=\"Escrito por\" \/>\n\t<meta name=\"twitter:data1\" content=\"cendoc\" \/>\n\t<meta name=\"twitter:label2\" content=\"Tiempo de lectura\" \/>\n\t<meta name=\"twitter:data2\" content=\"13 minutos\" \/>\n<script type=\"application\/ld+json\" class=\"yoast-schema-graph\">{\"@context\":\"https:\\\/\\\/schema.org\",\"@graph\":[{\"@type\":\"Article\",\"@id\":\"https:\\\/\\\/www.gesmujer.org\\\/sitio\\\/mujeres-indigenas-por-la-vida-la-justicia-y-libre-determinacion\\\/#article\",\"isPartOf\":{\"@id\":\"https:\\\/\\\/www.gesmujer.org\\\/sitio\\\/mujeres-indigenas-por-la-vida-la-justicia-y-libre-determinacion\\\/\"},\"author\":{\"name\":\"cendoc\",\"@id\":\"https:\\\/\\\/www.gesmujer.org\\\/sitio\\\/#\\\/schema\\\/person\\\/50e03387f883646c2714c51783a7e288\"},\"headline\":\"Mujeres Ind\u00edgenas por la vida, la justicia y libre determinaci\u00f3n\",\"datePublished\":\"2014-12-15T21:42:47+00:00\",\"dateModified\":\"2024-04-05T20:56:07+00:00\",\"mainEntityOfPage\":{\"@id\":\"https:\\\/\\\/www.gesmujer.org\\\/sitio\\\/mujeres-indigenas-por-la-vida-la-justicia-y-libre-determinacion\\\/\"},\"wordCount\":2603,\"publisher\":{\"@id\":\"https:\\\/\\\/www.gesmujer.org\\\/sitio\\\/#organization\"},\"image\":{\"@id\":\"https:\\\/\\\/www.gesmujer.org\\\/sitio\\\/mujeres-indigenas-por-la-vida-la-justicia-y-libre-determinacion\\\/#primaryimage\"},\"thumbnailUrl\":\"https:\\\/\\\/www.gesmujer.org\\\/sitio\\\/wp-content\\\/uploads\\\/2014\\\/12\\\/10658744_756967437728475_9148159707800276785_o.jpg\",\"articleSection\":[\"NOTICIAS\",\"portada\"],\"inLanguage\":\"es\"},{\"@type\":\"WebPage\",\"@id\":\"https:\\\/\\\/www.gesmujer.org\\\/sitio\\\/mujeres-indigenas-por-la-vida-la-justicia-y-libre-determinacion\\\/\",\"url\":\"https:\\\/\\\/www.gesmujer.org\\\/sitio\\\/mujeres-indigenas-por-la-vida-la-justicia-y-libre-determinacion\\\/\",\"name\":\"Mujeres Ind\u00edgenas por la vida, la justicia y libre determinaci\u00f3n - GESMujer &quot;Rosario Castellanos&quot;\",\"isPartOf\":{\"@id\":\"https:\\\/\\\/www.gesmujer.org\\\/sitio\\\/#website\"},\"primaryImageOfPage\":{\"@id\":\"https:\\\/\\\/www.gesmujer.org\\\/sitio\\\/mujeres-indigenas-por-la-vida-la-justicia-y-libre-determinacion\\\/#primaryimage\"},\"image\":{\"@id\":\"https:\\\/\\\/www.gesmujer.org\\\/sitio\\\/mujeres-indigenas-por-la-vida-la-justicia-y-libre-determinacion\\\/#primaryimage\"},\"thumbnailUrl\":\"https:\\\/\\\/www.gesmujer.org\\\/sitio\\\/wp-content\\\/uploads\\\/2014\\\/12\\\/10658744_756967437728475_9148159707800276785_o.jpg\",\"datePublished\":\"2014-12-15T21:42:47+00:00\",\"dateModified\":\"2024-04-05T20:56:07+00:00\",\"breadcrumb\":{\"@id\":\"https:\\\/\\\/www.gesmujer.org\\\/sitio\\\/mujeres-indigenas-por-la-vida-la-justicia-y-libre-determinacion\\\/#breadcrumb\"},\"inLanguage\":\"es\",\"potentialAction\":[{\"@type\":\"ReadAction\",\"target\":[\"https:\\\/\\\/www.gesmujer.org\\\/sitio\\\/mujeres-indigenas-por-la-vida-la-justicia-y-libre-determinacion\\\/\"]}]},{\"@type\":\"ImageObject\",\"inLanguage\":\"es\",\"@id\":\"https:\\\/\\\/www.gesmujer.org\\\/sitio\\\/mujeres-indigenas-por-la-vida-la-justicia-y-libre-determinacion\\\/#primaryimage\",\"url\":\"https:\\\/\\\/www.gesmujer.org\\\/sitio\\\/wp-content\\\/uploads\\\/2014\\\/12\\\/10658744_756967437728475_9148159707800276785_o.jpg\",\"contentUrl\":\"https:\\\/\\\/www.gesmujer.org\\\/sitio\\\/wp-content\\\/uploads\\\/2014\\\/12\\\/10658744_756967437728475_9148159707800276785_o.jpg\",\"width\":2048,\"height\":1365},{\"@type\":\"BreadcrumbList\",\"@id\":\"https:\\\/\\\/www.gesmujer.org\\\/sitio\\\/mujeres-indigenas-por-la-vida-la-justicia-y-libre-determinacion\\\/#breadcrumb\",\"itemListElement\":[{\"@type\":\"ListItem\",\"position\":1,\"name\":\"Home\",\"item\":\"https:\\\/\\\/www.gesmujer.org\\\/sitio\\\/\"},{\"@type\":\"ListItem\",\"position\":2,\"name\":\"Mujeres Ind\u00edgenas por la vida, la justicia y libre determinaci\u00f3n\"}]},{\"@type\":\"WebSite\",\"@id\":\"https:\\\/\\\/www.gesmujer.org\\\/sitio\\\/#website\",\"url\":\"https:\\\/\\\/www.gesmujer.org\\\/sitio\\\/\",\"name\":\"GESMujer \\\"Rosario Castellanos\\\"\",\"description\":\"M\u00e1s de 45 a\u00f1os ha llevado a cabo acciones para erradicar la violencia de g\u00e9nero y construir entornos donde las mujeres encuentren su resiliencia, incrementen su agencia y autonom\u00eda que les permita lograr su empoderamiento a trav\u00e9s de cinco l\u00edneas de acci\u00f3n.\",\"publisher\":{\"@id\":\"https:\\\/\\\/www.gesmujer.org\\\/sitio\\\/#organization\"},\"alternateName\":\"GESMujer\",\"potentialAction\":[{\"@type\":\"SearchAction\",\"target\":{\"@type\":\"EntryPoint\",\"urlTemplate\":\"https:\\\/\\\/www.gesmujer.org\\\/sitio\\\/?s={search_term_string}\"},\"query-input\":{\"@type\":\"PropertyValueSpecification\",\"valueRequired\":true,\"valueName\":\"search_term_string\"}}],\"inLanguage\":\"es\"},{\"@type\":\"Organization\",\"@id\":\"https:\\\/\\\/www.gesmujer.org\\\/sitio\\\/#organization\",\"name\":\"Grupo de estudios sobre la mujer Rosario Castellanos ac\",\"alternateName\":\"GESMujer\",\"url\":\"https:\\\/\\\/www.gesmujer.org\\\/sitio\\\/\",\"logo\":{\"@type\":\"ImageObject\",\"inLanguage\":\"es\",\"@id\":\"https:\\\/\\\/www.gesmujer.org\\\/sitio\\\/#\\\/schema\\\/logo\\\/image\\\/\",\"url\":\"https:\\\/\\\/www.gesmujer.org\\\/sitio\\\/wp-content\\\/uploads\\\/2026\\\/03\\\/Logo-GESMujer-300.png\",\"contentUrl\":\"https:\\\/\\\/www.gesmujer.org\\\/sitio\\\/wp-content\\\/uploads\\\/2026\\\/03\\\/Logo-GESMujer-300.png\",\"width\":300,\"height\":141,\"caption\":\"Grupo de estudios sobre la mujer Rosario Castellanos ac\"},\"image\":{\"@id\":\"https:\\\/\\\/www.gesmujer.org\\\/sitio\\\/#\\\/schema\\\/logo\\\/image\\\/\"},\"sameAs\":[\"https:\\\/\\\/www.facebook.com\\\/gesmujer.rosario.castellanos.ac\",\"https:\\\/\\\/x.com\\\/GES_Mujer\",\"https:\\\/\\\/www.instagram.com\\\/ges_mujer\\\/?hl=es\",\"https:\\\/\\\/www.youtube.com\\\/c\\\/GESMujerRosarioCastellanos\\\/videos\",\"https:\\\/\\\/soundcloud.com\\\/gesmujerac\",\"https:\\\/\\\/www.tiktok.com\\\/@gesmujer\"]},{\"@type\":\"Person\",\"@id\":\"https:\\\/\\\/www.gesmujer.org\\\/sitio\\\/#\\\/schema\\\/person\\\/50e03387f883646c2714c51783a7e288\",\"name\":\"cendoc\",\"image\":{\"@type\":\"ImageObject\",\"inLanguage\":\"es\",\"@id\":\"https:\\\/\\\/secure.gravatar.com\\\/avatar\\\/2f187338ccb33c33bc1b08e92e2247a6891db221398e12bbc0f5ff0cfc462495?s=96&d=mm&r=g\",\"url\":\"https:\\\/\\\/secure.gravatar.com\\\/avatar\\\/2f187338ccb33c33bc1b08e92e2247a6891db221398e12bbc0f5ff0cfc462495?s=96&d=mm&r=g\",\"contentUrl\":\"https:\\\/\\\/secure.gravatar.com\\\/avatar\\\/2f187338ccb33c33bc1b08e92e2247a6891db221398e12bbc0f5ff0cfc462495?s=96&d=mm&r=g\",\"caption\":\"cendoc\"},\"sameAs\":[\"http:\\\/\\\/gesmujer.org\"],\"url\":\"https:\\\/\\\/www.gesmujer.org\\\/sitio\\\/author\\\/cendoc\\\/\"}]}<\/script>\n<!-- \/ Yoast SEO plugin. -->","yoast_head_json":{"title":"Mujeres Ind\u00edgenas por la vida, la justicia y libre determinaci\u00f3n - GESMujer &quot;Rosario Castellanos&quot;","robots":{"index":"index","follow":"follow","max-snippet":"max-snippet:-1","max-image-preview":"max-image-preview:large","max-video-preview":"max-video-preview:-1"},"canonical":"https:\/\/www.gesmujer.org\/sitio\/mujeres-indigenas-por-la-vida-la-justicia-y-libre-determinacion\/","og_locale":"es_MX","og_type":"article","og_title":"Mujeres Ind\u00edgenas por la vida, la justicia y libre determinaci\u00f3n - GESMujer &quot;Rosario Castellanos&quot;","og_description":"Desde hace m\u00e1s de 35 a\u00f1os en el GESMujer hemos concentrado nuestros esfuerzos en trabajar por los derechos humanos de las mujeres, y en particular de las mujeres ind\u00edgenas para crear conciencia y proponer alternativas. Vemos hoy con satisfacci\u00f3n que la voz y la participaci\u00f3n de las mujeres ind\u00edgenas que han formado parte de nuestros [&hellip;]","og_url":"https:\/\/www.gesmujer.org\/sitio\/mujeres-indigenas-por-la-vida-la-justicia-y-libre-determinacion\/","og_site_name":"GESMujer &quot;Rosario Castellanos&quot;","article_publisher":"https:\/\/www.facebook.com\/gesmujer.rosario.castellanos.ac","article_published_time":"2014-12-15T21:42:47+00:00","article_modified_time":"2024-04-05T20:56:07+00:00","og_image":[{"width":2048,"height":1365,"url":"https:\/\/www.gesmujer.org\/sitio\/wp-content\/uploads\/2014\/12\/10658744_756967437728475_9148159707800276785_o.jpg","type":"image\/jpeg"}],"author":"cendoc","twitter_card":"summary_large_image","twitter_creator":"@GES_Mujer","twitter_site":"@GES_Mujer","twitter_misc":{"Escrito por":"cendoc","Tiempo de lectura":"13 minutos"},"schema":{"@context":"https:\/\/schema.org","@graph":[{"@type":"Article","@id":"https:\/\/www.gesmujer.org\/sitio\/mujeres-indigenas-por-la-vida-la-justicia-y-libre-determinacion\/#article","isPartOf":{"@id":"https:\/\/www.gesmujer.org\/sitio\/mujeres-indigenas-por-la-vida-la-justicia-y-libre-determinacion\/"},"author":{"name":"cendoc","@id":"https:\/\/www.gesmujer.org\/sitio\/#\/schema\/person\/50e03387f883646c2714c51783a7e288"},"headline":"Mujeres Ind\u00edgenas por la vida, la justicia y libre determinaci\u00f3n","datePublished":"2014-12-15T21:42:47+00:00","dateModified":"2024-04-05T20:56:07+00:00","mainEntityOfPage":{"@id":"https:\/\/www.gesmujer.org\/sitio\/mujeres-indigenas-por-la-vida-la-justicia-y-libre-determinacion\/"},"wordCount":2603,"publisher":{"@id":"https:\/\/www.gesmujer.org\/sitio\/#organization"},"image":{"@id":"https:\/\/www.gesmujer.org\/sitio\/mujeres-indigenas-por-la-vida-la-justicia-y-libre-determinacion\/#primaryimage"},"thumbnailUrl":"https:\/\/www.gesmujer.org\/sitio\/wp-content\/uploads\/2014\/12\/10658744_756967437728475_9148159707800276785_o.jpg","articleSection":["NOTICIAS","portada"],"inLanguage":"es"},{"@type":"WebPage","@id":"https:\/\/www.gesmujer.org\/sitio\/mujeres-indigenas-por-la-vida-la-justicia-y-libre-determinacion\/","url":"https:\/\/www.gesmujer.org\/sitio\/mujeres-indigenas-por-la-vida-la-justicia-y-libre-determinacion\/","name":"Mujeres Ind\u00edgenas por la vida, la justicia y libre determinaci\u00f3n - GESMujer &quot;Rosario Castellanos&quot;","isPartOf":{"@id":"https:\/\/www.gesmujer.org\/sitio\/#website"},"primaryImageOfPage":{"@id":"https:\/\/www.gesmujer.org\/sitio\/mujeres-indigenas-por-la-vida-la-justicia-y-libre-determinacion\/#primaryimage"},"image":{"@id":"https:\/\/www.gesmujer.org\/sitio\/mujeres-indigenas-por-la-vida-la-justicia-y-libre-determinacion\/#primaryimage"},"thumbnailUrl":"https:\/\/www.gesmujer.org\/sitio\/wp-content\/uploads\/2014\/12\/10658744_756967437728475_9148159707800276785_o.jpg","datePublished":"2014-12-15T21:42:47+00:00","dateModified":"2024-04-05T20:56:07+00:00","breadcrumb":{"@id":"https:\/\/www.gesmujer.org\/sitio\/mujeres-indigenas-por-la-vida-la-justicia-y-libre-determinacion\/#breadcrumb"},"inLanguage":"es","potentialAction":[{"@type":"ReadAction","target":["https:\/\/www.gesmujer.org\/sitio\/mujeres-indigenas-por-la-vida-la-justicia-y-libre-determinacion\/"]}]},{"@type":"ImageObject","inLanguage":"es","@id":"https:\/\/www.gesmujer.org\/sitio\/mujeres-indigenas-por-la-vida-la-justicia-y-libre-determinacion\/#primaryimage","url":"https:\/\/www.gesmujer.org\/sitio\/wp-content\/uploads\/2014\/12\/10658744_756967437728475_9148159707800276785_o.jpg","contentUrl":"https:\/\/www.gesmujer.org\/sitio\/wp-content\/uploads\/2014\/12\/10658744_756967437728475_9148159707800276785_o.jpg","width":2048,"height":1365},{"@type":"BreadcrumbList","@id":"https:\/\/www.gesmujer.org\/sitio\/mujeres-indigenas-por-la-vida-la-justicia-y-libre-determinacion\/#breadcrumb","itemListElement":[{"@type":"ListItem","position":1,"name":"Home","item":"https:\/\/www.gesmujer.org\/sitio\/"},{"@type":"ListItem","position":2,"name":"Mujeres Ind\u00edgenas por la vida, la justicia y libre determinaci\u00f3n"}]},{"@type":"WebSite","@id":"https:\/\/www.gesmujer.org\/sitio\/#website","url":"https:\/\/www.gesmujer.org\/sitio\/","name":"GESMujer \"Rosario Castellanos\"","description":"M\u00e1s de 45 a\u00f1os ha llevado a cabo acciones para erradicar la violencia de g\u00e9nero y construir entornos donde las mujeres encuentren su resiliencia, incrementen su agencia y autonom\u00eda que les permita lograr su empoderamiento a trav\u00e9s de cinco l\u00edneas de acci\u00f3n.","publisher":{"@id":"https:\/\/www.gesmujer.org\/sitio\/#organization"},"alternateName":"GESMujer","potentialAction":[{"@type":"SearchAction","target":{"@type":"EntryPoint","urlTemplate":"https:\/\/www.gesmujer.org\/sitio\/?s={search_term_string}"},"query-input":{"@type":"PropertyValueSpecification","valueRequired":true,"valueName":"search_term_string"}}],"inLanguage":"es"},{"@type":"Organization","@id":"https:\/\/www.gesmujer.org\/sitio\/#organization","name":"Grupo de estudios sobre la mujer Rosario Castellanos ac","alternateName":"GESMujer","url":"https:\/\/www.gesmujer.org\/sitio\/","logo":{"@type":"ImageObject","inLanguage":"es","@id":"https:\/\/www.gesmujer.org\/sitio\/#\/schema\/logo\/image\/","url":"https:\/\/www.gesmujer.org\/sitio\/wp-content\/uploads\/2026\/03\/Logo-GESMujer-300.png","contentUrl":"https:\/\/www.gesmujer.org\/sitio\/wp-content\/uploads\/2026\/03\/Logo-GESMujer-300.png","width":300,"height":141,"caption":"Grupo de estudios sobre la mujer Rosario Castellanos ac"},"image":{"@id":"https:\/\/www.gesmujer.org\/sitio\/#\/schema\/logo\/image\/"},"sameAs":["https:\/\/www.facebook.com\/gesmujer.rosario.castellanos.ac","https:\/\/x.com\/GES_Mujer","https:\/\/www.instagram.com\/ges_mujer\/?hl=es","https:\/\/www.youtube.com\/c\/GESMujerRosarioCastellanos\/videos","https:\/\/soundcloud.com\/gesmujerac","https:\/\/www.tiktok.com\/@gesmujer"]},{"@type":"Person","@id":"https:\/\/www.gesmujer.org\/sitio\/#\/schema\/person\/50e03387f883646c2714c51783a7e288","name":"cendoc","image":{"@type":"ImageObject","inLanguage":"es","@id":"https:\/\/secure.gravatar.com\/avatar\/2f187338ccb33c33bc1b08e92e2247a6891db221398e12bbc0f5ff0cfc462495?s=96&d=mm&r=g","url":"https:\/\/secure.gravatar.com\/avatar\/2f187338ccb33c33bc1b08e92e2247a6891db221398e12bbc0f5ff0cfc462495?s=96&d=mm&r=g","contentUrl":"https:\/\/secure.gravatar.com\/avatar\/2f187338ccb33c33bc1b08e92e2247a6891db221398e12bbc0f5ff0cfc462495?s=96&d=mm&r=g","caption":"cendoc"},"sameAs":["http:\/\/gesmujer.org"],"url":"https:\/\/www.gesmujer.org\/sitio\/author\/cendoc\/"}]}},"_links":{"self":[{"href":"https:\/\/www.gesmujer.org\/sitio\/wp-json\/wp\/v2\/posts\/801","targetHints":{"allow":["GET"]}}],"collection":[{"href":"https:\/\/www.gesmujer.org\/sitio\/wp-json\/wp\/v2\/posts"}],"about":[{"href":"https:\/\/www.gesmujer.org\/sitio\/wp-json\/wp\/v2\/types\/post"}],"author":[{"embeddable":true,"href":"https:\/\/www.gesmujer.org\/sitio\/wp-json\/wp\/v2\/users\/4"}],"replies":[{"embeddable":true,"href":"https:\/\/www.gesmujer.org\/sitio\/wp-json\/wp\/v2\/comments?post=801"}],"version-history":[{"count":8,"href":"https:\/\/www.gesmujer.org\/sitio\/wp-json\/wp\/v2\/posts\/801\/revisions"}],"predecessor-version":[{"id":58245,"href":"https:\/\/www.gesmujer.org\/sitio\/wp-json\/wp\/v2\/posts\/801\/revisions\/58245"}],"wp:featuredmedia":[{"embeddable":true,"href":"https:\/\/www.gesmujer.org\/sitio\/wp-json\/wp\/v2\/media\/803"}],"wp:attachment":[{"href":"https:\/\/www.gesmujer.org\/sitio\/wp-json\/wp\/v2\/media?parent=801"}],"wp:term":[{"taxonomy":"category","embeddable":true,"href":"https:\/\/www.gesmujer.org\/sitio\/wp-json\/wp\/v2\/categories?post=801"},{"taxonomy":"post_tag","embeddable":true,"href":"https:\/\/www.gesmujer.org\/sitio\/wp-json\/wp\/v2\/tags?post=801"}],"curies":[{"name":"wp","href":"https:\/\/api.w.org\/{rel}","templated":true}]}}