{"id":995,"date":"2015-07-16T16:22:53","date_gmt":"2015-07-16T22:22:53","guid":{"rendered":"http:\/\/www.gesmujer.org\/sitio\/?p=995"},"modified":"2024-04-05T14:56:35","modified_gmt":"2024-04-05T20:56:35","slug":"feministas-al-poder-real-patricia-mercado-nueva-secretaria-de-gobierno-amalia-garcia-nueva-secretaria-del-trabajo-y-fomento-al-empleo","status":"publish","type":"post","link":"https:\/\/www.gesmujer.org\/sitio\/feministas-al-poder-real-patricia-mercado-nueva-secretaria-de-gobierno-amalia-garcia-nueva-secretaria-del-trabajo-y-fomento-al-empleo\/","title":{"rendered":"FEMINISTAS AL PODER REAL: PATRICIA MERCADO, NUEVA SECRETARIA DE GOBIERNO; AMALIA GARC\u00cdA, NUEVA SECRETARIA DEL TRABAJO Y FOMENTO AL EMPLEO"},"content":{"rendered":"<p><a href=\"http:\/\/www.gesmujer.org\/SITIO\/wp-content\/uploads\/\/2015\/07\/pmercado.jpg\"><img fetchpriority=\"high\" decoding=\"async\" class=\" size-medium wp-image-996 aligncenter\" src=\"http:\/\/www.gesmujer.org\/SITIO\/wp-content\/uploads\/\/2015\/07\/pmercado-300x193.jpg\" alt=\"pmercado\" width=\"300\" height=\"193\" srcset=\"https:\/\/www.gesmujer.org\/sitio\/wp-content\/uploads\/2015\/07\/pmercado-300x193.jpg 300w, https:\/\/www.gesmujer.org\/sitio\/wp-content\/uploads\/2015\/07\/pmercado.jpg 450w\" sizes=\"(max-width: 300px) 100vw, 300px\" \/><\/a><\/p>\n<p>&nbsp;<\/p>\n<p>Por Sara Lovera<\/p>\n<p style=\"text-align: justify;\">SemM\u00e9xico. 16 de julio de 215.- Patricia Mercado se convirti\u00f3 hoy en la secretaria de Gobierno del Distrito Federal, un puesto clave para las relaciones pol\u00edticas y la marcha del gobierno. En la pr\u00e1ctica es el puesto de mayor relevancia, en la capital del pa\u00eds, despu\u00e9s del\u00a0 jefe de gobierno.<\/p>\n<p style=\"text-align: justify;\">Se desempe\u00f1aba como Secretaria del Trabajo y Fomento del Empleo que ahora ocupar\u00e1 la ex gobernadora Amalia Garc\u00eda Medina, que ha sido incluida en el gabinete de la capital.<\/p>\n<p style=\"text-align: justify;\"><strong>Dos feministas<\/strong><\/p>\n<p style=\"text-align: justify;\">Sus historias de vida, divergentes y convergentes. Patricia ex candidata presidencial, creadora y dirigente de un partido pol\u00edtico. Amalia ex dirigente nacional del Partido de la Revoluci\u00f3n Mexicana, ex comunista. Ambas de formaci\u00f3n de izquierda, feministas militantes, destacadas promotoras de iniciativas y alianzas entre mujeres. Convencidas de que el poder, es para hacer como dijo hace algunos a\u00f1os la destacada feminista chilena Virginia Vargas.<\/p>\n<p style=\"text-align: justify;\">Fueron designadas por el jefe de gobierno, Miguel \u00c1ngel Mancera quien hace unos d\u00edas pidi\u00f3 la renuncia a todo su gabinete, dijo entonces, para reordenar las acciones y responsabilidades en el gobierno del Distrito Federal, la ciudad m\u00e1s progresista del pa\u00eds, la \u00fanica donde \u00a0existe la Interrupci\u00f3n Legal del Embarazo (ILE), el matrimonio entre personas del mismo sexo y la primera que por ley cre\u00f3 las unidades de atenci\u00f3n a la violencia de g\u00e9nero.<\/p>\n<p style=\"text-align: justify;\">A la Secretar\u00eda de Educaci\u00f3n que presid\u00eda Mara Robles, llega la ex dirigente sindical Alejandra Barrales, quien se desempe\u00f1aba como senadora de la Rep\u00fablica.<\/p>\n<p style=\"text-align: justify;\">Al gabinete fue incluida una nueva secretar\u00eda, la de movilidad, que encabezar\u00e1\u00a0 Laura Ballesteros, para desarrollar una pol\u00edtica clave: c\u00f3mo se mueven los habitantes de una gran ciudad, proceso de reordenaci\u00f3n del transporte desde el punto de vista ecol\u00f3gico.<\/p>\n<p style=\"text-align: justify;\">Se mantienen Rosa Icela Rodr\u00edguez, ahora como Secretar\u00eda de Desarrollo Rural y Equidad para las Comunidades. En la ciudad de M\u00e9xico viven 2 millones de ind\u00edgenas y todav\u00eda hay grandes comunidades rurales.<\/p>\n<p style=\"text-align: justify;\">Y en la Secretar\u00eda de Medio Ambiente contin\u00faa Tanya M\u00fcller Garc\u00eda quien fue presidenta de la Asociaci\u00f3n Mexicana para la Naturaci\u00f3n de Azoteas.<\/p>\n<p style=\"text-align: justify;\"><strong>Patricia Mercado Castro<\/strong><\/p>\n<p style=\"text-align: justify;\">En 2006 surgi\u00f3 como la primera candidata a la presidencia del pa\u00eds con una visi\u00f3n de g\u00e9nero. Se postul\u00f3 por el partido Alternativa Social Dem\u00f3crata, partido que ella fund\u00f3. Naci\u00f3 en Ciudad Obreg\u00f3n, Sonora (21 de octubre de 1957).<\/p>\n<p style=\"text-align: justify;\">Activista, sindicalista, feminista, su campa\u00f1a tuvo como lema \u201cPalabra de Mujer\u201d. Se inici\u00f3 como militante del Partido Revolucionario de las y los Trabajadores (PRT); form\u00f3 el partido\u00a0<a href=\"https:\/\/es.wikipedia.org\/w\/index.php?title=M%C3%A9xico_Posible&amp;action=edit&amp;redlink=1\">M\u00e9xico Posible<\/a>, y la\u00a0<a href=\"https:\/\/es.wikipedia.org\/wiki\/DIVERSA\">Agrupaci\u00f3n Pol\u00edtica Nacional Feminista Diversa<\/a>. Una vez que\u00a0<a href=\"https:\/\/es.wikipedia.org\/w\/index.php?title=M%C3%A9xico_Posible&amp;action=edit&amp;redlink=1\">M\u00e9xico Posible<\/a>\u00a0obtuvo su registro fue su presidenta entre 2002 y 2003. Este partido coloc\u00f3 en la agenda p\u00fablica temas como la\u00a0<a href=\"https:\/\/es.wikipedia.org\/wiki\/Equidad_de_g%C3%A9nero\">equidad entre g\u00e9neros<\/a>, la\u00a0<a href=\"https:\/\/es.wikipedia.org\/wiki\/Violencia_intrafamiliar\">violencia intrafamiliar<\/a>\u00a0e, inclusive, causas de la izquierda moderna pocas veces tocadas en M\u00e9xico como la\u00a0<a href=\"https:\/\/es.wikipedia.org\/wiki\/Despenalizaci%C3%B3n_del_aborto\">despenalizaci\u00f3n del aborto<\/a>, de la\u00a0<a href=\"https:\/\/es.wikipedia.org\/wiki\/Marihuana\">marihuana<\/a>\u00a0o las\u00a0<a href=\"https:\/\/es.wikipedia.org\/wiki\/Uniones_entre_personas_del_mismo_sexo\">uniones entre personas del mismo sexo<\/a>.<\/p>\n<p style=\"text-align: justify;\">Como integrante de organizaciones civiles escenific\u00f3 la pol\u00e9mica de la legalizaci\u00f3n del aborto y la lucha de las trabajadoras de la confecci\u00f3n, entre otras. En los \u00faltimos a\u00f1os fue promotora de la paridad pol\u00edtica y actualmente se desempe\u00f1aba como Secretaria del Trabajo y el Fomento del Empleo en el Distrito Federal.<\/p>\n<p style=\"text-align: justify;\">En las <a href=\"https:\/\/es.wikipedia.org\/wiki\/Organizaci%C3%B3n_no_gubernamental\">Organizaciones No Gubernamentales<\/a> particip\u00f3 en \u00a0<a href=\"https:\/\/es.wikipedia.org\/w\/index.php?title=Mujeres_Trabajadoras_Unidas,_A.C&amp;action=edit&amp;redlink=1\">Mujeres Trabajadoras Unidas, A.C<\/a>., y\u00a0<a href=\"https:\/\/es.wikipedia.org\/w\/index.php?title=Mujeres_en_Acci%C3%B3n_Sindical_(MAS)&amp;action=edit&amp;redlink=1\">Mujeres en Acci\u00f3n Sindical (MAS)<\/a>: organizaciones que abogaban por\u00a0<a href=\"https:\/\/es.wikipedia.org\/wiki\/Sindicato\">derechos sindicales<\/a>\u00a0para las mujeres. Construy\u00f3 el\u00a0<a href=\"https:\/\/es.wikipedia.org\/wiki\/Partido_Alternativa_Socialdem%C3%B3crata\">Partido Alternativa Socialdem\u00f3crata y Campesina<\/a>; fue su primera presidenta hasta renunciar el 20 de agosto del mismo a\u00f1o para registrar su candidatura a la presidencia de la Rep\u00fablica para las\u00a0<a href=\"https:\/\/es.wikipedia.org\/wiki\/Elecciones_federales_en_M%C3%A9xico_de_2006\">elecciones federales de julio del a\u00f1o 2006<\/a>. En la contienda electoral del 2 de julio de 2006, Patricia Mercado obtuvo un mill\u00f3n 128,850 votos (2.70% del total). Con esta votaci\u00f3n estableci\u00f3 un nuevo r\u00e9cord como la mujer, candidata a la Presidencia de M\u00e9xico, con mayor votaci\u00f3n en la historia del pa\u00eds.<\/p>\n<p style=\"text-align: justify;\">Despu\u00e9s de la contienda electoral presidencial de 2006, Patricia Mercado asumi\u00f3 la presidencia de la\u00a0<a href=\"https:\/\/es.wikipedia.org\/w\/index.php?title=Fundaci%C3%B3n_Voz_Alternativa&amp;action=edit&amp;redlink=1\">Fundaci\u00f3n Voz Alternativa A.C.<\/a>, \u00f3rgano consultivo del Partido Alternativa Socialdem\u00f3crata. Fue directora del Instituto de Liderazgo Simone de Beauvoir.<\/p>\n<p style=\"text-align: justify;\"><strong>Amalia Dolores Garc\u00eda Medina<\/strong><\/p>\n<p style=\"text-align: justify;\">Naci\u00f3 en Zacatecas, Zacatecas el 6 de octubre de 1951<\/p>\n<p style=\"text-align: justify;\">Amalia comenz\u00f3 a militar en el\u00a0<a href=\"https:\/\/es.wikipedia.org\/wiki\/Partido_Comunista_Mexicano\">Partido Comunista Mexicano<\/a>, desde donde form\u00f3 parte de algunas direcciones \u00a0estatales; fundadora del \u00a0<a href=\"https:\/\/es.wikipedia.org\/wiki\/Partido_Socialista_Unificado_de_M%C3%A9xico\">Partido Socialista Unificado de M\u00e9xico<\/a>\u00a0y del\u00a0<a href=\"https:\/\/es.wikipedia.org\/wiki\/Partido_Mexicano_Socialista\">Partido Mexicano Socialista<\/a>\u00a0hasta la fundaci\u00f3n del\u00a0<a href=\"https:\/\/es.wikipedia.org\/wiki\/Partido_de_la_Revoluci%C3%B3n_Democr%C3%A1tica\">Partido de la Revoluci\u00f3n Democr\u00e1tica<\/a>, de donde es militante. Hace poco me dijo que continuar\u00eda, tal como es su costumbre y coherencia.<\/p>\n<p style=\"text-align: justify;\">Estudi\u00f3 Sociolog\u00eda en la\u00a0<a href=\"https:\/\/es.wikipedia.org\/wiki\/Universidad_Nacional_Aut%C3%B3noma_de_M%C3%A9xico\">UNAM<\/a>\u00a0e Historia por la\u00a0<a href=\"https:\/\/es.wikipedia.org\/wiki\/Benem%C3%A9rita_Universidad_Aut%C3%B3noma_de_Puebla\">Benem\u00e9rita Universidad Aut\u00f3noma de Puebla<\/a>. Amalia Garc\u00eda ha tenido un largo historial de participaci\u00f3n en las organizaciones de la izquierda mexicana y fue gobernadora de su estado de origen,\u00a0<a href=\"https:\/\/es.wikipedia.org\/wiki\/Zacatecas\">Zacatecas<\/a>. Fue Presidenta del PRD. Despu\u00e9s ser\u00eda diputada por su estado. Result\u00f3 electa en 2004 como Gobernadora de\u00a0<a href=\"https:\/\/es.wikipedia.org\/wiki\/Zacatecas\">Zacatecas<\/a>\u00a0 cargo que ocup\u00e7o del 12 de septiembre de 2004 hasta el 11 de septiembre de 2010. Ahora era diputada federal.<\/p>\n<p style=\"text-align: justify;\"><strong>Laura Ballesteros<\/strong><\/p>\n<p style=\"text-align: justify;\">Laura Ira\u00eds Ballesteros Mancilla es una polit\u00f3loga y pol\u00edtica mexicana ex militante del\u00a0<a href=\"https:\/\/es.wikipedia.org\/wiki\/Partido_Acci%C3%B3n_Nacional\">Partido Acci\u00f3n Nacional<\/a>, ex diputada local por Representaci\u00f3n Proporcional del mismo, ha sido diputada local, en la\u00a0<a href=\"https:\/\/es.wikipedia.org\/w\/index.php?title=VI_Legislatura&amp;action=edit&amp;redlink=1\">VI Legislatura<\/a>\u00a0de la\u00a0<a href=\"https:\/\/es.wikipedia.org\/wiki\/Asamblea_Legislativa_del_Distrito_Federal\">Asamblea Legislativa del Distrito Federal<\/a>. Fue candidata de la coalici\u00f3n PRI\/PVEM a la jefatura delegacional de\u00a0<a href=\"https:\/\/es.wikipedia.org\/wiki\/Miguel_Hidalgo_(Distrito_Federal)\">Miguel Hidalgo.<\/a><\/p>\n<p style=\"text-align: justify;\">Es licenciada en Ciencia Pol\u00edtica egresada del\u00a0<a href=\"https:\/\/es.wikipedia.org\/wiki\/Instituto_Tecnol%C3%B3gico_y_de_Estudios_Superiores_de_Monterrey\">Instituto Tecnol\u00f3gico y de Estudios Superiores de Monterrey<\/a>\u00a0(2004). Obtuvo la maestr\u00eda en Direcci\u00f3n Estrat\u00e9gica y Gesti\u00f3n de la Innovaci\u00f3n, con especialidad en An\u00e1lisis de Escenarios por la\u00a0<a href=\"https:\/\/es.wikipedia.org\/wiki\/Universidad_Aut%C3%B3noma_de_Barcelona\">Universidad Aut\u00f3noma de Barcelona<\/a>\u00a0y la <a href=\"https:\/\/es.wikipedia.org\/wiki\/Universidad_Carlos_III_de_Madrid\">Universidad Carlos III de Madrid<\/a>\u00a0(2008)\u00a0.<\/p>\n<p style=\"text-align: justify;\">Laura Ballesteros fue Presidenta de la\u00a0<a href=\"https:\/\/es.wikipedia.org\/w\/index.php?title=Asociaci%C3%B3n_Latinoamericana_de_Ciencia_Pol%C3%ADtica&amp;action=edit&amp;redlink=1\">Asociaci\u00f3n Latinoamericana de Ciencia Pol\u00edtica (ALEGCIPOL)<\/a>\u00a0de 2003 a 2004. Fue consultora especializada en an\u00e1lisis de escenarios y tecnolog\u00eda aplicada a gobierno de 2005 a 2008. En 2006 fund\u00f3 el Observatorio Ciudadano para el Poder Legislativo A.C de 2010 a 2012. Fue Directora para M\u00e9xico de la Fundaci\u00f3n\u00a0<a href=\"https:\/\/es.wikipedia.org\/w\/index.php?title=Mexicans_and_Americans_Thinking_Together&amp;action=edit&amp;redlink=1\">Mexicans and Americans Thinking Together<\/a>\u00a0de junio de 2009 a enero de 2012, coordinando el programa de repatriaci\u00f3n y reintegraci\u00f3n laboral \u201cYo Soy M\u00e9xico\u201d, para migrantes mexicanos que retornan de Estados Unidos.<\/p>\n<p style=\"text-align: justify;\"><strong>Alejandra Barrales<\/strong><\/p>\n<p style=\"text-align: justify;\">Mar\u00eda Alejandra Barrales Magdaleno\u00a0(<a href=\"https:\/\/es.wikipedia.org\/wiki\/Distrito_Federal_(M%C3%A9xico)\">M\u00e9xico D.F.<\/a>) es una pol\u00edtica mexicana que fue designada este 16 de julio \u00a0por el jefe de gobierno del Distrito Federal como secretaria de Educaci\u00f3n; militante del\u00a0<a href=\"https:\/\/es.wikipedia.org\/wiki\/Partido_de_la_Revoluci%C3%B3n_Democr%C3%A1tica\">Partido de la Revoluci\u00f3n Democr\u00e1tica<\/a>, del que fue oresidenta en el\u00a0<a href=\"https:\/\/es.wikipedia.org\/wiki\/Distrito_Federal_(M%C3%A9xico)\">Distrito Federal<\/a>\u00a0y diputada de la\u00a0<a href=\"https:\/\/es.wikipedia.org\/wiki\/V_Legislatura_de_la_Asamblea_Legislativa_del_Distrito_Federal\">V Legislatura de la Asamblea Legislativa del Distrito Federal<\/a>, cargo que asumi\u00f3 el\u00a0<a href=\"https:\/\/es.wikipedia.org\/wiki\/15_de_septiembre\">15 de septiembre<\/a>\u00a0de\u00a0<a href=\"https:\/\/es.wikipedia.org\/wiki\/2009\">2009<\/a>. Ee\u00a0<a href=\"https:\/\/es.wikipedia.org\/wiki\/19_de_diciembre\">19 de diciembre<\/a> fue nombrada Presidenta de la Comisi\u00f3n de Gobierno de dicha Asamblea. Actualmente se desempe\u00f1aba como senadora de la Rep\u00fablica, electa por el Distrito Federal, cargo del cual tomo posesi\u00f3n el 1 de septiembre de 2012.<\/p>\n<p style=\"text-align: justify;\">Dentro de la LXII Legislatura en el Senado, Alejandra Barrales presid\u00eda la Comisi\u00f3n de Radio Televisi\u00f3n y Cinematograf\u00eda, tambi\u00e9n form\u00f3 parte de las comisiones del DF, Relaciones Exteriores y de la del Trabajo y Previsi\u00f3n Social.<\/p>\n<p style=\"text-align: justify;\">Alejandra Barrales inici\u00f3 su carrera como luchadora social cuando la aerol\u00ednea para la que trabajaba como sobrecargo se declar\u00f3 en quiebra y tuvo que despedir a 5 mil sobrecargos. La empresa s\u00f3lo recontrat\u00f3 a 300, lo que impuls\u00f3 a Barrales a estudiar Derecho Laboral. A los 27 a\u00f1os de edad fue electa Secretaria General del Sindicato de Sobrecargos de M\u00e9xico.<\/p>\n<p style=\"text-align: justify;\">Por sus logros sindicales, fue invitada a participar en dos movimientos nacionales encaminados a lograr nuevas formas de representaci\u00f3n del sindicalismo mexicano: la Federaci\u00f3n de Sindicatos de Empresas de Bienes y Servicios (FESEBS), en donde fungi\u00f3 como Secretaria General y la Uni\u00f3n Nacional de Trabajadores (UNT), en la que ocup\u00f3 la Vicepresidencia de Asuntos Pol\u00edticos, Econ\u00f3micos y Sociales.<\/p>\n<p style=\"text-align: justify;\">Curs\u00f3 la Licenciatura en Derecho y cuenta con una Maestr\u00eda en Administraci\u00f3n P\u00fablica por el Instituto Nacional de la Administraci\u00f3n P\u00fablica (INAP). Adem\u00e1s, ha cursado diplomados en Administraci\u00f3n P\u00fablica (Universidad del Claustro de Sor Juana) y en Administraci\u00f3n de Recursos Humanos (IM).<\/p>\n<p style=\"text-align: justify;\">Nota tomada de:\u00a0http:\/\/www.semexico.org.mx\/archivos\/2605<\/p>\n<p>  <!--codes_iframe--><!--\/codes_iframe--><\/p>\n","protected":false},"excerpt":{"rendered":"<p>&nbsp; Por Sara Lovera SemM\u00e9xico. 16 de julio de 215.- Patricia Mercado se convirti\u00f3 hoy en la secretaria de Gobierno del Distrito Federal, un puesto clave para las relaciones pol\u00edticas y la marcha del gobierno. En la pr\u00e1ctica es el puesto de mayor relevancia, en la capital del pa\u00eds, despu\u00e9s del\u00a0 jefe de gobierno. Se [&hellip;]<\/p>\n","protected":false},"author":4,"featured_media":996,"comment_status":"closed","ping_status":"open","sticky":false,"template":"","format":"standard","meta":{"give_campaign_id":0,"footnotes":""},"categories":[3],"tags":[],"class_list":["post-995","post","type-post","status-publish","format-standard","has-post-thumbnail","hentry","category-portada"],"yoast_head":"<!-- This site is optimized with the Yoast SEO plugin v27.4 - https:\/\/yoast.com\/product\/yoast-seo-wordpress\/ -->\n<title>FEMINISTAS AL PODER REAL: PATRICIA MERCADO, NUEVA SECRETARIA DE GOBIERNO; AMALIA GARC\u00cdA, NUEVA SECRETARIA DEL TRABAJO Y FOMENTO AL EMPLEO - GESMujer &quot;Rosario Castellanos&quot;<\/title>\n<meta name=\"robots\" content=\"index, follow, max-snippet:-1, max-image-preview:large, max-video-preview:-1\" \/>\n<link rel=\"canonical\" href=\"https:\/\/www.gesmujer.org\/sitio\/feministas-al-poder-real-patricia-mercado-nueva-secretaria-de-gobierno-amalia-garcia-nueva-secretaria-del-trabajo-y-fomento-al-empleo\/\" \/>\n<meta property=\"og:locale\" content=\"es_MX\" \/>\n<meta property=\"og:type\" content=\"article\" \/>\n<meta property=\"og:title\" content=\"FEMINISTAS AL PODER REAL: PATRICIA MERCADO, NUEVA SECRETARIA DE GOBIERNO; AMALIA GARC\u00cdA, NUEVA SECRETARIA DEL TRABAJO Y FOMENTO AL EMPLEO - GESMujer &quot;Rosario Castellanos&quot;\" \/>\n<meta property=\"og:description\" content=\"&nbsp; Por Sara Lovera SemM\u00e9xico. 16 de julio de 215.- Patricia Mercado se convirti\u00f3 hoy en la secretaria de Gobierno del Distrito Federal, un puesto clave para las relaciones pol\u00edticas y la marcha del gobierno. En la pr\u00e1ctica es el puesto de mayor relevancia, en la capital del pa\u00eds, despu\u00e9s del\u00a0 jefe de gobierno. Se [&hellip;]\" \/>\n<meta property=\"og:url\" content=\"https:\/\/www.gesmujer.org\/sitio\/feministas-al-poder-real-patricia-mercado-nueva-secretaria-de-gobierno-amalia-garcia-nueva-secretaria-del-trabajo-y-fomento-al-empleo\/\" \/>\n<meta property=\"og:site_name\" content=\"GESMujer &quot;Rosario Castellanos&quot;\" \/>\n<meta property=\"article:publisher\" content=\"https:\/\/www.facebook.com\/gesmujer.rosario.castellanos.ac\" \/>\n<meta property=\"article:published_time\" content=\"2015-07-16T22:22:53+00:00\" \/>\n<meta property=\"article:modified_time\" content=\"2024-04-05T20:56:35+00:00\" \/>\n<meta property=\"og:image\" content=\"https:\/\/www.gesmujer.org\/sitio\/wp-content\/uploads\/2015\/07\/pmercado.jpg\" \/>\n\t<meta property=\"og:image:width\" content=\"450\" \/>\n\t<meta property=\"og:image:height\" content=\"290\" \/>\n\t<meta property=\"og:image:type\" content=\"image\/jpeg\" \/>\n<meta name=\"author\" content=\"cendoc\" \/>\n<meta name=\"twitter:card\" content=\"summary_large_image\" \/>\n<meta name=\"twitter:creator\" content=\"@GES_Mujer\" \/>\n<meta name=\"twitter:site\" content=\"@GES_Mujer\" \/>\n<meta name=\"twitter:label1\" content=\"Escrito por\" \/>\n\t<meta name=\"twitter:data1\" content=\"cendoc\" \/>\n\t<meta name=\"twitter:label2\" content=\"Tiempo de lectura\" \/>\n\t<meta name=\"twitter:data2\" content=\"7 minutos\" \/>\n<script type=\"application\/ld+json\" class=\"yoast-schema-graph\">{\"@context\":\"https:\\\/\\\/schema.org\",\"@graph\":[{\"@type\":\"Article\",\"@id\":\"https:\\\/\\\/www.gesmujer.org\\\/sitio\\\/feministas-al-poder-real-patricia-mercado-nueva-secretaria-de-gobierno-amalia-garcia-nueva-secretaria-del-trabajo-y-fomento-al-empleo\\\/#article\",\"isPartOf\":{\"@id\":\"https:\\\/\\\/www.gesmujer.org\\\/sitio\\\/feministas-al-poder-real-patricia-mercado-nueva-secretaria-de-gobierno-amalia-garcia-nueva-secretaria-del-trabajo-y-fomento-al-empleo\\\/\"},\"author\":{\"name\":\"cendoc\",\"@id\":\"https:\\\/\\\/www.gesmujer.org\\\/sitio\\\/#\\\/schema\\\/person\\\/50e03387f883646c2714c51783a7e288\"},\"headline\":\"FEMINISTAS AL PODER REAL: PATRICIA MERCADO, NUEVA SECRETARIA DE GOBIERNO; AMALIA GARC\u00cdA, NUEVA SECRETARIA DEL TRABAJO Y FOMENTO AL EMPLEO\",\"datePublished\":\"2015-07-16T22:22:53+00:00\",\"dateModified\":\"2024-04-05T20:56:35+00:00\",\"mainEntityOfPage\":{\"@id\":\"https:\\\/\\\/www.gesmujer.org\\\/sitio\\\/feministas-al-poder-real-patricia-mercado-nueva-secretaria-de-gobierno-amalia-garcia-nueva-secretaria-del-trabajo-y-fomento-al-empleo\\\/\"},\"wordCount\":1446,\"publisher\":{\"@id\":\"https:\\\/\\\/www.gesmujer.org\\\/sitio\\\/#organization\"},\"image\":{\"@id\":\"https:\\\/\\\/www.gesmujer.org\\\/sitio\\\/feministas-al-poder-real-patricia-mercado-nueva-secretaria-de-gobierno-amalia-garcia-nueva-secretaria-del-trabajo-y-fomento-al-empleo\\\/#primaryimage\"},\"thumbnailUrl\":\"https:\\\/\\\/www.gesmujer.org\\\/sitio\\\/wp-content\\\/uploads\\\/2015\\\/07\\\/pmercado.jpg\",\"articleSection\":[\"portada\"],\"inLanguage\":\"es\"},{\"@type\":\"WebPage\",\"@id\":\"https:\\\/\\\/www.gesmujer.org\\\/sitio\\\/feministas-al-poder-real-patricia-mercado-nueva-secretaria-de-gobierno-amalia-garcia-nueva-secretaria-del-trabajo-y-fomento-al-empleo\\\/\",\"url\":\"https:\\\/\\\/www.gesmujer.org\\\/sitio\\\/feministas-al-poder-real-patricia-mercado-nueva-secretaria-de-gobierno-amalia-garcia-nueva-secretaria-del-trabajo-y-fomento-al-empleo\\\/\",\"name\":\"FEMINISTAS AL PODER REAL: PATRICIA MERCADO, NUEVA SECRETARIA DE GOBIERNO; AMALIA GARC\u00cdA, NUEVA SECRETARIA DEL TRABAJO Y FOMENTO AL EMPLEO - GESMujer &quot;Rosario Castellanos&quot;\",\"isPartOf\":{\"@id\":\"https:\\\/\\\/www.gesmujer.org\\\/sitio\\\/#website\"},\"primaryImageOfPage\":{\"@id\":\"https:\\\/\\\/www.gesmujer.org\\\/sitio\\\/feministas-al-poder-real-patricia-mercado-nueva-secretaria-de-gobierno-amalia-garcia-nueva-secretaria-del-trabajo-y-fomento-al-empleo\\\/#primaryimage\"},\"image\":{\"@id\":\"https:\\\/\\\/www.gesmujer.org\\\/sitio\\\/feministas-al-poder-real-patricia-mercado-nueva-secretaria-de-gobierno-amalia-garcia-nueva-secretaria-del-trabajo-y-fomento-al-empleo\\\/#primaryimage\"},\"thumbnailUrl\":\"https:\\\/\\\/www.gesmujer.org\\\/sitio\\\/wp-content\\\/uploads\\\/2015\\\/07\\\/pmercado.jpg\",\"datePublished\":\"2015-07-16T22:22:53+00:00\",\"dateModified\":\"2024-04-05T20:56:35+00:00\",\"breadcrumb\":{\"@id\":\"https:\\\/\\\/www.gesmujer.org\\\/sitio\\\/feministas-al-poder-real-patricia-mercado-nueva-secretaria-de-gobierno-amalia-garcia-nueva-secretaria-del-trabajo-y-fomento-al-empleo\\\/#breadcrumb\"},\"inLanguage\":\"es\",\"potentialAction\":[{\"@type\":\"ReadAction\",\"target\":[\"https:\\\/\\\/www.gesmujer.org\\\/sitio\\\/feministas-al-poder-real-patricia-mercado-nueva-secretaria-de-gobierno-amalia-garcia-nueva-secretaria-del-trabajo-y-fomento-al-empleo\\\/\"]}]},{\"@type\":\"ImageObject\",\"inLanguage\":\"es\",\"@id\":\"https:\\\/\\\/www.gesmujer.org\\\/sitio\\\/feministas-al-poder-real-patricia-mercado-nueva-secretaria-de-gobierno-amalia-garcia-nueva-secretaria-del-trabajo-y-fomento-al-empleo\\\/#primaryimage\",\"url\":\"https:\\\/\\\/www.gesmujer.org\\\/sitio\\\/wp-content\\\/uploads\\\/2015\\\/07\\\/pmercado.jpg\",\"contentUrl\":\"https:\\\/\\\/www.gesmujer.org\\\/sitio\\\/wp-content\\\/uploads\\\/2015\\\/07\\\/pmercado.jpg\",\"width\":450,\"height\":290},{\"@type\":\"BreadcrumbList\",\"@id\":\"https:\\\/\\\/www.gesmujer.org\\\/sitio\\\/feministas-al-poder-real-patricia-mercado-nueva-secretaria-de-gobierno-amalia-garcia-nueva-secretaria-del-trabajo-y-fomento-al-empleo\\\/#breadcrumb\",\"itemListElement\":[{\"@type\":\"ListItem\",\"position\":1,\"name\":\"Home\",\"item\":\"https:\\\/\\\/www.gesmujer.org\\\/sitio\\\/\"},{\"@type\":\"ListItem\",\"position\":2,\"name\":\"FEMINISTAS AL PODER REAL: PATRICIA MERCADO, NUEVA SECRETARIA DE GOBIERNO; AMALIA GARC\u00cdA, NUEVA SECRETARIA DEL TRABAJO Y FOMENTO AL EMPLEO\"}]},{\"@type\":\"WebSite\",\"@id\":\"https:\\\/\\\/www.gesmujer.org\\\/sitio\\\/#website\",\"url\":\"https:\\\/\\\/www.gesmujer.org\\\/sitio\\\/\",\"name\":\"GESMujer \\\"Rosario Castellanos\\\"\",\"description\":\"M\u00e1s de 45 a\u00f1os ha llevado a cabo acciones para erradicar la violencia de g\u00e9nero y construir entornos donde las mujeres encuentren su resiliencia, incrementen su agencia y autonom\u00eda que les permita lograr su empoderamiento a trav\u00e9s de cinco l\u00edneas de acci\u00f3n.\",\"publisher\":{\"@id\":\"https:\\\/\\\/www.gesmujer.org\\\/sitio\\\/#organization\"},\"alternateName\":\"GESMujer\",\"potentialAction\":[{\"@type\":\"SearchAction\",\"target\":{\"@type\":\"EntryPoint\",\"urlTemplate\":\"https:\\\/\\\/www.gesmujer.org\\\/sitio\\\/?s={search_term_string}\"},\"query-input\":{\"@type\":\"PropertyValueSpecification\",\"valueRequired\":true,\"valueName\":\"search_term_string\"}}],\"inLanguage\":\"es\"},{\"@type\":\"Organization\",\"@id\":\"https:\\\/\\\/www.gesmujer.org\\\/sitio\\\/#organization\",\"name\":\"Grupo de estudios sobre la mujer Rosario Castellanos ac\",\"alternateName\":\"GESMujer\",\"url\":\"https:\\\/\\\/www.gesmujer.org\\\/sitio\\\/\",\"logo\":{\"@type\":\"ImageObject\",\"inLanguage\":\"es\",\"@id\":\"https:\\\/\\\/www.gesmujer.org\\\/sitio\\\/#\\\/schema\\\/logo\\\/image\\\/\",\"url\":\"https:\\\/\\\/www.gesmujer.org\\\/sitio\\\/wp-content\\\/uploads\\\/2026\\\/03\\\/Logo-GESMujer-300.png\",\"contentUrl\":\"https:\\\/\\\/www.gesmujer.org\\\/sitio\\\/wp-content\\\/uploads\\\/2026\\\/03\\\/Logo-GESMujer-300.png\",\"width\":300,\"height\":141,\"caption\":\"Grupo de estudios sobre la mujer Rosario Castellanos ac\"},\"image\":{\"@id\":\"https:\\\/\\\/www.gesmujer.org\\\/sitio\\\/#\\\/schema\\\/logo\\\/image\\\/\"},\"sameAs\":[\"https:\\\/\\\/www.facebook.com\\\/gesmujer.rosario.castellanos.ac\",\"https:\\\/\\\/x.com\\\/GES_Mujer\",\"https:\\\/\\\/www.instagram.com\\\/ges_mujer\\\/?hl=es\",\"https:\\\/\\\/www.youtube.com\\\/c\\\/GESMujerRosarioCastellanos\\\/videos\",\"https:\\\/\\\/soundcloud.com\\\/gesmujerac\",\"https:\\\/\\\/www.tiktok.com\\\/@gesmujer\"]},{\"@type\":\"Person\",\"@id\":\"https:\\\/\\\/www.gesmujer.org\\\/sitio\\\/#\\\/schema\\\/person\\\/50e03387f883646c2714c51783a7e288\",\"name\":\"cendoc\",\"image\":{\"@type\":\"ImageObject\",\"inLanguage\":\"es\",\"@id\":\"https:\\\/\\\/secure.gravatar.com\\\/avatar\\\/2f187338ccb33c33bc1b08e92e2247a6891db221398e12bbc0f5ff0cfc462495?s=96&d=mm&r=g\",\"url\":\"https:\\\/\\\/secure.gravatar.com\\\/avatar\\\/2f187338ccb33c33bc1b08e92e2247a6891db221398e12bbc0f5ff0cfc462495?s=96&d=mm&r=g\",\"contentUrl\":\"https:\\\/\\\/secure.gravatar.com\\\/avatar\\\/2f187338ccb33c33bc1b08e92e2247a6891db221398e12bbc0f5ff0cfc462495?s=96&d=mm&r=g\",\"caption\":\"cendoc\"},\"sameAs\":[\"http:\\\/\\\/gesmujer.org\"],\"url\":\"https:\\\/\\\/www.gesmujer.org\\\/sitio\\\/author\\\/cendoc\\\/\"}]}<\/script>\n<!-- \/ Yoast SEO plugin. -->","yoast_head_json":{"title":"FEMINISTAS AL PODER REAL: PATRICIA MERCADO, NUEVA SECRETARIA DE GOBIERNO; AMALIA GARC\u00cdA, NUEVA SECRETARIA DEL TRABAJO Y FOMENTO AL EMPLEO - GESMujer &quot;Rosario Castellanos&quot;","robots":{"index":"index","follow":"follow","max-snippet":"max-snippet:-1","max-image-preview":"max-image-preview:large","max-video-preview":"max-video-preview:-1"},"canonical":"https:\/\/www.gesmujer.org\/sitio\/feministas-al-poder-real-patricia-mercado-nueva-secretaria-de-gobierno-amalia-garcia-nueva-secretaria-del-trabajo-y-fomento-al-empleo\/","og_locale":"es_MX","og_type":"article","og_title":"FEMINISTAS AL PODER REAL: PATRICIA MERCADO, NUEVA SECRETARIA DE GOBIERNO; AMALIA GARC\u00cdA, NUEVA SECRETARIA DEL TRABAJO Y FOMENTO AL EMPLEO - GESMujer &quot;Rosario Castellanos&quot;","og_description":"&nbsp; Por Sara Lovera SemM\u00e9xico. 16 de julio de 215.- Patricia Mercado se convirti\u00f3 hoy en la secretaria de Gobierno del Distrito Federal, un puesto clave para las relaciones pol\u00edticas y la marcha del gobierno. En la pr\u00e1ctica es el puesto de mayor relevancia, en la capital del pa\u00eds, despu\u00e9s del\u00a0 jefe de gobierno. Se [&hellip;]","og_url":"https:\/\/www.gesmujer.org\/sitio\/feministas-al-poder-real-patricia-mercado-nueva-secretaria-de-gobierno-amalia-garcia-nueva-secretaria-del-trabajo-y-fomento-al-empleo\/","og_site_name":"GESMujer &quot;Rosario Castellanos&quot;","article_publisher":"https:\/\/www.facebook.com\/gesmujer.rosario.castellanos.ac","article_published_time":"2015-07-16T22:22:53+00:00","article_modified_time":"2024-04-05T20:56:35+00:00","og_image":[{"width":450,"height":290,"url":"https:\/\/www.gesmujer.org\/sitio\/wp-content\/uploads\/2015\/07\/pmercado.jpg","type":"image\/jpeg"}],"author":"cendoc","twitter_card":"summary_large_image","twitter_creator":"@GES_Mujer","twitter_site":"@GES_Mujer","twitter_misc":{"Escrito por":"cendoc","Tiempo de lectura":"7 minutos"},"schema":{"@context":"https:\/\/schema.org","@graph":[{"@type":"Article","@id":"https:\/\/www.gesmujer.org\/sitio\/feministas-al-poder-real-patricia-mercado-nueva-secretaria-de-gobierno-amalia-garcia-nueva-secretaria-del-trabajo-y-fomento-al-empleo\/#article","isPartOf":{"@id":"https:\/\/www.gesmujer.org\/sitio\/feministas-al-poder-real-patricia-mercado-nueva-secretaria-de-gobierno-amalia-garcia-nueva-secretaria-del-trabajo-y-fomento-al-empleo\/"},"author":{"name":"cendoc","@id":"https:\/\/www.gesmujer.org\/sitio\/#\/schema\/person\/50e03387f883646c2714c51783a7e288"},"headline":"FEMINISTAS AL PODER REAL: PATRICIA MERCADO, NUEVA SECRETARIA DE GOBIERNO; AMALIA GARC\u00cdA, NUEVA SECRETARIA DEL TRABAJO Y FOMENTO AL EMPLEO","datePublished":"2015-07-16T22:22:53+00:00","dateModified":"2024-04-05T20:56:35+00:00","mainEntityOfPage":{"@id":"https:\/\/www.gesmujer.org\/sitio\/feministas-al-poder-real-patricia-mercado-nueva-secretaria-de-gobierno-amalia-garcia-nueva-secretaria-del-trabajo-y-fomento-al-empleo\/"},"wordCount":1446,"publisher":{"@id":"https:\/\/www.gesmujer.org\/sitio\/#organization"},"image":{"@id":"https:\/\/www.gesmujer.org\/sitio\/feministas-al-poder-real-patricia-mercado-nueva-secretaria-de-gobierno-amalia-garcia-nueva-secretaria-del-trabajo-y-fomento-al-empleo\/#primaryimage"},"thumbnailUrl":"https:\/\/www.gesmujer.org\/sitio\/wp-content\/uploads\/2015\/07\/pmercado.jpg","articleSection":["portada"],"inLanguage":"es"},{"@type":"WebPage","@id":"https:\/\/www.gesmujer.org\/sitio\/feministas-al-poder-real-patricia-mercado-nueva-secretaria-de-gobierno-amalia-garcia-nueva-secretaria-del-trabajo-y-fomento-al-empleo\/","url":"https:\/\/www.gesmujer.org\/sitio\/feministas-al-poder-real-patricia-mercado-nueva-secretaria-de-gobierno-amalia-garcia-nueva-secretaria-del-trabajo-y-fomento-al-empleo\/","name":"FEMINISTAS AL PODER REAL: PATRICIA MERCADO, NUEVA SECRETARIA DE GOBIERNO; AMALIA GARC\u00cdA, NUEVA SECRETARIA DEL TRABAJO Y FOMENTO AL EMPLEO - GESMujer &quot;Rosario Castellanos&quot;","isPartOf":{"@id":"https:\/\/www.gesmujer.org\/sitio\/#website"},"primaryImageOfPage":{"@id":"https:\/\/www.gesmujer.org\/sitio\/feministas-al-poder-real-patricia-mercado-nueva-secretaria-de-gobierno-amalia-garcia-nueva-secretaria-del-trabajo-y-fomento-al-empleo\/#primaryimage"},"image":{"@id":"https:\/\/www.gesmujer.org\/sitio\/feministas-al-poder-real-patricia-mercado-nueva-secretaria-de-gobierno-amalia-garcia-nueva-secretaria-del-trabajo-y-fomento-al-empleo\/#primaryimage"},"thumbnailUrl":"https:\/\/www.gesmujer.org\/sitio\/wp-content\/uploads\/2015\/07\/pmercado.jpg","datePublished":"2015-07-16T22:22:53+00:00","dateModified":"2024-04-05T20:56:35+00:00","breadcrumb":{"@id":"https:\/\/www.gesmujer.org\/sitio\/feministas-al-poder-real-patricia-mercado-nueva-secretaria-de-gobierno-amalia-garcia-nueva-secretaria-del-trabajo-y-fomento-al-empleo\/#breadcrumb"},"inLanguage":"es","potentialAction":[{"@type":"ReadAction","target":["https:\/\/www.gesmujer.org\/sitio\/feministas-al-poder-real-patricia-mercado-nueva-secretaria-de-gobierno-amalia-garcia-nueva-secretaria-del-trabajo-y-fomento-al-empleo\/"]}]},{"@type":"ImageObject","inLanguage":"es","@id":"https:\/\/www.gesmujer.org\/sitio\/feministas-al-poder-real-patricia-mercado-nueva-secretaria-de-gobierno-amalia-garcia-nueva-secretaria-del-trabajo-y-fomento-al-empleo\/#primaryimage","url":"https:\/\/www.gesmujer.org\/sitio\/wp-content\/uploads\/2015\/07\/pmercado.jpg","contentUrl":"https:\/\/www.gesmujer.org\/sitio\/wp-content\/uploads\/2015\/07\/pmercado.jpg","width":450,"height":290},{"@type":"BreadcrumbList","@id":"https:\/\/www.gesmujer.org\/sitio\/feministas-al-poder-real-patricia-mercado-nueva-secretaria-de-gobierno-amalia-garcia-nueva-secretaria-del-trabajo-y-fomento-al-empleo\/#breadcrumb","itemListElement":[{"@type":"ListItem","position":1,"name":"Home","item":"https:\/\/www.gesmujer.org\/sitio\/"},{"@type":"ListItem","position":2,"name":"FEMINISTAS AL PODER REAL: PATRICIA MERCADO, NUEVA SECRETARIA DE GOBIERNO; AMALIA GARC\u00cdA, NUEVA SECRETARIA DEL TRABAJO Y FOMENTO AL EMPLEO"}]},{"@type":"WebSite","@id":"https:\/\/www.gesmujer.org\/sitio\/#website","url":"https:\/\/www.gesmujer.org\/sitio\/","name":"GESMujer \"Rosario Castellanos\"","description":"M\u00e1s de 45 a\u00f1os ha llevado a cabo acciones para erradicar la violencia de g\u00e9nero y construir entornos donde las mujeres encuentren su resiliencia, incrementen su agencia y autonom\u00eda que les permita lograr su empoderamiento a trav\u00e9s de cinco l\u00edneas de acci\u00f3n.","publisher":{"@id":"https:\/\/www.gesmujer.org\/sitio\/#organization"},"alternateName":"GESMujer","potentialAction":[{"@type":"SearchAction","target":{"@type":"EntryPoint","urlTemplate":"https:\/\/www.gesmujer.org\/sitio\/?s={search_term_string}"},"query-input":{"@type":"PropertyValueSpecification","valueRequired":true,"valueName":"search_term_string"}}],"inLanguage":"es"},{"@type":"Organization","@id":"https:\/\/www.gesmujer.org\/sitio\/#organization","name":"Grupo de estudios sobre la mujer Rosario Castellanos ac","alternateName":"GESMujer","url":"https:\/\/www.gesmujer.org\/sitio\/","logo":{"@type":"ImageObject","inLanguage":"es","@id":"https:\/\/www.gesmujer.org\/sitio\/#\/schema\/logo\/image\/","url":"https:\/\/www.gesmujer.org\/sitio\/wp-content\/uploads\/2026\/03\/Logo-GESMujer-300.png","contentUrl":"https:\/\/www.gesmujer.org\/sitio\/wp-content\/uploads\/2026\/03\/Logo-GESMujer-300.png","width":300,"height":141,"caption":"Grupo de estudios sobre la mujer Rosario Castellanos ac"},"image":{"@id":"https:\/\/www.gesmujer.org\/sitio\/#\/schema\/logo\/image\/"},"sameAs":["https:\/\/www.facebook.com\/gesmujer.rosario.castellanos.ac","https:\/\/x.com\/GES_Mujer","https:\/\/www.instagram.com\/ges_mujer\/?hl=es","https:\/\/www.youtube.com\/c\/GESMujerRosarioCastellanos\/videos","https:\/\/soundcloud.com\/gesmujerac","https:\/\/www.tiktok.com\/@gesmujer"]},{"@type":"Person","@id":"https:\/\/www.gesmujer.org\/sitio\/#\/schema\/person\/50e03387f883646c2714c51783a7e288","name":"cendoc","image":{"@type":"ImageObject","inLanguage":"es","@id":"https:\/\/secure.gravatar.com\/avatar\/2f187338ccb33c33bc1b08e92e2247a6891db221398e12bbc0f5ff0cfc462495?s=96&d=mm&r=g","url":"https:\/\/secure.gravatar.com\/avatar\/2f187338ccb33c33bc1b08e92e2247a6891db221398e12bbc0f5ff0cfc462495?s=96&d=mm&r=g","contentUrl":"https:\/\/secure.gravatar.com\/avatar\/2f187338ccb33c33bc1b08e92e2247a6891db221398e12bbc0f5ff0cfc462495?s=96&d=mm&r=g","caption":"cendoc"},"sameAs":["http:\/\/gesmujer.org"],"url":"https:\/\/www.gesmujer.org\/sitio\/author\/cendoc\/"}]}},"_links":{"self":[{"href":"https:\/\/www.gesmujer.org\/sitio\/wp-json\/wp\/v2\/posts\/995","targetHints":{"allow":["GET"]}}],"collection":[{"href":"https:\/\/www.gesmujer.org\/sitio\/wp-json\/wp\/v2\/posts"}],"about":[{"href":"https:\/\/www.gesmujer.org\/sitio\/wp-json\/wp\/v2\/types\/post"}],"author":[{"embeddable":true,"href":"https:\/\/www.gesmujer.org\/sitio\/wp-json\/wp\/v2\/users\/4"}],"replies":[{"embeddable":true,"href":"https:\/\/www.gesmujer.org\/sitio\/wp-json\/wp\/v2\/comments?post=995"}],"version-history":[{"count":3,"href":"https:\/\/www.gesmujer.org\/sitio\/wp-json\/wp\/v2\/posts\/995\/revisions"}],"predecessor-version":[{"id":58291,"href":"https:\/\/www.gesmujer.org\/sitio\/wp-json\/wp\/v2\/posts\/995\/revisions\/58291"}],"wp:featuredmedia":[{"embeddable":true,"href":"https:\/\/www.gesmujer.org\/sitio\/wp-json\/wp\/v2\/media\/996"}],"wp:attachment":[{"href":"https:\/\/www.gesmujer.org\/sitio\/wp-json\/wp\/v2\/media?parent=995"}],"wp:term":[{"taxonomy":"category","embeddable":true,"href":"https:\/\/www.gesmujer.org\/sitio\/wp-json\/wp\/v2\/categories?post=995"},{"taxonomy":"post_tag","embeddable":true,"href":"https:\/\/www.gesmujer.org\/sitio\/wp-json\/wp\/v2\/tags?post=995"}],"curies":[{"name":"wp","href":"https:\/\/api.w.org\/{rel}","templated":true}]}}